{"id":8666,"date":"2022-09-06T16:19:49","date_gmt":"2022-09-06T16:19:49","guid":{"rendered":"https:\/\/www.africa-press.net\/benin\/politique\/up-le-renouveau-il-y-a-eu-des-compromis-heureux-parfait-ahoyo"},"modified":"2022-09-06T16:39:18","modified_gmt":"2022-09-06T16:39:18","slug":"up-le-renouveau-il-y-a-eu-des-compromis-heureux-parfait-ahoyo","status":"publish","type":"post","link":"https:\/\/www.africa-press.net\/benin\/politique\/up-le-renouveau-il-y-a-eu-des-compromis-heureux-parfait-ahoyo","title":{"rendered":"UP le Renouveau: \u00ab\u00a0Il y a eu des compromis heureux\u00a0\u00bb, Parfait Ahoyo"},"content":{"rendered":"<p><span style=\"color: #ff6600\"><strong>Africa-Press &#8211; Benin. <\/strong><\/span>Le 1er vice-pr\u00e9sident, charg\u00e9 du num\u00e9rique de l\u2019ex-PRD est revenu sur les tractations ayant abouti \u00e0 la cr\u00e9ation du parti UP le Renouveau. Selon Parfait Ahoyo, l\u2019Union Progressiste (UP) et le Parti du Renouveau D\u00e9mocratique (PRD) ont d\u00fb faire des compromis pour la concr\u00e9tisation du projet de fusion.<\/p>\n<p>Pour la cr\u00e9ation de l\u2019UP le Renouveau, l\u2019UP et le PRD ont fait des compromis, mais des \u00ab compromis heureux \u00bb, selon Parfait Ahoyo. A l\u2019en croire, les deux partis, ayant les m\u00eames d\u00e9fis et visions, n\u2019ont pas eu de mal \u00e0 s\u2019accorder sur les aspects qui auraient pu constituer des obstacles.<\/p>\n<p>D\u00e9sormais, r\u00e9unis au sein de l\u2019UP le Renouveau, les militantes et militantes des ex-partis UP et PRD, travailleront ensemble pour une victoire \u00e9crasante aux diff\u00e9rentes comp\u00e9titions \u00e9lectorale, \u00e0 commencer par les l\u00e9gislatives de 2023. <b>\u00ab Nous allons pour gagner\u2026Nous allons proposer des hommes et des femmes qui nous conduiront \u00e0 la victoire dans chaque circonscription \u00e9lectorale. Nous ne laisserons pas la place parce que nous sommes en comp\u00e9tition \u00bb<\/b>, a-t-il d\u00e9clar\u00e9.<\/p>\n<p>Il faut signaler que l\u2019UP le Renouveau a d\u00e9j\u00e0 eu son r\u00e9c\u00e9piss\u00e9 d\u2019enregistrement et s\u2019illustre fortement sur le terrain. Avec \u00e0 sa t\u00eate Joseph Djogb\u00e9nou, ce nouveau parti s\u2019active pour rallier un grand nombre d\u2019acteurs politiques et de formations politiques \u00e0 sa cause.<\/p>\n<p>Je soutien le nouveau parti<\/p>\n<p>Longue vie au pr\u00e9sident de la r\u00e9publique<\/p>\n<p>Je veux \u00eatre membre du parti<\/p>\n<p>Longue vie au parti<\/p>\n<p><strong>Pour plus d&rsquo;informations et d&rsquo;analyses sur la <a href=\"https:\/\/www.africa-press.net\/benin\">Benin<\/a>, suivez <a href=\"https:\/\/www.africa-press.net\/\">Africa-Press<\/a><\/strong><\/p>\n","protected":false},"excerpt":{"rendered":"<p>Africa-Press &#8211; Benin. Le 1er vice-pr\u00e9sident, charg\u00e9 du num\u00e9rique de l\u2019ex-PRD est revenu sur les tractations ayant abouti \u00e0 la cr\u00e9ation du parti UP le Renouveau. Selon Parfait Ahoyo, l\u2019Union Progressiste (UP) et le Parti du Renouveau D\u00e9mocratique (PRD) ont d\u00fb faire des compromis pour la concr\u00e9tisation du projet de fusion. Pour la cr\u00e9ation de [&hellip;]<\/p>\n","protected":false},"author":82,"featured_media":8665,"comment_status":"open","ping_status":"closed","sticky":false,"template":"","format":"standard","meta":{"footnotes":""},"categories":[11,2,10],"tags":[36,50,45],"class_list":["post-8666","post","type-post","status-publish","format-standard","has-post-thumbnail","hentry","category-homepage-french","category-politique","category-toutes-les-actualites","tag-africa-press","tag-africa-press-benin","tag-benin"],"yoast_head":"<!-- This site is optimized with the Yoast SEO Premium plugin v26.1 (Yoast SEO v27.0) - https:\/\/yoast.com\/product\/yoast-seo-premium-wordpress\/ -->\n<title>UP le Renouveau: \u00ab\u00a0Il y a eu des compromis heureux\u00a0\u00bb, Parfait Ahoyo - B\u00e9nin<\/title>\n<meta name=\"description\" content=\"Le 1er vice-pr\u00e9sident, charg\u00e9 du num\u00e9rique de l\u2019ex-PRD est revenu sur les tractations ayant abouti \u00e0 la cr\u00e9ation du part ...\" \/>\n<meta name=\"robots\" content=\"index, follow, max-snippet:-1, max-image-preview:large, max-video-preview:-1\" \/>\n<link rel=\"canonical\" href=\"https:\/\/www.africa-press.net\/benin\/politique\/up-le-renouveau-il-y-a-eu-des-compromis-heureux-parfait-ahoyo\" \/>\n<meta property=\"og:locale\" content=\"fr_FR\" \/>\n<meta property=\"og:type\" content=\"article\" \/>\n<meta property=\"og:title\" content=\"UP le Renouveau: \u00ab\u00a0Il y a eu des compromis heureux\u00a0\u00bb, Parfait Ahoyo\" \/>\n<meta property=\"og:description\" content=\"Le 1er vice-pr\u00e9sident, charg\u00e9 du num\u00e9rique de l\u2019ex-PRD est revenu sur les tractations ayant abouti \u00e0 la cr\u00e9ation du part ...\" \/>\n<meta property=\"og:url\" content=\"https:\/\/www.africa-press.net\/benin\/politique\/up-le-renouveau-il-y-a-eu-des-compromis-heureux-parfait-ahoyo\" \/>\n<meta property=\"og:site_name\" content=\"B\u00e9nin\" \/>\n<meta property=\"article:published_time\" content=\"2022-09-06T16:19:49+00:00\" \/>\n<meta property=\"article:modified_time\" content=\"2022-09-06T16:39:18+00:00\" \/>\n<meta property=\"og:image\" content=\"https:\/\/static.africa-press.net\/benin\/sites\/46\/2022\/09\/postQueueImg_25-6317778dd099c.jpg\" \/>\n\t<meta property=\"og:image:width\" content=\"1200\" \/>\n\t<meta property=\"og:image:height\" content=\"795\" \/>\n\t<meta property=\"og:image:type\" content=\"image\/jpeg\" \/>\n<meta name=\"author\" content=\"cfeditorfr\" \/>\n<meta name=\"twitter:card\" content=\"summary_large_image\" \/>\n<meta name=\"twitter:label1\" content=\"\u00c9crit par\" \/>\n\t<meta name=\"twitter:data1\" content=\"cfeditorfr\" \/>\n\t<meta name=\"twitter:label2\" content=\"Dur\u00e9e de lecture estim\u00e9e\" \/>\n\t<meta name=\"twitter:data2\" content=\"2 minutes\" \/>\n<script type=\"application\/ld+json\" class=\"yoast-schema-graph\">{\"@context\":\"https:\/\/schema.org\",\"@graph\":[{\"@type\":\"Article\",\"@id\":\"https:\/\/www.africa-press.net\/benin\/politique\/up-le-renouveau-il-y-a-eu-des-compromis-heureux-parfait-ahoyo#article\",\"isPartOf\":{\"@id\":\"https:\/\/www.africa-press.net\/benin\/politique\/up-le-renouveau-il-y-a-eu-des-compromis-heureux-parfait-ahoyo\"},\"author\":{\"name\":\"cfeditorfr\",\"@id\":\"https:\/\/www.africa-press.net\/benin\/#\/schema\/person\/2b1cf3cd81a31e3cd26889ca66d677f1\"},\"headline\":\"UP le Renouveau: \u00ab\u00a0Il y a eu des compromis heureux\u00a0\u00bb, Parfait Ahoyo\",\"datePublished\":\"2022-09-06T16:19:49+00:00\",\"dateModified\":\"2022-09-06T16:39:18+00:00\",\"mainEntityOfPage\":{\"@id\":\"https:\/\/www.africa-press.net\/benin\/politique\/up-le-renouveau-il-y-a-eu-des-compromis-heureux-parfait-ahoyo\"},\"wordCount\":288,\"commentCount\":0,\"image\":{\"@id\":\"https:\/\/www.africa-press.net\/benin\/politique\/up-le-renouveau-il-y-a-eu-des-compromis-heureux-parfait-ahoyo#primaryimage\"},\"thumbnailUrl\":\"https:\/\/static.africa-press.net\/benin\/sites\/46\/2022\/09\/postQueueImg_25-6317778dd099c.jpg\",\"keywords\":[\"Africa Press\",\"Africa Press-Benin\",\"B\u00e9nin\"],\"articleSection\":[\"homepage-french\",\"Politique\",\"Toutes les actualit\u00e9s\"],\"inLanguage\":\"fr-FR\",\"potentialAction\":[{\"@type\":\"CommentAction\",\"name\":\"Comment\",\"target\":[\"https:\/\/www.africa-press.net\/benin\/politique\/up-le-renouveau-il-y-a-eu-des-compromis-heureux-parfait-ahoyo#respond\"]}]},{\"@type\":\"WebPage\",\"@id\":\"https:\/\/www.africa-press.net\/benin\/politique\/up-le-renouveau-il-y-a-eu-des-compromis-heureux-parfait-ahoyo\",\"url\":\"https:\/\/www.africa-press.net\/benin\/politique\/up-le-renouveau-il-y-a-eu-des-compromis-heureux-parfait-ahoyo\",\"name\":\"UP le Renouveau: \u00ab\u00a0Il y a eu des compromis heureux\u00a0\u00bb, Parfait Ahoyo - B\u00e9nin\",\"isPartOf\":{\"@id\":\"https:\/\/www.africa-press.net\/benin\/#website\"},\"primaryImageOfPage\":{\"@id\":\"https:\/\/www.africa-press.net\/benin\/politique\/up-le-renouveau-il-y-a-eu-des-compromis-heureux-parfait-ahoyo#primaryimage\"},\"image\":{\"@id\":\"https:\/\/www.africa-press.net\/benin\/politique\/up-le-renouveau-il-y-a-eu-des-compromis-heureux-parfait-ahoyo#primaryimage\"},\"thumbnailUrl\":\"https:\/\/static.africa-press.net\/benin\/sites\/46\/2022\/09\/postQueueImg_25-6317778dd099c.jpg\",\"datePublished\":\"2022-09-06T16:19:49+00:00\",\"dateModified\":\"2022-09-06T16:39:18+00:00\",\"author\":{\"@id\":\"https:\/\/www.africa-press.net\/benin\/#\/schema\/person\/2b1cf3cd81a31e3cd26889ca66d677f1\"},\"description\":\"Le 1er vice-pr\u00e9sident, charg\u00e9 du num\u00e9rique de l\u2019ex-PRD est revenu sur les tractations ayant abouti \u00e0 la cr\u00e9ation du part ...\",\"breadcrumb\":{\"@id\":\"https:\/\/www.africa-press.net\/benin\/politique\/up-le-renouveau-il-y-a-eu-des-compromis-heureux-parfait-ahoyo#breadcrumb\"},\"inLanguage\":\"fr-FR\",\"potentialAction\":[{\"@type\":\"ReadAction\",\"target\":[\"https:\/\/www.africa-press.net\/benin\/politique\/up-le-renouveau-il-y-a-eu-des-compromis-heureux-parfait-ahoyo\"]}]},{\"@type\":\"ImageObject\",\"inLanguage\":\"fr-FR\",\"@id\":\"https:\/\/www.africa-press.net\/benin\/politique\/up-le-renouveau-il-y-a-eu-des-compromis-heureux-parfait-ahoyo#primaryimage\",\"url\":\"https:\/\/static.africa-press.net\/benin\/sites\/46\/2022\/09\/postQueueImg_25-6317778dd099c.jpg\",\"contentUrl\":\"https:\/\/static.africa-press.net\/benin\/sites\/46\/2022\/09\/postQueueImg_25-6317778dd099c.jpg\",\"width\":1200,\"height\":795,\"caption\":\"UP le Renouveau: \u00ab\u00a0Il y a eu des compromis heureux\u00a0\u00bb, Parfait Ahoyo\"},{\"@type\":\"BreadcrumbList\",\"@id\":\"https:\/\/www.africa-press.net\/benin\/politique\/up-le-renouveau-il-y-a-eu-des-compromis-heureux-parfait-ahoyo#breadcrumb\",\"itemListElement\":[{\"@type\":\"ListItem\",\"position\":1,\"name\":\"Accueil\",\"item\":\"https:\/\/www.africa-press.net\/benin\/\"},{\"@type\":\"ListItem\",\"position\":2,\"name\":\"UP le Renouveau: \u00ab\u00a0Il y a eu des compromis heureux\u00a0\u00bb, Parfait Ahoyo\"}]},{\"@type\":\"WebSite\",\"@id\":\"https:\/\/www.africa-press.net\/benin\/#website\",\"url\":\"https:\/\/www.africa-press.net\/benin\/\",\"name\":\"B\u00e9nin\",\"description\":\"Just another Africa News Agency Sites site\",\"potentialAction\":[{\"@type\":\"SearchAction\",\"target\":{\"@type\":\"EntryPoint\",\"urlTemplate\":\"https:\/\/www.africa-press.net\/benin\/?s={search_term_string}\"},\"query-input\":{\"@type\":\"PropertyValueSpecification\",\"valueRequired\":true,\"valueName\":\"search_term_string\"}}],\"inLanguage\":\"fr-FR\"},{\"@type\":\"Person\",\"@id\":\"https:\/\/www.africa-press.net\/benin\/#\/schema\/person\/2b1cf3cd81a31e3cd26889ca66d677f1\",\"name\":\"cfeditorfr\"}]}<\/script>\n<!-- \/ Yoast SEO Premium plugin. -->","yoast_head_json":{"title":"UP le Renouveau: \u00ab\u00a0Il y a eu des compromis heureux\u00a0\u00bb, Parfait Ahoyo - B\u00e9nin","description":"Le 1er vice-pr\u00e9sident, charg\u00e9 du num\u00e9rique de l\u2019ex-PRD est revenu sur les tractations ayant abouti \u00e0 la cr\u00e9ation du part ...","robots":{"index":"index","follow":"follow","max-snippet":"max-snippet:-1","max-image-preview":"max-image-preview:large","max-video-preview":"max-video-preview:-1"},"canonical":"https:\/\/www.africa-press.net\/benin\/politique\/up-le-renouveau-il-y-a-eu-des-compromis-heureux-parfait-ahoyo","og_locale":"fr_FR","og_type":"article","og_title":"UP le Renouveau: \u00ab\u00a0Il y a eu des compromis heureux\u00a0\u00bb, Parfait Ahoyo","og_description":"Le 1er vice-pr\u00e9sident, charg\u00e9 du num\u00e9rique de l\u2019ex-PRD est revenu sur les tractations ayant abouti \u00e0 la cr\u00e9ation du part ...","og_url":"https:\/\/www.africa-press.net\/benin\/politique\/up-le-renouveau-il-y-a-eu-des-compromis-heureux-parfait-ahoyo","og_site_name":"B\u00e9nin","article_published_time":"2022-09-06T16:19:49+00:00","article_modified_time":"2022-09-06T16:39:18+00:00","og_image":[{"width":1200,"height":795,"url":"https:\/\/static.africa-press.net\/benin\/sites\/46\/2022\/09\/postQueueImg_25-6317778dd099c.jpg","type":"image\/jpeg"}],"author":"cfeditorfr","twitter_card":"summary_large_image","twitter_misc":{"\u00c9crit par":"cfeditorfr","Dur\u00e9e de lecture estim\u00e9e":"2 minutes"},"schema":{"@context":"https:\/\/schema.org","@graph":[{"@type":"Article","@id":"https:\/\/www.africa-press.net\/benin\/politique\/up-le-renouveau-il-y-a-eu-des-compromis-heureux-parfait-ahoyo#article","isPartOf":{"@id":"https:\/\/www.africa-press.net\/benin\/politique\/up-le-renouveau-il-y-a-eu-des-compromis-heureux-parfait-ahoyo"},"author":{"name":"cfeditorfr","@id":"https:\/\/www.africa-press.net\/benin\/#\/schema\/person\/2b1cf3cd81a31e3cd26889ca66d677f1"},"headline":"UP le Renouveau: \u00ab\u00a0Il y a eu des compromis heureux\u00a0\u00bb, Parfait Ahoyo","datePublished":"2022-09-06T16:19:49+00:00","dateModified":"2022-09-06T16:39:18+00:00","mainEntityOfPage":{"@id":"https:\/\/www.africa-press.net\/benin\/politique\/up-le-renouveau-il-y-a-eu-des-compromis-heureux-parfait-ahoyo"},"wordCount":288,"commentCount":0,"image":{"@id":"https:\/\/www.africa-press.net\/benin\/politique\/up-le-renouveau-il-y-a-eu-des-compromis-heureux-parfait-ahoyo#primaryimage"},"thumbnailUrl":"https:\/\/static.africa-press.net\/benin\/sites\/46\/2022\/09\/postQueueImg_25-6317778dd099c.jpg","keywords":["Africa Press","Africa Press-Benin","B\u00e9nin"],"articleSection":["homepage-french","Politique","Toutes les actualit\u00e9s"],"inLanguage":"fr-FR","potentialAction":[{"@type":"CommentAction","name":"Comment","target":["https:\/\/www.africa-press.net\/benin\/politique\/up-le-renouveau-il-y-a-eu-des-compromis-heureux-parfait-ahoyo#respond"]}]},{"@type":"WebPage","@id":"https:\/\/www.africa-press.net\/benin\/politique\/up-le-renouveau-il-y-a-eu-des-compromis-heureux-parfait-ahoyo","url":"https:\/\/www.africa-press.net\/benin\/politique\/up-le-renouveau-il-y-a-eu-des-compromis-heureux-parfait-ahoyo","name":"UP le Renouveau: \u00ab\u00a0Il y a eu des compromis heureux\u00a0\u00bb, Parfait Ahoyo - B\u00e9nin","isPartOf":{"@id":"https:\/\/www.africa-press.net\/benin\/#website"},"primaryImageOfPage":{"@id":"https:\/\/www.africa-press.net\/benin\/politique\/up-le-renouveau-il-y-a-eu-des-compromis-heureux-parfait-ahoyo#primaryimage"},"image":{"@id":"https:\/\/www.africa-press.net\/benin\/politique\/up-le-renouveau-il-y-a-eu-des-compromis-heureux-parfait-ahoyo#primaryimage"},"thumbnailUrl":"https:\/\/static.africa-press.net\/benin\/sites\/46\/2022\/09\/postQueueImg_25-6317778dd099c.jpg","datePublished":"2022-09-06T16:19:49+00:00","dateModified":"2022-09-06T16:39:18+00:00","author":{"@id":"https:\/\/www.africa-press.net\/benin\/#\/schema\/person\/2b1cf3cd81a31e3cd26889ca66d677f1"},"description":"Le 1er vice-pr\u00e9sident, charg\u00e9 du num\u00e9rique de l\u2019ex-PRD est revenu sur les tractations ayant abouti \u00e0 la cr\u00e9ation du part ...","breadcrumb":{"@id":"https:\/\/www.africa-press.net\/benin\/politique\/up-le-renouveau-il-y-a-eu-des-compromis-heureux-parfait-ahoyo#breadcrumb"},"inLanguage":"fr-FR","potentialAction":[{"@type":"ReadAction","target":["https:\/\/www.africa-press.net\/benin\/politique\/up-le-renouveau-il-y-a-eu-des-compromis-heureux-parfait-ahoyo"]}]},{"@type":"ImageObject","inLanguage":"fr-FR","@id":"https:\/\/www.africa-press.net\/benin\/politique\/up-le-renouveau-il-y-a-eu-des-compromis-heureux-parfait-ahoyo#primaryimage","url":"https:\/\/static.africa-press.net\/benin\/sites\/46\/2022\/09\/postQueueImg_25-6317778dd099c.jpg","contentUrl":"https:\/\/static.africa-press.net\/benin\/sites\/46\/2022\/09\/postQueueImg_25-6317778dd099c.jpg","width":1200,"height":795,"caption":"UP le Renouveau: \u00ab\u00a0Il y a eu des compromis heureux\u00a0\u00bb, Parfait Ahoyo"},{"@type":"BreadcrumbList","@id":"https:\/\/www.africa-press.net\/benin\/politique\/up-le-renouveau-il-y-a-eu-des-compromis-heureux-parfait-ahoyo#breadcrumb","itemListElement":[{"@type":"ListItem","position":1,"name":"Accueil","item":"https:\/\/www.africa-press.net\/benin\/"},{"@type":"ListItem","position":2,"name":"UP le Renouveau: \u00ab\u00a0Il y a eu des compromis heureux\u00a0\u00bb, Parfait Ahoyo"}]},{"@type":"WebSite","@id":"https:\/\/www.africa-press.net\/benin\/#website","url":"https:\/\/www.africa-press.net\/benin\/","name":"B\u00e9nin","description":"Just another Africa News Agency Sites site","potentialAction":[{"@type":"SearchAction","target":{"@type":"EntryPoint","urlTemplate":"https:\/\/www.africa-press.net\/benin\/?s={search_term_string}"},"query-input":{"@type":"PropertyValueSpecification","valueRequired":true,"valueName":"search_term_string"}}],"inLanguage":"fr-FR"},{"@type":"Person","@id":"https:\/\/www.africa-press.net\/benin\/#\/schema\/person\/2b1cf3cd81a31e3cd26889ca66d677f1","name":"cfeditorfr"}]}},"_links":{"self":[{"href":"https:\/\/www.africa-press.net\/benin\/wp-json\/wp\/v2\/posts\/8666","targetHints":{"allow":["GET"]}}],"collection":[{"href":"https:\/\/www.africa-press.net\/benin\/wp-json\/wp\/v2\/posts"}],"about":[{"href":"https:\/\/www.africa-press.net\/benin\/wp-json\/wp\/v2\/types\/post"}],"author":[{"embeddable":true,"href":"https:\/\/www.africa-press.net\/benin\/wp-json\/wp\/v2\/users\/82"}],"replies":[{"embeddable":true,"href":"https:\/\/www.africa-press.net\/benin\/wp-json\/wp\/v2\/comments?post=8666"}],"version-history":[{"count":0,"href":"https:\/\/www.africa-press.net\/benin\/wp-json\/wp\/v2\/posts\/8666\/revisions"}],"wp:featuredmedia":[{"embeddable":true,"href":"https:\/\/www.africa-press.net\/benin\/wp-json\/wp\/v2\/media\/8665"}],"wp:attachment":[{"href":"https:\/\/www.africa-press.net\/benin\/wp-json\/wp\/v2\/media?parent=8666"}],"wp:term":[{"taxonomy":"category","embeddable":true,"href":"https:\/\/www.africa-press.net\/benin\/wp-json\/wp\/v2\/categories?post=8666"},{"taxonomy":"post_tag","embeddable":true,"href":"https:\/\/www.africa-press.net\/benin\/wp-json\/wp\/v2\/tags?post=8666"}],"curies":[{"name":"wp","href":"https:\/\/api.w.org\/{rel}","templated":true}]}}