{"id":8669,"date":"2022-09-06T16:20:00","date_gmt":"2022-09-06T16:20:00","guid":{"rendered":"https:\/\/www.africa-press.net\/benin\/politique\/formation-en-sante-le-benin-interdit-13-ecoles-privees-burkinabe-a-ses-etudiants"},"modified":"2022-09-06T16:39:59","modified_gmt":"2022-09-06T16:39:59","slug":"formation-en-sante-le-benin-interdit-13-ecoles-privees-burkinabe-a-ses-etudiants","status":"publish","type":"post","link":"https:\/\/www.africa-press.net\/benin\/toutes-les-actualites\/formation-en-sante-le-benin-interdit-13-ecoles-privees-burkinabe-a-ses-etudiants","title":{"rendered":"Formation en sant\u00e9: le B\u00e9nin interdit 13 \u00e9coles priv\u00e9es burkinab\u00e9 \u00e0 ses \u00e9tudiants"},"content":{"rendered":"<p><span style=\"color: #ff6600\"><strong>Africa-Press &#8211; Benin. <\/strong><\/span>Pour le compte de la rentr\u00e9e universitaire 2022-2023, le B\u00e9nin avertit ses nouveaux bacheliers et \u00e9tudiants contre une \u00e9ventuelle inscription dans certaines \u00e9coles priv\u00e9es de formation en sciences de sant\u00e9 au Burkina Faso. Il s\u2019agit de 13 Instituts Priv\u00e9s d\u2019Enseignement Sup\u00e9rieur (IPES), non autoris\u00e9s par les autorit\u00e9s burkinab\u00e9.<\/p>\n<p>Les nouveaux bacheliers qui comptent se rendre au Burkina Faso pour faire une formation en sciences de la sant\u00e9 doivent rayer de leur liste 13 \u00e9coles priv\u00e9es. Selon les services du Minist\u00e8re b\u00e9ninois de l\u2019enseignement sup\u00e9rieur et de la recherche scientifique (MESRS), ces Instituts ne sont pas autoris\u00e9s \u00e0 ouvrir, conform\u00e9ment \u00e0 la liste \u00e9tablie par la Direction G\u00e9n\u00e9rale de l\u2019Enseignement Sup\u00e9rieur du Burkina Faso, en date du 31 mai 2021. Les 13 \u00e9coles concern\u00e9es sont :<\/p>\n<p>A la veille de chaque rentr\u00e9e universitaire, des nouveaux bacheliers et \u00e9tudiants b\u00e9ninois, qui n\u2019ont pas pu s\u2019inscrire dans les \u00e9coles publiques de formation en sciences de la sant\u00e9, jettent leur d\u00e9volu sur les Instituts burkinab\u00e9. Ces \u00e9coles burkinab\u00e9 ont m\u00eame des points focaux qui facilitent l\u2019acheminement des dossiers des B\u00e9ninois. C\u2019est partant de ce constat, que la Ministre b\u00e9ninoise de l\u2019enseignement sup\u00e9rieur et de la recherche scientifique a lanc\u00e9 son alerte.<\/p>\n<p>En 2020, un r\u00e9seau de d\u00e9livrance de faux dipl\u00f4mes en sciences de la sant\u00e9 dans des pays limitrophes avait \u00e9t\u00e9 d\u00e9mantel\u00e9 par les autorit\u00e9s b\u00e9ninoises. Plusieurs personnes ont \u00e9t\u00e9 jet\u00e9es en prison dans ce dossier.<\/p>\n<p><strong>Pour plus d&rsquo;informations et d&rsquo;analyses sur la <a href=\"https:\/\/www.africa-press.net\/benin\">Benin<\/a>, suivez <a href=\"https:\/\/www.africa-press.net\/\">Africa-Press<\/a><\/strong><\/p>\n","protected":false},"excerpt":{"rendered":"<p>Africa-Press &#8211; Benin. Pour le compte de la rentr\u00e9e universitaire 2022-2023, le B\u00e9nin avertit ses nouveaux bacheliers et \u00e9tudiants contre une \u00e9ventuelle inscription dans certaines \u00e9coles priv\u00e9es de formation en sciences de sant\u00e9 au Burkina Faso. Il s\u2019agit de 13 Instituts Priv\u00e9s d\u2019Enseignement Sup\u00e9rieur (IPES), non autoris\u00e9s par les autorit\u00e9s burkinab\u00e9. Les nouveaux bacheliers qui [&hellip;]<\/p>\n","protected":false},"author":82,"featured_media":8668,"comment_status":"open","ping_status":"closed","sticky":false,"template":"","format":"standard","meta":{"footnotes":""},"categories":[21,11,10],"tags":[36,50,45],"class_list":["post-8669","post","type-post","status-publish","format-standard","has-post-thumbnail","hentry","category-communaute","category-homepage-french","category-toutes-les-actualites","tag-africa-press","tag-africa-press-benin","tag-benin"],"yoast_head":"<!-- This site is optimized with the Yoast SEO Premium plugin v26.1 (Yoast SEO v27.0) - https:\/\/yoast.com\/product\/yoast-seo-premium-wordpress\/ -->\n<title>Formation en sant\u00e9: le B\u00e9nin interdit 13 \u00e9coles priv\u00e9es burkinab\u00e9 \u00e0 ses \u00e9tudiants - B\u00e9nin<\/title>\n<meta name=\"description\" content=\"Pour le compte de la rentr\u00e9e universitaire 2022-2023, le B\u00e9nin avertit ses nouveaux bacheliers et \u00e9tudiants contre une \u00e9 ...\" \/>\n<meta name=\"robots\" content=\"index, follow, max-snippet:-1, max-image-preview:large, max-video-preview:-1\" \/>\n<link rel=\"canonical\" href=\"https:\/\/www.africa-press.net\/benin\/toutes-les-actualites\/formation-en-sante-le-benin-interdit-13-ecoles-privees-burkinabe-a-ses-etudiants\" \/>\n<meta property=\"og:locale\" content=\"fr_FR\" \/>\n<meta property=\"og:type\" content=\"article\" \/>\n<meta property=\"og:title\" content=\"Formation en sant\u00e9: le B\u00e9nin interdit 13 \u00e9coles priv\u00e9es burkinab\u00e9 \u00e0 ses \u00e9tudiants\" \/>\n<meta property=\"og:description\" content=\"Pour le compte de la rentr\u00e9e universitaire 2022-2023, le B\u00e9nin avertit ses nouveaux bacheliers et \u00e9tudiants contre une \u00e9 ...\" \/>\n<meta property=\"og:url\" content=\"https:\/\/www.africa-press.net\/benin\/toutes-les-actualites\/formation-en-sante-le-benin-interdit-13-ecoles-privees-burkinabe-a-ses-etudiants\" \/>\n<meta property=\"og:site_name\" content=\"B\u00e9nin\" \/>\n<meta property=\"article:published_time\" content=\"2022-09-06T16:20:00+00:00\" \/>\n<meta property=\"article:modified_time\" content=\"2022-09-06T16:39:59+00:00\" \/>\n<meta property=\"og:image\" content=\"https:\/\/static.africa-press.net\/benin\/sites\/46\/2022\/09\/postQueueImg_26-631777bc72434.jpg\" \/>\n\t<meta property=\"og:image:width\" content=\"1200\" \/>\n\t<meta property=\"og:image:height\" content=\"900\" \/>\n\t<meta property=\"og:image:type\" content=\"image\/jpeg\" \/>\n<meta name=\"author\" content=\"cfeditorfr\" \/>\n<meta name=\"twitter:card\" content=\"summary_large_image\" \/>\n<meta name=\"twitter:label1\" content=\"\u00c9crit par\" \/>\n\t<meta name=\"twitter:data1\" content=\"cfeditorfr\" \/>\n\t<meta name=\"twitter:label2\" content=\"Dur\u00e9e de lecture estim\u00e9e\" \/>\n\t<meta name=\"twitter:data2\" content=\"2 minutes\" \/>\n<script type=\"application\/ld+json\" class=\"yoast-schema-graph\">{\"@context\":\"https:\/\/schema.org\",\"@graph\":[{\"@type\":\"Article\",\"@id\":\"https:\/\/www.africa-press.net\/benin\/toutes-les-actualites\/formation-en-sante-le-benin-interdit-13-ecoles-privees-burkinabe-a-ses-etudiants#article\",\"isPartOf\":{\"@id\":\"https:\/\/www.africa-press.net\/benin\/toutes-les-actualites\/formation-en-sante-le-benin-interdit-13-ecoles-privees-burkinabe-a-ses-etudiants\"},\"author\":{\"name\":\"cfeditorfr\",\"@id\":\"https:\/\/www.africa-press.net\/benin\/#\/schema\/person\/2b1cf3cd81a31e3cd26889ca66d677f1\"},\"headline\":\"Formation en sant\u00e9: le B\u00e9nin interdit 13 \u00e9coles priv\u00e9es burkinab\u00e9 \u00e0 ses \u00e9tudiants\",\"datePublished\":\"2022-09-06T16:20:00+00:00\",\"dateModified\":\"2022-09-06T16:39:59+00:00\",\"mainEntityOfPage\":{\"@id\":\"https:\/\/www.africa-press.net\/benin\/toutes-les-actualites\/formation-en-sante-le-benin-interdit-13-ecoles-privees-burkinabe-a-ses-etudiants\"},\"wordCount\":291,\"commentCount\":0,\"image\":{\"@id\":\"https:\/\/www.africa-press.net\/benin\/toutes-les-actualites\/formation-en-sante-le-benin-interdit-13-ecoles-privees-burkinabe-a-ses-etudiants#primaryimage\"},\"thumbnailUrl\":\"https:\/\/static.africa-press.net\/benin\/sites\/46\/2022\/09\/postQueueImg_26-631777bc72434.jpg\",\"keywords\":[\"Africa Press\",\"Africa Press-Benin\",\"B\u00e9nin\"],\"articleSection\":[\"Communaut\u00e9\",\"homepage-french\",\"Toutes les actualit\u00e9s\"],\"inLanguage\":\"fr-FR\",\"potentialAction\":[{\"@type\":\"CommentAction\",\"name\":\"Comment\",\"target\":[\"https:\/\/www.africa-press.net\/benin\/toutes-les-actualites\/formation-en-sante-le-benin-interdit-13-ecoles-privees-burkinabe-a-ses-etudiants#respond\"]}]},{\"@type\":\"WebPage\",\"@id\":\"https:\/\/www.africa-press.net\/benin\/toutes-les-actualites\/formation-en-sante-le-benin-interdit-13-ecoles-privees-burkinabe-a-ses-etudiants\",\"url\":\"https:\/\/www.africa-press.net\/benin\/toutes-les-actualites\/formation-en-sante-le-benin-interdit-13-ecoles-privees-burkinabe-a-ses-etudiants\",\"name\":\"Formation en sant\u00e9: le B\u00e9nin interdit 13 \u00e9coles priv\u00e9es burkinab\u00e9 \u00e0 ses \u00e9tudiants - B\u00e9nin\",\"isPartOf\":{\"@id\":\"https:\/\/www.africa-press.net\/benin\/#website\"},\"primaryImageOfPage\":{\"@id\":\"https:\/\/www.africa-press.net\/benin\/toutes-les-actualites\/formation-en-sante-le-benin-interdit-13-ecoles-privees-burkinabe-a-ses-etudiants#primaryimage\"},\"image\":{\"@id\":\"https:\/\/www.africa-press.net\/benin\/toutes-les-actualites\/formation-en-sante-le-benin-interdit-13-ecoles-privees-burkinabe-a-ses-etudiants#primaryimage\"},\"thumbnailUrl\":\"https:\/\/static.africa-press.net\/benin\/sites\/46\/2022\/09\/postQueueImg_26-631777bc72434.jpg\",\"datePublished\":\"2022-09-06T16:20:00+00:00\",\"dateModified\":\"2022-09-06T16:39:59+00:00\",\"author\":{\"@id\":\"https:\/\/www.africa-press.net\/benin\/#\/schema\/person\/2b1cf3cd81a31e3cd26889ca66d677f1\"},\"description\":\"Pour le compte de la rentr\u00e9e universitaire 2022-2023, le B\u00e9nin avertit ses nouveaux bacheliers et \u00e9tudiants contre une \u00e9 ...\",\"breadcrumb\":{\"@id\":\"https:\/\/www.africa-press.net\/benin\/toutes-les-actualites\/formation-en-sante-le-benin-interdit-13-ecoles-privees-burkinabe-a-ses-etudiants#breadcrumb\"},\"inLanguage\":\"fr-FR\",\"potentialAction\":[{\"@type\":\"ReadAction\",\"target\":[\"https:\/\/www.africa-press.net\/benin\/toutes-les-actualites\/formation-en-sante-le-benin-interdit-13-ecoles-privees-burkinabe-a-ses-etudiants\"]}]},{\"@type\":\"ImageObject\",\"inLanguage\":\"fr-FR\",\"@id\":\"https:\/\/www.africa-press.net\/benin\/toutes-les-actualites\/formation-en-sante-le-benin-interdit-13-ecoles-privees-burkinabe-a-ses-etudiants#primaryimage\",\"url\":\"https:\/\/static.africa-press.net\/benin\/sites\/46\/2022\/09\/postQueueImg_26-631777bc72434.jpg\",\"contentUrl\":\"https:\/\/static.africa-press.net\/benin\/sites\/46\/2022\/09\/postQueueImg_26-631777bc72434.jpg\",\"width\":1200,\"height\":900,\"caption\":\"Formation en sant\u00e9: le B\u00e9nin interdit 13 \u00e9coles priv\u00e9es burkinab\u00e9 \u00e0 ses \u00e9tudiants\"},{\"@type\":\"BreadcrumbList\",\"@id\":\"https:\/\/www.africa-press.net\/benin\/toutes-les-actualites\/formation-en-sante-le-benin-interdit-13-ecoles-privees-burkinabe-a-ses-etudiants#breadcrumb\",\"itemListElement\":[{\"@type\":\"ListItem\",\"position\":1,\"name\":\"Accueil\",\"item\":\"https:\/\/www.africa-press.net\/benin\/\"},{\"@type\":\"ListItem\",\"position\":2,\"name\":\"Formation en sant\u00e9: le B\u00e9nin interdit 13 \u00e9coles priv\u00e9es burkinab\u00e9 \u00e0 ses \u00e9tudiants\"}]},{\"@type\":\"WebSite\",\"@id\":\"https:\/\/www.africa-press.net\/benin\/#website\",\"url\":\"https:\/\/www.africa-press.net\/benin\/\",\"name\":\"B\u00e9nin\",\"description\":\"Just another Africa News Agency Sites site\",\"potentialAction\":[{\"@type\":\"SearchAction\",\"target\":{\"@type\":\"EntryPoint\",\"urlTemplate\":\"https:\/\/www.africa-press.net\/benin\/?s={search_term_string}\"},\"query-input\":{\"@type\":\"PropertyValueSpecification\",\"valueRequired\":true,\"valueName\":\"search_term_string\"}}],\"inLanguage\":\"fr-FR\"},{\"@type\":\"Person\",\"@id\":\"https:\/\/www.africa-press.net\/benin\/#\/schema\/person\/2b1cf3cd81a31e3cd26889ca66d677f1\",\"name\":\"cfeditorfr\"}]}<\/script>\n<!-- \/ Yoast SEO Premium plugin. -->","yoast_head_json":{"title":"Formation en sant\u00e9: le B\u00e9nin interdit 13 \u00e9coles priv\u00e9es burkinab\u00e9 \u00e0 ses \u00e9tudiants - B\u00e9nin","description":"Pour le compte de la rentr\u00e9e universitaire 2022-2023, le B\u00e9nin avertit ses nouveaux bacheliers et \u00e9tudiants contre une \u00e9 ...","robots":{"index":"index","follow":"follow","max-snippet":"max-snippet:-1","max-image-preview":"max-image-preview:large","max-video-preview":"max-video-preview:-1"},"canonical":"https:\/\/www.africa-press.net\/benin\/toutes-les-actualites\/formation-en-sante-le-benin-interdit-13-ecoles-privees-burkinabe-a-ses-etudiants","og_locale":"fr_FR","og_type":"article","og_title":"Formation en sant\u00e9: le B\u00e9nin interdit 13 \u00e9coles priv\u00e9es burkinab\u00e9 \u00e0 ses \u00e9tudiants","og_description":"Pour le compte de la rentr\u00e9e universitaire 2022-2023, le B\u00e9nin avertit ses nouveaux bacheliers et \u00e9tudiants contre une \u00e9 ...","og_url":"https:\/\/www.africa-press.net\/benin\/toutes-les-actualites\/formation-en-sante-le-benin-interdit-13-ecoles-privees-burkinabe-a-ses-etudiants","og_site_name":"B\u00e9nin","article_published_time":"2022-09-06T16:20:00+00:00","article_modified_time":"2022-09-06T16:39:59+00:00","og_image":[{"width":1200,"height":900,"url":"https:\/\/static.africa-press.net\/benin\/sites\/46\/2022\/09\/postQueueImg_26-631777bc72434.jpg","type":"image\/jpeg"}],"author":"cfeditorfr","twitter_card":"summary_large_image","twitter_misc":{"\u00c9crit par":"cfeditorfr","Dur\u00e9e de lecture estim\u00e9e":"2 minutes"},"schema":{"@context":"https:\/\/schema.org","@graph":[{"@type":"Article","@id":"https:\/\/www.africa-press.net\/benin\/toutes-les-actualites\/formation-en-sante-le-benin-interdit-13-ecoles-privees-burkinabe-a-ses-etudiants#article","isPartOf":{"@id":"https:\/\/www.africa-press.net\/benin\/toutes-les-actualites\/formation-en-sante-le-benin-interdit-13-ecoles-privees-burkinabe-a-ses-etudiants"},"author":{"name":"cfeditorfr","@id":"https:\/\/www.africa-press.net\/benin\/#\/schema\/person\/2b1cf3cd81a31e3cd26889ca66d677f1"},"headline":"Formation en sant\u00e9: le B\u00e9nin interdit 13 \u00e9coles priv\u00e9es burkinab\u00e9 \u00e0 ses \u00e9tudiants","datePublished":"2022-09-06T16:20:00+00:00","dateModified":"2022-09-06T16:39:59+00:00","mainEntityOfPage":{"@id":"https:\/\/www.africa-press.net\/benin\/toutes-les-actualites\/formation-en-sante-le-benin-interdit-13-ecoles-privees-burkinabe-a-ses-etudiants"},"wordCount":291,"commentCount":0,"image":{"@id":"https:\/\/www.africa-press.net\/benin\/toutes-les-actualites\/formation-en-sante-le-benin-interdit-13-ecoles-privees-burkinabe-a-ses-etudiants#primaryimage"},"thumbnailUrl":"https:\/\/static.africa-press.net\/benin\/sites\/46\/2022\/09\/postQueueImg_26-631777bc72434.jpg","keywords":["Africa Press","Africa Press-Benin","B\u00e9nin"],"articleSection":["Communaut\u00e9","homepage-french","Toutes les actualit\u00e9s"],"inLanguage":"fr-FR","potentialAction":[{"@type":"CommentAction","name":"Comment","target":["https:\/\/www.africa-press.net\/benin\/toutes-les-actualites\/formation-en-sante-le-benin-interdit-13-ecoles-privees-burkinabe-a-ses-etudiants#respond"]}]},{"@type":"WebPage","@id":"https:\/\/www.africa-press.net\/benin\/toutes-les-actualites\/formation-en-sante-le-benin-interdit-13-ecoles-privees-burkinabe-a-ses-etudiants","url":"https:\/\/www.africa-press.net\/benin\/toutes-les-actualites\/formation-en-sante-le-benin-interdit-13-ecoles-privees-burkinabe-a-ses-etudiants","name":"Formation en sant\u00e9: le B\u00e9nin interdit 13 \u00e9coles priv\u00e9es burkinab\u00e9 \u00e0 ses \u00e9tudiants - B\u00e9nin","isPartOf":{"@id":"https:\/\/www.africa-press.net\/benin\/#website"},"primaryImageOfPage":{"@id":"https:\/\/www.africa-press.net\/benin\/toutes-les-actualites\/formation-en-sante-le-benin-interdit-13-ecoles-privees-burkinabe-a-ses-etudiants#primaryimage"},"image":{"@id":"https:\/\/www.africa-press.net\/benin\/toutes-les-actualites\/formation-en-sante-le-benin-interdit-13-ecoles-privees-burkinabe-a-ses-etudiants#primaryimage"},"thumbnailUrl":"https:\/\/static.africa-press.net\/benin\/sites\/46\/2022\/09\/postQueueImg_26-631777bc72434.jpg","datePublished":"2022-09-06T16:20:00+00:00","dateModified":"2022-09-06T16:39:59+00:00","author":{"@id":"https:\/\/www.africa-press.net\/benin\/#\/schema\/person\/2b1cf3cd81a31e3cd26889ca66d677f1"},"description":"Pour le compte de la rentr\u00e9e universitaire 2022-2023, le B\u00e9nin avertit ses nouveaux bacheliers et \u00e9tudiants contre une \u00e9 ...","breadcrumb":{"@id":"https:\/\/www.africa-press.net\/benin\/toutes-les-actualites\/formation-en-sante-le-benin-interdit-13-ecoles-privees-burkinabe-a-ses-etudiants#breadcrumb"},"inLanguage":"fr-FR","potentialAction":[{"@type":"ReadAction","target":["https:\/\/www.africa-press.net\/benin\/toutes-les-actualites\/formation-en-sante-le-benin-interdit-13-ecoles-privees-burkinabe-a-ses-etudiants"]}]},{"@type":"ImageObject","inLanguage":"fr-FR","@id":"https:\/\/www.africa-press.net\/benin\/toutes-les-actualites\/formation-en-sante-le-benin-interdit-13-ecoles-privees-burkinabe-a-ses-etudiants#primaryimage","url":"https:\/\/static.africa-press.net\/benin\/sites\/46\/2022\/09\/postQueueImg_26-631777bc72434.jpg","contentUrl":"https:\/\/static.africa-press.net\/benin\/sites\/46\/2022\/09\/postQueueImg_26-631777bc72434.jpg","width":1200,"height":900,"caption":"Formation en sant\u00e9: le B\u00e9nin interdit 13 \u00e9coles priv\u00e9es burkinab\u00e9 \u00e0 ses \u00e9tudiants"},{"@type":"BreadcrumbList","@id":"https:\/\/www.africa-press.net\/benin\/toutes-les-actualites\/formation-en-sante-le-benin-interdit-13-ecoles-privees-burkinabe-a-ses-etudiants#breadcrumb","itemListElement":[{"@type":"ListItem","position":1,"name":"Accueil","item":"https:\/\/www.africa-press.net\/benin\/"},{"@type":"ListItem","position":2,"name":"Formation en sant\u00e9: le B\u00e9nin interdit 13 \u00e9coles priv\u00e9es burkinab\u00e9 \u00e0 ses \u00e9tudiants"}]},{"@type":"WebSite","@id":"https:\/\/www.africa-press.net\/benin\/#website","url":"https:\/\/www.africa-press.net\/benin\/","name":"B\u00e9nin","description":"Just another Africa News Agency Sites site","potentialAction":[{"@type":"SearchAction","target":{"@type":"EntryPoint","urlTemplate":"https:\/\/www.africa-press.net\/benin\/?s={search_term_string}"},"query-input":{"@type":"PropertyValueSpecification","valueRequired":true,"valueName":"search_term_string"}}],"inLanguage":"fr-FR"},{"@type":"Person","@id":"https:\/\/www.africa-press.net\/benin\/#\/schema\/person\/2b1cf3cd81a31e3cd26889ca66d677f1","name":"cfeditorfr"}]}},"_links":{"self":[{"href":"https:\/\/www.africa-press.net\/benin\/wp-json\/wp\/v2\/posts\/8669","targetHints":{"allow":["GET"]}}],"collection":[{"href":"https:\/\/www.africa-press.net\/benin\/wp-json\/wp\/v2\/posts"}],"about":[{"href":"https:\/\/www.africa-press.net\/benin\/wp-json\/wp\/v2\/types\/post"}],"author":[{"embeddable":true,"href":"https:\/\/www.africa-press.net\/benin\/wp-json\/wp\/v2\/users\/82"}],"replies":[{"embeddable":true,"href":"https:\/\/www.africa-press.net\/benin\/wp-json\/wp\/v2\/comments?post=8669"}],"version-history":[{"count":0,"href":"https:\/\/www.africa-press.net\/benin\/wp-json\/wp\/v2\/posts\/8669\/revisions"}],"wp:featuredmedia":[{"embeddable":true,"href":"https:\/\/www.africa-press.net\/benin\/wp-json\/wp\/v2\/media\/8668"}],"wp:attachment":[{"href":"https:\/\/www.africa-press.net\/benin\/wp-json\/wp\/v2\/media?parent=8669"}],"wp:term":[{"taxonomy":"category","embeddable":true,"href":"https:\/\/www.africa-press.net\/benin\/wp-json\/wp\/v2\/categories?post=8669"},{"taxonomy":"post_tag","embeddable":true,"href":"https:\/\/www.africa-press.net\/benin\/wp-json\/wp\/v2\/tags?post=8669"}],"curies":[{"name":"wp","href":"https:\/\/api.w.org\/{rel}","templated":true}]}}