{"id":8672,"date":"2022-09-06T16:20:07","date_gmt":"2022-09-06T16:20:07","guid":{"rendered":"https:\/\/www.africa-press.net\/benin\/politique\/benin-police-republicaine-de-nouveaux-officiers-subalternes-redeployes"},"modified":"2022-09-06T16:40:49","modified_gmt":"2022-09-06T16:40:49","slug":"benin-police-republicaine-de-nouveaux-officiers-subalternes-redeployes","status":"publish","type":"post","link":"https:\/\/www.africa-press.net\/benin\/toutes-les-actualites\/benin-police-republicaine-de-nouveaux-officiers-subalternes-redeployes","title":{"rendered":"B\u00e9nin-Police r\u00e9publicaine: de nouveaux officiers subalternes red\u00e9ploy\u00e9s"},"content":{"rendered":"<p><span style=\"color: #ff6600\"><strong>Africa-Press &#8211; Benin. <\/strong><\/span>La hi\u00e9rarchie polici\u00e8re a proc\u00e9d\u00e9 ce lundi 05 Septembre 2022 \u00e0 un nouveau red\u00e9ploiement des officiers subalternes.<\/p>\n<p>Par une d\u00e9cision en date du 05 Septembre 2022 portant additif au red\u00e9ploiement des officiers subalternes de la police r\u00e9publicaine, le DGPR, Souma\u00efla Yaya a op\u00e9r\u00e9 une nouvelle mutation de fonctionnaire de la police.<\/p>\n<p>Les officiers subalternes ainsi red\u00e9ploy\u00e9s sont appel\u00e9s \u00e0 prendre service au plus tard le vendredi 09 septembre 2022, a pr\u00e9cis\u00e9 l\u2019article 2 de la d\u00e9cision sign\u00e9e par le directeur g\u00e9n\u00e9ral de la police r\u00e9publicaine, Souma\u00efla Yaya.<\/p>\n<p>Selon l\u2019article 3, cette d\u00e9cision tient lieu de notification aux officiers subalternes concern\u00e9s et annule toute disposition contraire. La liste des officiers red\u00e9ploy\u00e9s se pr\u00e9sente comme suit:<\/p>\n<p>Liste des officiers subalternes\u2026<\/p>\n<p><strong>Pour plus d&rsquo;informations et d&rsquo;analyses sur la <a href=\"https:\/\/www.africa-press.net\/benin\">Benin<\/a>, suivez <a href=\"https:\/\/www.africa-press.net\/\">Africa-Press<\/a><\/strong><\/p>\n","protected":false},"excerpt":{"rendered":"<p>Africa-Press &#8211; Benin. La hi\u00e9rarchie polici\u00e8re a proc\u00e9d\u00e9 ce lundi 05 Septembre 2022 \u00e0 un nouveau red\u00e9ploiement des officiers subalternes. Par une d\u00e9cision en date du 05 Septembre 2022 portant additif au red\u00e9ploiement des officiers subalternes de la police r\u00e9publicaine, le DGPR, Souma\u00efla Yaya a op\u00e9r\u00e9 une nouvelle mutation de fonctionnaire de la police. Les [&hellip;]<\/p>\n","protected":false},"author":82,"featured_media":8671,"comment_status":"open","ping_status":"closed","sticky":false,"template":"","format":"standard","meta":{"footnotes":""},"categories":[21,11,10],"tags":[36,50,45],"class_list":["post-8672","post","type-post","status-publish","format-standard","has-post-thumbnail","hentry","category-communaute","category-homepage-french","category-toutes-les-actualites","tag-africa-press","tag-africa-press-benin","tag-benin"],"yoast_head":"<!-- This site is optimized with the Yoast SEO Premium plugin v26.1 (Yoast SEO v27.0) - https:\/\/yoast.com\/product\/yoast-seo-premium-wordpress\/ -->\n<title>B\u00e9nin-Police r\u00e9publicaine: de nouveaux officiers subalternes red\u00e9ploy\u00e9s - B\u00e9nin<\/title>\n<meta name=\"description\" content=\"La hi\u00e9rarchie polici\u00e8re a proc\u00e9d\u00e9 ce lundi 05 Septembre 2022 \u00e0 un nouveau red\u00e9ploiement des officiers subalternes. Par ...\" \/>\n<meta name=\"robots\" content=\"index, follow, max-snippet:-1, max-image-preview:large, max-video-preview:-1\" \/>\n<link rel=\"canonical\" href=\"https:\/\/www.africa-press.net\/benin\/toutes-les-actualites\/benin-police-republicaine-de-nouveaux-officiers-subalternes-redeployes\" \/>\n<meta property=\"og:locale\" content=\"fr_FR\" \/>\n<meta property=\"og:type\" content=\"article\" \/>\n<meta property=\"og:title\" content=\"B\u00e9nin-Police r\u00e9publicaine: de nouveaux officiers subalternes red\u00e9ploy\u00e9s\" \/>\n<meta property=\"og:description\" content=\"La hi\u00e9rarchie polici\u00e8re a proc\u00e9d\u00e9 ce lundi 05 Septembre 2022 \u00e0 un nouveau red\u00e9ploiement des officiers subalternes. Par ...\" \/>\n<meta property=\"og:url\" content=\"https:\/\/www.africa-press.net\/benin\/toutes-les-actualites\/benin-police-republicaine-de-nouveaux-officiers-subalternes-redeployes\" \/>\n<meta property=\"og:site_name\" content=\"B\u00e9nin\" \/>\n<meta property=\"article:published_time\" content=\"2022-09-06T16:20:07+00:00\" \/>\n<meta property=\"article:modified_time\" content=\"2022-09-06T16:40:49+00:00\" \/>\n<meta property=\"og:image\" content=\"https:\/\/static.africa-press.net\/benin\/sites\/46\/2022\/09\/postQueueImg_27-631777e66b5e0.jpg\" \/>\n\t<meta property=\"og:image:width\" content=\"1200\" \/>\n\t<meta property=\"og:image:height\" content=\"675\" \/>\n\t<meta property=\"og:image:type\" content=\"image\/jpeg\" \/>\n<meta name=\"author\" content=\"cfeditorfr\" \/>\n<meta name=\"twitter:card\" content=\"summary_large_image\" \/>\n<meta name=\"twitter:label1\" content=\"\u00c9crit par\" \/>\n\t<meta name=\"twitter:data1\" content=\"cfeditorfr\" \/>\n\t<meta name=\"twitter:label2\" content=\"Dur\u00e9e de lecture estim\u00e9e\" \/>\n\t<meta name=\"twitter:data2\" content=\"1 minute\" \/>\n<script type=\"application\/ld+json\" class=\"yoast-schema-graph\">{\"@context\":\"https:\/\/schema.org\",\"@graph\":[{\"@type\":\"Article\",\"@id\":\"https:\/\/www.africa-press.net\/benin\/toutes-les-actualites\/benin-police-republicaine-de-nouveaux-officiers-subalternes-redeployes#article\",\"isPartOf\":{\"@id\":\"https:\/\/www.africa-press.net\/benin\/toutes-les-actualites\/benin-police-republicaine-de-nouveaux-officiers-subalternes-redeployes\"},\"author\":{\"name\":\"cfeditorfr\",\"@id\":\"https:\/\/www.africa-press.net\/benin\/#\/schema\/person\/2b1cf3cd81a31e3cd26889ca66d677f1\"},\"headline\":\"B\u00e9nin-Police r\u00e9publicaine: de nouveaux officiers subalternes red\u00e9ploy\u00e9s\",\"datePublished\":\"2022-09-06T16:20:07+00:00\",\"dateModified\":\"2022-09-06T16:40:49+00:00\",\"mainEntityOfPage\":{\"@id\":\"https:\/\/www.africa-press.net\/benin\/toutes-les-actualites\/benin-police-republicaine-de-nouveaux-officiers-subalternes-redeployes\"},\"wordCount\":160,\"commentCount\":0,\"image\":{\"@id\":\"https:\/\/www.africa-press.net\/benin\/toutes-les-actualites\/benin-police-republicaine-de-nouveaux-officiers-subalternes-redeployes#primaryimage\"},\"thumbnailUrl\":\"https:\/\/static.africa-press.net\/benin\/sites\/46\/2022\/09\/postQueueImg_27-631777e66b5e0.jpg\",\"keywords\":[\"Africa Press\",\"Africa Press-Benin\",\"B\u00e9nin\"],\"articleSection\":[\"Communaut\u00e9\",\"homepage-french\",\"Toutes les actualit\u00e9s\"],\"inLanguage\":\"fr-FR\",\"potentialAction\":[{\"@type\":\"CommentAction\",\"name\":\"Comment\",\"target\":[\"https:\/\/www.africa-press.net\/benin\/toutes-les-actualites\/benin-police-republicaine-de-nouveaux-officiers-subalternes-redeployes#respond\"]}]},{\"@type\":\"WebPage\",\"@id\":\"https:\/\/www.africa-press.net\/benin\/toutes-les-actualites\/benin-police-republicaine-de-nouveaux-officiers-subalternes-redeployes\",\"url\":\"https:\/\/www.africa-press.net\/benin\/toutes-les-actualites\/benin-police-republicaine-de-nouveaux-officiers-subalternes-redeployes\",\"name\":\"B\u00e9nin-Police r\u00e9publicaine: de nouveaux officiers subalternes red\u00e9ploy\u00e9s - B\u00e9nin\",\"isPartOf\":{\"@id\":\"https:\/\/www.africa-press.net\/benin\/#website\"},\"primaryImageOfPage\":{\"@id\":\"https:\/\/www.africa-press.net\/benin\/toutes-les-actualites\/benin-police-republicaine-de-nouveaux-officiers-subalternes-redeployes#primaryimage\"},\"image\":{\"@id\":\"https:\/\/www.africa-press.net\/benin\/toutes-les-actualites\/benin-police-republicaine-de-nouveaux-officiers-subalternes-redeployes#primaryimage\"},\"thumbnailUrl\":\"https:\/\/static.africa-press.net\/benin\/sites\/46\/2022\/09\/postQueueImg_27-631777e66b5e0.jpg\",\"datePublished\":\"2022-09-06T16:20:07+00:00\",\"dateModified\":\"2022-09-06T16:40:49+00:00\",\"author\":{\"@id\":\"https:\/\/www.africa-press.net\/benin\/#\/schema\/person\/2b1cf3cd81a31e3cd26889ca66d677f1\"},\"description\":\"La hi\u00e9rarchie polici\u00e8re a proc\u00e9d\u00e9 ce lundi 05 Septembre 2022 \u00e0 un nouveau red\u00e9ploiement des officiers subalternes. Par ...\",\"breadcrumb\":{\"@id\":\"https:\/\/www.africa-press.net\/benin\/toutes-les-actualites\/benin-police-republicaine-de-nouveaux-officiers-subalternes-redeployes#breadcrumb\"},\"inLanguage\":\"fr-FR\",\"potentialAction\":[{\"@type\":\"ReadAction\",\"target\":[\"https:\/\/www.africa-press.net\/benin\/toutes-les-actualites\/benin-police-republicaine-de-nouveaux-officiers-subalternes-redeployes\"]}]},{\"@type\":\"ImageObject\",\"inLanguage\":\"fr-FR\",\"@id\":\"https:\/\/www.africa-press.net\/benin\/toutes-les-actualites\/benin-police-republicaine-de-nouveaux-officiers-subalternes-redeployes#primaryimage\",\"url\":\"https:\/\/static.africa-press.net\/benin\/sites\/46\/2022\/09\/postQueueImg_27-631777e66b5e0.jpg\",\"contentUrl\":\"https:\/\/static.africa-press.net\/benin\/sites\/46\/2022\/09\/postQueueImg_27-631777e66b5e0.jpg\",\"width\":1200,\"height\":675,\"caption\":\"B\u00e9nin-Police r\u00e9publicaine: de nouveaux officiers subalternes red\u00e9ploy\u00e9s\"},{\"@type\":\"BreadcrumbList\",\"@id\":\"https:\/\/www.africa-press.net\/benin\/toutes-les-actualites\/benin-police-republicaine-de-nouveaux-officiers-subalternes-redeployes#breadcrumb\",\"itemListElement\":[{\"@type\":\"ListItem\",\"position\":1,\"name\":\"Accueil\",\"item\":\"https:\/\/www.africa-press.net\/benin\/\"},{\"@type\":\"ListItem\",\"position\":2,\"name\":\"B\u00e9nin-Police r\u00e9publicaine: de nouveaux officiers subalternes red\u00e9ploy\u00e9s\"}]},{\"@type\":\"WebSite\",\"@id\":\"https:\/\/www.africa-press.net\/benin\/#website\",\"url\":\"https:\/\/www.africa-press.net\/benin\/\",\"name\":\"B\u00e9nin\",\"description\":\"Just another Africa News Agency Sites site\",\"potentialAction\":[{\"@type\":\"SearchAction\",\"target\":{\"@type\":\"EntryPoint\",\"urlTemplate\":\"https:\/\/www.africa-press.net\/benin\/?s={search_term_string}\"},\"query-input\":{\"@type\":\"PropertyValueSpecification\",\"valueRequired\":true,\"valueName\":\"search_term_string\"}}],\"inLanguage\":\"fr-FR\"},{\"@type\":\"Person\",\"@id\":\"https:\/\/www.africa-press.net\/benin\/#\/schema\/person\/2b1cf3cd81a31e3cd26889ca66d677f1\",\"name\":\"cfeditorfr\"}]}<\/script>\n<!-- \/ Yoast SEO Premium plugin. -->","yoast_head_json":{"title":"B\u00e9nin-Police r\u00e9publicaine: de nouveaux officiers subalternes red\u00e9ploy\u00e9s - B\u00e9nin","description":"La hi\u00e9rarchie polici\u00e8re a proc\u00e9d\u00e9 ce lundi 05 Septembre 2022 \u00e0 un nouveau red\u00e9ploiement des officiers subalternes. Par ...","robots":{"index":"index","follow":"follow","max-snippet":"max-snippet:-1","max-image-preview":"max-image-preview:large","max-video-preview":"max-video-preview:-1"},"canonical":"https:\/\/www.africa-press.net\/benin\/toutes-les-actualites\/benin-police-republicaine-de-nouveaux-officiers-subalternes-redeployes","og_locale":"fr_FR","og_type":"article","og_title":"B\u00e9nin-Police r\u00e9publicaine: de nouveaux officiers subalternes red\u00e9ploy\u00e9s","og_description":"La hi\u00e9rarchie polici\u00e8re a proc\u00e9d\u00e9 ce lundi 05 Septembre 2022 \u00e0 un nouveau red\u00e9ploiement des officiers subalternes. Par ...","og_url":"https:\/\/www.africa-press.net\/benin\/toutes-les-actualites\/benin-police-republicaine-de-nouveaux-officiers-subalternes-redeployes","og_site_name":"B\u00e9nin","article_published_time":"2022-09-06T16:20:07+00:00","article_modified_time":"2022-09-06T16:40:49+00:00","og_image":[{"width":1200,"height":675,"url":"https:\/\/static.africa-press.net\/benin\/sites\/46\/2022\/09\/postQueueImg_27-631777e66b5e0.jpg","type":"image\/jpeg"}],"author":"cfeditorfr","twitter_card":"summary_large_image","twitter_misc":{"\u00c9crit par":"cfeditorfr","Dur\u00e9e de lecture estim\u00e9e":"1 minute"},"schema":{"@context":"https:\/\/schema.org","@graph":[{"@type":"Article","@id":"https:\/\/www.africa-press.net\/benin\/toutes-les-actualites\/benin-police-republicaine-de-nouveaux-officiers-subalternes-redeployes#article","isPartOf":{"@id":"https:\/\/www.africa-press.net\/benin\/toutes-les-actualites\/benin-police-republicaine-de-nouveaux-officiers-subalternes-redeployes"},"author":{"name":"cfeditorfr","@id":"https:\/\/www.africa-press.net\/benin\/#\/schema\/person\/2b1cf3cd81a31e3cd26889ca66d677f1"},"headline":"B\u00e9nin-Police r\u00e9publicaine: de nouveaux officiers subalternes red\u00e9ploy\u00e9s","datePublished":"2022-09-06T16:20:07+00:00","dateModified":"2022-09-06T16:40:49+00:00","mainEntityOfPage":{"@id":"https:\/\/www.africa-press.net\/benin\/toutes-les-actualites\/benin-police-republicaine-de-nouveaux-officiers-subalternes-redeployes"},"wordCount":160,"commentCount":0,"image":{"@id":"https:\/\/www.africa-press.net\/benin\/toutes-les-actualites\/benin-police-republicaine-de-nouveaux-officiers-subalternes-redeployes#primaryimage"},"thumbnailUrl":"https:\/\/static.africa-press.net\/benin\/sites\/46\/2022\/09\/postQueueImg_27-631777e66b5e0.jpg","keywords":["Africa Press","Africa Press-Benin","B\u00e9nin"],"articleSection":["Communaut\u00e9","homepage-french","Toutes les actualit\u00e9s"],"inLanguage":"fr-FR","potentialAction":[{"@type":"CommentAction","name":"Comment","target":["https:\/\/www.africa-press.net\/benin\/toutes-les-actualites\/benin-police-republicaine-de-nouveaux-officiers-subalternes-redeployes#respond"]}]},{"@type":"WebPage","@id":"https:\/\/www.africa-press.net\/benin\/toutes-les-actualites\/benin-police-republicaine-de-nouveaux-officiers-subalternes-redeployes","url":"https:\/\/www.africa-press.net\/benin\/toutes-les-actualites\/benin-police-republicaine-de-nouveaux-officiers-subalternes-redeployes","name":"B\u00e9nin-Police r\u00e9publicaine: de nouveaux officiers subalternes red\u00e9ploy\u00e9s - B\u00e9nin","isPartOf":{"@id":"https:\/\/www.africa-press.net\/benin\/#website"},"primaryImageOfPage":{"@id":"https:\/\/www.africa-press.net\/benin\/toutes-les-actualites\/benin-police-republicaine-de-nouveaux-officiers-subalternes-redeployes#primaryimage"},"image":{"@id":"https:\/\/www.africa-press.net\/benin\/toutes-les-actualites\/benin-police-republicaine-de-nouveaux-officiers-subalternes-redeployes#primaryimage"},"thumbnailUrl":"https:\/\/static.africa-press.net\/benin\/sites\/46\/2022\/09\/postQueueImg_27-631777e66b5e0.jpg","datePublished":"2022-09-06T16:20:07+00:00","dateModified":"2022-09-06T16:40:49+00:00","author":{"@id":"https:\/\/www.africa-press.net\/benin\/#\/schema\/person\/2b1cf3cd81a31e3cd26889ca66d677f1"},"description":"La hi\u00e9rarchie polici\u00e8re a proc\u00e9d\u00e9 ce lundi 05 Septembre 2022 \u00e0 un nouveau red\u00e9ploiement des officiers subalternes. Par ...","breadcrumb":{"@id":"https:\/\/www.africa-press.net\/benin\/toutes-les-actualites\/benin-police-republicaine-de-nouveaux-officiers-subalternes-redeployes#breadcrumb"},"inLanguage":"fr-FR","potentialAction":[{"@type":"ReadAction","target":["https:\/\/www.africa-press.net\/benin\/toutes-les-actualites\/benin-police-republicaine-de-nouveaux-officiers-subalternes-redeployes"]}]},{"@type":"ImageObject","inLanguage":"fr-FR","@id":"https:\/\/www.africa-press.net\/benin\/toutes-les-actualites\/benin-police-republicaine-de-nouveaux-officiers-subalternes-redeployes#primaryimage","url":"https:\/\/static.africa-press.net\/benin\/sites\/46\/2022\/09\/postQueueImg_27-631777e66b5e0.jpg","contentUrl":"https:\/\/static.africa-press.net\/benin\/sites\/46\/2022\/09\/postQueueImg_27-631777e66b5e0.jpg","width":1200,"height":675,"caption":"B\u00e9nin-Police r\u00e9publicaine: de nouveaux officiers subalternes red\u00e9ploy\u00e9s"},{"@type":"BreadcrumbList","@id":"https:\/\/www.africa-press.net\/benin\/toutes-les-actualites\/benin-police-republicaine-de-nouveaux-officiers-subalternes-redeployes#breadcrumb","itemListElement":[{"@type":"ListItem","position":1,"name":"Accueil","item":"https:\/\/www.africa-press.net\/benin\/"},{"@type":"ListItem","position":2,"name":"B\u00e9nin-Police r\u00e9publicaine: de nouveaux officiers subalternes red\u00e9ploy\u00e9s"}]},{"@type":"WebSite","@id":"https:\/\/www.africa-press.net\/benin\/#website","url":"https:\/\/www.africa-press.net\/benin\/","name":"B\u00e9nin","description":"Just another Africa News Agency Sites site","potentialAction":[{"@type":"SearchAction","target":{"@type":"EntryPoint","urlTemplate":"https:\/\/www.africa-press.net\/benin\/?s={search_term_string}"},"query-input":{"@type":"PropertyValueSpecification","valueRequired":true,"valueName":"search_term_string"}}],"inLanguage":"fr-FR"},{"@type":"Person","@id":"https:\/\/www.africa-press.net\/benin\/#\/schema\/person\/2b1cf3cd81a31e3cd26889ca66d677f1","name":"cfeditorfr"}]}},"_links":{"self":[{"href":"https:\/\/www.africa-press.net\/benin\/wp-json\/wp\/v2\/posts\/8672","targetHints":{"allow":["GET"]}}],"collection":[{"href":"https:\/\/www.africa-press.net\/benin\/wp-json\/wp\/v2\/posts"}],"about":[{"href":"https:\/\/www.africa-press.net\/benin\/wp-json\/wp\/v2\/types\/post"}],"author":[{"embeddable":true,"href":"https:\/\/www.africa-press.net\/benin\/wp-json\/wp\/v2\/users\/82"}],"replies":[{"embeddable":true,"href":"https:\/\/www.africa-press.net\/benin\/wp-json\/wp\/v2\/comments?post=8672"}],"version-history":[{"count":0,"href":"https:\/\/www.africa-press.net\/benin\/wp-json\/wp\/v2\/posts\/8672\/revisions"}],"wp:featuredmedia":[{"embeddable":true,"href":"https:\/\/www.africa-press.net\/benin\/wp-json\/wp\/v2\/media\/8671"}],"wp:attachment":[{"href":"https:\/\/www.africa-press.net\/benin\/wp-json\/wp\/v2\/media?parent=8672"}],"wp:term":[{"taxonomy":"category","embeddable":true,"href":"https:\/\/www.africa-press.net\/benin\/wp-json\/wp\/v2\/categories?post=8672"},{"taxonomy":"post_tag","embeddable":true,"href":"https:\/\/www.africa-press.net\/benin\/wp-json\/wp\/v2\/tags?post=8672"}],"curies":[{"name":"wp","href":"https:\/\/api.w.org\/{rel}","templated":true}]}}