{"id":8681,"date":"2022-09-07T16:51:23","date_gmt":"2022-09-07T16:51:23","guid":{"rendered":"https:\/\/www.africa-press.net\/benin\/politique\/benin-joseph-djogbenou-lance-la-machine-up-le-renouveau-a-porto-novo"},"modified":"2022-09-07T17:09:52","modified_gmt":"2022-09-07T17:09:52","slug":"benin-joseph-djogbenou-lance-la-machine-up-le-renouveau-a-porto-novo","status":"publish","type":"post","link":"https:\/\/www.africa-press.net\/benin\/politique\/benin-joseph-djogbenou-lance-la-machine-up-le-renouveau-a-porto-novo","title":{"rendered":"B\u00e9nin: Joseph Djogb\u00e9nou lance la machine UP, le Renouveau \u00e0 Porto Novo"},"content":{"rendered":"<p><span style=\"color: #ff6600\"><strong>Africa-Press &#8211; Benin. <\/strong><\/span><b>Le pr\u00e9sident du parti union progressiste le renouveau, le professeur Joseph Djogb\u00e9nou a tenu ce mardi 6 Septembre 2022 une s\u00e9ance de travail avec les anciens membres des bureaux politiques, des directions ex\u00e9cutives nationales, et des coordinations d\u00e9partementales des ex partis PRD et UP<\/b>.<\/p>\n<p>La rencontre qui est la premi\u00e8re depuis la cr\u00e9ation du parti et l\u2019installation de la direction ex\u00e9cutive et du bureau politique, a permis au pr\u00e9sident Joseph Djogb\u00e9nou de lancer depuis Porto Novo la machine du nouveau parti pour de victoires futures.<\/p>\n<p>Au d\u00e9marrage de la rencontre qui s\u2019est tenue au si\u00e8ge du parti au quartier Houinm\u00e8, \u00e0 Porto Novo, le professeur Joseph Djogb\u00e9nou a fait savoir qu\u2019en mettant les pieds \u00e0 l\u2019ancien si\u00e8ge du parti du renouveau d\u00e9mocratique, que les membres du nouveau parti sont entrain de traduire par les actes la confiance, de l\u2019union.<\/p>\n<p>\u00ab En venant ici chers camarades<b>, nous nous sommes encore \u00e9loign\u00e9s un peu de qui nous \u00e9tions et nous nous sommes rapproch\u00e9s davantage de qui nous voulons \u00eatre maintenant et demain\u00ab <\/b>a indiqu\u00e9 le professeur Joseph Djogb\u00e9nou<\/p>\n<p>\u00ab Vous qui n\u2019aviez pas l\u2019habitude de venir ici, a poursuivi l\u2019ancien pr\u00e9sident de la cour constitutionnelle, n\u2019attendez plus qu\u2019on vous le demande, c\u2019est chez vous. \u00bb, a-t-il confi\u00e9.<\/p>\n<p>Je souhaite maintenant que les uns et les autres travaillent sans limite<\/p>\n<p>Apr\u00e8s les mots de civilit\u00e9, l\u2019ancien pr\u00e9sident de la cour constitutionnelle est pass\u00e9 \u00e0 l\u2019objet de la rencontre: lancer la machine union progressiste le renouveau depuis la capitale politique du B\u00e9nin.<\/p>\n<p>Et c\u2019est une forte d\u00e9l\u00e9gation de l\u2019UP le Renouveau qui s\u2019est rendue au tout nouveau si\u00e8ge national du Parti qui n\u2019est autre que l\u2019ancien si\u00e8ge du PRD \u00e0 Porto-Novo pour recevoir le mot d\u2019ordre de leur pr\u00e9sident.<\/p>\n<p>Dans son discours, le professeur Joseph Djogb\u00e9nou a invit\u00e9 les militants du parti au travail. C\u2019est de l\u2019acharnement au travail, dira-t-il que des victoires seront obtenues.<\/p>\n<p>\u00ab <b>Je souhaite maintenant que les uns et les autres travaillent sans limite. Au travail, pour davantage de victoires, encore plus grandes. Porto-Novo est la lumi\u00e8re du B\u00e9nin et l\u2019UP le Renouveau rayonnera depuis cette lumi\u00e8re<\/b>\u00ab , a-t-il d\u00e9clar\u00e9.<\/p>\n<p>Mais pour que cette victoire prenne v\u00e9ritablement corps, en plus du travail, le pr\u00e9sident du parti union progressiste le renouveau, invite tous les membres du parti \u00e0 l\u2019union. \u00ab J<b>e souhaite que maintenant, que demain, et que toujours, que dans toutes les \u00e9quipes, les uns et les autres travaillent. Que dans toutes les intentions, les uns et les autres soient pris en compte. Qu\u2019il n\u2019y ait pas de quota, qu\u2019il n\u2019y ait pas de chiffres, qu\u2019il n\u2019y ait pas de limite. Nous le devons \u00e0 vous tous, nous le devons \u00e0 notre peuple, parce que c\u2019est la condition de la victoire totale demain, apr\u00e8s-demain et toujours<\/b> \u00bb , a martel\u00e9 Joseph Djogb\u00e9nou.<\/p>\n<p><strong>Pour plus d&rsquo;informations et d&rsquo;analyses sur la <a href=\"https:\/\/www.africa-press.net\/benin\">Benin<\/a>, suivez <a href=\"https:\/\/www.africa-press.net\/\">Africa-Press<\/a><\/strong><\/p>\n","protected":false},"excerpt":{"rendered":"<p>Africa-Press &#8211; Benin. Le pr\u00e9sident du parti union progressiste le renouveau, le professeur Joseph Djogb\u00e9nou a tenu ce mardi 6 Septembre 2022 une s\u00e9ance de travail avec les anciens membres des bureaux politiques, des directions ex\u00e9cutives nationales, et des coordinations d\u00e9partementales des ex partis PRD et UP. La rencontre qui est la premi\u00e8re depuis la [&hellip;]<\/p>\n","protected":false},"author":82,"featured_media":8680,"comment_status":"open","ping_status":"closed","sticky":false,"template":"","format":"standard","meta":{"footnotes":""},"categories":[11,2,10],"tags":[36,50,45],"class_list":["post-8681","post","type-post","status-publish","format-standard","has-post-thumbnail","hentry","category-homepage-french","category-politique","category-toutes-les-actualites","tag-africa-press","tag-africa-press-benin","tag-benin"],"yoast_head":"<!-- This site is optimized with the Yoast SEO Premium plugin v26.1 (Yoast SEO v27.0) - https:\/\/yoast.com\/product\/yoast-seo-premium-wordpress\/ -->\n<title>B\u00e9nin: Joseph Djogb\u00e9nou lance la machine UP, le Renouveau \u00e0 Porto Novo - B\u00e9nin<\/title>\n<meta name=\"description\" content=\"Le pr\u00e9sident du parti union progressiste le renouveau, le professeur Joseph Djogb\u00e9nou a tenu ce mardi 6 Septembre 202 ...\" \/>\n<meta name=\"robots\" content=\"index, follow, max-snippet:-1, max-image-preview:large, max-video-preview:-1\" \/>\n<link rel=\"canonical\" href=\"https:\/\/www.africa-press.net\/benin\/politique\/benin-joseph-djogbenou-lance-la-machine-up-le-renouveau-a-porto-novo\" \/>\n<meta property=\"og:locale\" content=\"fr_FR\" \/>\n<meta property=\"og:type\" content=\"article\" \/>\n<meta property=\"og:title\" content=\"B\u00e9nin: Joseph Djogb\u00e9nou lance la machine UP, le Renouveau \u00e0 Porto Novo\" \/>\n<meta property=\"og:description\" content=\"Le pr\u00e9sident du parti union progressiste le renouveau, le professeur Joseph Djogb\u00e9nou a tenu ce mardi 6 Septembre 202 ...\" \/>\n<meta property=\"og:url\" content=\"https:\/\/www.africa-press.net\/benin\/politique\/benin-joseph-djogbenou-lance-la-machine-up-le-renouveau-a-porto-novo\" \/>\n<meta property=\"og:site_name\" content=\"B\u00e9nin\" \/>\n<meta property=\"article:published_time\" content=\"2022-09-07T16:51:23+00:00\" \/>\n<meta property=\"article:modified_time\" content=\"2022-09-07T17:09:52+00:00\" \/>\n<meta property=\"og:image\" content=\"https:\/\/static.africa-press.net\/benin\/sites\/46\/2022\/09\/postQueueImg_21-6318d0259683c.jpg\" \/>\n\t<meta property=\"og:image:width\" content=\"1280\" \/>\n\t<meta property=\"og:image:height\" content=\"720\" \/>\n\t<meta property=\"og:image:type\" content=\"image\/jpeg\" \/>\n<meta name=\"author\" content=\"cfeditorfr\" \/>\n<meta name=\"twitter:card\" content=\"summary_large_image\" \/>\n<meta name=\"twitter:label1\" content=\"\u00c9crit par\" \/>\n\t<meta name=\"twitter:data1\" content=\"cfeditorfr\" \/>\n\t<meta name=\"twitter:label2\" content=\"Dur\u00e9e de lecture estim\u00e9e\" \/>\n\t<meta name=\"twitter:data2\" content=\"3 minutes\" \/>\n<script type=\"application\/ld+json\" class=\"yoast-schema-graph\">{\"@context\":\"https:\/\/schema.org\",\"@graph\":[{\"@type\":\"Article\",\"@id\":\"https:\/\/www.africa-press.net\/benin\/politique\/benin-joseph-djogbenou-lance-la-machine-up-le-renouveau-a-porto-novo#article\",\"isPartOf\":{\"@id\":\"https:\/\/www.africa-press.net\/benin\/politique\/benin-joseph-djogbenou-lance-la-machine-up-le-renouveau-a-porto-novo\"},\"author\":{\"name\":\"cfeditorfr\",\"@id\":\"https:\/\/www.africa-press.net\/benin\/#\/schema\/person\/2b1cf3cd81a31e3cd26889ca66d677f1\"},\"headline\":\"B\u00e9nin: Joseph Djogb\u00e9nou lance la machine UP, le Renouveau \u00e0 Porto Novo\",\"datePublished\":\"2022-09-07T16:51:23+00:00\",\"dateModified\":\"2022-09-07T17:09:52+00:00\",\"mainEntityOfPage\":{\"@id\":\"https:\/\/www.africa-press.net\/benin\/politique\/benin-joseph-djogbenou-lance-la-machine-up-le-renouveau-a-porto-novo\"},\"wordCount\":539,\"commentCount\":0,\"image\":{\"@id\":\"https:\/\/www.africa-press.net\/benin\/politique\/benin-joseph-djogbenou-lance-la-machine-up-le-renouveau-a-porto-novo#primaryimage\"},\"thumbnailUrl\":\"https:\/\/static.africa-press.net\/benin\/sites\/46\/2022\/09\/postQueueImg_21-6318d0259683c.jpg\",\"keywords\":[\"Africa Press\",\"Africa Press-Benin\",\"B\u00e9nin\"],\"articleSection\":[\"homepage-french\",\"Politique\",\"Toutes les actualit\u00e9s\"],\"inLanguage\":\"fr-FR\",\"potentialAction\":[{\"@type\":\"CommentAction\",\"name\":\"Comment\",\"target\":[\"https:\/\/www.africa-press.net\/benin\/politique\/benin-joseph-djogbenou-lance-la-machine-up-le-renouveau-a-porto-novo#respond\"]}]},{\"@type\":\"WebPage\",\"@id\":\"https:\/\/www.africa-press.net\/benin\/politique\/benin-joseph-djogbenou-lance-la-machine-up-le-renouveau-a-porto-novo\",\"url\":\"https:\/\/www.africa-press.net\/benin\/politique\/benin-joseph-djogbenou-lance-la-machine-up-le-renouveau-a-porto-novo\",\"name\":\"B\u00e9nin: Joseph Djogb\u00e9nou lance la machine UP, le Renouveau \u00e0 Porto Novo - B\u00e9nin\",\"isPartOf\":{\"@id\":\"https:\/\/www.africa-press.net\/benin\/#website\"},\"primaryImageOfPage\":{\"@id\":\"https:\/\/www.africa-press.net\/benin\/politique\/benin-joseph-djogbenou-lance-la-machine-up-le-renouveau-a-porto-novo#primaryimage\"},\"image\":{\"@id\":\"https:\/\/www.africa-press.net\/benin\/politique\/benin-joseph-djogbenou-lance-la-machine-up-le-renouveau-a-porto-novo#primaryimage\"},\"thumbnailUrl\":\"https:\/\/static.africa-press.net\/benin\/sites\/46\/2022\/09\/postQueueImg_21-6318d0259683c.jpg\",\"datePublished\":\"2022-09-07T16:51:23+00:00\",\"dateModified\":\"2022-09-07T17:09:52+00:00\",\"author\":{\"@id\":\"https:\/\/www.africa-press.net\/benin\/#\/schema\/person\/2b1cf3cd81a31e3cd26889ca66d677f1\"},\"description\":\"Le pr\u00e9sident du parti union progressiste le renouveau, le professeur Joseph Djogb\u00e9nou a tenu ce mardi 6 Septembre 202 ...\",\"breadcrumb\":{\"@id\":\"https:\/\/www.africa-press.net\/benin\/politique\/benin-joseph-djogbenou-lance-la-machine-up-le-renouveau-a-porto-novo#breadcrumb\"},\"inLanguage\":\"fr-FR\",\"potentialAction\":[{\"@type\":\"ReadAction\",\"target\":[\"https:\/\/www.africa-press.net\/benin\/politique\/benin-joseph-djogbenou-lance-la-machine-up-le-renouveau-a-porto-novo\"]}]},{\"@type\":\"ImageObject\",\"inLanguage\":\"fr-FR\",\"@id\":\"https:\/\/www.africa-press.net\/benin\/politique\/benin-joseph-djogbenou-lance-la-machine-up-le-renouveau-a-porto-novo#primaryimage\",\"url\":\"https:\/\/static.africa-press.net\/benin\/sites\/46\/2022\/09\/postQueueImg_21-6318d0259683c.jpg\",\"contentUrl\":\"https:\/\/static.africa-press.net\/benin\/sites\/46\/2022\/09\/postQueueImg_21-6318d0259683c.jpg\",\"width\":1280,\"height\":720,\"caption\":\"B\u00e9nin: Joseph Djogb\u00e9nou lance la machine UP, le Renouveau \u00e0 Porto Novo\"},{\"@type\":\"BreadcrumbList\",\"@id\":\"https:\/\/www.africa-press.net\/benin\/politique\/benin-joseph-djogbenou-lance-la-machine-up-le-renouveau-a-porto-novo#breadcrumb\",\"itemListElement\":[{\"@type\":\"ListItem\",\"position\":1,\"name\":\"Accueil\",\"item\":\"https:\/\/www.africa-press.net\/benin\/\"},{\"@type\":\"ListItem\",\"position\":2,\"name\":\"B\u00e9nin: Joseph Djogb\u00e9nou lance la machine UP, le Renouveau \u00e0 Porto Novo\"}]},{\"@type\":\"WebSite\",\"@id\":\"https:\/\/www.africa-press.net\/benin\/#website\",\"url\":\"https:\/\/www.africa-press.net\/benin\/\",\"name\":\"B\u00e9nin\",\"description\":\"Just another Africa News Agency Sites site\",\"potentialAction\":[{\"@type\":\"SearchAction\",\"target\":{\"@type\":\"EntryPoint\",\"urlTemplate\":\"https:\/\/www.africa-press.net\/benin\/?s={search_term_string}\"},\"query-input\":{\"@type\":\"PropertyValueSpecification\",\"valueRequired\":true,\"valueName\":\"search_term_string\"}}],\"inLanguage\":\"fr-FR\"},{\"@type\":\"Person\",\"@id\":\"https:\/\/www.africa-press.net\/benin\/#\/schema\/person\/2b1cf3cd81a31e3cd26889ca66d677f1\",\"name\":\"cfeditorfr\"}]}<\/script>\n<!-- \/ Yoast SEO Premium plugin. -->","yoast_head_json":{"title":"B\u00e9nin: Joseph Djogb\u00e9nou lance la machine UP, le Renouveau \u00e0 Porto Novo - B\u00e9nin","description":"Le pr\u00e9sident du parti union progressiste le renouveau, le professeur Joseph Djogb\u00e9nou a tenu ce mardi 6 Septembre 202 ...","robots":{"index":"index","follow":"follow","max-snippet":"max-snippet:-1","max-image-preview":"max-image-preview:large","max-video-preview":"max-video-preview:-1"},"canonical":"https:\/\/www.africa-press.net\/benin\/politique\/benin-joseph-djogbenou-lance-la-machine-up-le-renouveau-a-porto-novo","og_locale":"fr_FR","og_type":"article","og_title":"B\u00e9nin: Joseph Djogb\u00e9nou lance la machine UP, le Renouveau \u00e0 Porto Novo","og_description":"Le pr\u00e9sident du parti union progressiste le renouveau, le professeur Joseph Djogb\u00e9nou a tenu ce mardi 6 Septembre 202 ...","og_url":"https:\/\/www.africa-press.net\/benin\/politique\/benin-joseph-djogbenou-lance-la-machine-up-le-renouveau-a-porto-novo","og_site_name":"B\u00e9nin","article_published_time":"2022-09-07T16:51:23+00:00","article_modified_time":"2022-09-07T17:09:52+00:00","og_image":[{"width":1280,"height":720,"url":"https:\/\/static.africa-press.net\/benin\/sites\/46\/2022\/09\/postQueueImg_21-6318d0259683c.jpg","type":"image\/jpeg"}],"author":"cfeditorfr","twitter_card":"summary_large_image","twitter_misc":{"\u00c9crit par":"cfeditorfr","Dur\u00e9e de lecture estim\u00e9e":"3 minutes"},"schema":{"@context":"https:\/\/schema.org","@graph":[{"@type":"Article","@id":"https:\/\/www.africa-press.net\/benin\/politique\/benin-joseph-djogbenou-lance-la-machine-up-le-renouveau-a-porto-novo#article","isPartOf":{"@id":"https:\/\/www.africa-press.net\/benin\/politique\/benin-joseph-djogbenou-lance-la-machine-up-le-renouveau-a-porto-novo"},"author":{"name":"cfeditorfr","@id":"https:\/\/www.africa-press.net\/benin\/#\/schema\/person\/2b1cf3cd81a31e3cd26889ca66d677f1"},"headline":"B\u00e9nin: Joseph Djogb\u00e9nou lance la machine UP, le Renouveau \u00e0 Porto Novo","datePublished":"2022-09-07T16:51:23+00:00","dateModified":"2022-09-07T17:09:52+00:00","mainEntityOfPage":{"@id":"https:\/\/www.africa-press.net\/benin\/politique\/benin-joseph-djogbenou-lance-la-machine-up-le-renouveau-a-porto-novo"},"wordCount":539,"commentCount":0,"image":{"@id":"https:\/\/www.africa-press.net\/benin\/politique\/benin-joseph-djogbenou-lance-la-machine-up-le-renouveau-a-porto-novo#primaryimage"},"thumbnailUrl":"https:\/\/static.africa-press.net\/benin\/sites\/46\/2022\/09\/postQueueImg_21-6318d0259683c.jpg","keywords":["Africa Press","Africa Press-Benin","B\u00e9nin"],"articleSection":["homepage-french","Politique","Toutes les actualit\u00e9s"],"inLanguage":"fr-FR","potentialAction":[{"@type":"CommentAction","name":"Comment","target":["https:\/\/www.africa-press.net\/benin\/politique\/benin-joseph-djogbenou-lance-la-machine-up-le-renouveau-a-porto-novo#respond"]}]},{"@type":"WebPage","@id":"https:\/\/www.africa-press.net\/benin\/politique\/benin-joseph-djogbenou-lance-la-machine-up-le-renouveau-a-porto-novo","url":"https:\/\/www.africa-press.net\/benin\/politique\/benin-joseph-djogbenou-lance-la-machine-up-le-renouveau-a-porto-novo","name":"B\u00e9nin: Joseph Djogb\u00e9nou lance la machine UP, le Renouveau \u00e0 Porto Novo - B\u00e9nin","isPartOf":{"@id":"https:\/\/www.africa-press.net\/benin\/#website"},"primaryImageOfPage":{"@id":"https:\/\/www.africa-press.net\/benin\/politique\/benin-joseph-djogbenou-lance-la-machine-up-le-renouveau-a-porto-novo#primaryimage"},"image":{"@id":"https:\/\/www.africa-press.net\/benin\/politique\/benin-joseph-djogbenou-lance-la-machine-up-le-renouveau-a-porto-novo#primaryimage"},"thumbnailUrl":"https:\/\/static.africa-press.net\/benin\/sites\/46\/2022\/09\/postQueueImg_21-6318d0259683c.jpg","datePublished":"2022-09-07T16:51:23+00:00","dateModified":"2022-09-07T17:09:52+00:00","author":{"@id":"https:\/\/www.africa-press.net\/benin\/#\/schema\/person\/2b1cf3cd81a31e3cd26889ca66d677f1"},"description":"Le pr\u00e9sident du parti union progressiste le renouveau, le professeur Joseph Djogb\u00e9nou a tenu ce mardi 6 Septembre 202 ...","breadcrumb":{"@id":"https:\/\/www.africa-press.net\/benin\/politique\/benin-joseph-djogbenou-lance-la-machine-up-le-renouveau-a-porto-novo#breadcrumb"},"inLanguage":"fr-FR","potentialAction":[{"@type":"ReadAction","target":["https:\/\/www.africa-press.net\/benin\/politique\/benin-joseph-djogbenou-lance-la-machine-up-le-renouveau-a-porto-novo"]}]},{"@type":"ImageObject","inLanguage":"fr-FR","@id":"https:\/\/www.africa-press.net\/benin\/politique\/benin-joseph-djogbenou-lance-la-machine-up-le-renouveau-a-porto-novo#primaryimage","url":"https:\/\/static.africa-press.net\/benin\/sites\/46\/2022\/09\/postQueueImg_21-6318d0259683c.jpg","contentUrl":"https:\/\/static.africa-press.net\/benin\/sites\/46\/2022\/09\/postQueueImg_21-6318d0259683c.jpg","width":1280,"height":720,"caption":"B\u00e9nin: Joseph Djogb\u00e9nou lance la machine UP, le Renouveau \u00e0 Porto Novo"},{"@type":"BreadcrumbList","@id":"https:\/\/www.africa-press.net\/benin\/politique\/benin-joseph-djogbenou-lance-la-machine-up-le-renouveau-a-porto-novo#breadcrumb","itemListElement":[{"@type":"ListItem","position":1,"name":"Accueil","item":"https:\/\/www.africa-press.net\/benin\/"},{"@type":"ListItem","position":2,"name":"B\u00e9nin: Joseph Djogb\u00e9nou lance la machine UP, le Renouveau \u00e0 Porto Novo"}]},{"@type":"WebSite","@id":"https:\/\/www.africa-press.net\/benin\/#website","url":"https:\/\/www.africa-press.net\/benin\/","name":"B\u00e9nin","description":"Just another Africa News Agency Sites site","potentialAction":[{"@type":"SearchAction","target":{"@type":"EntryPoint","urlTemplate":"https:\/\/www.africa-press.net\/benin\/?s={search_term_string}"},"query-input":{"@type":"PropertyValueSpecification","valueRequired":true,"valueName":"search_term_string"}}],"inLanguage":"fr-FR"},{"@type":"Person","@id":"https:\/\/www.africa-press.net\/benin\/#\/schema\/person\/2b1cf3cd81a31e3cd26889ca66d677f1","name":"cfeditorfr"}]}},"_links":{"self":[{"href":"https:\/\/www.africa-press.net\/benin\/wp-json\/wp\/v2\/posts\/8681","targetHints":{"allow":["GET"]}}],"collection":[{"href":"https:\/\/www.africa-press.net\/benin\/wp-json\/wp\/v2\/posts"}],"about":[{"href":"https:\/\/www.africa-press.net\/benin\/wp-json\/wp\/v2\/types\/post"}],"author":[{"embeddable":true,"href":"https:\/\/www.africa-press.net\/benin\/wp-json\/wp\/v2\/users\/82"}],"replies":[{"embeddable":true,"href":"https:\/\/www.africa-press.net\/benin\/wp-json\/wp\/v2\/comments?post=8681"}],"version-history":[{"count":0,"href":"https:\/\/www.africa-press.net\/benin\/wp-json\/wp\/v2\/posts\/8681\/revisions"}],"wp:featuredmedia":[{"embeddable":true,"href":"https:\/\/www.africa-press.net\/benin\/wp-json\/wp\/v2\/media\/8680"}],"wp:attachment":[{"href":"https:\/\/www.africa-press.net\/benin\/wp-json\/wp\/v2\/media?parent=8681"}],"wp:term":[{"taxonomy":"category","embeddable":true,"href":"https:\/\/www.africa-press.net\/benin\/wp-json\/wp\/v2\/categories?post=8681"},{"taxonomy":"post_tag","embeddable":true,"href":"https:\/\/www.africa-press.net\/benin\/wp-json\/wp\/v2\/tags?post=8681"}],"curies":[{"name":"wp","href":"https:\/\/api.w.org\/{rel}","templated":true}]}}