{"id":8687,"date":"2022-09-07T16:51:44","date_gmt":"2022-09-07T16:51:44","guid":{"rendered":"https:\/\/www.africa-press.net\/benin\/politique\/benin-les-nominations-du-conseil-des-ministres-du-7-septembre-2022"},"modified":"2022-09-07T17:11:23","modified_gmt":"2022-09-07T17:11:23","slug":"benin-les-nominations-du-conseil-des-ministres-du-7-septembre-2022","status":"publish","type":"post","link":"https:\/\/www.africa-press.net\/benin\/politique\/benin-les-nominations-du-conseil-des-ministres-du-7-septembre-2022","title":{"rendered":"B\u00e9nin: les nominations du Conseil des ministres du 7 septembre 2022"},"content":{"rendered":"<p><span style=\"color: #ff6600\"><strong>Africa-Press &#8211; Benin. <\/strong><\/span>Plusieurs nominations ont \u00e9t\u00e9 prononc\u00e9es en Conseil des ministres ce mercredi 07 septembre 2022, au Minist\u00e8re de la Sant\u00e9 et au Minist\u00e8re des Enseignements Maternel et Primaire, sur proposition des ministres. Il s\u2019agit de :<\/p>\n<p><b>Au Minist\u00e8re de la Sant\u00e9<\/b> :<\/p>\n<p>Monsieur Bertin Somavo AFFEDJOU<\/p>\n<p>Monsieur F\u00e9lix AGBLA<\/p>\n<p>Madame Anita Carolle WADAGNI<\/p>\n<p><b>Au minist\u00e8re des Enseignements Maternel et Primaire<\/b> :<\/p>\n<p>Monsieur Blaise Codjovi ACAKPO<\/p>\n<p>Monsieur Borgia Gildas KOTEGNON<\/p>\n<p>Monsieur Thomas SIMBOSSA TCHAO<\/p>\n<p>Madame Aboss\u00e8d\u00e9 Paulette OKPEICHA.<\/p>\n<p><strong>Pour plus d&rsquo;informations et d&rsquo;analyses sur la <a href=\"https:\/\/www.africa-press.net\/benin\">Benin<\/a>, suivez <a href=\"https:\/\/www.africa-press.net\/\">Africa-Press<\/a><\/strong><\/p>\n","protected":false},"excerpt":{"rendered":"<p>Africa-Press &#8211; Benin. Plusieurs nominations ont \u00e9t\u00e9 prononc\u00e9es en Conseil des ministres ce mercredi 07 septembre 2022, au Minist\u00e8re de la Sant\u00e9 et au Minist\u00e8re des Enseignements Maternel et Primaire, sur proposition des ministres. Il s\u2019agit de : Au Minist\u00e8re de la Sant\u00e9 : Monsieur Bertin Somavo AFFEDJOU Monsieur F\u00e9lix AGBLA Madame Anita Carolle WADAGNI [&hellip;]<\/p>\n","protected":false},"author":82,"featured_media":8686,"comment_status":"open","ping_status":"closed","sticky":false,"template":"","format":"standard","meta":{"footnotes":""},"categories":[11,2,10],"tags":[36,50,45],"class_list":["post-8687","post","type-post","status-publish","format-standard","has-post-thumbnail","hentry","category-homepage-french","category-politique","category-toutes-les-actualites","tag-africa-press","tag-africa-press-benin","tag-benin"],"yoast_head":"<!-- This site is optimized with the Yoast SEO Premium plugin v26.1 (Yoast SEO v27.0) - https:\/\/yoast.com\/product\/yoast-seo-premium-wordpress\/ -->\n<title>B\u00e9nin: les nominations du Conseil des ministres du 7 septembre 2022 - B\u00e9nin<\/title>\n<meta name=\"description\" content=\"Plusieurs nominations ont \u00e9t\u00e9 prononc\u00e9es en Conseil des ministres ce mercredi 07 septembre 2022, au Minist\u00e8re de la Sant ...\" \/>\n<meta name=\"robots\" content=\"index, follow, max-snippet:-1, max-image-preview:large, max-video-preview:-1\" \/>\n<link rel=\"canonical\" href=\"https:\/\/www.africa-press.net\/benin\/politique\/benin-les-nominations-du-conseil-des-ministres-du-7-septembre-2022\" \/>\n<meta property=\"og:locale\" content=\"fr_FR\" \/>\n<meta property=\"og:type\" content=\"article\" \/>\n<meta property=\"og:title\" content=\"B\u00e9nin: les nominations du Conseil des ministres du 7 septembre 2022\" \/>\n<meta property=\"og:description\" content=\"Plusieurs nominations ont \u00e9t\u00e9 prononc\u00e9es en Conseil des ministres ce mercredi 07 septembre 2022, au Minist\u00e8re de la Sant ...\" \/>\n<meta property=\"og:url\" content=\"https:\/\/www.africa-press.net\/benin\/politique\/benin-les-nominations-du-conseil-des-ministres-du-7-septembre-2022\" \/>\n<meta property=\"og:site_name\" content=\"B\u00e9nin\" \/>\n<meta property=\"article:published_time\" content=\"2022-09-07T16:51:44+00:00\" \/>\n<meta property=\"article:modified_time\" content=\"2022-09-07T17:11:23+00:00\" \/>\n<meta property=\"og:image\" content=\"https:\/\/static.africa-press.net\/benin\/sites\/46\/2022\/09\/postQueueImg_23-6318d092bab06.jpg\" \/>\n\t<meta property=\"og:image:width\" content=\"1520\" \/>\n\t<meta property=\"og:image:height\" content=\"1013\" \/>\n\t<meta property=\"og:image:type\" content=\"image\/jpeg\" \/>\n<meta name=\"author\" content=\"cfeditorfr\" \/>\n<meta name=\"twitter:card\" content=\"summary_large_image\" \/>\n<meta name=\"twitter:label1\" content=\"\u00c9crit par\" \/>\n\t<meta name=\"twitter:data1\" content=\"cfeditorfr\" \/>\n\t<meta name=\"twitter:label2\" content=\"Dur\u00e9e de lecture estim\u00e9e\" \/>\n\t<meta name=\"twitter:data2\" content=\"1 minute\" \/>\n<script type=\"application\/ld+json\" class=\"yoast-schema-graph\">{\"@context\":\"https:\/\/schema.org\",\"@graph\":[{\"@type\":\"Article\",\"@id\":\"https:\/\/www.africa-press.net\/benin\/politique\/benin-les-nominations-du-conseil-des-ministres-du-7-septembre-2022#article\",\"isPartOf\":{\"@id\":\"https:\/\/www.africa-press.net\/benin\/politique\/benin-les-nominations-du-conseil-des-ministres-du-7-septembre-2022\"},\"author\":{\"name\":\"cfeditorfr\",\"@id\":\"https:\/\/www.africa-press.net\/benin\/#\/schema\/person\/2b1cf3cd81a31e3cd26889ca66d677f1\"},\"headline\":\"B\u00e9nin: les nominations du Conseil des ministres du 7 septembre 2022\",\"datePublished\":\"2022-09-07T16:51:44+00:00\",\"dateModified\":\"2022-09-07T17:11:23+00:00\",\"mainEntityOfPage\":{\"@id\":\"https:\/\/www.africa-press.net\/benin\/politique\/benin-les-nominations-du-conseil-des-ministres-du-7-septembre-2022\"},\"wordCount\":104,\"commentCount\":0,\"image\":{\"@id\":\"https:\/\/www.africa-press.net\/benin\/politique\/benin-les-nominations-du-conseil-des-ministres-du-7-septembre-2022#primaryimage\"},\"thumbnailUrl\":\"https:\/\/static.africa-press.net\/benin\/sites\/46\/2022\/09\/postQueueImg_23-6318d092bab06.jpg\",\"keywords\":[\"Africa Press\",\"Africa Press-Benin\",\"B\u00e9nin\"],\"articleSection\":[\"homepage-french\",\"Politique\",\"Toutes les actualit\u00e9s\"],\"inLanguage\":\"fr-FR\",\"potentialAction\":[{\"@type\":\"CommentAction\",\"name\":\"Comment\",\"target\":[\"https:\/\/www.africa-press.net\/benin\/politique\/benin-les-nominations-du-conseil-des-ministres-du-7-septembre-2022#respond\"]}]},{\"@type\":\"WebPage\",\"@id\":\"https:\/\/www.africa-press.net\/benin\/politique\/benin-les-nominations-du-conseil-des-ministres-du-7-septembre-2022\",\"url\":\"https:\/\/www.africa-press.net\/benin\/politique\/benin-les-nominations-du-conseil-des-ministres-du-7-septembre-2022\",\"name\":\"B\u00e9nin: les nominations du Conseil des ministres du 7 septembre 2022 - B\u00e9nin\",\"isPartOf\":{\"@id\":\"https:\/\/www.africa-press.net\/benin\/#website\"},\"primaryImageOfPage\":{\"@id\":\"https:\/\/www.africa-press.net\/benin\/politique\/benin-les-nominations-du-conseil-des-ministres-du-7-septembre-2022#primaryimage\"},\"image\":{\"@id\":\"https:\/\/www.africa-press.net\/benin\/politique\/benin-les-nominations-du-conseil-des-ministres-du-7-septembre-2022#primaryimage\"},\"thumbnailUrl\":\"https:\/\/static.africa-press.net\/benin\/sites\/46\/2022\/09\/postQueueImg_23-6318d092bab06.jpg\",\"datePublished\":\"2022-09-07T16:51:44+00:00\",\"dateModified\":\"2022-09-07T17:11:23+00:00\",\"author\":{\"@id\":\"https:\/\/www.africa-press.net\/benin\/#\/schema\/person\/2b1cf3cd81a31e3cd26889ca66d677f1\"},\"description\":\"Plusieurs nominations ont \u00e9t\u00e9 prononc\u00e9es en Conseil des ministres ce mercredi 07 septembre 2022, au Minist\u00e8re de la Sant ...\",\"breadcrumb\":{\"@id\":\"https:\/\/www.africa-press.net\/benin\/politique\/benin-les-nominations-du-conseil-des-ministres-du-7-septembre-2022#breadcrumb\"},\"inLanguage\":\"fr-FR\",\"potentialAction\":[{\"@type\":\"ReadAction\",\"target\":[\"https:\/\/www.africa-press.net\/benin\/politique\/benin-les-nominations-du-conseil-des-ministres-du-7-septembre-2022\"]}]},{\"@type\":\"ImageObject\",\"inLanguage\":\"fr-FR\",\"@id\":\"https:\/\/www.africa-press.net\/benin\/politique\/benin-les-nominations-du-conseil-des-ministres-du-7-septembre-2022#primaryimage\",\"url\":\"https:\/\/static.africa-press.net\/benin\/sites\/46\/2022\/09\/postQueueImg_23-6318d092bab06.jpg\",\"contentUrl\":\"https:\/\/static.africa-press.net\/benin\/sites\/46\/2022\/09\/postQueueImg_23-6318d092bab06.jpg\",\"width\":1520,\"height\":1013,\"caption\":\"B\u00e9nin: les nominations du Conseil des ministres du 7 septembre 2022\"},{\"@type\":\"BreadcrumbList\",\"@id\":\"https:\/\/www.africa-press.net\/benin\/politique\/benin-les-nominations-du-conseil-des-ministres-du-7-septembre-2022#breadcrumb\",\"itemListElement\":[{\"@type\":\"ListItem\",\"position\":1,\"name\":\"Accueil\",\"item\":\"https:\/\/www.africa-press.net\/benin\/\"},{\"@type\":\"ListItem\",\"position\":2,\"name\":\"B\u00e9nin: les nominations du Conseil des ministres du 7 septembre 2022\"}]},{\"@type\":\"WebSite\",\"@id\":\"https:\/\/www.africa-press.net\/benin\/#website\",\"url\":\"https:\/\/www.africa-press.net\/benin\/\",\"name\":\"B\u00e9nin\",\"description\":\"Just another Africa News Agency Sites site\",\"potentialAction\":[{\"@type\":\"SearchAction\",\"target\":{\"@type\":\"EntryPoint\",\"urlTemplate\":\"https:\/\/www.africa-press.net\/benin\/?s={search_term_string}\"},\"query-input\":{\"@type\":\"PropertyValueSpecification\",\"valueRequired\":true,\"valueName\":\"search_term_string\"}}],\"inLanguage\":\"fr-FR\"},{\"@type\":\"Person\",\"@id\":\"https:\/\/www.africa-press.net\/benin\/#\/schema\/person\/2b1cf3cd81a31e3cd26889ca66d677f1\",\"name\":\"cfeditorfr\"}]}<\/script>\n<!-- \/ Yoast SEO Premium plugin. -->","yoast_head_json":{"title":"B\u00e9nin: les nominations du Conseil des ministres du 7 septembre 2022 - B\u00e9nin","description":"Plusieurs nominations ont \u00e9t\u00e9 prononc\u00e9es en Conseil des ministres ce mercredi 07 septembre 2022, au Minist\u00e8re de la Sant ...","robots":{"index":"index","follow":"follow","max-snippet":"max-snippet:-1","max-image-preview":"max-image-preview:large","max-video-preview":"max-video-preview:-1"},"canonical":"https:\/\/www.africa-press.net\/benin\/politique\/benin-les-nominations-du-conseil-des-ministres-du-7-septembre-2022","og_locale":"fr_FR","og_type":"article","og_title":"B\u00e9nin: les nominations du Conseil des ministres du 7 septembre 2022","og_description":"Plusieurs nominations ont \u00e9t\u00e9 prononc\u00e9es en Conseil des ministres ce mercredi 07 septembre 2022, au Minist\u00e8re de la Sant ...","og_url":"https:\/\/www.africa-press.net\/benin\/politique\/benin-les-nominations-du-conseil-des-ministres-du-7-septembre-2022","og_site_name":"B\u00e9nin","article_published_time":"2022-09-07T16:51:44+00:00","article_modified_time":"2022-09-07T17:11:23+00:00","og_image":[{"width":1520,"height":1013,"url":"https:\/\/static.africa-press.net\/benin\/sites\/46\/2022\/09\/postQueueImg_23-6318d092bab06.jpg","type":"image\/jpeg"}],"author":"cfeditorfr","twitter_card":"summary_large_image","twitter_misc":{"\u00c9crit par":"cfeditorfr","Dur\u00e9e de lecture estim\u00e9e":"1 minute"},"schema":{"@context":"https:\/\/schema.org","@graph":[{"@type":"Article","@id":"https:\/\/www.africa-press.net\/benin\/politique\/benin-les-nominations-du-conseil-des-ministres-du-7-septembre-2022#article","isPartOf":{"@id":"https:\/\/www.africa-press.net\/benin\/politique\/benin-les-nominations-du-conseil-des-ministres-du-7-septembre-2022"},"author":{"name":"cfeditorfr","@id":"https:\/\/www.africa-press.net\/benin\/#\/schema\/person\/2b1cf3cd81a31e3cd26889ca66d677f1"},"headline":"B\u00e9nin: les nominations du Conseil des ministres du 7 septembre 2022","datePublished":"2022-09-07T16:51:44+00:00","dateModified":"2022-09-07T17:11:23+00:00","mainEntityOfPage":{"@id":"https:\/\/www.africa-press.net\/benin\/politique\/benin-les-nominations-du-conseil-des-ministres-du-7-septembre-2022"},"wordCount":104,"commentCount":0,"image":{"@id":"https:\/\/www.africa-press.net\/benin\/politique\/benin-les-nominations-du-conseil-des-ministres-du-7-septembre-2022#primaryimage"},"thumbnailUrl":"https:\/\/static.africa-press.net\/benin\/sites\/46\/2022\/09\/postQueueImg_23-6318d092bab06.jpg","keywords":["Africa Press","Africa Press-Benin","B\u00e9nin"],"articleSection":["homepage-french","Politique","Toutes les actualit\u00e9s"],"inLanguage":"fr-FR","potentialAction":[{"@type":"CommentAction","name":"Comment","target":["https:\/\/www.africa-press.net\/benin\/politique\/benin-les-nominations-du-conseil-des-ministres-du-7-septembre-2022#respond"]}]},{"@type":"WebPage","@id":"https:\/\/www.africa-press.net\/benin\/politique\/benin-les-nominations-du-conseil-des-ministres-du-7-septembre-2022","url":"https:\/\/www.africa-press.net\/benin\/politique\/benin-les-nominations-du-conseil-des-ministres-du-7-septembre-2022","name":"B\u00e9nin: les nominations du Conseil des ministres du 7 septembre 2022 - B\u00e9nin","isPartOf":{"@id":"https:\/\/www.africa-press.net\/benin\/#website"},"primaryImageOfPage":{"@id":"https:\/\/www.africa-press.net\/benin\/politique\/benin-les-nominations-du-conseil-des-ministres-du-7-septembre-2022#primaryimage"},"image":{"@id":"https:\/\/www.africa-press.net\/benin\/politique\/benin-les-nominations-du-conseil-des-ministres-du-7-septembre-2022#primaryimage"},"thumbnailUrl":"https:\/\/static.africa-press.net\/benin\/sites\/46\/2022\/09\/postQueueImg_23-6318d092bab06.jpg","datePublished":"2022-09-07T16:51:44+00:00","dateModified":"2022-09-07T17:11:23+00:00","author":{"@id":"https:\/\/www.africa-press.net\/benin\/#\/schema\/person\/2b1cf3cd81a31e3cd26889ca66d677f1"},"description":"Plusieurs nominations ont \u00e9t\u00e9 prononc\u00e9es en Conseil des ministres ce mercredi 07 septembre 2022, au Minist\u00e8re de la Sant ...","breadcrumb":{"@id":"https:\/\/www.africa-press.net\/benin\/politique\/benin-les-nominations-du-conseil-des-ministres-du-7-septembre-2022#breadcrumb"},"inLanguage":"fr-FR","potentialAction":[{"@type":"ReadAction","target":["https:\/\/www.africa-press.net\/benin\/politique\/benin-les-nominations-du-conseil-des-ministres-du-7-septembre-2022"]}]},{"@type":"ImageObject","inLanguage":"fr-FR","@id":"https:\/\/www.africa-press.net\/benin\/politique\/benin-les-nominations-du-conseil-des-ministres-du-7-septembre-2022#primaryimage","url":"https:\/\/static.africa-press.net\/benin\/sites\/46\/2022\/09\/postQueueImg_23-6318d092bab06.jpg","contentUrl":"https:\/\/static.africa-press.net\/benin\/sites\/46\/2022\/09\/postQueueImg_23-6318d092bab06.jpg","width":1520,"height":1013,"caption":"B\u00e9nin: les nominations du Conseil des ministres du 7 septembre 2022"},{"@type":"BreadcrumbList","@id":"https:\/\/www.africa-press.net\/benin\/politique\/benin-les-nominations-du-conseil-des-ministres-du-7-septembre-2022#breadcrumb","itemListElement":[{"@type":"ListItem","position":1,"name":"Accueil","item":"https:\/\/www.africa-press.net\/benin\/"},{"@type":"ListItem","position":2,"name":"B\u00e9nin: les nominations du Conseil des ministres du 7 septembre 2022"}]},{"@type":"WebSite","@id":"https:\/\/www.africa-press.net\/benin\/#website","url":"https:\/\/www.africa-press.net\/benin\/","name":"B\u00e9nin","description":"Just another Africa News Agency Sites site","potentialAction":[{"@type":"SearchAction","target":{"@type":"EntryPoint","urlTemplate":"https:\/\/www.africa-press.net\/benin\/?s={search_term_string}"},"query-input":{"@type":"PropertyValueSpecification","valueRequired":true,"valueName":"search_term_string"}}],"inLanguage":"fr-FR"},{"@type":"Person","@id":"https:\/\/www.africa-press.net\/benin\/#\/schema\/person\/2b1cf3cd81a31e3cd26889ca66d677f1","name":"cfeditorfr"}]}},"_links":{"self":[{"href":"https:\/\/www.africa-press.net\/benin\/wp-json\/wp\/v2\/posts\/8687","targetHints":{"allow":["GET"]}}],"collection":[{"href":"https:\/\/www.africa-press.net\/benin\/wp-json\/wp\/v2\/posts"}],"about":[{"href":"https:\/\/www.africa-press.net\/benin\/wp-json\/wp\/v2\/types\/post"}],"author":[{"embeddable":true,"href":"https:\/\/www.africa-press.net\/benin\/wp-json\/wp\/v2\/users\/82"}],"replies":[{"embeddable":true,"href":"https:\/\/www.africa-press.net\/benin\/wp-json\/wp\/v2\/comments?post=8687"}],"version-history":[{"count":0,"href":"https:\/\/www.africa-press.net\/benin\/wp-json\/wp\/v2\/posts\/8687\/revisions"}],"wp:featuredmedia":[{"embeddable":true,"href":"https:\/\/www.africa-press.net\/benin\/wp-json\/wp\/v2\/media\/8686"}],"wp:attachment":[{"href":"https:\/\/www.africa-press.net\/benin\/wp-json\/wp\/v2\/media?parent=8687"}],"wp:term":[{"taxonomy":"category","embeddable":true,"href":"https:\/\/www.africa-press.net\/benin\/wp-json\/wp\/v2\/categories?post=8687"},{"taxonomy":"post_tag","embeddable":true,"href":"https:\/\/www.africa-press.net\/benin\/wp-json\/wp\/v2\/tags?post=8687"}],"curies":[{"name":"wp","href":"https:\/\/api.w.org\/{rel}","templated":true}]}}