{"id":8690,"date":"2022-09-07T16:51:58","date_gmt":"2022-09-07T16:51:58","guid":{"rendered":"https:\/\/www.africa-press.net\/benin\/politique\/enrolement-au-ravip-un-dispositif-mis-en-place-pour-les-beninois-venus-en-vacances"},"modified":"2022-09-07T17:12:19","modified_gmt":"2022-09-07T17:12:19","slug":"enrolement-au-ravip-un-dispositif-mis-en-place-pour-les-beninois-venus-en-vacances","status":"publish","type":"post","link":"https:\/\/www.africa-press.net\/benin\/politique\/enrolement-au-ravip-un-dispositif-mis-en-place-pour-les-beninois-venus-en-vacances","title":{"rendered":"Enr\u00f4lement au RAVIP: un dispositif mis en place pour les b\u00e9ninois venus en vacances"},"content":{"rendered":"<p><span style=\"color: #ff6600\"><strong>Africa-Press &#8211; Benin. <\/strong><\/span>Les B\u00e9ninois de la diaspora en visite au B\u00e9nin pourront profiter de leur p\u00e9riode m\u00e9di\u00e9vale pour se faire enr\u00f4ler au Recensement Administratif \u00e0 Vocation d\u2019Identification de la Population (<b>RAVIP<\/b>).<\/p>\n<p>Les concitoyens de la diaspora venus au B\u00e9nin pour les vacances de la p\u00e9riode estivale pourront facilement se faire enr\u00f4ler au Recensement Administratif \u00e0 Vocation d\u2019Identification de la Population (<b>RAVIP<\/b>). Un dispositif a \u00e9t\u00e9 mis en place par l\u2019agence nationale d\u2019identification des personnes (ANIP) pour la cause.<\/p>\n<p>L\u2019annonce a \u00e9t\u00e9 faite par un communiqu\u00e9 du gestionnaire mandataire de l\u2019agence nationale d\u2019identification des personnes, Dr Cyrille Gougb\u00e9dji en date du 22 Ao\u00fbt 2022. Les B\u00e9ninois de la Diaspora venus au pays pour les vacances de la p\u00e9riode estivale pourront donc saisir cette opportunit\u00e9 qui leur est offerte pour se faire enr\u00f4ler.<\/p>\n<p>Le dispositif mis en place par l\u2019agence nationale d\u2019identification des personnes pr\u00e9sente des flexibilit\u00e9s afin de leur perdre de se faire enr\u00f4ler en un temps record dans la base de donn\u00e9es de l\u2019ANIP.<\/p>\n<p>Les b\u00e9n\u00e9fices \u00e0 se faire enr\u00f4ler\u2026<\/p>\n<p>Apr\u00e8s l\u2019enr\u00f4lement, les B\u00e9ninois de la diaspora en vacances estivale au B\u00e9nin b\u00e9n\u00e9ficieront sur place d\u2019autres avantages li\u00e9s \u00e0 l\u2019inscription au Registre national des personnes physiques (RNPP) tels que l\u2019acte de naissance s\u00e9curis\u00e9, le Certificat d\u2019identification personnelle (CIP), la Carte nationale d\u2019identit\u00e9 biom\u00e9trique (CNIB) et enfin la transcription des actes de naissances \u00e9trangers.<\/p>\n<p><strong>Pour plus d&rsquo;informations et d&rsquo;analyses sur la <a href=\"https:\/\/www.africa-press.net\/benin\">Benin<\/a>, suivez <a href=\"https:\/\/www.africa-press.net\/\">Africa-Press<\/a><\/strong><\/p>\n","protected":false},"excerpt":{"rendered":"<p>Africa-Press &#8211; Benin. Les B\u00e9ninois de la diaspora en visite au B\u00e9nin pourront profiter de leur p\u00e9riode m\u00e9di\u00e9vale pour se faire enr\u00f4ler au Recensement Administratif \u00e0 Vocation d\u2019Identification de la Population (RAVIP). Les concitoyens de la diaspora venus au B\u00e9nin pour les vacances de la p\u00e9riode estivale pourront facilement se faire enr\u00f4ler au Recensement Administratif [&hellip;]<\/p>\n","protected":false},"author":82,"featured_media":8689,"comment_status":"open","ping_status":"closed","sticky":false,"template":"","format":"standard","meta":{"footnotes":""},"categories":[11,2,10],"tags":[36,50,45],"class_list":["post-8690","post","type-post","status-publish","format-standard","has-post-thumbnail","hentry","category-homepage-french","category-politique","category-toutes-les-actualites","tag-africa-press","tag-africa-press-benin","tag-benin"],"yoast_head":"<!-- This site is optimized with the Yoast SEO Premium plugin v26.1 (Yoast SEO v27.0) - https:\/\/yoast.com\/product\/yoast-seo-premium-wordpress\/ -->\n<title>Enr\u00f4lement au RAVIP: un dispositif mis en place pour les b\u00e9ninois venus en vacances - B\u00e9nin<\/title>\n<meta name=\"description\" content=\"Les B\u00e9ninois de la diaspora en visite au B\u00e9nin pourront profiter de leur p\u00e9riode m\u00e9di\u00e9vale pour se faire enr\u00f4ler au Rece ...\" \/>\n<meta name=\"robots\" content=\"index, follow, max-snippet:-1, max-image-preview:large, max-video-preview:-1\" \/>\n<link rel=\"canonical\" href=\"https:\/\/www.africa-press.net\/benin\/politique\/enrolement-au-ravip-un-dispositif-mis-en-place-pour-les-beninois-venus-en-vacances\" \/>\n<meta property=\"og:locale\" content=\"fr_FR\" \/>\n<meta property=\"og:type\" content=\"article\" \/>\n<meta property=\"og:title\" content=\"Enr\u00f4lement au RAVIP: un dispositif mis en place pour les b\u00e9ninois venus en vacances\" \/>\n<meta property=\"og:description\" content=\"Les B\u00e9ninois de la diaspora en visite au B\u00e9nin pourront profiter de leur p\u00e9riode m\u00e9di\u00e9vale pour se faire enr\u00f4ler au Rece ...\" \/>\n<meta property=\"og:url\" content=\"https:\/\/www.africa-press.net\/benin\/politique\/enrolement-au-ravip-un-dispositif-mis-en-place-pour-les-beninois-venus-en-vacances\" \/>\n<meta property=\"og:site_name\" content=\"B\u00e9nin\" \/>\n<meta property=\"article:published_time\" content=\"2022-09-07T16:51:58+00:00\" \/>\n<meta property=\"article:modified_time\" content=\"2022-09-07T17:12:19+00:00\" \/>\n<meta property=\"og:image\" content=\"https:\/\/static.africa-press.net\/benin\/sites\/46\/2022\/09\/postQueueImg_24-6318d0c4d6ef0.jpg\" \/>\n\t<meta property=\"og:image:width\" content=\"1209\" \/>\n\t<meta property=\"og:image:height\" content=\"805\" \/>\n\t<meta property=\"og:image:type\" content=\"image\/jpeg\" \/>\n<meta name=\"author\" content=\"cfeditorfr\" \/>\n<meta name=\"twitter:card\" content=\"summary_large_image\" \/>\n<meta name=\"twitter:label1\" content=\"\u00c9crit par\" \/>\n\t<meta name=\"twitter:data1\" content=\"cfeditorfr\" \/>\n\t<meta name=\"twitter:label2\" content=\"Dur\u00e9e de lecture estim\u00e9e\" \/>\n\t<meta name=\"twitter:data2\" content=\"2 minutes\" \/>\n<script type=\"application\/ld+json\" class=\"yoast-schema-graph\">{\"@context\":\"https:\/\/schema.org\",\"@graph\":[{\"@type\":\"Article\",\"@id\":\"https:\/\/www.africa-press.net\/benin\/politique\/enrolement-au-ravip-un-dispositif-mis-en-place-pour-les-beninois-venus-en-vacances#article\",\"isPartOf\":{\"@id\":\"https:\/\/www.africa-press.net\/benin\/politique\/enrolement-au-ravip-un-dispositif-mis-en-place-pour-les-beninois-venus-en-vacances\"},\"author\":{\"name\":\"cfeditorfr\",\"@id\":\"https:\/\/www.africa-press.net\/benin\/#\/schema\/person\/2b1cf3cd81a31e3cd26889ca66d677f1\"},\"headline\":\"Enr\u00f4lement au RAVIP: un dispositif mis en place pour les b\u00e9ninois venus en vacances\",\"datePublished\":\"2022-09-07T16:51:58+00:00\",\"dateModified\":\"2022-09-07T17:12:19+00:00\",\"mainEntityOfPage\":{\"@id\":\"https:\/\/www.africa-press.net\/benin\/politique\/enrolement-au-ravip-un-dispositif-mis-en-place-pour-les-beninois-venus-en-vacances\"},\"wordCount\":292,\"commentCount\":0,\"image\":{\"@id\":\"https:\/\/www.africa-press.net\/benin\/politique\/enrolement-au-ravip-un-dispositif-mis-en-place-pour-les-beninois-venus-en-vacances#primaryimage\"},\"thumbnailUrl\":\"https:\/\/static.africa-press.net\/benin\/sites\/46\/2022\/09\/postQueueImg_24-6318d0c4d6ef0.jpg\",\"keywords\":[\"Africa Press\",\"Africa Press-Benin\",\"B\u00e9nin\"],\"articleSection\":[\"homepage-french\",\"Politique\",\"Toutes les actualit\u00e9s\"],\"inLanguage\":\"fr-FR\",\"potentialAction\":[{\"@type\":\"CommentAction\",\"name\":\"Comment\",\"target\":[\"https:\/\/www.africa-press.net\/benin\/politique\/enrolement-au-ravip-un-dispositif-mis-en-place-pour-les-beninois-venus-en-vacances#respond\"]}]},{\"@type\":\"WebPage\",\"@id\":\"https:\/\/www.africa-press.net\/benin\/politique\/enrolement-au-ravip-un-dispositif-mis-en-place-pour-les-beninois-venus-en-vacances\",\"url\":\"https:\/\/www.africa-press.net\/benin\/politique\/enrolement-au-ravip-un-dispositif-mis-en-place-pour-les-beninois-venus-en-vacances\",\"name\":\"Enr\u00f4lement au RAVIP: un dispositif mis en place pour les b\u00e9ninois venus en vacances - B\u00e9nin\",\"isPartOf\":{\"@id\":\"https:\/\/www.africa-press.net\/benin\/#website\"},\"primaryImageOfPage\":{\"@id\":\"https:\/\/www.africa-press.net\/benin\/politique\/enrolement-au-ravip-un-dispositif-mis-en-place-pour-les-beninois-venus-en-vacances#primaryimage\"},\"image\":{\"@id\":\"https:\/\/www.africa-press.net\/benin\/politique\/enrolement-au-ravip-un-dispositif-mis-en-place-pour-les-beninois-venus-en-vacances#primaryimage\"},\"thumbnailUrl\":\"https:\/\/static.africa-press.net\/benin\/sites\/46\/2022\/09\/postQueueImg_24-6318d0c4d6ef0.jpg\",\"datePublished\":\"2022-09-07T16:51:58+00:00\",\"dateModified\":\"2022-09-07T17:12:19+00:00\",\"author\":{\"@id\":\"https:\/\/www.africa-press.net\/benin\/#\/schema\/person\/2b1cf3cd81a31e3cd26889ca66d677f1\"},\"description\":\"Les B\u00e9ninois de la diaspora en visite au B\u00e9nin pourront profiter de leur p\u00e9riode m\u00e9di\u00e9vale pour se faire enr\u00f4ler au Rece ...\",\"breadcrumb\":{\"@id\":\"https:\/\/www.africa-press.net\/benin\/politique\/enrolement-au-ravip-un-dispositif-mis-en-place-pour-les-beninois-venus-en-vacances#breadcrumb\"},\"inLanguage\":\"fr-FR\",\"potentialAction\":[{\"@type\":\"ReadAction\",\"target\":[\"https:\/\/www.africa-press.net\/benin\/politique\/enrolement-au-ravip-un-dispositif-mis-en-place-pour-les-beninois-venus-en-vacances\"]}]},{\"@type\":\"ImageObject\",\"inLanguage\":\"fr-FR\",\"@id\":\"https:\/\/www.africa-press.net\/benin\/politique\/enrolement-au-ravip-un-dispositif-mis-en-place-pour-les-beninois-venus-en-vacances#primaryimage\",\"url\":\"https:\/\/static.africa-press.net\/benin\/sites\/46\/2022\/09\/postQueueImg_24-6318d0c4d6ef0.jpg\",\"contentUrl\":\"https:\/\/static.africa-press.net\/benin\/sites\/46\/2022\/09\/postQueueImg_24-6318d0c4d6ef0.jpg\",\"width\":1209,\"height\":805,\"caption\":\"Enr\u00f4lement au RAVIP: un dispositif mis en place pour les b\u00e9ninois venus en vacances\"},{\"@type\":\"BreadcrumbList\",\"@id\":\"https:\/\/www.africa-press.net\/benin\/politique\/enrolement-au-ravip-un-dispositif-mis-en-place-pour-les-beninois-venus-en-vacances#breadcrumb\",\"itemListElement\":[{\"@type\":\"ListItem\",\"position\":1,\"name\":\"Accueil\",\"item\":\"https:\/\/www.africa-press.net\/benin\/\"},{\"@type\":\"ListItem\",\"position\":2,\"name\":\"Enr\u00f4lement au RAVIP: un dispositif mis en place pour les b\u00e9ninois venus en vacances\"}]},{\"@type\":\"WebSite\",\"@id\":\"https:\/\/www.africa-press.net\/benin\/#website\",\"url\":\"https:\/\/www.africa-press.net\/benin\/\",\"name\":\"B\u00e9nin\",\"description\":\"Just another Africa News Agency Sites site\",\"potentialAction\":[{\"@type\":\"SearchAction\",\"target\":{\"@type\":\"EntryPoint\",\"urlTemplate\":\"https:\/\/www.africa-press.net\/benin\/?s={search_term_string}\"},\"query-input\":{\"@type\":\"PropertyValueSpecification\",\"valueRequired\":true,\"valueName\":\"search_term_string\"}}],\"inLanguage\":\"fr-FR\"},{\"@type\":\"Person\",\"@id\":\"https:\/\/www.africa-press.net\/benin\/#\/schema\/person\/2b1cf3cd81a31e3cd26889ca66d677f1\",\"name\":\"cfeditorfr\"}]}<\/script>\n<!-- \/ Yoast SEO Premium plugin. -->","yoast_head_json":{"title":"Enr\u00f4lement au RAVIP: un dispositif mis en place pour les b\u00e9ninois venus en vacances - B\u00e9nin","description":"Les B\u00e9ninois de la diaspora en visite au B\u00e9nin pourront profiter de leur p\u00e9riode m\u00e9di\u00e9vale pour se faire enr\u00f4ler au Rece ...","robots":{"index":"index","follow":"follow","max-snippet":"max-snippet:-1","max-image-preview":"max-image-preview:large","max-video-preview":"max-video-preview:-1"},"canonical":"https:\/\/www.africa-press.net\/benin\/politique\/enrolement-au-ravip-un-dispositif-mis-en-place-pour-les-beninois-venus-en-vacances","og_locale":"fr_FR","og_type":"article","og_title":"Enr\u00f4lement au RAVIP: un dispositif mis en place pour les b\u00e9ninois venus en vacances","og_description":"Les B\u00e9ninois de la diaspora en visite au B\u00e9nin pourront profiter de leur p\u00e9riode m\u00e9di\u00e9vale pour se faire enr\u00f4ler au Rece ...","og_url":"https:\/\/www.africa-press.net\/benin\/politique\/enrolement-au-ravip-un-dispositif-mis-en-place-pour-les-beninois-venus-en-vacances","og_site_name":"B\u00e9nin","article_published_time":"2022-09-07T16:51:58+00:00","article_modified_time":"2022-09-07T17:12:19+00:00","og_image":[{"width":1209,"height":805,"url":"https:\/\/static.africa-press.net\/benin\/sites\/46\/2022\/09\/postQueueImg_24-6318d0c4d6ef0.jpg","type":"image\/jpeg"}],"author":"cfeditorfr","twitter_card":"summary_large_image","twitter_misc":{"\u00c9crit par":"cfeditorfr","Dur\u00e9e de lecture estim\u00e9e":"2 minutes"},"schema":{"@context":"https:\/\/schema.org","@graph":[{"@type":"Article","@id":"https:\/\/www.africa-press.net\/benin\/politique\/enrolement-au-ravip-un-dispositif-mis-en-place-pour-les-beninois-venus-en-vacances#article","isPartOf":{"@id":"https:\/\/www.africa-press.net\/benin\/politique\/enrolement-au-ravip-un-dispositif-mis-en-place-pour-les-beninois-venus-en-vacances"},"author":{"name":"cfeditorfr","@id":"https:\/\/www.africa-press.net\/benin\/#\/schema\/person\/2b1cf3cd81a31e3cd26889ca66d677f1"},"headline":"Enr\u00f4lement au RAVIP: un dispositif mis en place pour les b\u00e9ninois venus en vacances","datePublished":"2022-09-07T16:51:58+00:00","dateModified":"2022-09-07T17:12:19+00:00","mainEntityOfPage":{"@id":"https:\/\/www.africa-press.net\/benin\/politique\/enrolement-au-ravip-un-dispositif-mis-en-place-pour-les-beninois-venus-en-vacances"},"wordCount":292,"commentCount":0,"image":{"@id":"https:\/\/www.africa-press.net\/benin\/politique\/enrolement-au-ravip-un-dispositif-mis-en-place-pour-les-beninois-venus-en-vacances#primaryimage"},"thumbnailUrl":"https:\/\/static.africa-press.net\/benin\/sites\/46\/2022\/09\/postQueueImg_24-6318d0c4d6ef0.jpg","keywords":["Africa Press","Africa Press-Benin","B\u00e9nin"],"articleSection":["homepage-french","Politique","Toutes les actualit\u00e9s"],"inLanguage":"fr-FR","potentialAction":[{"@type":"CommentAction","name":"Comment","target":["https:\/\/www.africa-press.net\/benin\/politique\/enrolement-au-ravip-un-dispositif-mis-en-place-pour-les-beninois-venus-en-vacances#respond"]}]},{"@type":"WebPage","@id":"https:\/\/www.africa-press.net\/benin\/politique\/enrolement-au-ravip-un-dispositif-mis-en-place-pour-les-beninois-venus-en-vacances","url":"https:\/\/www.africa-press.net\/benin\/politique\/enrolement-au-ravip-un-dispositif-mis-en-place-pour-les-beninois-venus-en-vacances","name":"Enr\u00f4lement au RAVIP: un dispositif mis en place pour les b\u00e9ninois venus en vacances - B\u00e9nin","isPartOf":{"@id":"https:\/\/www.africa-press.net\/benin\/#website"},"primaryImageOfPage":{"@id":"https:\/\/www.africa-press.net\/benin\/politique\/enrolement-au-ravip-un-dispositif-mis-en-place-pour-les-beninois-venus-en-vacances#primaryimage"},"image":{"@id":"https:\/\/www.africa-press.net\/benin\/politique\/enrolement-au-ravip-un-dispositif-mis-en-place-pour-les-beninois-venus-en-vacances#primaryimage"},"thumbnailUrl":"https:\/\/static.africa-press.net\/benin\/sites\/46\/2022\/09\/postQueueImg_24-6318d0c4d6ef0.jpg","datePublished":"2022-09-07T16:51:58+00:00","dateModified":"2022-09-07T17:12:19+00:00","author":{"@id":"https:\/\/www.africa-press.net\/benin\/#\/schema\/person\/2b1cf3cd81a31e3cd26889ca66d677f1"},"description":"Les B\u00e9ninois de la diaspora en visite au B\u00e9nin pourront profiter de leur p\u00e9riode m\u00e9di\u00e9vale pour se faire enr\u00f4ler au Rece ...","breadcrumb":{"@id":"https:\/\/www.africa-press.net\/benin\/politique\/enrolement-au-ravip-un-dispositif-mis-en-place-pour-les-beninois-venus-en-vacances#breadcrumb"},"inLanguage":"fr-FR","potentialAction":[{"@type":"ReadAction","target":["https:\/\/www.africa-press.net\/benin\/politique\/enrolement-au-ravip-un-dispositif-mis-en-place-pour-les-beninois-venus-en-vacances"]}]},{"@type":"ImageObject","inLanguage":"fr-FR","@id":"https:\/\/www.africa-press.net\/benin\/politique\/enrolement-au-ravip-un-dispositif-mis-en-place-pour-les-beninois-venus-en-vacances#primaryimage","url":"https:\/\/static.africa-press.net\/benin\/sites\/46\/2022\/09\/postQueueImg_24-6318d0c4d6ef0.jpg","contentUrl":"https:\/\/static.africa-press.net\/benin\/sites\/46\/2022\/09\/postQueueImg_24-6318d0c4d6ef0.jpg","width":1209,"height":805,"caption":"Enr\u00f4lement au RAVIP: un dispositif mis en place pour les b\u00e9ninois venus en vacances"},{"@type":"BreadcrumbList","@id":"https:\/\/www.africa-press.net\/benin\/politique\/enrolement-au-ravip-un-dispositif-mis-en-place-pour-les-beninois-venus-en-vacances#breadcrumb","itemListElement":[{"@type":"ListItem","position":1,"name":"Accueil","item":"https:\/\/www.africa-press.net\/benin\/"},{"@type":"ListItem","position":2,"name":"Enr\u00f4lement au RAVIP: un dispositif mis en place pour les b\u00e9ninois venus en vacances"}]},{"@type":"WebSite","@id":"https:\/\/www.africa-press.net\/benin\/#website","url":"https:\/\/www.africa-press.net\/benin\/","name":"B\u00e9nin","description":"Just another Africa News Agency Sites site","potentialAction":[{"@type":"SearchAction","target":{"@type":"EntryPoint","urlTemplate":"https:\/\/www.africa-press.net\/benin\/?s={search_term_string}"},"query-input":{"@type":"PropertyValueSpecification","valueRequired":true,"valueName":"search_term_string"}}],"inLanguage":"fr-FR"},{"@type":"Person","@id":"https:\/\/www.africa-press.net\/benin\/#\/schema\/person\/2b1cf3cd81a31e3cd26889ca66d677f1","name":"cfeditorfr"}]}},"_links":{"self":[{"href":"https:\/\/www.africa-press.net\/benin\/wp-json\/wp\/v2\/posts\/8690","targetHints":{"allow":["GET"]}}],"collection":[{"href":"https:\/\/www.africa-press.net\/benin\/wp-json\/wp\/v2\/posts"}],"about":[{"href":"https:\/\/www.africa-press.net\/benin\/wp-json\/wp\/v2\/types\/post"}],"author":[{"embeddable":true,"href":"https:\/\/www.africa-press.net\/benin\/wp-json\/wp\/v2\/users\/82"}],"replies":[{"embeddable":true,"href":"https:\/\/www.africa-press.net\/benin\/wp-json\/wp\/v2\/comments?post=8690"}],"version-history":[{"count":0,"href":"https:\/\/www.africa-press.net\/benin\/wp-json\/wp\/v2\/posts\/8690\/revisions"}],"wp:featuredmedia":[{"embeddable":true,"href":"https:\/\/www.africa-press.net\/benin\/wp-json\/wp\/v2\/media\/8689"}],"wp:attachment":[{"href":"https:\/\/www.africa-press.net\/benin\/wp-json\/wp\/v2\/media?parent=8690"}],"wp:term":[{"taxonomy":"category","embeddable":true,"href":"https:\/\/www.africa-press.net\/benin\/wp-json\/wp\/v2\/categories?post=8690"},{"taxonomy":"post_tag","embeddable":true,"href":"https:\/\/www.africa-press.net\/benin\/wp-json\/wp\/v2\/tags?post=8690"}],"curies":[{"name":"wp","href":"https:\/\/api.w.org\/{rel}","templated":true}]}}