{"id":8693,"date":"2022-09-07T16:52:22","date_gmt":"2022-09-07T16:52:22","guid":{"rendered":"https:\/\/www.africa-press.net\/benin\/politique\/benin-annoncee-dans-la-mouvance-la-d-u-d-se-remobilise-a-linterne"},"modified":"2022-09-07T17:12:48","modified_gmt":"2022-09-07T17:12:48","slug":"benin-annoncee-dans-la-mouvance-la-d-u-d-se-remobilise-a-linterne","status":"publish","type":"post","link":"https:\/\/www.africa-press.net\/benin\/politique\/benin-annoncee-dans-la-mouvance-la-d-u-d-se-remobilise-a-linterne","title":{"rendered":"B\u00e9nin: annonc\u00e9e dans la mouvance, la D.U.D se remobilise \u00e0 l\u2019interne"},"content":{"rendered":"<p><span style=\"color: #ff6600\"><strong>Africa-Press &#8211; Benin. <\/strong><\/span>Depuis quelques jours, le parti Dynamique Unitaire pour la D\u00e9mocratie et le D\u00e9veloppement (DUD) est annonc\u00e9 dans la mouvance pr\u00e9sidentielle. Le parti dirig\u00e9 par Valentin Aditi Houd\u00e9 serait en passe de se faire absorber par l\u2019UP le Renouveau. Mais pour le moment, aucune d\u00e9cision n\u2019a \u00e9t\u00e9 encore prise. Le parti s\u2019active sereinement pour affronter les prochaines l\u00e9gislatives.<\/p>\n<p>La DUD s\u2019est engag\u00e9 dans des discussions pour s\u2019ouvrir \u00e0 d\u2019autres partis, notamment l\u2019UP le Renouveau. <b>\u00ab Mais aucun accord officiel n\u2019est encore conclu entre les deux formations \u00bb<\/b>, a confi\u00e9 une source. En attendant que les \u00e9changes avec l\u2019UP le Renouveau se concr\u00e9tisent, le parti de l\u2019ancien d\u00e9put\u00e9 se pr\u00e9pare pour ne pas manquer le rendez-vous du 08 janvier 2023.<\/p>\n<p>Sur le terrain, des responsables du parti ont entrepris des descentes et discussions pour remobiliser et rassurer les militants \u00e0 la base. Dans le D\u00e9partement de l\u2019Atlantique, les militants sont r\u00e9guli\u00e8rement entretenus par Antonin Kp\u00e8gouton, Responsable \u00e0 la Formation Politique au sein de la f\u00e9d\u00e9ration d\u00e9partementale Atlantique et Dr Phil\u00e9mon Tokponnon.<\/p>\n<p>Cr\u00e9\u00e9 \u00e0 l\u2019issue d\u2019un congr\u00e8s constitutif les 8 et 9 D\u00e9cembre 2018, la D.U.D s\u2019est fortement illustr\u00e9e aux c\u00f4t\u00e9s de l\u2019opposition dans le cadre de la pr\u00e9sidentielle d\u2019avril 2021. Elle a \u00e9t\u00e9 d\u2019ailleurs membre du Front pour la Restauration de la D\u00e9mocratie (FRD) qui a port\u00e9 la candidature de l\u2019opposant Jo\u00ebl A\u00efvo.<\/p>\n<p><strong>Pour plus d&rsquo;informations et d&rsquo;analyses sur la <a href=\"https:\/\/www.africa-press.net\/benin\">Benin<\/a>, suivez <a href=\"https:\/\/www.africa-press.net\/\">Africa-Press<\/a><\/strong><\/p>\n","protected":false},"excerpt":{"rendered":"<p>Africa-Press &#8211; Benin. Depuis quelques jours, le parti Dynamique Unitaire pour la D\u00e9mocratie et le D\u00e9veloppement (DUD) est annonc\u00e9 dans la mouvance pr\u00e9sidentielle. Le parti dirig\u00e9 par Valentin Aditi Houd\u00e9 serait en passe de se faire absorber par l\u2019UP le Renouveau. Mais pour le moment, aucune d\u00e9cision n\u2019a \u00e9t\u00e9 encore prise. Le parti s\u2019active sereinement [&hellip;]<\/p>\n","protected":false},"author":82,"featured_media":8692,"comment_status":"open","ping_status":"closed","sticky":false,"template":"","format":"standard","meta":{"footnotes":""},"categories":[11,2,10],"tags":[36,50,45],"class_list":["post-8693","post","type-post","status-publish","format-standard","has-post-thumbnail","hentry","category-homepage-french","category-politique","category-toutes-les-actualites","tag-africa-press","tag-africa-press-benin","tag-benin"],"yoast_head":"<!-- This site is optimized with the Yoast SEO Premium plugin v26.1 (Yoast SEO v27.0) - https:\/\/yoast.com\/product\/yoast-seo-premium-wordpress\/ -->\n<title>B\u00e9nin: annonc\u00e9e dans la mouvance, la D.U.D se remobilise \u00e0 l\u2019interne - B\u00e9nin<\/title>\n<meta name=\"description\" content=\"Depuis quelques jours, le parti Dynamique Unitaire pour la D\u00e9mocratie et le D\u00e9veloppement (DUD) est annonc\u00e9 dans la mouv ...\" \/>\n<meta name=\"robots\" content=\"index, follow, max-snippet:-1, max-image-preview:large, max-video-preview:-1\" \/>\n<link rel=\"canonical\" href=\"https:\/\/www.africa-press.net\/benin\/politique\/benin-annoncee-dans-la-mouvance-la-d-u-d-se-remobilise-a-linterne\" \/>\n<meta property=\"og:locale\" content=\"fr_FR\" \/>\n<meta property=\"og:type\" content=\"article\" \/>\n<meta property=\"og:title\" content=\"B\u00e9nin: annonc\u00e9e dans la mouvance, la D.U.D se remobilise \u00e0 l\u2019interne\" \/>\n<meta property=\"og:description\" content=\"Depuis quelques jours, le parti Dynamique Unitaire pour la D\u00e9mocratie et le D\u00e9veloppement (DUD) est annonc\u00e9 dans la mouv ...\" \/>\n<meta property=\"og:url\" content=\"https:\/\/www.africa-press.net\/benin\/politique\/benin-annoncee-dans-la-mouvance-la-d-u-d-se-remobilise-a-linterne\" \/>\n<meta property=\"og:site_name\" content=\"B\u00e9nin\" \/>\n<meta property=\"article:published_time\" content=\"2022-09-07T16:52:22+00:00\" \/>\n<meta property=\"article:modified_time\" content=\"2022-09-07T17:12:48+00:00\" \/>\n<meta property=\"og:image\" content=\"https:\/\/static.africa-press.net\/benin\/sites\/46\/2022\/09\/postQueueImg_25-6318d0f7c6c4b.jpg\" \/>\n\t<meta property=\"og:image:width\" content=\"1200\" \/>\n\t<meta property=\"og:image:height\" content=\"675\" \/>\n\t<meta property=\"og:image:type\" content=\"image\/jpeg\" \/>\n<meta name=\"author\" content=\"cfeditorfr\" \/>\n<meta name=\"twitter:card\" content=\"summary_large_image\" \/>\n<meta name=\"twitter:label1\" content=\"\u00c9crit par\" \/>\n\t<meta name=\"twitter:data1\" content=\"cfeditorfr\" \/>\n\t<meta name=\"twitter:label2\" content=\"Dur\u00e9e de lecture estim\u00e9e\" \/>\n\t<meta name=\"twitter:data2\" content=\"2 minutes\" \/>\n<script type=\"application\/ld+json\" class=\"yoast-schema-graph\">{\"@context\":\"https:\/\/schema.org\",\"@graph\":[{\"@type\":\"Article\",\"@id\":\"https:\/\/www.africa-press.net\/benin\/politique\/benin-annoncee-dans-la-mouvance-la-d-u-d-se-remobilise-a-linterne#article\",\"isPartOf\":{\"@id\":\"https:\/\/www.africa-press.net\/benin\/politique\/benin-annoncee-dans-la-mouvance-la-d-u-d-se-remobilise-a-linterne\"},\"author\":{\"name\":\"cfeditorfr\",\"@id\":\"https:\/\/www.africa-press.net\/benin\/#\/schema\/person\/2b1cf3cd81a31e3cd26889ca66d677f1\"},\"headline\":\"B\u00e9nin: annonc\u00e9e dans la mouvance, la D.U.D se remobilise \u00e0 l\u2019interne\",\"datePublished\":\"2022-09-07T16:52:22+00:00\",\"dateModified\":\"2022-09-07T17:12:48+00:00\",\"mainEntityOfPage\":{\"@id\":\"https:\/\/www.africa-press.net\/benin\/politique\/benin-annoncee-dans-la-mouvance-la-d-u-d-se-remobilise-a-linterne\"},\"wordCount\":284,\"commentCount\":0,\"image\":{\"@id\":\"https:\/\/www.africa-press.net\/benin\/politique\/benin-annoncee-dans-la-mouvance-la-d-u-d-se-remobilise-a-linterne#primaryimage\"},\"thumbnailUrl\":\"https:\/\/static.africa-press.net\/benin\/sites\/46\/2022\/09\/postQueueImg_25-6318d0f7c6c4b.jpg\",\"keywords\":[\"Africa Press\",\"Africa Press-Benin\",\"B\u00e9nin\"],\"articleSection\":[\"homepage-french\",\"Politique\",\"Toutes les actualit\u00e9s\"],\"inLanguage\":\"fr-FR\",\"potentialAction\":[{\"@type\":\"CommentAction\",\"name\":\"Comment\",\"target\":[\"https:\/\/www.africa-press.net\/benin\/politique\/benin-annoncee-dans-la-mouvance-la-d-u-d-se-remobilise-a-linterne#respond\"]}]},{\"@type\":\"WebPage\",\"@id\":\"https:\/\/www.africa-press.net\/benin\/politique\/benin-annoncee-dans-la-mouvance-la-d-u-d-se-remobilise-a-linterne\",\"url\":\"https:\/\/www.africa-press.net\/benin\/politique\/benin-annoncee-dans-la-mouvance-la-d-u-d-se-remobilise-a-linterne\",\"name\":\"B\u00e9nin: annonc\u00e9e dans la mouvance, la D.U.D se remobilise \u00e0 l\u2019interne - B\u00e9nin\",\"isPartOf\":{\"@id\":\"https:\/\/www.africa-press.net\/benin\/#website\"},\"primaryImageOfPage\":{\"@id\":\"https:\/\/www.africa-press.net\/benin\/politique\/benin-annoncee-dans-la-mouvance-la-d-u-d-se-remobilise-a-linterne#primaryimage\"},\"image\":{\"@id\":\"https:\/\/www.africa-press.net\/benin\/politique\/benin-annoncee-dans-la-mouvance-la-d-u-d-se-remobilise-a-linterne#primaryimage\"},\"thumbnailUrl\":\"https:\/\/static.africa-press.net\/benin\/sites\/46\/2022\/09\/postQueueImg_25-6318d0f7c6c4b.jpg\",\"datePublished\":\"2022-09-07T16:52:22+00:00\",\"dateModified\":\"2022-09-07T17:12:48+00:00\",\"author\":{\"@id\":\"https:\/\/www.africa-press.net\/benin\/#\/schema\/person\/2b1cf3cd81a31e3cd26889ca66d677f1\"},\"description\":\"Depuis quelques jours, le parti Dynamique Unitaire pour la D\u00e9mocratie et le D\u00e9veloppement (DUD) est annonc\u00e9 dans la mouv ...\",\"breadcrumb\":{\"@id\":\"https:\/\/www.africa-press.net\/benin\/politique\/benin-annoncee-dans-la-mouvance-la-d-u-d-se-remobilise-a-linterne#breadcrumb\"},\"inLanguage\":\"fr-FR\",\"potentialAction\":[{\"@type\":\"ReadAction\",\"target\":[\"https:\/\/www.africa-press.net\/benin\/politique\/benin-annoncee-dans-la-mouvance-la-d-u-d-se-remobilise-a-linterne\"]}]},{\"@type\":\"ImageObject\",\"inLanguage\":\"fr-FR\",\"@id\":\"https:\/\/www.africa-press.net\/benin\/politique\/benin-annoncee-dans-la-mouvance-la-d-u-d-se-remobilise-a-linterne#primaryimage\",\"url\":\"https:\/\/static.africa-press.net\/benin\/sites\/46\/2022\/09\/postQueueImg_25-6318d0f7c6c4b.jpg\",\"contentUrl\":\"https:\/\/static.africa-press.net\/benin\/sites\/46\/2022\/09\/postQueueImg_25-6318d0f7c6c4b.jpg\",\"width\":1200,\"height\":675,\"caption\":\"B\u00e9nin: annonc\u00e9e dans la mouvance, la D.U.D se remobilise \u00e0 l\u2019interne\"},{\"@type\":\"BreadcrumbList\",\"@id\":\"https:\/\/www.africa-press.net\/benin\/politique\/benin-annoncee-dans-la-mouvance-la-d-u-d-se-remobilise-a-linterne#breadcrumb\",\"itemListElement\":[{\"@type\":\"ListItem\",\"position\":1,\"name\":\"Accueil\",\"item\":\"https:\/\/www.africa-press.net\/benin\/\"},{\"@type\":\"ListItem\",\"position\":2,\"name\":\"B\u00e9nin: annonc\u00e9e dans la mouvance, la D.U.D se remobilise \u00e0 l\u2019interne\"}]},{\"@type\":\"WebSite\",\"@id\":\"https:\/\/www.africa-press.net\/benin\/#website\",\"url\":\"https:\/\/www.africa-press.net\/benin\/\",\"name\":\"B\u00e9nin\",\"description\":\"Just another Africa News Agency Sites site\",\"potentialAction\":[{\"@type\":\"SearchAction\",\"target\":{\"@type\":\"EntryPoint\",\"urlTemplate\":\"https:\/\/www.africa-press.net\/benin\/?s={search_term_string}\"},\"query-input\":{\"@type\":\"PropertyValueSpecification\",\"valueRequired\":true,\"valueName\":\"search_term_string\"}}],\"inLanguage\":\"fr-FR\"},{\"@type\":\"Person\",\"@id\":\"https:\/\/www.africa-press.net\/benin\/#\/schema\/person\/2b1cf3cd81a31e3cd26889ca66d677f1\",\"name\":\"cfeditorfr\"}]}<\/script>\n<!-- \/ Yoast SEO Premium plugin. -->","yoast_head_json":{"title":"B\u00e9nin: annonc\u00e9e dans la mouvance, la D.U.D se remobilise \u00e0 l\u2019interne - B\u00e9nin","description":"Depuis quelques jours, le parti Dynamique Unitaire pour la D\u00e9mocratie et le D\u00e9veloppement (DUD) est annonc\u00e9 dans la mouv ...","robots":{"index":"index","follow":"follow","max-snippet":"max-snippet:-1","max-image-preview":"max-image-preview:large","max-video-preview":"max-video-preview:-1"},"canonical":"https:\/\/www.africa-press.net\/benin\/politique\/benin-annoncee-dans-la-mouvance-la-d-u-d-se-remobilise-a-linterne","og_locale":"fr_FR","og_type":"article","og_title":"B\u00e9nin: annonc\u00e9e dans la mouvance, la D.U.D se remobilise \u00e0 l\u2019interne","og_description":"Depuis quelques jours, le parti Dynamique Unitaire pour la D\u00e9mocratie et le D\u00e9veloppement (DUD) est annonc\u00e9 dans la mouv ...","og_url":"https:\/\/www.africa-press.net\/benin\/politique\/benin-annoncee-dans-la-mouvance-la-d-u-d-se-remobilise-a-linterne","og_site_name":"B\u00e9nin","article_published_time":"2022-09-07T16:52:22+00:00","article_modified_time":"2022-09-07T17:12:48+00:00","og_image":[{"width":1200,"height":675,"url":"https:\/\/static.africa-press.net\/benin\/sites\/46\/2022\/09\/postQueueImg_25-6318d0f7c6c4b.jpg","type":"image\/jpeg"}],"author":"cfeditorfr","twitter_card":"summary_large_image","twitter_misc":{"\u00c9crit par":"cfeditorfr","Dur\u00e9e de lecture estim\u00e9e":"2 minutes"},"schema":{"@context":"https:\/\/schema.org","@graph":[{"@type":"Article","@id":"https:\/\/www.africa-press.net\/benin\/politique\/benin-annoncee-dans-la-mouvance-la-d-u-d-se-remobilise-a-linterne#article","isPartOf":{"@id":"https:\/\/www.africa-press.net\/benin\/politique\/benin-annoncee-dans-la-mouvance-la-d-u-d-se-remobilise-a-linterne"},"author":{"name":"cfeditorfr","@id":"https:\/\/www.africa-press.net\/benin\/#\/schema\/person\/2b1cf3cd81a31e3cd26889ca66d677f1"},"headline":"B\u00e9nin: annonc\u00e9e dans la mouvance, la D.U.D se remobilise \u00e0 l\u2019interne","datePublished":"2022-09-07T16:52:22+00:00","dateModified":"2022-09-07T17:12:48+00:00","mainEntityOfPage":{"@id":"https:\/\/www.africa-press.net\/benin\/politique\/benin-annoncee-dans-la-mouvance-la-d-u-d-se-remobilise-a-linterne"},"wordCount":284,"commentCount":0,"image":{"@id":"https:\/\/www.africa-press.net\/benin\/politique\/benin-annoncee-dans-la-mouvance-la-d-u-d-se-remobilise-a-linterne#primaryimage"},"thumbnailUrl":"https:\/\/static.africa-press.net\/benin\/sites\/46\/2022\/09\/postQueueImg_25-6318d0f7c6c4b.jpg","keywords":["Africa Press","Africa Press-Benin","B\u00e9nin"],"articleSection":["homepage-french","Politique","Toutes les actualit\u00e9s"],"inLanguage":"fr-FR","potentialAction":[{"@type":"CommentAction","name":"Comment","target":["https:\/\/www.africa-press.net\/benin\/politique\/benin-annoncee-dans-la-mouvance-la-d-u-d-se-remobilise-a-linterne#respond"]}]},{"@type":"WebPage","@id":"https:\/\/www.africa-press.net\/benin\/politique\/benin-annoncee-dans-la-mouvance-la-d-u-d-se-remobilise-a-linterne","url":"https:\/\/www.africa-press.net\/benin\/politique\/benin-annoncee-dans-la-mouvance-la-d-u-d-se-remobilise-a-linterne","name":"B\u00e9nin: annonc\u00e9e dans la mouvance, la D.U.D se remobilise \u00e0 l\u2019interne - B\u00e9nin","isPartOf":{"@id":"https:\/\/www.africa-press.net\/benin\/#website"},"primaryImageOfPage":{"@id":"https:\/\/www.africa-press.net\/benin\/politique\/benin-annoncee-dans-la-mouvance-la-d-u-d-se-remobilise-a-linterne#primaryimage"},"image":{"@id":"https:\/\/www.africa-press.net\/benin\/politique\/benin-annoncee-dans-la-mouvance-la-d-u-d-se-remobilise-a-linterne#primaryimage"},"thumbnailUrl":"https:\/\/static.africa-press.net\/benin\/sites\/46\/2022\/09\/postQueueImg_25-6318d0f7c6c4b.jpg","datePublished":"2022-09-07T16:52:22+00:00","dateModified":"2022-09-07T17:12:48+00:00","author":{"@id":"https:\/\/www.africa-press.net\/benin\/#\/schema\/person\/2b1cf3cd81a31e3cd26889ca66d677f1"},"description":"Depuis quelques jours, le parti Dynamique Unitaire pour la D\u00e9mocratie et le D\u00e9veloppement (DUD) est annonc\u00e9 dans la mouv ...","breadcrumb":{"@id":"https:\/\/www.africa-press.net\/benin\/politique\/benin-annoncee-dans-la-mouvance-la-d-u-d-se-remobilise-a-linterne#breadcrumb"},"inLanguage":"fr-FR","potentialAction":[{"@type":"ReadAction","target":["https:\/\/www.africa-press.net\/benin\/politique\/benin-annoncee-dans-la-mouvance-la-d-u-d-se-remobilise-a-linterne"]}]},{"@type":"ImageObject","inLanguage":"fr-FR","@id":"https:\/\/www.africa-press.net\/benin\/politique\/benin-annoncee-dans-la-mouvance-la-d-u-d-se-remobilise-a-linterne#primaryimage","url":"https:\/\/static.africa-press.net\/benin\/sites\/46\/2022\/09\/postQueueImg_25-6318d0f7c6c4b.jpg","contentUrl":"https:\/\/static.africa-press.net\/benin\/sites\/46\/2022\/09\/postQueueImg_25-6318d0f7c6c4b.jpg","width":1200,"height":675,"caption":"B\u00e9nin: annonc\u00e9e dans la mouvance, la D.U.D se remobilise \u00e0 l\u2019interne"},{"@type":"BreadcrumbList","@id":"https:\/\/www.africa-press.net\/benin\/politique\/benin-annoncee-dans-la-mouvance-la-d-u-d-se-remobilise-a-linterne#breadcrumb","itemListElement":[{"@type":"ListItem","position":1,"name":"Accueil","item":"https:\/\/www.africa-press.net\/benin\/"},{"@type":"ListItem","position":2,"name":"B\u00e9nin: annonc\u00e9e dans la mouvance, la D.U.D se remobilise \u00e0 l\u2019interne"}]},{"@type":"WebSite","@id":"https:\/\/www.africa-press.net\/benin\/#website","url":"https:\/\/www.africa-press.net\/benin\/","name":"B\u00e9nin","description":"Just another Africa News Agency Sites site","potentialAction":[{"@type":"SearchAction","target":{"@type":"EntryPoint","urlTemplate":"https:\/\/www.africa-press.net\/benin\/?s={search_term_string}"},"query-input":{"@type":"PropertyValueSpecification","valueRequired":true,"valueName":"search_term_string"}}],"inLanguage":"fr-FR"},{"@type":"Person","@id":"https:\/\/www.africa-press.net\/benin\/#\/schema\/person\/2b1cf3cd81a31e3cd26889ca66d677f1","name":"cfeditorfr"}]}},"_links":{"self":[{"href":"https:\/\/www.africa-press.net\/benin\/wp-json\/wp\/v2\/posts\/8693","targetHints":{"allow":["GET"]}}],"collection":[{"href":"https:\/\/www.africa-press.net\/benin\/wp-json\/wp\/v2\/posts"}],"about":[{"href":"https:\/\/www.africa-press.net\/benin\/wp-json\/wp\/v2\/types\/post"}],"author":[{"embeddable":true,"href":"https:\/\/www.africa-press.net\/benin\/wp-json\/wp\/v2\/users\/82"}],"replies":[{"embeddable":true,"href":"https:\/\/www.africa-press.net\/benin\/wp-json\/wp\/v2\/comments?post=8693"}],"version-history":[{"count":0,"href":"https:\/\/www.africa-press.net\/benin\/wp-json\/wp\/v2\/posts\/8693\/revisions"}],"wp:featuredmedia":[{"embeddable":true,"href":"https:\/\/www.africa-press.net\/benin\/wp-json\/wp\/v2\/media\/8692"}],"wp:attachment":[{"href":"https:\/\/www.africa-press.net\/benin\/wp-json\/wp\/v2\/media?parent=8693"}],"wp:term":[{"taxonomy":"category","embeddable":true,"href":"https:\/\/www.africa-press.net\/benin\/wp-json\/wp\/v2\/categories?post=8693"},{"taxonomy":"post_tag","embeddable":true,"href":"https:\/\/www.africa-press.net\/benin\/wp-json\/wp\/v2\/tags?post=8693"}],"curies":[{"name":"wp","href":"https:\/\/api.w.org\/{rel}","templated":true}]}}