{"id":8699,"date":"2022-09-07T16:52:51","date_gmt":"2022-09-07T16:52:51","guid":{"rendered":"https:\/\/www.africa-press.net\/benin\/politique\/restriction-de-la-greve-au-benin-la-cstb-anime-ce-mercredi-un-point-de-presse"},"modified":"2022-09-07T17:13:57","modified_gmt":"2022-09-07T17:13:57","slug":"restriction-de-la-greve-au-benin-la-cstb-anime-ce-mercredi-un-point-de-presse","status":"publish","type":"post","link":"https:\/\/www.africa-press.net\/benin\/politique\/restriction-de-la-greve-au-benin-la-cstb-anime-ce-mercredi-un-point-de-presse","title":{"rendered":"Restriction de la gr\u00e8ve au B\u00e9nin: la cstb anime ce mercredi un point de presse"},"content":{"rendered":"<p><span style=\"color: #ff6600\"><strong>Africa-Press &#8211; Benin. <\/strong><\/span><b>La conf\u00e9d\u00e9ration syndicale des travailleurs du B\u00e9nin (CSTB) tient dans l\u2019apr\u00e8s-midi de ce mercredi 07 Septembre 2022, un point de presse \u00e0 la Bourse du Travail. Cette sortie m\u00e9diatique fait suite \u00e0 la d\u00e9claration du pr\u00e9sident Patrice Talon devant les investisseurs fran\u00e7ais sur la restriction de la gr\u00e8ve.<\/b><\/p>\n<p>Les propos du pr\u00e9sident Patrice Talon devant les patrons d\u2019entreprise de France, sur la restriction de la gr\u00e8ve au B\u00e9nin continuent de susciter des r\u00e9actions. L\u2019organisation syndicale de Kassa Mampo organise \u00e0 cet effet un point de presse dans l\u2019apr\u00e8s-midi de ce mercredi.<\/p>\n<p>L\u2019annonce a \u00e9t\u00e9 faite par l\u2019organisation syndicale \u00e0 travers un communiqu\u00e9 de presse en date \u00e0 Cotonou du mardi 6 Septembre 2022. \u00ab <b>Suite \u00e0 la d\u00e9claration du pr\u00e9sident Patrice TALON \u00e0 sa rencontre avec les entrepreneurs de France , \u00e0 propos de la suppression et de la restriction du droit de gr\u00e8ve aux travailleurs du B\u00e9nin, la Conf\u00e9d\u00e9ration Syndicale des Travailleurs du B\u00e9nin (CSTB), organise un point de presse ce mercredi 07 septembre 2022 \u00e0 la bourse du travail de Cotonou \u00e0 partir de 14h<\/b>\u00ab , peut-on lire dans le communiqu\u00e9 de la CSTB.<\/p>\n<p>Avant l\u2019annonce de ce point de presse, l\u2019organisation syndicale de Kassa Mampo s\u2019\u00e9tait fendu d\u2019une d\u00e9claration dans laquelle, elle a d\u00e9nonc\u00e9 les propos du pr\u00e9sident de la R\u00e9publique; des propos jug\u00e9s humiliants pour les travailleurs.<\/p>\n<p>Retour sur les propos de Patrice Talon<\/p>\n<p>Lors de sa rencontre avec la classe des op\u00e9rateurs \u00e9conomiques fran\u00e7ais, le mardi 30 ao\u00fbt dernier, le pr\u00e9sident Patrice Talon a expos\u00e9 les r\u00e9formes difficiles qui ont \u00e9t\u00e9 faites pour faire du B\u00e9nin, un pays d\u2019opportunit\u00e9 pour les investisseurs du monde.<\/p>\n<p>Dans son d\u00e9veloppement, le pr\u00e9sident Patrice Talon a \u00e9voqu\u00e9 ce qui a \u00e9t\u00e9 fait pour r\u00e9duire les gr\u00e8ves dans son pays. Pour le pr\u00e9sident Patrice Talon, gr\u00e2ce \u00e0 des r\u00e9formes, le droit de gr\u00e8ve a \u00e9t\u00e9 supprim\u00e9 \u00e0 certains secteurs vitaux et limit\u00e9 aux autres secteurs.<\/p>\n<p>\u00ab <b>Nous avons entrepris des r\u00e9formes difficiles. Des r\u00e9formes qui ont abouti \u00e0 des mesures qui ont touch\u00e9 les secteurs vitaux du pays avec la suppression et la restriction du droit de gr\u00e8ve \u00bb<\/b>, a commenc\u00e9 par expos\u00e9 le pr\u00e9sident de la r\u00e9publique.<\/p>\n<p>\u00ab <b>D\u00e9sormais au B\u00e9nin, avait-il poursuivi, la gr\u00e8ve est interdite dans les secteurs vitaux comme la sant\u00e9, la police, les pompiers et tout ce qui concourt \u00e0 la survie des concitoyens. Dans les autres secteurs, la gr\u00e8ve est limit\u00e9e \u00e0 deux jours maximum par mois et dix jours par an<\/b>\u00ab, avait soulign\u00e9 le pr\u00e9sident Patrice Talon.<\/p>\n<p><strong>Pour plus d&rsquo;informations et d&rsquo;analyses sur la <a href=\"https:\/\/www.africa-press.net\/benin\">Benin<\/a>, suivez <a href=\"https:\/\/www.africa-press.net\/\">Africa-Press<\/a><\/strong><\/p>\n","protected":false},"excerpt":{"rendered":"<p>Africa-Press &#8211; Benin. La conf\u00e9d\u00e9ration syndicale des travailleurs du B\u00e9nin (CSTB) tient dans l\u2019apr\u00e8s-midi de ce mercredi 07 Septembre 2022, un point de presse \u00e0 la Bourse du Travail. Cette sortie m\u00e9diatique fait suite \u00e0 la d\u00e9claration du pr\u00e9sident Patrice Talon devant les investisseurs fran\u00e7ais sur la restriction de la gr\u00e8ve. Les propos du pr\u00e9sident [&hellip;]<\/p>\n","protected":false},"author":82,"featured_media":8698,"comment_status":"open","ping_status":"closed","sticky":false,"template":"","format":"standard","meta":{"footnotes":""},"categories":[11,2,10],"tags":[36,50,45],"class_list":["post-8699","post","type-post","status-publish","format-standard","has-post-thumbnail","hentry","category-homepage-french","category-politique","category-toutes-les-actualites","tag-africa-press","tag-africa-press-benin","tag-benin"],"yoast_head":"<!-- This site is optimized with the Yoast SEO Premium plugin v26.1 (Yoast SEO v27.0) - https:\/\/yoast.com\/product\/yoast-seo-premium-wordpress\/ -->\n<title>Restriction de la gr\u00e8ve au B\u00e9nin: la cstb anime ce mercredi un point de presse - B\u00e9nin<\/title>\n<meta name=\"description\" content=\"La conf\u00e9d\u00e9ration syndicale des travailleurs du B\u00e9nin (CSTB) tient dans l\u2019apr\u00e8s-midi de ce mercredi 07 Septembre 2022, ...\" \/>\n<meta name=\"robots\" content=\"index, follow, max-snippet:-1, max-image-preview:large, max-video-preview:-1\" \/>\n<link rel=\"canonical\" href=\"https:\/\/www.africa-press.net\/benin\/politique\/restriction-de-la-greve-au-benin-la-cstb-anime-ce-mercredi-un-point-de-presse\" \/>\n<meta property=\"og:locale\" content=\"fr_FR\" \/>\n<meta property=\"og:type\" content=\"article\" \/>\n<meta property=\"og:title\" content=\"Restriction de la gr\u00e8ve au B\u00e9nin: la cstb anime ce mercredi un point de presse\" \/>\n<meta property=\"og:description\" content=\"La conf\u00e9d\u00e9ration syndicale des travailleurs du B\u00e9nin (CSTB) tient dans l\u2019apr\u00e8s-midi de ce mercredi 07 Septembre 2022, ...\" \/>\n<meta property=\"og:url\" content=\"https:\/\/www.africa-press.net\/benin\/politique\/restriction-de-la-greve-au-benin-la-cstb-anime-ce-mercredi-un-point-de-presse\" \/>\n<meta property=\"og:site_name\" content=\"B\u00e9nin\" \/>\n<meta property=\"article:published_time\" content=\"2022-09-07T16:52:51+00:00\" \/>\n<meta property=\"article:modified_time\" content=\"2022-09-07T17:13:57+00:00\" \/>\n<meta property=\"og:image\" content=\"https:\/\/static.africa-press.net\/benin\/sites\/46\/2022\/09\/postQueueImg_27-6318d13524170.jpg\" \/>\n\t<meta property=\"og:image:width\" content=\"1200\" \/>\n\t<meta property=\"og:image:height\" content=\"675\" \/>\n\t<meta property=\"og:image:type\" content=\"image\/jpeg\" \/>\n<meta name=\"author\" content=\"cfeditorfr\" \/>\n<meta name=\"twitter:card\" content=\"summary_large_image\" \/>\n<meta name=\"twitter:label1\" content=\"\u00c9crit par\" \/>\n\t<meta name=\"twitter:data1\" content=\"cfeditorfr\" \/>\n\t<meta name=\"twitter:label2\" content=\"Dur\u00e9e de lecture estim\u00e9e\" \/>\n\t<meta name=\"twitter:data2\" content=\"3 minutes\" \/>\n<script type=\"application\/ld+json\" class=\"yoast-schema-graph\">{\"@context\":\"https:\/\/schema.org\",\"@graph\":[{\"@type\":\"Article\",\"@id\":\"https:\/\/www.africa-press.net\/benin\/politique\/restriction-de-la-greve-au-benin-la-cstb-anime-ce-mercredi-un-point-de-presse#article\",\"isPartOf\":{\"@id\":\"https:\/\/www.africa-press.net\/benin\/politique\/restriction-de-la-greve-au-benin-la-cstb-anime-ce-mercredi-un-point-de-presse\"},\"author\":{\"name\":\"cfeditorfr\",\"@id\":\"https:\/\/www.africa-press.net\/benin\/#\/schema\/person\/2b1cf3cd81a31e3cd26889ca66d677f1\"},\"headline\":\"Restriction de la gr\u00e8ve au B\u00e9nin: la cstb anime ce mercredi un point de presse\",\"datePublished\":\"2022-09-07T16:52:51+00:00\",\"dateModified\":\"2022-09-07T17:13:57+00:00\",\"mainEntityOfPage\":{\"@id\":\"https:\/\/www.africa-press.net\/benin\/politique\/restriction-de-la-greve-au-benin-la-cstb-anime-ce-mercredi-un-point-de-presse\"},\"wordCount\":480,\"commentCount\":0,\"image\":{\"@id\":\"https:\/\/www.africa-press.net\/benin\/politique\/restriction-de-la-greve-au-benin-la-cstb-anime-ce-mercredi-un-point-de-presse#primaryimage\"},\"thumbnailUrl\":\"https:\/\/static.africa-press.net\/benin\/sites\/46\/2022\/09\/postQueueImg_27-6318d13524170.jpg\",\"keywords\":[\"Africa Press\",\"Africa Press-Benin\",\"B\u00e9nin\"],\"articleSection\":[\"homepage-french\",\"Politique\",\"Toutes les actualit\u00e9s\"],\"inLanguage\":\"fr-FR\",\"potentialAction\":[{\"@type\":\"CommentAction\",\"name\":\"Comment\",\"target\":[\"https:\/\/www.africa-press.net\/benin\/politique\/restriction-de-la-greve-au-benin-la-cstb-anime-ce-mercredi-un-point-de-presse#respond\"]}]},{\"@type\":\"WebPage\",\"@id\":\"https:\/\/www.africa-press.net\/benin\/politique\/restriction-de-la-greve-au-benin-la-cstb-anime-ce-mercredi-un-point-de-presse\",\"url\":\"https:\/\/www.africa-press.net\/benin\/politique\/restriction-de-la-greve-au-benin-la-cstb-anime-ce-mercredi-un-point-de-presse\",\"name\":\"Restriction de la gr\u00e8ve au B\u00e9nin: la cstb anime ce mercredi un point de presse - B\u00e9nin\",\"isPartOf\":{\"@id\":\"https:\/\/www.africa-press.net\/benin\/#website\"},\"primaryImageOfPage\":{\"@id\":\"https:\/\/www.africa-press.net\/benin\/politique\/restriction-de-la-greve-au-benin-la-cstb-anime-ce-mercredi-un-point-de-presse#primaryimage\"},\"image\":{\"@id\":\"https:\/\/www.africa-press.net\/benin\/politique\/restriction-de-la-greve-au-benin-la-cstb-anime-ce-mercredi-un-point-de-presse#primaryimage\"},\"thumbnailUrl\":\"https:\/\/static.africa-press.net\/benin\/sites\/46\/2022\/09\/postQueueImg_27-6318d13524170.jpg\",\"datePublished\":\"2022-09-07T16:52:51+00:00\",\"dateModified\":\"2022-09-07T17:13:57+00:00\",\"author\":{\"@id\":\"https:\/\/www.africa-press.net\/benin\/#\/schema\/person\/2b1cf3cd81a31e3cd26889ca66d677f1\"},\"description\":\"La conf\u00e9d\u00e9ration syndicale des travailleurs du B\u00e9nin (CSTB) tient dans l\u2019apr\u00e8s-midi de ce mercredi 07 Septembre 2022, ...\",\"breadcrumb\":{\"@id\":\"https:\/\/www.africa-press.net\/benin\/politique\/restriction-de-la-greve-au-benin-la-cstb-anime-ce-mercredi-un-point-de-presse#breadcrumb\"},\"inLanguage\":\"fr-FR\",\"potentialAction\":[{\"@type\":\"ReadAction\",\"target\":[\"https:\/\/www.africa-press.net\/benin\/politique\/restriction-de-la-greve-au-benin-la-cstb-anime-ce-mercredi-un-point-de-presse\"]}]},{\"@type\":\"ImageObject\",\"inLanguage\":\"fr-FR\",\"@id\":\"https:\/\/www.africa-press.net\/benin\/politique\/restriction-de-la-greve-au-benin-la-cstb-anime-ce-mercredi-un-point-de-presse#primaryimage\",\"url\":\"https:\/\/static.africa-press.net\/benin\/sites\/46\/2022\/09\/postQueueImg_27-6318d13524170.jpg\",\"contentUrl\":\"https:\/\/static.africa-press.net\/benin\/sites\/46\/2022\/09\/postQueueImg_27-6318d13524170.jpg\",\"width\":1200,\"height\":675,\"caption\":\"Restriction de la gr\u00e8ve au B\u00e9nin: la cstb anime ce mercredi un point de presse\"},{\"@type\":\"BreadcrumbList\",\"@id\":\"https:\/\/www.africa-press.net\/benin\/politique\/restriction-de-la-greve-au-benin-la-cstb-anime-ce-mercredi-un-point-de-presse#breadcrumb\",\"itemListElement\":[{\"@type\":\"ListItem\",\"position\":1,\"name\":\"Accueil\",\"item\":\"https:\/\/www.africa-press.net\/benin\/\"},{\"@type\":\"ListItem\",\"position\":2,\"name\":\"Restriction de la gr\u00e8ve au B\u00e9nin: la cstb anime ce mercredi un point de presse\"}]},{\"@type\":\"WebSite\",\"@id\":\"https:\/\/www.africa-press.net\/benin\/#website\",\"url\":\"https:\/\/www.africa-press.net\/benin\/\",\"name\":\"B\u00e9nin\",\"description\":\"Just another Africa News Agency Sites site\",\"potentialAction\":[{\"@type\":\"SearchAction\",\"target\":{\"@type\":\"EntryPoint\",\"urlTemplate\":\"https:\/\/www.africa-press.net\/benin\/?s={search_term_string}\"},\"query-input\":{\"@type\":\"PropertyValueSpecification\",\"valueRequired\":true,\"valueName\":\"search_term_string\"}}],\"inLanguage\":\"fr-FR\"},{\"@type\":\"Person\",\"@id\":\"https:\/\/www.africa-press.net\/benin\/#\/schema\/person\/2b1cf3cd81a31e3cd26889ca66d677f1\",\"name\":\"cfeditorfr\"}]}<\/script>\n<!-- \/ Yoast SEO Premium plugin. -->","yoast_head_json":{"title":"Restriction de la gr\u00e8ve au B\u00e9nin: la cstb anime ce mercredi un point de presse - B\u00e9nin","description":"La conf\u00e9d\u00e9ration syndicale des travailleurs du B\u00e9nin (CSTB) tient dans l\u2019apr\u00e8s-midi de ce mercredi 07 Septembre 2022, ...","robots":{"index":"index","follow":"follow","max-snippet":"max-snippet:-1","max-image-preview":"max-image-preview:large","max-video-preview":"max-video-preview:-1"},"canonical":"https:\/\/www.africa-press.net\/benin\/politique\/restriction-de-la-greve-au-benin-la-cstb-anime-ce-mercredi-un-point-de-presse","og_locale":"fr_FR","og_type":"article","og_title":"Restriction de la gr\u00e8ve au B\u00e9nin: la cstb anime ce mercredi un point de presse","og_description":"La conf\u00e9d\u00e9ration syndicale des travailleurs du B\u00e9nin (CSTB) tient dans l\u2019apr\u00e8s-midi de ce mercredi 07 Septembre 2022, ...","og_url":"https:\/\/www.africa-press.net\/benin\/politique\/restriction-de-la-greve-au-benin-la-cstb-anime-ce-mercredi-un-point-de-presse","og_site_name":"B\u00e9nin","article_published_time":"2022-09-07T16:52:51+00:00","article_modified_time":"2022-09-07T17:13:57+00:00","og_image":[{"width":1200,"height":675,"url":"https:\/\/static.africa-press.net\/benin\/sites\/46\/2022\/09\/postQueueImg_27-6318d13524170.jpg","type":"image\/jpeg"}],"author":"cfeditorfr","twitter_card":"summary_large_image","twitter_misc":{"\u00c9crit par":"cfeditorfr","Dur\u00e9e de lecture estim\u00e9e":"3 minutes"},"schema":{"@context":"https:\/\/schema.org","@graph":[{"@type":"Article","@id":"https:\/\/www.africa-press.net\/benin\/politique\/restriction-de-la-greve-au-benin-la-cstb-anime-ce-mercredi-un-point-de-presse#article","isPartOf":{"@id":"https:\/\/www.africa-press.net\/benin\/politique\/restriction-de-la-greve-au-benin-la-cstb-anime-ce-mercredi-un-point-de-presse"},"author":{"name":"cfeditorfr","@id":"https:\/\/www.africa-press.net\/benin\/#\/schema\/person\/2b1cf3cd81a31e3cd26889ca66d677f1"},"headline":"Restriction de la gr\u00e8ve au B\u00e9nin: la cstb anime ce mercredi un point de presse","datePublished":"2022-09-07T16:52:51+00:00","dateModified":"2022-09-07T17:13:57+00:00","mainEntityOfPage":{"@id":"https:\/\/www.africa-press.net\/benin\/politique\/restriction-de-la-greve-au-benin-la-cstb-anime-ce-mercredi-un-point-de-presse"},"wordCount":480,"commentCount":0,"image":{"@id":"https:\/\/www.africa-press.net\/benin\/politique\/restriction-de-la-greve-au-benin-la-cstb-anime-ce-mercredi-un-point-de-presse#primaryimage"},"thumbnailUrl":"https:\/\/static.africa-press.net\/benin\/sites\/46\/2022\/09\/postQueueImg_27-6318d13524170.jpg","keywords":["Africa Press","Africa Press-Benin","B\u00e9nin"],"articleSection":["homepage-french","Politique","Toutes les actualit\u00e9s"],"inLanguage":"fr-FR","potentialAction":[{"@type":"CommentAction","name":"Comment","target":["https:\/\/www.africa-press.net\/benin\/politique\/restriction-de-la-greve-au-benin-la-cstb-anime-ce-mercredi-un-point-de-presse#respond"]}]},{"@type":"WebPage","@id":"https:\/\/www.africa-press.net\/benin\/politique\/restriction-de-la-greve-au-benin-la-cstb-anime-ce-mercredi-un-point-de-presse","url":"https:\/\/www.africa-press.net\/benin\/politique\/restriction-de-la-greve-au-benin-la-cstb-anime-ce-mercredi-un-point-de-presse","name":"Restriction de la gr\u00e8ve au B\u00e9nin: la cstb anime ce mercredi un point de presse - B\u00e9nin","isPartOf":{"@id":"https:\/\/www.africa-press.net\/benin\/#website"},"primaryImageOfPage":{"@id":"https:\/\/www.africa-press.net\/benin\/politique\/restriction-de-la-greve-au-benin-la-cstb-anime-ce-mercredi-un-point-de-presse#primaryimage"},"image":{"@id":"https:\/\/www.africa-press.net\/benin\/politique\/restriction-de-la-greve-au-benin-la-cstb-anime-ce-mercredi-un-point-de-presse#primaryimage"},"thumbnailUrl":"https:\/\/static.africa-press.net\/benin\/sites\/46\/2022\/09\/postQueueImg_27-6318d13524170.jpg","datePublished":"2022-09-07T16:52:51+00:00","dateModified":"2022-09-07T17:13:57+00:00","author":{"@id":"https:\/\/www.africa-press.net\/benin\/#\/schema\/person\/2b1cf3cd81a31e3cd26889ca66d677f1"},"description":"La conf\u00e9d\u00e9ration syndicale des travailleurs du B\u00e9nin (CSTB) tient dans l\u2019apr\u00e8s-midi de ce mercredi 07 Septembre 2022, ...","breadcrumb":{"@id":"https:\/\/www.africa-press.net\/benin\/politique\/restriction-de-la-greve-au-benin-la-cstb-anime-ce-mercredi-un-point-de-presse#breadcrumb"},"inLanguage":"fr-FR","potentialAction":[{"@type":"ReadAction","target":["https:\/\/www.africa-press.net\/benin\/politique\/restriction-de-la-greve-au-benin-la-cstb-anime-ce-mercredi-un-point-de-presse"]}]},{"@type":"ImageObject","inLanguage":"fr-FR","@id":"https:\/\/www.africa-press.net\/benin\/politique\/restriction-de-la-greve-au-benin-la-cstb-anime-ce-mercredi-un-point-de-presse#primaryimage","url":"https:\/\/static.africa-press.net\/benin\/sites\/46\/2022\/09\/postQueueImg_27-6318d13524170.jpg","contentUrl":"https:\/\/static.africa-press.net\/benin\/sites\/46\/2022\/09\/postQueueImg_27-6318d13524170.jpg","width":1200,"height":675,"caption":"Restriction de la gr\u00e8ve au B\u00e9nin: la cstb anime ce mercredi un point de presse"},{"@type":"BreadcrumbList","@id":"https:\/\/www.africa-press.net\/benin\/politique\/restriction-de-la-greve-au-benin-la-cstb-anime-ce-mercredi-un-point-de-presse#breadcrumb","itemListElement":[{"@type":"ListItem","position":1,"name":"Accueil","item":"https:\/\/www.africa-press.net\/benin\/"},{"@type":"ListItem","position":2,"name":"Restriction de la gr\u00e8ve au B\u00e9nin: la cstb anime ce mercredi un point de presse"}]},{"@type":"WebSite","@id":"https:\/\/www.africa-press.net\/benin\/#website","url":"https:\/\/www.africa-press.net\/benin\/","name":"B\u00e9nin","description":"Just another Africa News Agency Sites site","potentialAction":[{"@type":"SearchAction","target":{"@type":"EntryPoint","urlTemplate":"https:\/\/www.africa-press.net\/benin\/?s={search_term_string}"},"query-input":{"@type":"PropertyValueSpecification","valueRequired":true,"valueName":"search_term_string"}}],"inLanguage":"fr-FR"},{"@type":"Person","@id":"https:\/\/www.africa-press.net\/benin\/#\/schema\/person\/2b1cf3cd81a31e3cd26889ca66d677f1","name":"cfeditorfr"}]}},"_links":{"self":[{"href":"https:\/\/www.africa-press.net\/benin\/wp-json\/wp\/v2\/posts\/8699","targetHints":{"allow":["GET"]}}],"collection":[{"href":"https:\/\/www.africa-press.net\/benin\/wp-json\/wp\/v2\/posts"}],"about":[{"href":"https:\/\/www.africa-press.net\/benin\/wp-json\/wp\/v2\/types\/post"}],"author":[{"embeddable":true,"href":"https:\/\/www.africa-press.net\/benin\/wp-json\/wp\/v2\/users\/82"}],"replies":[{"embeddable":true,"href":"https:\/\/www.africa-press.net\/benin\/wp-json\/wp\/v2\/comments?post=8699"}],"version-history":[{"count":0,"href":"https:\/\/www.africa-press.net\/benin\/wp-json\/wp\/v2\/posts\/8699\/revisions"}],"wp:featuredmedia":[{"embeddable":true,"href":"https:\/\/www.africa-press.net\/benin\/wp-json\/wp\/v2\/media\/8698"}],"wp:attachment":[{"href":"https:\/\/www.africa-press.net\/benin\/wp-json\/wp\/v2\/media?parent=8699"}],"wp:term":[{"taxonomy":"category","embeddable":true,"href":"https:\/\/www.africa-press.net\/benin\/wp-json\/wp\/v2\/categories?post=8699"},{"taxonomy":"post_tag","embeddable":true,"href":"https:\/\/www.africa-press.net\/benin\/wp-json\/wp\/v2\/tags?post=8699"}],"curies":[{"name":"wp","href":"https:\/\/api.w.org\/{rel}","templated":true}]}}