{"id":8702,"date":"2022-09-07T16:53:09","date_gmt":"2022-09-07T16:53:09","guid":{"rendered":"https:\/\/www.africa-press.net\/benin\/politique\/benin-vers-le-renforcement-du-systeme-de-gestion-des-frontieres"},"modified":"2022-09-07T17:14:35","modified_gmt":"2022-09-07T17:14:35","slug":"benin-vers-le-renforcement-du-systeme-de-gestion-des-frontieres","status":"publish","type":"post","link":"https:\/\/www.africa-press.net\/benin\/toutes-les-actualites\/benin-vers-le-renforcement-du-systeme-de-gestion-des-frontieres","title":{"rendered":"B\u00e9nin: vers le renforcement du syst\u00e8me de gestion des fronti\u00e8res"},"content":{"rendered":"<p><span style=\"color: #ff6600\"><strong>Africa-Press &#8211; Benin. <\/strong><\/span><b>Pour le renforcement de la lutte contre l\u2019ins\u00e9curit\u00e9 maritime et pour la surveillance des fronti\u00e8res terrestres m\u00e9ridionales \u00e0 Klak\u00e9 et \u00e0 Hilacondji, le gouvernement du B\u00e9nin opte pour un syst\u00e8me renforc\u00e9 de gestion des fronti\u00e8res.<\/b><\/p>\n<p>Pr\u00e9occup\u00e9 par la s\u00e9curit\u00e9 interne, le gouvernement du B\u00e9nin veut renforcer la s\u00e9curit\u00e9 au niveau de sa fa\u00e7ade maritime et de ses fronti\u00e8res. Le projet a fait l\u2019objet le mardi 6 Septembre, d\u2019une s\u00e9ance de travail entre les responsables de la soci\u00e9t\u00e9 norv\u00e9gienne VISSIM et les forces de d\u00e9fense et de s\u00e9curit\u00e9.<\/p>\n<p>Cette r\u00e9union qui a \u00e9t\u00e9 consacr\u00e9e au lancement officiel du syst\u00e8me de gestion des fronti\u00e8res du B\u00e9nin, s\u2019annonce comme la mise en \u0153uvre du projet de renforcement du syst\u00e8me de gestion des fronti\u00e8res.<\/p>\n<p>Selon Th\u00e9ophile Nounahon, Administrateur de VISSIM B\u00e9nin, ce projet accorde une surveillance plus accrue des fronti\u00e8res et est mis en chantier depuis la visite du pr\u00e9sident Patrice Talon en Norv\u00e8ge en 2018.<\/p>\n<p>A le croire, ce projet de renforcement du syst\u00e8me de gestion des fronti\u00e8res constitue, entre autres, une solution au contr\u00f4le aux postes frontaliers, \u00e0 la d\u00e9tection des activit\u00e9s ill\u00e9gales dans les eaux, la s\u00e9curisation de l\u2019environnement afin de le rendre plus attractif aux investisseurs.<\/p>\n<p>Le syst\u00e8me repr\u00e9sente en outre un moyen de renseignement en temps r\u00e9el pour une meilleure pr\u00e9vention des activit\u00e9s. Gr\u00e2ce \u00e0 ce projet, le B\u00e9nin va faire face aux diff\u00e9rentes menaces qui impactent l\u2019\u00e9conomie nationale, a indiqu\u00e9 le pr\u00e9fet maritime, le Capitaine de Vaisseaux Maxime Ahoyo.<\/p>\n<p><strong>Pour plus d&rsquo;informations et d&rsquo;analyses sur la <a href=\"https:\/\/www.africa-press.net\/benin\">Benin<\/a>, suivez <a href=\"https:\/\/www.africa-press.net\/\">Africa-Press<\/a><\/strong><\/p>\n","protected":false},"excerpt":{"rendered":"<p>Africa-Press &#8211; Benin. Pour le renforcement de la lutte contre l\u2019ins\u00e9curit\u00e9 maritime et pour la surveillance des fronti\u00e8res terrestres m\u00e9ridionales \u00e0 Klak\u00e9 et \u00e0 Hilacondji, le gouvernement du B\u00e9nin opte pour un syst\u00e8me renforc\u00e9 de gestion des fronti\u00e8res. Pr\u00e9occup\u00e9 par la s\u00e9curit\u00e9 interne, le gouvernement du B\u00e9nin veut renforcer la s\u00e9curit\u00e9 au niveau de sa [&hellip;]<\/p>\n","protected":false},"author":82,"featured_media":8701,"comment_status":"open","ping_status":"closed","sticky":false,"template":"","format":"standard","meta":{"footnotes":""},"categories":[21,11,10],"tags":[36,50,45],"class_list":["post-8702","post","type-post","status-publish","format-standard","has-post-thumbnail","hentry","category-communaute","category-homepage-french","category-toutes-les-actualites","tag-africa-press","tag-africa-press-benin","tag-benin"],"yoast_head":"<!-- This site is optimized with the Yoast SEO Premium plugin v26.1 (Yoast SEO v27.0) - https:\/\/yoast.com\/product\/yoast-seo-premium-wordpress\/ -->\n<title>B\u00e9nin: vers le renforcement du syst\u00e8me de gestion des fronti\u00e8res - B\u00e9nin<\/title>\n<meta name=\"description\" content=\"Pour le renforcement de la lutte contre l\u2019ins\u00e9curit\u00e9 maritime et pour la surveillance des fronti\u00e8res terrestres m\u00e9rid ...\" \/>\n<meta name=\"robots\" content=\"index, follow, max-snippet:-1, max-image-preview:large, max-video-preview:-1\" \/>\n<link rel=\"canonical\" href=\"https:\/\/www.africa-press.net\/benin\/toutes-les-actualites\/benin-vers-le-renforcement-du-systeme-de-gestion-des-frontieres\" \/>\n<meta property=\"og:locale\" content=\"fr_FR\" \/>\n<meta property=\"og:type\" content=\"article\" \/>\n<meta property=\"og:title\" content=\"B\u00e9nin: vers le renforcement du syst\u00e8me de gestion des fronti\u00e8res\" \/>\n<meta property=\"og:description\" content=\"Pour le renforcement de la lutte contre l\u2019ins\u00e9curit\u00e9 maritime et pour la surveillance des fronti\u00e8res terrestres m\u00e9rid ...\" \/>\n<meta property=\"og:url\" content=\"https:\/\/www.africa-press.net\/benin\/toutes-les-actualites\/benin-vers-le-renforcement-du-systeme-de-gestion-des-frontieres\" \/>\n<meta property=\"og:site_name\" content=\"B\u00e9nin\" \/>\n<meta property=\"article:published_time\" content=\"2022-09-07T16:53:09+00:00\" \/>\n<meta property=\"article:modified_time\" content=\"2022-09-07T17:14:35+00:00\" \/>\n<meta property=\"og:image\" content=\"https:\/\/static.africa-press.net\/benin\/sites\/46\/2022\/09\/postQueueImg_28.jpg\" \/>\n\t<meta property=\"og:image:width\" content=\"1200\" \/>\n\t<meta property=\"og:image:height\" content=\"686\" \/>\n\t<meta property=\"og:image:type\" content=\"image\/jpeg\" \/>\n<meta name=\"author\" content=\"cfeditorfr\" \/>\n<meta name=\"twitter:card\" content=\"summary_large_image\" \/>\n<meta name=\"twitter:label1\" content=\"\u00c9crit par\" \/>\n\t<meta name=\"twitter:data1\" content=\"cfeditorfr\" \/>\n\t<meta name=\"twitter:label2\" content=\"Dur\u00e9e de lecture estim\u00e9e\" \/>\n\t<meta name=\"twitter:data2\" content=\"2 minutes\" \/>\n<script type=\"application\/ld+json\" class=\"yoast-schema-graph\">{\"@context\":\"https:\/\/schema.org\",\"@graph\":[{\"@type\":\"Article\",\"@id\":\"https:\/\/www.africa-press.net\/benin\/toutes-les-actualites\/benin-vers-le-renforcement-du-systeme-de-gestion-des-frontieres#article\",\"isPartOf\":{\"@id\":\"https:\/\/www.africa-press.net\/benin\/toutes-les-actualites\/benin-vers-le-renforcement-du-systeme-de-gestion-des-frontieres\"},\"author\":{\"name\":\"cfeditorfr\",\"@id\":\"https:\/\/www.africa-press.net\/benin\/#\/schema\/person\/2b1cf3cd81a31e3cd26889ca66d677f1\"},\"headline\":\"B\u00e9nin: vers le renforcement du syst\u00e8me de gestion des fronti\u00e8res\",\"datePublished\":\"2022-09-07T16:53:09+00:00\",\"dateModified\":\"2022-09-07T17:14:35+00:00\",\"mainEntityOfPage\":{\"@id\":\"https:\/\/www.africa-press.net\/benin\/toutes-les-actualites\/benin-vers-le-renforcement-du-systeme-de-gestion-des-frontieres\"},\"wordCount\":314,\"commentCount\":0,\"image\":{\"@id\":\"https:\/\/www.africa-press.net\/benin\/toutes-les-actualites\/benin-vers-le-renforcement-du-systeme-de-gestion-des-frontieres#primaryimage\"},\"thumbnailUrl\":\"https:\/\/static.africa-press.net\/benin\/sites\/46\/2022\/09\/postQueueImg_28.jpg\",\"keywords\":[\"Africa Press\",\"Africa Press-Benin\",\"B\u00e9nin\"],\"articleSection\":[\"Communaut\u00e9\",\"homepage-french\",\"Toutes les actualit\u00e9s\"],\"inLanguage\":\"fr-FR\",\"potentialAction\":[{\"@type\":\"CommentAction\",\"name\":\"Comment\",\"target\":[\"https:\/\/www.africa-press.net\/benin\/toutes-les-actualites\/benin-vers-le-renforcement-du-systeme-de-gestion-des-frontieres#respond\"]}]},{\"@type\":\"WebPage\",\"@id\":\"https:\/\/www.africa-press.net\/benin\/toutes-les-actualites\/benin-vers-le-renforcement-du-systeme-de-gestion-des-frontieres\",\"url\":\"https:\/\/www.africa-press.net\/benin\/toutes-les-actualites\/benin-vers-le-renforcement-du-systeme-de-gestion-des-frontieres\",\"name\":\"B\u00e9nin: vers le renforcement du syst\u00e8me de gestion des fronti\u00e8res - B\u00e9nin\",\"isPartOf\":{\"@id\":\"https:\/\/www.africa-press.net\/benin\/#website\"},\"primaryImageOfPage\":{\"@id\":\"https:\/\/www.africa-press.net\/benin\/toutes-les-actualites\/benin-vers-le-renforcement-du-systeme-de-gestion-des-frontieres#primaryimage\"},\"image\":{\"@id\":\"https:\/\/www.africa-press.net\/benin\/toutes-les-actualites\/benin-vers-le-renforcement-du-systeme-de-gestion-des-frontieres#primaryimage\"},\"thumbnailUrl\":\"https:\/\/static.africa-press.net\/benin\/sites\/46\/2022\/09\/postQueueImg_28.jpg\",\"datePublished\":\"2022-09-07T16:53:09+00:00\",\"dateModified\":\"2022-09-07T17:14:35+00:00\",\"author\":{\"@id\":\"https:\/\/www.africa-press.net\/benin\/#\/schema\/person\/2b1cf3cd81a31e3cd26889ca66d677f1\"},\"description\":\"Pour le renforcement de la lutte contre l\u2019ins\u00e9curit\u00e9 maritime et pour la surveillance des fronti\u00e8res terrestres m\u00e9rid ...\",\"breadcrumb\":{\"@id\":\"https:\/\/www.africa-press.net\/benin\/toutes-les-actualites\/benin-vers-le-renforcement-du-systeme-de-gestion-des-frontieres#breadcrumb\"},\"inLanguage\":\"fr-FR\",\"potentialAction\":[{\"@type\":\"ReadAction\",\"target\":[\"https:\/\/www.africa-press.net\/benin\/toutes-les-actualites\/benin-vers-le-renforcement-du-systeme-de-gestion-des-frontieres\"]}]},{\"@type\":\"ImageObject\",\"inLanguage\":\"fr-FR\",\"@id\":\"https:\/\/www.africa-press.net\/benin\/toutes-les-actualites\/benin-vers-le-renforcement-du-systeme-de-gestion-des-frontieres#primaryimage\",\"url\":\"https:\/\/static.africa-press.net\/benin\/sites\/46\/2022\/09\/postQueueImg_28.jpg\",\"contentUrl\":\"https:\/\/static.africa-press.net\/benin\/sites\/46\/2022\/09\/postQueueImg_28.jpg\",\"width\":1200,\"height\":686,\"caption\":\"B\u00e9nin: vers le renforcement du syst\u00e8me de gestion des fronti\u00e8res\"},{\"@type\":\"BreadcrumbList\",\"@id\":\"https:\/\/www.africa-press.net\/benin\/toutes-les-actualites\/benin-vers-le-renforcement-du-systeme-de-gestion-des-frontieres#breadcrumb\",\"itemListElement\":[{\"@type\":\"ListItem\",\"position\":1,\"name\":\"Accueil\",\"item\":\"https:\/\/www.africa-press.net\/benin\/\"},{\"@type\":\"ListItem\",\"position\":2,\"name\":\"B\u00e9nin: vers le renforcement du syst\u00e8me de gestion des fronti\u00e8res\"}]},{\"@type\":\"WebSite\",\"@id\":\"https:\/\/www.africa-press.net\/benin\/#website\",\"url\":\"https:\/\/www.africa-press.net\/benin\/\",\"name\":\"B\u00e9nin\",\"description\":\"Just another Africa News Agency Sites site\",\"potentialAction\":[{\"@type\":\"SearchAction\",\"target\":{\"@type\":\"EntryPoint\",\"urlTemplate\":\"https:\/\/www.africa-press.net\/benin\/?s={search_term_string}\"},\"query-input\":{\"@type\":\"PropertyValueSpecification\",\"valueRequired\":true,\"valueName\":\"search_term_string\"}}],\"inLanguage\":\"fr-FR\"},{\"@type\":\"Person\",\"@id\":\"https:\/\/www.africa-press.net\/benin\/#\/schema\/person\/2b1cf3cd81a31e3cd26889ca66d677f1\",\"name\":\"cfeditorfr\"}]}<\/script>\n<!-- \/ Yoast SEO Premium plugin. -->","yoast_head_json":{"title":"B\u00e9nin: vers le renforcement du syst\u00e8me de gestion des fronti\u00e8res - B\u00e9nin","description":"Pour le renforcement de la lutte contre l\u2019ins\u00e9curit\u00e9 maritime et pour la surveillance des fronti\u00e8res terrestres m\u00e9rid ...","robots":{"index":"index","follow":"follow","max-snippet":"max-snippet:-1","max-image-preview":"max-image-preview:large","max-video-preview":"max-video-preview:-1"},"canonical":"https:\/\/www.africa-press.net\/benin\/toutes-les-actualites\/benin-vers-le-renforcement-du-systeme-de-gestion-des-frontieres","og_locale":"fr_FR","og_type":"article","og_title":"B\u00e9nin: vers le renforcement du syst\u00e8me de gestion des fronti\u00e8res","og_description":"Pour le renforcement de la lutte contre l\u2019ins\u00e9curit\u00e9 maritime et pour la surveillance des fronti\u00e8res terrestres m\u00e9rid ...","og_url":"https:\/\/www.africa-press.net\/benin\/toutes-les-actualites\/benin-vers-le-renforcement-du-systeme-de-gestion-des-frontieres","og_site_name":"B\u00e9nin","article_published_time":"2022-09-07T16:53:09+00:00","article_modified_time":"2022-09-07T17:14:35+00:00","og_image":[{"width":1200,"height":686,"url":"https:\/\/static.africa-press.net\/benin\/sites\/46\/2022\/09\/postQueueImg_28.jpg","type":"image\/jpeg"}],"author":"cfeditorfr","twitter_card":"summary_large_image","twitter_misc":{"\u00c9crit par":"cfeditorfr","Dur\u00e9e de lecture estim\u00e9e":"2 minutes"},"schema":{"@context":"https:\/\/schema.org","@graph":[{"@type":"Article","@id":"https:\/\/www.africa-press.net\/benin\/toutes-les-actualites\/benin-vers-le-renforcement-du-systeme-de-gestion-des-frontieres#article","isPartOf":{"@id":"https:\/\/www.africa-press.net\/benin\/toutes-les-actualites\/benin-vers-le-renforcement-du-systeme-de-gestion-des-frontieres"},"author":{"name":"cfeditorfr","@id":"https:\/\/www.africa-press.net\/benin\/#\/schema\/person\/2b1cf3cd81a31e3cd26889ca66d677f1"},"headline":"B\u00e9nin: vers le renforcement du syst\u00e8me de gestion des fronti\u00e8res","datePublished":"2022-09-07T16:53:09+00:00","dateModified":"2022-09-07T17:14:35+00:00","mainEntityOfPage":{"@id":"https:\/\/www.africa-press.net\/benin\/toutes-les-actualites\/benin-vers-le-renforcement-du-systeme-de-gestion-des-frontieres"},"wordCount":314,"commentCount":0,"image":{"@id":"https:\/\/www.africa-press.net\/benin\/toutes-les-actualites\/benin-vers-le-renforcement-du-systeme-de-gestion-des-frontieres#primaryimage"},"thumbnailUrl":"https:\/\/static.africa-press.net\/benin\/sites\/46\/2022\/09\/postQueueImg_28.jpg","keywords":["Africa Press","Africa Press-Benin","B\u00e9nin"],"articleSection":["Communaut\u00e9","homepage-french","Toutes les actualit\u00e9s"],"inLanguage":"fr-FR","potentialAction":[{"@type":"CommentAction","name":"Comment","target":["https:\/\/www.africa-press.net\/benin\/toutes-les-actualites\/benin-vers-le-renforcement-du-systeme-de-gestion-des-frontieres#respond"]}]},{"@type":"WebPage","@id":"https:\/\/www.africa-press.net\/benin\/toutes-les-actualites\/benin-vers-le-renforcement-du-systeme-de-gestion-des-frontieres","url":"https:\/\/www.africa-press.net\/benin\/toutes-les-actualites\/benin-vers-le-renforcement-du-systeme-de-gestion-des-frontieres","name":"B\u00e9nin: vers le renforcement du syst\u00e8me de gestion des fronti\u00e8res - B\u00e9nin","isPartOf":{"@id":"https:\/\/www.africa-press.net\/benin\/#website"},"primaryImageOfPage":{"@id":"https:\/\/www.africa-press.net\/benin\/toutes-les-actualites\/benin-vers-le-renforcement-du-systeme-de-gestion-des-frontieres#primaryimage"},"image":{"@id":"https:\/\/www.africa-press.net\/benin\/toutes-les-actualites\/benin-vers-le-renforcement-du-systeme-de-gestion-des-frontieres#primaryimage"},"thumbnailUrl":"https:\/\/static.africa-press.net\/benin\/sites\/46\/2022\/09\/postQueueImg_28.jpg","datePublished":"2022-09-07T16:53:09+00:00","dateModified":"2022-09-07T17:14:35+00:00","author":{"@id":"https:\/\/www.africa-press.net\/benin\/#\/schema\/person\/2b1cf3cd81a31e3cd26889ca66d677f1"},"description":"Pour le renforcement de la lutte contre l\u2019ins\u00e9curit\u00e9 maritime et pour la surveillance des fronti\u00e8res terrestres m\u00e9rid ...","breadcrumb":{"@id":"https:\/\/www.africa-press.net\/benin\/toutes-les-actualites\/benin-vers-le-renforcement-du-systeme-de-gestion-des-frontieres#breadcrumb"},"inLanguage":"fr-FR","potentialAction":[{"@type":"ReadAction","target":["https:\/\/www.africa-press.net\/benin\/toutes-les-actualites\/benin-vers-le-renforcement-du-systeme-de-gestion-des-frontieres"]}]},{"@type":"ImageObject","inLanguage":"fr-FR","@id":"https:\/\/www.africa-press.net\/benin\/toutes-les-actualites\/benin-vers-le-renforcement-du-systeme-de-gestion-des-frontieres#primaryimage","url":"https:\/\/static.africa-press.net\/benin\/sites\/46\/2022\/09\/postQueueImg_28.jpg","contentUrl":"https:\/\/static.africa-press.net\/benin\/sites\/46\/2022\/09\/postQueueImg_28.jpg","width":1200,"height":686,"caption":"B\u00e9nin: vers le renforcement du syst\u00e8me de gestion des fronti\u00e8res"},{"@type":"BreadcrumbList","@id":"https:\/\/www.africa-press.net\/benin\/toutes-les-actualites\/benin-vers-le-renforcement-du-systeme-de-gestion-des-frontieres#breadcrumb","itemListElement":[{"@type":"ListItem","position":1,"name":"Accueil","item":"https:\/\/www.africa-press.net\/benin\/"},{"@type":"ListItem","position":2,"name":"B\u00e9nin: vers le renforcement du syst\u00e8me de gestion des fronti\u00e8res"}]},{"@type":"WebSite","@id":"https:\/\/www.africa-press.net\/benin\/#website","url":"https:\/\/www.africa-press.net\/benin\/","name":"B\u00e9nin","description":"Just another Africa News Agency Sites site","potentialAction":[{"@type":"SearchAction","target":{"@type":"EntryPoint","urlTemplate":"https:\/\/www.africa-press.net\/benin\/?s={search_term_string}"},"query-input":{"@type":"PropertyValueSpecification","valueRequired":true,"valueName":"search_term_string"}}],"inLanguage":"fr-FR"},{"@type":"Person","@id":"https:\/\/www.africa-press.net\/benin\/#\/schema\/person\/2b1cf3cd81a31e3cd26889ca66d677f1","name":"cfeditorfr"}]}},"_links":{"self":[{"href":"https:\/\/www.africa-press.net\/benin\/wp-json\/wp\/v2\/posts\/8702","targetHints":{"allow":["GET"]}}],"collection":[{"href":"https:\/\/www.africa-press.net\/benin\/wp-json\/wp\/v2\/posts"}],"about":[{"href":"https:\/\/www.africa-press.net\/benin\/wp-json\/wp\/v2\/types\/post"}],"author":[{"embeddable":true,"href":"https:\/\/www.africa-press.net\/benin\/wp-json\/wp\/v2\/users\/82"}],"replies":[{"embeddable":true,"href":"https:\/\/www.africa-press.net\/benin\/wp-json\/wp\/v2\/comments?post=8702"}],"version-history":[{"count":0,"href":"https:\/\/www.africa-press.net\/benin\/wp-json\/wp\/v2\/posts\/8702\/revisions"}],"wp:featuredmedia":[{"embeddable":true,"href":"https:\/\/www.africa-press.net\/benin\/wp-json\/wp\/v2\/media\/8701"}],"wp:attachment":[{"href":"https:\/\/www.africa-press.net\/benin\/wp-json\/wp\/v2\/media?parent=8702"}],"wp:term":[{"taxonomy":"category","embeddable":true,"href":"https:\/\/www.africa-press.net\/benin\/wp-json\/wp\/v2\/categories?post=8702"},{"taxonomy":"post_tag","embeddable":true,"href":"https:\/\/www.africa-press.net\/benin\/wp-json\/wp\/v2\/tags?post=8702"}],"curies":[{"name":"wp","href":"https:\/\/api.w.org\/{rel}","templated":true}]}}