{"id":8726,"date":"2022-09-08T16:58:10","date_gmt":"2022-09-08T16:58:10","guid":{"rendered":"https:\/\/www.africa-press.net\/benin\/politique\/benin-le-commissaire-dagblangandan-releve-de-ses-fonctions-suite-a-une-affaire-de-cybercriminalite"},"modified":"2022-09-08T17:29:14","modified_gmt":"2022-09-08T17:29:14","slug":"benin-le-commissaire-dagblangandan-releve-de-ses-fonctions-suite-a-une-affaire-de-cybercriminalite","status":"publish","type":"post","link":"https:\/\/www.africa-press.net\/benin\/toutes-les-actualites\/benin-le-commissaire-dagblangandan-releve-de-ses-fonctions-suite-a-une-affaire-de-cybercriminalite","title":{"rendered":"B\u00e9nin: le Commissaire d\u2019Agblangandan relev\u00e9 de ses fonctions, suite \u00e0 une affaire de cybercriminalit\u00e9"},"content":{"rendered":"<p><span style=\"color: #ff6600\"><strong>Africa-Press &#8211; Benin. <\/strong><\/span>Le Commissaire d\u2019Aglangandan a \u00e9t\u00e9 relev\u00e9 de ses fonctions vendredi dernier. L\u2019officier de police est cit\u00e9 dans une affaire li\u00e9e \u00e0 la cybercriminalit\u00e9 qui fait l\u2019objet d\u2019une enqu\u00eate \u00e0 la Brigade \u00e9conomique et financi\u00e8re (Bef).<\/p>\n<p>Carin Viakinnou n\u2019est plus le patron du commissariat d\u2019Aglangandan. Il a \u00e9t\u00e9 relev\u00e9 de ses fonctions et mis \u00e0 la disposition de la justice. Selon Frissons radio, l\u2019int\u00e9ress\u00e9 a \u00e9t\u00e9 \u00e9cout\u00e9 et plac\u00e9 sous convocation dans une enqu\u00eate ordonn\u00e9e par le Procureur sp\u00e9cial de la Cour de r\u00e9pression des infractions \u00e9conomiques et du terrorisme (Criet).<\/p>\n<p>La justice aurait des doutes sur une proc\u00e9dure men\u00e9e contre de pr\u00e9sum\u00e9s cybercriminels qui ont \u00e9t\u00e9 arr\u00eat\u00e9s par le commissariat d\u2019Agblangandan. Le d\u00e9sormais ex-Commissaire a \u00e9t\u00e9 donc \u00e9cout\u00e9 pour expliquer ce qui s\u2019\u00e9tait pass\u00e9. D\u2019autres personnes cit\u00e9es dans le dossier sont dans mains de la police r\u00e9publicaine ; c\u2019est le cas d\u2019une dame actuellement en garde \u00e0 vue, pr\u00e9sent\u00e9e comme interm\u00e9diaire.<\/p>\n<p><strong>Pour plus d&rsquo;informations et d&rsquo;analyses sur la <a href=\"https:\/\/www.africa-press.net\/benin\">Benin<\/a>, suivez <a href=\"https:\/\/www.africa-press.net\/\">Africa-Press<\/a><\/strong><\/p>\n","protected":false},"excerpt":{"rendered":"<p>Africa-Press &#8211; Benin. Le Commissaire d\u2019Aglangandan a \u00e9t\u00e9 relev\u00e9 de ses fonctions vendredi dernier. L\u2019officier de police est cit\u00e9 dans une affaire li\u00e9e \u00e0 la cybercriminalit\u00e9 qui fait l\u2019objet d\u2019une enqu\u00eate \u00e0 la Brigade \u00e9conomique et financi\u00e8re (Bef). Carin Viakinnou n\u2019est plus le patron du commissariat d\u2019Aglangandan. Il a \u00e9t\u00e9 relev\u00e9 de ses fonctions et [&hellip;]<\/p>\n","protected":false},"author":82,"featured_media":8725,"comment_status":"open","ping_status":"closed","sticky":false,"template":"","format":"standard","meta":{"footnotes":""},"categories":[21,11,10],"tags":[36,50,45],"class_list":["post-8726","post","type-post","status-publish","format-standard","has-post-thumbnail","hentry","category-communaute","category-homepage-french","category-toutes-les-actualites","tag-africa-press","tag-africa-press-benin","tag-benin"],"yoast_head":"<!-- This site is optimized with the Yoast SEO Premium plugin v26.1 (Yoast SEO v27.0) - https:\/\/yoast.com\/product\/yoast-seo-premium-wordpress\/ -->\n<title>B\u00e9nin: le Commissaire d\u2019Agblangandan relev\u00e9 de ses fonctions, suite \u00e0 une affaire de cybercriminalit\u00e9 - B\u00e9nin<\/title>\n<meta name=\"description\" content=\"Le Commissaire d\u2019Aglangandan a \u00e9t\u00e9 relev\u00e9 de ses fonctions vendredi dernier. L\u2019officier de police est cit\u00e9 dans une affa ...\" \/>\n<meta name=\"robots\" content=\"index, follow, max-snippet:-1, max-image-preview:large, max-video-preview:-1\" \/>\n<link rel=\"canonical\" href=\"https:\/\/www.africa-press.net\/benin\/toutes-les-actualites\/benin-le-commissaire-dagblangandan-releve-de-ses-fonctions-suite-a-une-affaire-de-cybercriminalite\" \/>\n<meta property=\"og:locale\" content=\"fr_FR\" \/>\n<meta property=\"og:type\" content=\"article\" \/>\n<meta property=\"og:title\" content=\"B\u00e9nin: le Commissaire d\u2019Agblangandan relev\u00e9 de ses fonctions, suite \u00e0 une affaire de cybercriminalit\u00e9\" \/>\n<meta property=\"og:description\" content=\"Le Commissaire d\u2019Aglangandan a \u00e9t\u00e9 relev\u00e9 de ses fonctions vendredi dernier. L\u2019officier de police est cit\u00e9 dans une affa ...\" \/>\n<meta property=\"og:url\" content=\"https:\/\/www.africa-press.net\/benin\/toutes-les-actualites\/benin-le-commissaire-dagblangandan-releve-de-ses-fonctions-suite-a-une-affaire-de-cybercriminalite\" \/>\n<meta property=\"og:site_name\" content=\"B\u00e9nin\" \/>\n<meta property=\"article:published_time\" content=\"2022-09-08T16:58:10+00:00\" \/>\n<meta property=\"article:modified_time\" content=\"2022-09-08T17:29:14+00:00\" \/>\n<meta property=\"og:image\" content=\"https:\/\/static.africa-press.net\/benin\/sites\/46\/2022\/09\/postQueueImg_18-631a264e08bc9.jpg\" \/>\n\t<meta property=\"og:image:width\" content=\"1200\" \/>\n\t<meta property=\"og:image:height\" content=\"900\" \/>\n\t<meta property=\"og:image:type\" content=\"image\/jpeg\" \/>\n<meta name=\"author\" content=\"cfeditorfr\" \/>\n<meta name=\"twitter:card\" content=\"summary_large_image\" \/>\n<meta name=\"twitter:label1\" content=\"\u00c9crit par\" \/>\n\t<meta name=\"twitter:data1\" content=\"cfeditorfr\" \/>\n\t<meta name=\"twitter:label2\" content=\"Dur\u00e9e de lecture estim\u00e9e\" \/>\n\t<meta name=\"twitter:data2\" content=\"1 minute\" \/>\n<script type=\"application\/ld+json\" class=\"yoast-schema-graph\">{\"@context\":\"https:\/\/schema.org\",\"@graph\":[{\"@type\":\"Article\",\"@id\":\"https:\/\/www.africa-press.net\/benin\/toutes-les-actualites\/benin-le-commissaire-dagblangandan-releve-de-ses-fonctions-suite-a-une-affaire-de-cybercriminalite#article\",\"isPartOf\":{\"@id\":\"https:\/\/www.africa-press.net\/benin\/toutes-les-actualites\/benin-le-commissaire-dagblangandan-releve-de-ses-fonctions-suite-a-une-affaire-de-cybercriminalite\"},\"author\":{\"name\":\"cfeditorfr\",\"@id\":\"https:\/\/www.africa-press.net\/benin\/#\/schema\/person\/2b1cf3cd81a31e3cd26889ca66d677f1\"},\"headline\":\"B\u00e9nin: le Commissaire d\u2019Agblangandan relev\u00e9 de ses fonctions, suite \u00e0 une affaire de cybercriminalit\u00e9\",\"datePublished\":\"2022-09-08T16:58:10+00:00\",\"dateModified\":\"2022-09-08T17:29:14+00:00\",\"mainEntityOfPage\":{\"@id\":\"https:\/\/www.africa-press.net\/benin\/toutes-les-actualites\/benin-le-commissaire-dagblangandan-releve-de-ses-fonctions-suite-a-une-affaire-de-cybercriminalite\"},\"wordCount\":208,\"commentCount\":0,\"image\":{\"@id\":\"https:\/\/www.africa-press.net\/benin\/toutes-les-actualites\/benin-le-commissaire-dagblangandan-releve-de-ses-fonctions-suite-a-une-affaire-de-cybercriminalite#primaryimage\"},\"thumbnailUrl\":\"https:\/\/static.africa-press.net\/benin\/sites\/46\/2022\/09\/postQueueImg_18-631a264e08bc9.jpg\",\"keywords\":[\"Africa Press\",\"Africa Press-Benin\",\"B\u00e9nin\"],\"articleSection\":[\"Communaut\u00e9\",\"homepage-french\",\"Toutes les actualit\u00e9s\"],\"inLanguage\":\"fr-FR\",\"potentialAction\":[{\"@type\":\"CommentAction\",\"name\":\"Comment\",\"target\":[\"https:\/\/www.africa-press.net\/benin\/toutes-les-actualites\/benin-le-commissaire-dagblangandan-releve-de-ses-fonctions-suite-a-une-affaire-de-cybercriminalite#respond\"]}]},{\"@type\":\"WebPage\",\"@id\":\"https:\/\/www.africa-press.net\/benin\/toutes-les-actualites\/benin-le-commissaire-dagblangandan-releve-de-ses-fonctions-suite-a-une-affaire-de-cybercriminalite\",\"url\":\"https:\/\/www.africa-press.net\/benin\/toutes-les-actualites\/benin-le-commissaire-dagblangandan-releve-de-ses-fonctions-suite-a-une-affaire-de-cybercriminalite\",\"name\":\"B\u00e9nin: le Commissaire d\u2019Agblangandan relev\u00e9 de ses fonctions, suite \u00e0 une affaire de cybercriminalit\u00e9 - B\u00e9nin\",\"isPartOf\":{\"@id\":\"https:\/\/www.africa-press.net\/benin\/#website\"},\"primaryImageOfPage\":{\"@id\":\"https:\/\/www.africa-press.net\/benin\/toutes-les-actualites\/benin-le-commissaire-dagblangandan-releve-de-ses-fonctions-suite-a-une-affaire-de-cybercriminalite#primaryimage\"},\"image\":{\"@id\":\"https:\/\/www.africa-press.net\/benin\/toutes-les-actualites\/benin-le-commissaire-dagblangandan-releve-de-ses-fonctions-suite-a-une-affaire-de-cybercriminalite#primaryimage\"},\"thumbnailUrl\":\"https:\/\/static.africa-press.net\/benin\/sites\/46\/2022\/09\/postQueueImg_18-631a264e08bc9.jpg\",\"datePublished\":\"2022-09-08T16:58:10+00:00\",\"dateModified\":\"2022-09-08T17:29:14+00:00\",\"author\":{\"@id\":\"https:\/\/www.africa-press.net\/benin\/#\/schema\/person\/2b1cf3cd81a31e3cd26889ca66d677f1\"},\"description\":\"Le Commissaire d\u2019Aglangandan a \u00e9t\u00e9 relev\u00e9 de ses fonctions vendredi dernier. L\u2019officier de police est cit\u00e9 dans une affa ...\",\"breadcrumb\":{\"@id\":\"https:\/\/www.africa-press.net\/benin\/toutes-les-actualites\/benin-le-commissaire-dagblangandan-releve-de-ses-fonctions-suite-a-une-affaire-de-cybercriminalite#breadcrumb\"},\"inLanguage\":\"fr-FR\",\"potentialAction\":[{\"@type\":\"ReadAction\",\"target\":[\"https:\/\/www.africa-press.net\/benin\/toutes-les-actualites\/benin-le-commissaire-dagblangandan-releve-de-ses-fonctions-suite-a-une-affaire-de-cybercriminalite\"]}]},{\"@type\":\"ImageObject\",\"inLanguage\":\"fr-FR\",\"@id\":\"https:\/\/www.africa-press.net\/benin\/toutes-les-actualites\/benin-le-commissaire-dagblangandan-releve-de-ses-fonctions-suite-a-une-affaire-de-cybercriminalite#primaryimage\",\"url\":\"https:\/\/static.africa-press.net\/benin\/sites\/46\/2022\/09\/postQueueImg_18-631a264e08bc9.jpg\",\"contentUrl\":\"https:\/\/static.africa-press.net\/benin\/sites\/46\/2022\/09\/postQueueImg_18-631a264e08bc9.jpg\",\"width\":1200,\"height\":900,\"caption\":\"B\u00e9nin: le Commissaire d\u2019Agblangandan relev\u00e9 de ses fonctions, suite \u00e0 une affaire de cybercriminalit\u00e9\"},{\"@type\":\"BreadcrumbList\",\"@id\":\"https:\/\/www.africa-press.net\/benin\/toutes-les-actualites\/benin-le-commissaire-dagblangandan-releve-de-ses-fonctions-suite-a-une-affaire-de-cybercriminalite#breadcrumb\",\"itemListElement\":[{\"@type\":\"ListItem\",\"position\":1,\"name\":\"Accueil\",\"item\":\"https:\/\/www.africa-press.net\/benin\/\"},{\"@type\":\"ListItem\",\"position\":2,\"name\":\"B\u00e9nin: le Commissaire d\u2019Agblangandan relev\u00e9 de ses fonctions, suite \u00e0 une affaire de cybercriminalit\u00e9\"}]},{\"@type\":\"WebSite\",\"@id\":\"https:\/\/www.africa-press.net\/benin\/#website\",\"url\":\"https:\/\/www.africa-press.net\/benin\/\",\"name\":\"B\u00e9nin\",\"description\":\"Just another Africa News Agency Sites site\",\"potentialAction\":[{\"@type\":\"SearchAction\",\"target\":{\"@type\":\"EntryPoint\",\"urlTemplate\":\"https:\/\/www.africa-press.net\/benin\/?s={search_term_string}\"},\"query-input\":{\"@type\":\"PropertyValueSpecification\",\"valueRequired\":true,\"valueName\":\"search_term_string\"}}],\"inLanguage\":\"fr-FR\"},{\"@type\":\"Person\",\"@id\":\"https:\/\/www.africa-press.net\/benin\/#\/schema\/person\/2b1cf3cd81a31e3cd26889ca66d677f1\",\"name\":\"cfeditorfr\"}]}<\/script>\n<!-- \/ Yoast SEO Premium plugin. -->","yoast_head_json":{"title":"B\u00e9nin: le Commissaire d\u2019Agblangandan relev\u00e9 de ses fonctions, suite \u00e0 une affaire de cybercriminalit\u00e9 - B\u00e9nin","description":"Le Commissaire d\u2019Aglangandan a \u00e9t\u00e9 relev\u00e9 de ses fonctions vendredi dernier. L\u2019officier de police est cit\u00e9 dans une affa ...","robots":{"index":"index","follow":"follow","max-snippet":"max-snippet:-1","max-image-preview":"max-image-preview:large","max-video-preview":"max-video-preview:-1"},"canonical":"https:\/\/www.africa-press.net\/benin\/toutes-les-actualites\/benin-le-commissaire-dagblangandan-releve-de-ses-fonctions-suite-a-une-affaire-de-cybercriminalite","og_locale":"fr_FR","og_type":"article","og_title":"B\u00e9nin: le Commissaire d\u2019Agblangandan relev\u00e9 de ses fonctions, suite \u00e0 une affaire de cybercriminalit\u00e9","og_description":"Le Commissaire d\u2019Aglangandan a \u00e9t\u00e9 relev\u00e9 de ses fonctions vendredi dernier. L\u2019officier de police est cit\u00e9 dans une affa ...","og_url":"https:\/\/www.africa-press.net\/benin\/toutes-les-actualites\/benin-le-commissaire-dagblangandan-releve-de-ses-fonctions-suite-a-une-affaire-de-cybercriminalite","og_site_name":"B\u00e9nin","article_published_time":"2022-09-08T16:58:10+00:00","article_modified_time":"2022-09-08T17:29:14+00:00","og_image":[{"width":1200,"height":900,"url":"https:\/\/static.africa-press.net\/benin\/sites\/46\/2022\/09\/postQueueImg_18-631a264e08bc9.jpg","type":"image\/jpeg"}],"author":"cfeditorfr","twitter_card":"summary_large_image","twitter_misc":{"\u00c9crit par":"cfeditorfr","Dur\u00e9e de lecture estim\u00e9e":"1 minute"},"schema":{"@context":"https:\/\/schema.org","@graph":[{"@type":"Article","@id":"https:\/\/www.africa-press.net\/benin\/toutes-les-actualites\/benin-le-commissaire-dagblangandan-releve-de-ses-fonctions-suite-a-une-affaire-de-cybercriminalite#article","isPartOf":{"@id":"https:\/\/www.africa-press.net\/benin\/toutes-les-actualites\/benin-le-commissaire-dagblangandan-releve-de-ses-fonctions-suite-a-une-affaire-de-cybercriminalite"},"author":{"name":"cfeditorfr","@id":"https:\/\/www.africa-press.net\/benin\/#\/schema\/person\/2b1cf3cd81a31e3cd26889ca66d677f1"},"headline":"B\u00e9nin: le Commissaire d\u2019Agblangandan relev\u00e9 de ses fonctions, suite \u00e0 une affaire de cybercriminalit\u00e9","datePublished":"2022-09-08T16:58:10+00:00","dateModified":"2022-09-08T17:29:14+00:00","mainEntityOfPage":{"@id":"https:\/\/www.africa-press.net\/benin\/toutes-les-actualites\/benin-le-commissaire-dagblangandan-releve-de-ses-fonctions-suite-a-une-affaire-de-cybercriminalite"},"wordCount":208,"commentCount":0,"image":{"@id":"https:\/\/www.africa-press.net\/benin\/toutes-les-actualites\/benin-le-commissaire-dagblangandan-releve-de-ses-fonctions-suite-a-une-affaire-de-cybercriminalite#primaryimage"},"thumbnailUrl":"https:\/\/static.africa-press.net\/benin\/sites\/46\/2022\/09\/postQueueImg_18-631a264e08bc9.jpg","keywords":["Africa Press","Africa Press-Benin","B\u00e9nin"],"articleSection":["Communaut\u00e9","homepage-french","Toutes les actualit\u00e9s"],"inLanguage":"fr-FR","potentialAction":[{"@type":"CommentAction","name":"Comment","target":["https:\/\/www.africa-press.net\/benin\/toutes-les-actualites\/benin-le-commissaire-dagblangandan-releve-de-ses-fonctions-suite-a-une-affaire-de-cybercriminalite#respond"]}]},{"@type":"WebPage","@id":"https:\/\/www.africa-press.net\/benin\/toutes-les-actualites\/benin-le-commissaire-dagblangandan-releve-de-ses-fonctions-suite-a-une-affaire-de-cybercriminalite","url":"https:\/\/www.africa-press.net\/benin\/toutes-les-actualites\/benin-le-commissaire-dagblangandan-releve-de-ses-fonctions-suite-a-une-affaire-de-cybercriminalite","name":"B\u00e9nin: le Commissaire d\u2019Agblangandan relev\u00e9 de ses fonctions, suite \u00e0 une affaire de cybercriminalit\u00e9 - B\u00e9nin","isPartOf":{"@id":"https:\/\/www.africa-press.net\/benin\/#website"},"primaryImageOfPage":{"@id":"https:\/\/www.africa-press.net\/benin\/toutes-les-actualites\/benin-le-commissaire-dagblangandan-releve-de-ses-fonctions-suite-a-une-affaire-de-cybercriminalite#primaryimage"},"image":{"@id":"https:\/\/www.africa-press.net\/benin\/toutes-les-actualites\/benin-le-commissaire-dagblangandan-releve-de-ses-fonctions-suite-a-une-affaire-de-cybercriminalite#primaryimage"},"thumbnailUrl":"https:\/\/static.africa-press.net\/benin\/sites\/46\/2022\/09\/postQueueImg_18-631a264e08bc9.jpg","datePublished":"2022-09-08T16:58:10+00:00","dateModified":"2022-09-08T17:29:14+00:00","author":{"@id":"https:\/\/www.africa-press.net\/benin\/#\/schema\/person\/2b1cf3cd81a31e3cd26889ca66d677f1"},"description":"Le Commissaire d\u2019Aglangandan a \u00e9t\u00e9 relev\u00e9 de ses fonctions vendredi dernier. L\u2019officier de police est cit\u00e9 dans une affa ...","breadcrumb":{"@id":"https:\/\/www.africa-press.net\/benin\/toutes-les-actualites\/benin-le-commissaire-dagblangandan-releve-de-ses-fonctions-suite-a-une-affaire-de-cybercriminalite#breadcrumb"},"inLanguage":"fr-FR","potentialAction":[{"@type":"ReadAction","target":["https:\/\/www.africa-press.net\/benin\/toutes-les-actualites\/benin-le-commissaire-dagblangandan-releve-de-ses-fonctions-suite-a-une-affaire-de-cybercriminalite"]}]},{"@type":"ImageObject","inLanguage":"fr-FR","@id":"https:\/\/www.africa-press.net\/benin\/toutes-les-actualites\/benin-le-commissaire-dagblangandan-releve-de-ses-fonctions-suite-a-une-affaire-de-cybercriminalite#primaryimage","url":"https:\/\/static.africa-press.net\/benin\/sites\/46\/2022\/09\/postQueueImg_18-631a264e08bc9.jpg","contentUrl":"https:\/\/static.africa-press.net\/benin\/sites\/46\/2022\/09\/postQueueImg_18-631a264e08bc9.jpg","width":1200,"height":900,"caption":"B\u00e9nin: le Commissaire d\u2019Agblangandan relev\u00e9 de ses fonctions, suite \u00e0 une affaire de cybercriminalit\u00e9"},{"@type":"BreadcrumbList","@id":"https:\/\/www.africa-press.net\/benin\/toutes-les-actualites\/benin-le-commissaire-dagblangandan-releve-de-ses-fonctions-suite-a-une-affaire-de-cybercriminalite#breadcrumb","itemListElement":[{"@type":"ListItem","position":1,"name":"Accueil","item":"https:\/\/www.africa-press.net\/benin\/"},{"@type":"ListItem","position":2,"name":"B\u00e9nin: le Commissaire d\u2019Agblangandan relev\u00e9 de ses fonctions, suite \u00e0 une affaire de cybercriminalit\u00e9"}]},{"@type":"WebSite","@id":"https:\/\/www.africa-press.net\/benin\/#website","url":"https:\/\/www.africa-press.net\/benin\/","name":"B\u00e9nin","description":"Just another Africa News Agency Sites site","potentialAction":[{"@type":"SearchAction","target":{"@type":"EntryPoint","urlTemplate":"https:\/\/www.africa-press.net\/benin\/?s={search_term_string}"},"query-input":{"@type":"PropertyValueSpecification","valueRequired":true,"valueName":"search_term_string"}}],"inLanguage":"fr-FR"},{"@type":"Person","@id":"https:\/\/www.africa-press.net\/benin\/#\/schema\/person\/2b1cf3cd81a31e3cd26889ca66d677f1","name":"cfeditorfr"}]}},"_links":{"self":[{"href":"https:\/\/www.africa-press.net\/benin\/wp-json\/wp\/v2\/posts\/8726","targetHints":{"allow":["GET"]}}],"collection":[{"href":"https:\/\/www.africa-press.net\/benin\/wp-json\/wp\/v2\/posts"}],"about":[{"href":"https:\/\/www.africa-press.net\/benin\/wp-json\/wp\/v2\/types\/post"}],"author":[{"embeddable":true,"href":"https:\/\/www.africa-press.net\/benin\/wp-json\/wp\/v2\/users\/82"}],"replies":[{"embeddable":true,"href":"https:\/\/www.africa-press.net\/benin\/wp-json\/wp\/v2\/comments?post=8726"}],"version-history":[{"count":0,"href":"https:\/\/www.africa-press.net\/benin\/wp-json\/wp\/v2\/posts\/8726\/revisions"}],"wp:featuredmedia":[{"embeddable":true,"href":"https:\/\/www.africa-press.net\/benin\/wp-json\/wp\/v2\/media\/8725"}],"wp:attachment":[{"href":"https:\/\/www.africa-press.net\/benin\/wp-json\/wp\/v2\/media?parent=8726"}],"wp:term":[{"taxonomy":"category","embeddable":true,"href":"https:\/\/www.africa-press.net\/benin\/wp-json\/wp\/v2\/categories?post=8726"},{"taxonomy":"post_tag","embeddable":true,"href":"https:\/\/www.africa-press.net\/benin\/wp-json\/wp\/v2\/tags?post=8726"}],"curies":[{"name":"wp","href":"https:\/\/api.w.org\/{rel}","templated":true}]}}