{"id":8729,"date":"2022-09-08T16:58:25","date_gmt":"2022-09-08T16:58:25","guid":{"rendered":"https:\/\/www.africa-press.net\/benin\/politique\/preparation-des-legislatives-de-2023-sacca-lafia-echange-avec-la-cour"},"modified":"2022-09-08T17:29:48","modified_gmt":"2022-09-08T17:29:48","slug":"preparation-des-legislatives-de-2023-sacca-lafia-echange-avec-la-cour","status":"publish","type":"post","link":"https:\/\/www.africa-press.net\/benin\/politique\/preparation-des-legislatives-de-2023-sacca-lafia-echange-avec-la-cour","title":{"rendered":"Pr\u00e9paration des l\u00e9gislatives de 2023: Sacca Lafia \u00e9change avec la cour"},"content":{"rendered":"<p><span style=\"color: #ff6600\"><strong>Africa-Press &#8211; Benin. <\/strong><\/span><b>Le pr\u00e9sident du conseil \u00e9lectoral, l\u2019ancien ministre Sacca Lafia et une d\u00e9l\u00e9gation de la commission \u00e9lectorale nationale autonome (CENA) ont \u00e9chang\u00e9 ce mercredi 7 Septembre 2022 avec les conseillers de la cour constitutionnelle.<\/b><\/p>\n<p>L\u2019ancien ministre de l\u2019int\u00e9rieur, Sacca Lafia et une d\u00e9l\u00e9gation de la commission \u00e9lectorale nationale autonome (CENA) \u00e9taient ce mercredi dans les locaux de la cour constitutionnelle o\u00f9 ils ont tenu une s\u00e9ance de travail avec les conseillers.<\/p>\n<p>La d\u00e9marche des membres de la commission \u00e9lectorale nationale autonome (CENA) entre en ligne de compte des pr\u00e9paratifs des \u00e9lections l\u00e9gislatives du 08 janvier 2023. Il a \u00e9t\u00e9 en effet question pour les responsables des deux organes impliqu\u00e9es dans l\u2019organisation desdites \u00e9lections de faire le point sur l\u2019\u00e9tat d\u2019avancement des pr\u00e9paratifs des l\u00e9gislatives de 2023.<\/p>\n<p>Selon le compte rendu de la s\u00e9ance faite par le secr\u00e9taire g\u00e9n\u00e9ral de la cour constitutionnelle, Gilles Badet, c\u2019est l\u2019institution conduite par Monsieur <b>Razaki AMOUDA ISSIFOU <\/b>qui a invit\u00e9 les membres de la CENA \u00e0 venir pr\u00e9senter le niveau d\u2019avancement des pr\u00e9paratifs des \u00e9lections l\u00e9gislatives de 2023.<\/p>\n<p>La s\u00e9ance d\u2019\u00e9change a permis aux responsables de la commission \u00e9lectorale nationale autonome \u00e0 mettre \u00e0 la disposition de la cour, la liste \u00e9lectorale, la liste des centres de vote et des postes de vote pour lui permettre de faire le travail de suivi.<\/p>\n<p>A l\u2019issue des \u00e9changes, les deux institutions se sont rendues compte qu\u2019\u00e0 la date d\u2019aujourd\u2019hui, toutes les dispositions sont prises pour que les \u00e9lections du 08 janvier 2023 soient libres, transparentes et apais\u00e9es.<\/p>\n<p>D\u00e9claration de restitution du SG de la cour :<\/p>\n<p>A l\u2019issue de la s\u00e9ance d\u2019\u00e9changes tenue ce mercredi par les conseillers de la cour constitutionnelle et les responsables de la commission \u00e9lectorale nationale autonome (CENA), le secr\u00e9taire g\u00e9n\u00e9ral de la Cour, Gilles BADET a fait le point \u00e0 la Presse nationale. Le contenu de sa d\u00e9claration se pr\u00e9sente comme suit:<\/p>\n<p>\u00ab Il y a une tradition dans notre pays qui consiste entre la Cour constitutionnelle, garante de la r\u00e9gularit\u00e9, de la validit\u00e9 des \u00e9lections politiques nationales et la Commission \u00e9lectorale nationale autonome (CENA), organe de gestion des \u00e9lections, organe op\u00e9rationnel sur le terrain d\u2019organisation des \u00e9lections.<\/p>\n<p>Il y a donc une tradition d\u2019\u00e9changes, de partages de point de vue et d\u2019harmonisation des points de vue sur la mani\u00e8re dont les \u00e9lections doivent \u00eatre conduites afin que le public retienne que les \u00e9lections ont \u00e9t\u00e9 paisibles, transparentes et r\u00e9guli\u00e8res.<\/p>\n<p>C\u2019est dans le cadre de cette tradition que la Cour constitutionnelle a invit\u00e9 la CENA \u00e0 venir dans ses locaux, pr\u00e9senter aux membres de la Cour constitutionnelle, le niveau d\u2019avancement des pr\u00e9paratifs des \u00e9lections l\u00e9gislatives de 2023. A l\u2019occasion de cette s\u00e9ance d\u2019\u00e9changes, le Pr\u00e9sident de la CENA \u00e9tait accompagn\u00e9 de l\u2019ensemble des membres du Conseil \u00e9lectoral, du Directeur g\u00e9n\u00e9ral des \u00e9lections et d\u2019un directeur technique.<\/p>\n<p>Ils ont pr\u00e9sent\u00e9 \u00e0 l\u2019ensemble des conseillers de la Cour constitutionnelle, le niveau d\u2019avancement des t\u00e2ches : les t\u00e2ches qui ont \u00e9t\u00e9 d\u00e9j\u00e0 ex\u00e9cut\u00e9es, celles qui sont en cours et les dispositions qui sont prises pour que les \u00e9lections soient r\u00e9alis\u00e9es dans de bonnes conditions et que les r\u00e9sultats soient proclam\u00e9s \u00e0 la satisfaction de tout le public.<\/p>\n<p>A la suite de cette pr\u00e9sentation des diff\u00e9rentes t\u00e2ches r\u00e9alis\u00e9es ou en voie d\u2019\u00eatre r\u00e9alis\u00e9es, les diff\u00e9rents membres de la Cour constitutionnelle ont pris la parole pour avoir quelques \u00e9claircissements sur certaines questions et pour faire quelques propositions ou quelques recommandations.<\/p>\n<p>Ils ont ainsi parl\u00e9 de la n\u00e9cessit\u00e9 que la liste \u00e9lectorale, la liste des centres de vote et des postes de vote soit transmise \u00e9galement \u00e0 la Cour constitutionnelle pour lui permettre de faire le travail de suivi. Ils ont insist\u00e9 sur les travaux qui doivent \u00eatre faits par la CENA au niveau des candidatures que ce soit l\u2019examen des dossiers de candidature, les motifs d\u2019invalidation \u00e9ventuelle de certaines candidatures. Que tout cela soit transmis \u00e0 la Cour constitutionnelle pour faire son travail en cas de contestations li\u00e9es \u00e0 la mani\u00e8re dont la CENA aurait g\u00e9r\u00e9 les candidatures.<\/p>\n<p>Egalement sur le d\u00e9roulement du scrutin, la Cour constitutionnelle a insist\u00e9 pour que les agents \u00e9lectoraux soient s\u00e9lectionn\u00e9s avec beaucoup de s\u00e9rieux, soient form\u00e9s afin que les proc\u00e8s-verbaux de d\u00e9roulement du scrutin, les proc\u00e8s-verbaux de d\u00e9pouillement soient rempli avec professionnalisme parce que ce sont des outils que la Cour constitutionnelle utilise pour appr\u00e9cier la r\u00e9gularit\u00e9 des \u00e9lections. Egalement la transmission des cantines doit se faire de mani\u00e8re extr\u00eamement professionnelle.<\/p>\n<p>La CENA devant rester dans son r\u00f4le de compilation et de publication des r\u00e9sultats bruts et la Cour constitutionnelle devant , apr\u00e8s r\u00e9ception des cantines qui lui sont destin\u00e9es par l\u2019interm\u00e9diaire de la CENA, regarder les documents \u00e9lectoraux, devant elle-m\u00eame r\u00e9alis\u00e9 ces r\u00e9ajustements, ces corrections pour proclamer les r\u00e9sultats d\u00e9finitifs des \u00e9lections.<\/p>\n<p>Il a \u00e9t\u00e9 demand\u00e9 \u00e0 la CENA de veiller \u00e0 la qualit\u00e9 de ces documents, de veiller \u00e0 la c\u00e9l\u00e9rit\u00e9 dans la transmission des cantines, de veiller \u00e0 une collaboration fructueuse et fluide entre les deux institutions de fa\u00e7on \u00e0 ce que les \u00e9lections se d\u00e9roulent dans de bonnes conditions.<\/p>\n<p>Quelques autres points li\u00e9s aux pr\u00e9cautions sanitaires, aux pr\u00e9cautions s\u00e9curitaires, aux pr\u00e9cautions intellectuelles de communication, ont \u00e9t\u00e9 \u00e9chang\u00e9s entre les deux institutions et nous pouvons dire qu\u2019\u00e0 la date d\u2019aujourd\u2019hui, toutes les dispositions sont prises pour que les \u00e9lections du 08 janvier 2023 soient libres, transparentes et apais\u00e9es \u00bb.<\/p>\n<p><strong>Pour plus d&rsquo;informations et d&rsquo;analyses sur la <a href=\"https:\/\/www.africa-press.net\/benin\">Benin<\/a>, suivez <a href=\"https:\/\/www.africa-press.net\/\">Africa-Press<\/a><\/strong><\/p>\n","protected":false},"excerpt":{"rendered":"<p>Africa-Press &#8211; Benin. Le pr\u00e9sident du conseil \u00e9lectoral, l\u2019ancien ministre Sacca Lafia et une d\u00e9l\u00e9gation de la commission \u00e9lectorale nationale autonome (CENA) ont \u00e9chang\u00e9 ce mercredi 7 Septembre 2022 avec les conseillers de la cour constitutionnelle. L\u2019ancien ministre de l\u2019int\u00e9rieur, Sacca Lafia et une d\u00e9l\u00e9gation de la commission \u00e9lectorale nationale autonome (CENA) \u00e9taient ce mercredi [&hellip;]<\/p>\n","protected":false},"author":82,"featured_media":8728,"comment_status":"open","ping_status":"closed","sticky":false,"template":"","format":"standard","meta":{"footnotes":""},"categories":[11,2,20,10],"tags":[36,50,45],"class_list":["post-8729","post","type-post","status-publish","format-standard","has-post-thumbnail","hentry","category-homepage-french","category-politique","category-top-nouvelles","category-toutes-les-actualites","tag-africa-press","tag-africa-press-benin","tag-benin"],"yoast_head":"<!-- This site is optimized with the Yoast SEO Premium plugin v26.1 (Yoast SEO v27.0) - https:\/\/yoast.com\/product\/yoast-seo-premium-wordpress\/ -->\n<title>Pr\u00e9paration des l\u00e9gislatives de 2023: Sacca Lafia \u00e9change avec la cour - B\u00e9nin<\/title>\n<meta name=\"description\" content=\"Le pr\u00e9sident du conseil \u00e9lectoral, l\u2019ancien ministre Sacca Lafia et une d\u00e9l\u00e9gation de la commission \u00e9lectorale nation ...\" \/>\n<meta name=\"robots\" content=\"index, follow, max-snippet:-1, max-image-preview:large, max-video-preview:-1\" \/>\n<link rel=\"canonical\" href=\"https:\/\/www.africa-press.net\/benin\/politique\/preparation-des-legislatives-de-2023-sacca-lafia-echange-avec-la-cour\" \/>\n<meta property=\"og:locale\" content=\"fr_FR\" \/>\n<meta property=\"og:type\" content=\"article\" \/>\n<meta property=\"og:title\" content=\"Pr\u00e9paration des l\u00e9gislatives de 2023: Sacca Lafia \u00e9change avec la cour\" \/>\n<meta property=\"og:description\" content=\"Le pr\u00e9sident du conseil \u00e9lectoral, l\u2019ancien ministre Sacca Lafia et une d\u00e9l\u00e9gation de la commission \u00e9lectorale nation ...\" \/>\n<meta property=\"og:url\" content=\"https:\/\/www.africa-press.net\/benin\/politique\/preparation-des-legislatives-de-2023-sacca-lafia-echange-avec-la-cour\" \/>\n<meta property=\"og:site_name\" content=\"B\u00e9nin\" \/>\n<meta property=\"article:published_time\" content=\"2022-09-08T16:58:25+00:00\" \/>\n<meta property=\"article:modified_time\" content=\"2022-09-08T17:29:48+00:00\" \/>\n<meta property=\"og:image\" content=\"https:\/\/static.africa-press.net\/benin\/sites\/46\/2022\/09\/postQueueImg_19-631a26702055d.jpg\" \/>\n\t<meta property=\"og:image:width\" content=\"1080\" \/>\n\t<meta property=\"og:image:height\" content=\"718\" \/>\n\t<meta property=\"og:image:type\" content=\"image\/jpeg\" \/>\n<meta name=\"author\" content=\"cfeditorfr\" \/>\n<meta name=\"twitter:card\" content=\"summary_large_image\" \/>\n<meta name=\"twitter:label1\" content=\"\u00c9crit par\" \/>\n\t<meta name=\"twitter:data1\" content=\"cfeditorfr\" \/>\n\t<meta name=\"twitter:label2\" content=\"Dur\u00e9e de lecture estim\u00e9e\" \/>\n\t<meta name=\"twitter:data2\" content=\"5 minutes\" \/>\n<script type=\"application\/ld+json\" class=\"yoast-schema-graph\">{\"@context\":\"https:\/\/schema.org\",\"@graph\":[{\"@type\":\"Article\",\"@id\":\"https:\/\/www.africa-press.net\/benin\/politique\/preparation-des-legislatives-de-2023-sacca-lafia-echange-avec-la-cour#article\",\"isPartOf\":{\"@id\":\"https:\/\/www.africa-press.net\/benin\/politique\/preparation-des-legislatives-de-2023-sacca-lafia-echange-avec-la-cour\"},\"author\":{\"name\":\"cfeditorfr\",\"@id\":\"https:\/\/www.africa-press.net\/benin\/#\/schema\/person\/2b1cf3cd81a31e3cd26889ca66d677f1\"},\"headline\":\"Pr\u00e9paration des l\u00e9gislatives de 2023: Sacca Lafia \u00e9change avec la cour\",\"datePublished\":\"2022-09-08T16:58:25+00:00\",\"dateModified\":\"2022-09-08T17:29:48+00:00\",\"mainEntityOfPage\":{\"@id\":\"https:\/\/www.africa-press.net\/benin\/politique\/preparation-des-legislatives-de-2023-sacca-lafia-echange-avec-la-cour\"},\"wordCount\":1006,\"commentCount\":0,\"image\":{\"@id\":\"https:\/\/www.africa-press.net\/benin\/politique\/preparation-des-legislatives-de-2023-sacca-lafia-echange-avec-la-cour#primaryimage\"},\"thumbnailUrl\":\"https:\/\/static.africa-press.net\/benin\/sites\/46\/2022\/09\/postQueueImg_19-631a26702055d.jpg\",\"keywords\":[\"Africa Press\",\"Africa Press-Benin\",\"B\u00e9nin\"],\"articleSection\":[\"homepage-french\",\"Politique\",\"Top Nouvelles\",\"Toutes les actualit\u00e9s\"],\"inLanguage\":\"fr-FR\",\"potentialAction\":[{\"@type\":\"CommentAction\",\"name\":\"Comment\",\"target\":[\"https:\/\/www.africa-press.net\/benin\/politique\/preparation-des-legislatives-de-2023-sacca-lafia-echange-avec-la-cour#respond\"]}]},{\"@type\":\"WebPage\",\"@id\":\"https:\/\/www.africa-press.net\/benin\/politique\/preparation-des-legislatives-de-2023-sacca-lafia-echange-avec-la-cour\",\"url\":\"https:\/\/www.africa-press.net\/benin\/politique\/preparation-des-legislatives-de-2023-sacca-lafia-echange-avec-la-cour\",\"name\":\"Pr\u00e9paration des l\u00e9gislatives de 2023: Sacca Lafia \u00e9change avec la cour - B\u00e9nin\",\"isPartOf\":{\"@id\":\"https:\/\/www.africa-press.net\/benin\/#website\"},\"primaryImageOfPage\":{\"@id\":\"https:\/\/www.africa-press.net\/benin\/politique\/preparation-des-legislatives-de-2023-sacca-lafia-echange-avec-la-cour#primaryimage\"},\"image\":{\"@id\":\"https:\/\/www.africa-press.net\/benin\/politique\/preparation-des-legislatives-de-2023-sacca-lafia-echange-avec-la-cour#primaryimage\"},\"thumbnailUrl\":\"https:\/\/static.africa-press.net\/benin\/sites\/46\/2022\/09\/postQueueImg_19-631a26702055d.jpg\",\"datePublished\":\"2022-09-08T16:58:25+00:00\",\"dateModified\":\"2022-09-08T17:29:48+00:00\",\"author\":{\"@id\":\"https:\/\/www.africa-press.net\/benin\/#\/schema\/person\/2b1cf3cd81a31e3cd26889ca66d677f1\"},\"description\":\"Le pr\u00e9sident du conseil \u00e9lectoral, l\u2019ancien ministre Sacca Lafia et une d\u00e9l\u00e9gation de la commission \u00e9lectorale nation ...\",\"breadcrumb\":{\"@id\":\"https:\/\/www.africa-press.net\/benin\/politique\/preparation-des-legislatives-de-2023-sacca-lafia-echange-avec-la-cour#breadcrumb\"},\"inLanguage\":\"fr-FR\",\"potentialAction\":[{\"@type\":\"ReadAction\",\"target\":[\"https:\/\/www.africa-press.net\/benin\/politique\/preparation-des-legislatives-de-2023-sacca-lafia-echange-avec-la-cour\"]}]},{\"@type\":\"ImageObject\",\"inLanguage\":\"fr-FR\",\"@id\":\"https:\/\/www.africa-press.net\/benin\/politique\/preparation-des-legislatives-de-2023-sacca-lafia-echange-avec-la-cour#primaryimage\",\"url\":\"https:\/\/static.africa-press.net\/benin\/sites\/46\/2022\/09\/postQueueImg_19-631a26702055d.jpg\",\"contentUrl\":\"https:\/\/static.africa-press.net\/benin\/sites\/46\/2022\/09\/postQueueImg_19-631a26702055d.jpg\",\"width\":1080,\"height\":718,\"caption\":\"Pr\u00e9paration des l\u00e9gislatives de 2023: Sacca Lafia \u00e9change avec la cour\"},{\"@type\":\"BreadcrumbList\",\"@id\":\"https:\/\/www.africa-press.net\/benin\/politique\/preparation-des-legislatives-de-2023-sacca-lafia-echange-avec-la-cour#breadcrumb\",\"itemListElement\":[{\"@type\":\"ListItem\",\"position\":1,\"name\":\"Accueil\",\"item\":\"https:\/\/www.africa-press.net\/benin\/\"},{\"@type\":\"ListItem\",\"position\":2,\"name\":\"Pr\u00e9paration des l\u00e9gislatives de 2023: Sacca Lafia \u00e9change avec la cour\"}]},{\"@type\":\"WebSite\",\"@id\":\"https:\/\/www.africa-press.net\/benin\/#website\",\"url\":\"https:\/\/www.africa-press.net\/benin\/\",\"name\":\"B\u00e9nin\",\"description\":\"Just another Africa News Agency Sites site\",\"potentialAction\":[{\"@type\":\"SearchAction\",\"target\":{\"@type\":\"EntryPoint\",\"urlTemplate\":\"https:\/\/www.africa-press.net\/benin\/?s={search_term_string}\"},\"query-input\":{\"@type\":\"PropertyValueSpecification\",\"valueRequired\":true,\"valueName\":\"search_term_string\"}}],\"inLanguage\":\"fr-FR\"},{\"@type\":\"Person\",\"@id\":\"https:\/\/www.africa-press.net\/benin\/#\/schema\/person\/2b1cf3cd81a31e3cd26889ca66d677f1\",\"name\":\"cfeditorfr\"}]}<\/script>\n<!-- \/ Yoast SEO Premium plugin. -->","yoast_head_json":{"title":"Pr\u00e9paration des l\u00e9gislatives de 2023: Sacca Lafia \u00e9change avec la cour - B\u00e9nin","description":"Le pr\u00e9sident du conseil \u00e9lectoral, l\u2019ancien ministre Sacca Lafia et une d\u00e9l\u00e9gation de la commission \u00e9lectorale nation ...","robots":{"index":"index","follow":"follow","max-snippet":"max-snippet:-1","max-image-preview":"max-image-preview:large","max-video-preview":"max-video-preview:-1"},"canonical":"https:\/\/www.africa-press.net\/benin\/politique\/preparation-des-legislatives-de-2023-sacca-lafia-echange-avec-la-cour","og_locale":"fr_FR","og_type":"article","og_title":"Pr\u00e9paration des l\u00e9gislatives de 2023: Sacca Lafia \u00e9change avec la cour","og_description":"Le pr\u00e9sident du conseil \u00e9lectoral, l\u2019ancien ministre Sacca Lafia et une d\u00e9l\u00e9gation de la commission \u00e9lectorale nation ...","og_url":"https:\/\/www.africa-press.net\/benin\/politique\/preparation-des-legislatives-de-2023-sacca-lafia-echange-avec-la-cour","og_site_name":"B\u00e9nin","article_published_time":"2022-09-08T16:58:25+00:00","article_modified_time":"2022-09-08T17:29:48+00:00","og_image":[{"width":1080,"height":718,"url":"https:\/\/static.africa-press.net\/benin\/sites\/46\/2022\/09\/postQueueImg_19-631a26702055d.jpg","type":"image\/jpeg"}],"author":"cfeditorfr","twitter_card":"summary_large_image","twitter_misc":{"\u00c9crit par":"cfeditorfr","Dur\u00e9e de lecture estim\u00e9e":"5 minutes"},"schema":{"@context":"https:\/\/schema.org","@graph":[{"@type":"Article","@id":"https:\/\/www.africa-press.net\/benin\/politique\/preparation-des-legislatives-de-2023-sacca-lafia-echange-avec-la-cour#article","isPartOf":{"@id":"https:\/\/www.africa-press.net\/benin\/politique\/preparation-des-legislatives-de-2023-sacca-lafia-echange-avec-la-cour"},"author":{"name":"cfeditorfr","@id":"https:\/\/www.africa-press.net\/benin\/#\/schema\/person\/2b1cf3cd81a31e3cd26889ca66d677f1"},"headline":"Pr\u00e9paration des l\u00e9gislatives de 2023: Sacca Lafia \u00e9change avec la cour","datePublished":"2022-09-08T16:58:25+00:00","dateModified":"2022-09-08T17:29:48+00:00","mainEntityOfPage":{"@id":"https:\/\/www.africa-press.net\/benin\/politique\/preparation-des-legislatives-de-2023-sacca-lafia-echange-avec-la-cour"},"wordCount":1006,"commentCount":0,"image":{"@id":"https:\/\/www.africa-press.net\/benin\/politique\/preparation-des-legislatives-de-2023-sacca-lafia-echange-avec-la-cour#primaryimage"},"thumbnailUrl":"https:\/\/static.africa-press.net\/benin\/sites\/46\/2022\/09\/postQueueImg_19-631a26702055d.jpg","keywords":["Africa Press","Africa Press-Benin","B\u00e9nin"],"articleSection":["homepage-french","Politique","Top Nouvelles","Toutes les actualit\u00e9s"],"inLanguage":"fr-FR","potentialAction":[{"@type":"CommentAction","name":"Comment","target":["https:\/\/www.africa-press.net\/benin\/politique\/preparation-des-legislatives-de-2023-sacca-lafia-echange-avec-la-cour#respond"]}]},{"@type":"WebPage","@id":"https:\/\/www.africa-press.net\/benin\/politique\/preparation-des-legislatives-de-2023-sacca-lafia-echange-avec-la-cour","url":"https:\/\/www.africa-press.net\/benin\/politique\/preparation-des-legislatives-de-2023-sacca-lafia-echange-avec-la-cour","name":"Pr\u00e9paration des l\u00e9gislatives de 2023: Sacca Lafia \u00e9change avec la cour - B\u00e9nin","isPartOf":{"@id":"https:\/\/www.africa-press.net\/benin\/#website"},"primaryImageOfPage":{"@id":"https:\/\/www.africa-press.net\/benin\/politique\/preparation-des-legislatives-de-2023-sacca-lafia-echange-avec-la-cour#primaryimage"},"image":{"@id":"https:\/\/www.africa-press.net\/benin\/politique\/preparation-des-legislatives-de-2023-sacca-lafia-echange-avec-la-cour#primaryimage"},"thumbnailUrl":"https:\/\/static.africa-press.net\/benin\/sites\/46\/2022\/09\/postQueueImg_19-631a26702055d.jpg","datePublished":"2022-09-08T16:58:25+00:00","dateModified":"2022-09-08T17:29:48+00:00","author":{"@id":"https:\/\/www.africa-press.net\/benin\/#\/schema\/person\/2b1cf3cd81a31e3cd26889ca66d677f1"},"description":"Le pr\u00e9sident du conseil \u00e9lectoral, l\u2019ancien ministre Sacca Lafia et une d\u00e9l\u00e9gation de la commission \u00e9lectorale nation ...","breadcrumb":{"@id":"https:\/\/www.africa-press.net\/benin\/politique\/preparation-des-legislatives-de-2023-sacca-lafia-echange-avec-la-cour#breadcrumb"},"inLanguage":"fr-FR","potentialAction":[{"@type":"ReadAction","target":["https:\/\/www.africa-press.net\/benin\/politique\/preparation-des-legislatives-de-2023-sacca-lafia-echange-avec-la-cour"]}]},{"@type":"ImageObject","inLanguage":"fr-FR","@id":"https:\/\/www.africa-press.net\/benin\/politique\/preparation-des-legislatives-de-2023-sacca-lafia-echange-avec-la-cour#primaryimage","url":"https:\/\/static.africa-press.net\/benin\/sites\/46\/2022\/09\/postQueueImg_19-631a26702055d.jpg","contentUrl":"https:\/\/static.africa-press.net\/benin\/sites\/46\/2022\/09\/postQueueImg_19-631a26702055d.jpg","width":1080,"height":718,"caption":"Pr\u00e9paration des l\u00e9gislatives de 2023: Sacca Lafia \u00e9change avec la cour"},{"@type":"BreadcrumbList","@id":"https:\/\/www.africa-press.net\/benin\/politique\/preparation-des-legislatives-de-2023-sacca-lafia-echange-avec-la-cour#breadcrumb","itemListElement":[{"@type":"ListItem","position":1,"name":"Accueil","item":"https:\/\/www.africa-press.net\/benin\/"},{"@type":"ListItem","position":2,"name":"Pr\u00e9paration des l\u00e9gislatives de 2023: Sacca Lafia \u00e9change avec la cour"}]},{"@type":"WebSite","@id":"https:\/\/www.africa-press.net\/benin\/#website","url":"https:\/\/www.africa-press.net\/benin\/","name":"B\u00e9nin","description":"Just another Africa News Agency Sites site","potentialAction":[{"@type":"SearchAction","target":{"@type":"EntryPoint","urlTemplate":"https:\/\/www.africa-press.net\/benin\/?s={search_term_string}"},"query-input":{"@type":"PropertyValueSpecification","valueRequired":true,"valueName":"search_term_string"}}],"inLanguage":"fr-FR"},{"@type":"Person","@id":"https:\/\/www.africa-press.net\/benin\/#\/schema\/person\/2b1cf3cd81a31e3cd26889ca66d677f1","name":"cfeditorfr"}]}},"_links":{"self":[{"href":"https:\/\/www.africa-press.net\/benin\/wp-json\/wp\/v2\/posts\/8729","targetHints":{"allow":["GET"]}}],"collection":[{"href":"https:\/\/www.africa-press.net\/benin\/wp-json\/wp\/v2\/posts"}],"about":[{"href":"https:\/\/www.africa-press.net\/benin\/wp-json\/wp\/v2\/types\/post"}],"author":[{"embeddable":true,"href":"https:\/\/www.africa-press.net\/benin\/wp-json\/wp\/v2\/users\/82"}],"replies":[{"embeddable":true,"href":"https:\/\/www.africa-press.net\/benin\/wp-json\/wp\/v2\/comments?post=8729"}],"version-history":[{"count":0,"href":"https:\/\/www.africa-press.net\/benin\/wp-json\/wp\/v2\/posts\/8729\/revisions"}],"wp:featuredmedia":[{"embeddable":true,"href":"https:\/\/www.africa-press.net\/benin\/wp-json\/wp\/v2\/media\/8728"}],"wp:attachment":[{"href":"https:\/\/www.africa-press.net\/benin\/wp-json\/wp\/v2\/media?parent=8729"}],"wp:term":[{"taxonomy":"category","embeddable":true,"href":"https:\/\/www.africa-press.net\/benin\/wp-json\/wp\/v2\/categories?post=8729"},{"taxonomy":"post_tag","embeddable":true,"href":"https:\/\/www.africa-press.net\/benin\/wp-json\/wp\/v2\/tags?post=8729"}],"curies":[{"name":"wp","href":"https:\/\/api.w.org\/{rel}","templated":true}]}}