{"id":8732,"date":"2022-09-08T16:58:37","date_gmt":"2022-09-08T16:58:37","guid":{"rendered":"https:\/\/www.africa-press.net\/benin\/politique\/benin-ouverture-ce-jeudi-de-la-negociation-gouvernement-syndicats"},"modified":"2022-09-08T17:30:23","modified_gmt":"2022-09-08T17:30:23","slug":"benin-ouverture-ce-jeudi-de-la-negociation-gouvernement-syndicats","status":"publish","type":"post","link":"https:\/\/www.africa-press.net\/benin\/politique\/benin-ouverture-ce-jeudi-de-la-negociation-gouvernement-syndicats","title":{"rendered":"B\u00e9nin: ouverture ce jeudi de la n\u00e9gociation gouvernement-syndicats"},"content":{"rendered":"<p><span style=\"color: #ff6600\"><strong>Africa-Press &#8211; Benin. <\/strong><\/span>Une d\u00e9l\u00e9gation du gouvernement du pr\u00e9sident Patrice Talon sera ce jeudi 8 Septembre 2022 face aux secr\u00e9taires g\u00e9n\u00e9raux des centrales et conf\u00e9d\u00e9rations syndicales. Il s\u2019agit d\u2019une rencontre de concertation, de consultation et de n\u00e9gociation collective au titre de l\u2019ann\u00e9e 2022 avec le gouvernement.<\/p>\n<p>La deuxi\u00e8me rencontre de concertation, de consultation et de n\u00e9gociation collective au titre de l\u2019ann\u00e9e 2022 avec le gouvernement va s\u2019ouvrir dans la matin\u00e9e de ce jeudi 8 Septembre \u00e0 l\u2019INFOSEC de Cotonou.<\/p>\n<p>Les \u00e9changes entre les deux parties vont tourner autour des pr\u00e9paratifs de la rentr\u00e9e scolaire et acad\u00e9mique 2022-2023 et sur certaines revendications des travailleurs.<\/p>\n<p>C\u2019est par correspondance en date du 30 Ao\u00fbt dernier que le ministre d\u2019Etat charg\u00e9 de la coordination de l\u2019action gouvernementale, Abdoulaye Bio Tchan\u00e9 a invit\u00e9 les responsables syndicaux \u00e0 participer \u00e0 la deuxi\u00e8me session ordinaire de la commission nationale de concertation, de consultation et de n\u00e9gociations collective de l\u2019ann\u00e9e 2022.<\/p>\n<p>\u00ab <b>J\u2019ai l\u2019honneur de vous inviter accompagner d\u2019un membre de votre organisation \u00e0 prendre part aux travaux de la deuxi\u00e8me session de la commission nationale de concertation, de consultation et de n\u00e9gociations collectives, au titre de l\u2019ann\u00e9e 2022<\/b> \u00bb , mentionnait la correspondance sign\u00e9e du ministre Abdoulaye<\/p>\n<p>Les travaux vont se tenir \u00e0 la salle \u00ab Collines \u00bb de l\u2019INFOSEC le jeudi 08 Septembre 2022 \u00e0 partir de 10 heures. Sont attendus \u00e0 ces travaux, les secr\u00e9taires g\u00e9n\u00e9raux de la conf\u00e9d\u00e9ration syndicale des travailleurs du B\u00e9nin (CSTB), de la conf\u00e9d\u00e9ration des syndicats autonomes du B\u00e9nin (CSA-B\u00e9nin) et la conf\u00e9d\u00e9ration des organisations syndicales ind\u00e9pendantes du B\u00e9nin (COSI-B\u00e9nin).<\/p>\n<p><strong>Pour plus d&rsquo;informations et d&rsquo;analyses sur la <a href=\"https:\/\/www.africa-press.net\/benin\">Benin<\/a>, suivez <a href=\"https:\/\/www.africa-press.net\/\">Africa-Press<\/a><\/strong><\/p>\n","protected":false},"excerpt":{"rendered":"<p>Africa-Press &#8211; Benin. Une d\u00e9l\u00e9gation du gouvernement du pr\u00e9sident Patrice Talon sera ce jeudi 8 Septembre 2022 face aux secr\u00e9taires g\u00e9n\u00e9raux des centrales et conf\u00e9d\u00e9rations syndicales. Il s\u2019agit d\u2019une rencontre de concertation, de consultation et de n\u00e9gociation collective au titre de l\u2019ann\u00e9e 2022 avec le gouvernement. La deuxi\u00e8me rencontre de concertation, de consultation et de [&hellip;]<\/p>\n","protected":false},"author":82,"featured_media":8731,"comment_status":"open","ping_status":"closed","sticky":false,"template":"","format":"standard","meta":{"footnotes":""},"categories":[11,2,10],"tags":[36,50,45],"class_list":["post-8732","post","type-post","status-publish","format-standard","has-post-thumbnail","hentry","category-homepage-french","category-politique","category-toutes-les-actualites","tag-africa-press","tag-africa-press-benin","tag-benin"],"yoast_head":"<!-- This site is optimized with the Yoast SEO Premium plugin v26.1 (Yoast SEO v27.0) - https:\/\/yoast.com\/product\/yoast-seo-premium-wordpress\/ -->\n<title>B\u00e9nin: ouverture ce jeudi de la n\u00e9gociation gouvernement-syndicats - B\u00e9nin<\/title>\n<meta name=\"description\" content=\"Une d\u00e9l\u00e9gation du gouvernement du pr\u00e9sident Patrice Talon sera ce jeudi 8 Septembre 2022 face aux secr\u00e9taires g\u00e9n\u00e9raux d ...\" \/>\n<meta name=\"robots\" content=\"index, follow, max-snippet:-1, max-image-preview:large, max-video-preview:-1\" \/>\n<link rel=\"canonical\" href=\"https:\/\/www.africa-press.net\/benin\/politique\/benin-ouverture-ce-jeudi-de-la-negociation-gouvernement-syndicats\" \/>\n<meta property=\"og:locale\" content=\"fr_FR\" \/>\n<meta property=\"og:type\" content=\"article\" \/>\n<meta property=\"og:title\" content=\"B\u00e9nin: ouverture ce jeudi de la n\u00e9gociation gouvernement-syndicats\" \/>\n<meta property=\"og:description\" content=\"Une d\u00e9l\u00e9gation du gouvernement du pr\u00e9sident Patrice Talon sera ce jeudi 8 Septembre 2022 face aux secr\u00e9taires g\u00e9n\u00e9raux d ...\" \/>\n<meta property=\"og:url\" content=\"https:\/\/www.africa-press.net\/benin\/politique\/benin-ouverture-ce-jeudi-de-la-negociation-gouvernement-syndicats\" \/>\n<meta property=\"og:site_name\" content=\"B\u00e9nin\" \/>\n<meta property=\"article:published_time\" content=\"2022-09-08T16:58:37+00:00\" \/>\n<meta property=\"article:modified_time\" content=\"2022-09-08T17:30:23+00:00\" \/>\n<meta property=\"og:image\" content=\"https:\/\/static.africa-press.net\/benin\/sites\/46\/2022\/09\/postQueueImg_20-631a26923b6d2.jpg\" \/>\n\t<meta property=\"og:image:width\" content=\"1280\" \/>\n\t<meta property=\"og:image:height\" content=\"720\" \/>\n\t<meta property=\"og:image:type\" content=\"image\/jpeg\" \/>\n<meta name=\"author\" content=\"cfeditorfr\" \/>\n<meta name=\"twitter:card\" content=\"summary_large_image\" \/>\n<meta name=\"twitter:label1\" content=\"\u00c9crit par\" \/>\n\t<meta name=\"twitter:data1\" content=\"cfeditorfr\" \/>\n\t<meta name=\"twitter:label2\" content=\"Dur\u00e9e de lecture estim\u00e9e\" \/>\n\t<meta name=\"twitter:data2\" content=\"2 minutes\" \/>\n<script type=\"application\/ld+json\" class=\"yoast-schema-graph\">{\"@context\":\"https:\/\/schema.org\",\"@graph\":[{\"@type\":\"Article\",\"@id\":\"https:\/\/www.africa-press.net\/benin\/politique\/benin-ouverture-ce-jeudi-de-la-negociation-gouvernement-syndicats#article\",\"isPartOf\":{\"@id\":\"https:\/\/www.africa-press.net\/benin\/politique\/benin-ouverture-ce-jeudi-de-la-negociation-gouvernement-syndicats\"},\"author\":{\"name\":\"cfeditorfr\",\"@id\":\"https:\/\/www.africa-press.net\/benin\/#\/schema\/person\/2b1cf3cd81a31e3cd26889ca66d677f1\"},\"headline\":\"B\u00e9nin: ouverture ce jeudi de la n\u00e9gociation gouvernement-syndicats\",\"datePublished\":\"2022-09-08T16:58:37+00:00\",\"dateModified\":\"2022-09-08T17:30:23+00:00\",\"mainEntityOfPage\":{\"@id\":\"https:\/\/www.africa-press.net\/benin\/politique\/benin-ouverture-ce-jeudi-de-la-negociation-gouvernement-syndicats\"},\"wordCount\":313,\"commentCount\":0,\"image\":{\"@id\":\"https:\/\/www.africa-press.net\/benin\/politique\/benin-ouverture-ce-jeudi-de-la-negociation-gouvernement-syndicats#primaryimage\"},\"thumbnailUrl\":\"https:\/\/static.africa-press.net\/benin\/sites\/46\/2022\/09\/postQueueImg_20-631a26923b6d2.jpg\",\"keywords\":[\"Africa Press\",\"Africa Press-Benin\",\"B\u00e9nin\"],\"articleSection\":[\"homepage-french\",\"Politique\",\"Toutes les actualit\u00e9s\"],\"inLanguage\":\"fr-FR\",\"potentialAction\":[{\"@type\":\"CommentAction\",\"name\":\"Comment\",\"target\":[\"https:\/\/www.africa-press.net\/benin\/politique\/benin-ouverture-ce-jeudi-de-la-negociation-gouvernement-syndicats#respond\"]}]},{\"@type\":\"WebPage\",\"@id\":\"https:\/\/www.africa-press.net\/benin\/politique\/benin-ouverture-ce-jeudi-de-la-negociation-gouvernement-syndicats\",\"url\":\"https:\/\/www.africa-press.net\/benin\/politique\/benin-ouverture-ce-jeudi-de-la-negociation-gouvernement-syndicats\",\"name\":\"B\u00e9nin: ouverture ce jeudi de la n\u00e9gociation gouvernement-syndicats - B\u00e9nin\",\"isPartOf\":{\"@id\":\"https:\/\/www.africa-press.net\/benin\/#website\"},\"primaryImageOfPage\":{\"@id\":\"https:\/\/www.africa-press.net\/benin\/politique\/benin-ouverture-ce-jeudi-de-la-negociation-gouvernement-syndicats#primaryimage\"},\"image\":{\"@id\":\"https:\/\/www.africa-press.net\/benin\/politique\/benin-ouverture-ce-jeudi-de-la-negociation-gouvernement-syndicats#primaryimage\"},\"thumbnailUrl\":\"https:\/\/static.africa-press.net\/benin\/sites\/46\/2022\/09\/postQueueImg_20-631a26923b6d2.jpg\",\"datePublished\":\"2022-09-08T16:58:37+00:00\",\"dateModified\":\"2022-09-08T17:30:23+00:00\",\"author\":{\"@id\":\"https:\/\/www.africa-press.net\/benin\/#\/schema\/person\/2b1cf3cd81a31e3cd26889ca66d677f1\"},\"description\":\"Une d\u00e9l\u00e9gation du gouvernement du pr\u00e9sident Patrice Talon sera ce jeudi 8 Septembre 2022 face aux secr\u00e9taires g\u00e9n\u00e9raux d ...\",\"breadcrumb\":{\"@id\":\"https:\/\/www.africa-press.net\/benin\/politique\/benin-ouverture-ce-jeudi-de-la-negociation-gouvernement-syndicats#breadcrumb\"},\"inLanguage\":\"fr-FR\",\"potentialAction\":[{\"@type\":\"ReadAction\",\"target\":[\"https:\/\/www.africa-press.net\/benin\/politique\/benin-ouverture-ce-jeudi-de-la-negociation-gouvernement-syndicats\"]}]},{\"@type\":\"ImageObject\",\"inLanguage\":\"fr-FR\",\"@id\":\"https:\/\/www.africa-press.net\/benin\/politique\/benin-ouverture-ce-jeudi-de-la-negociation-gouvernement-syndicats#primaryimage\",\"url\":\"https:\/\/static.africa-press.net\/benin\/sites\/46\/2022\/09\/postQueueImg_20-631a26923b6d2.jpg\",\"contentUrl\":\"https:\/\/static.africa-press.net\/benin\/sites\/46\/2022\/09\/postQueueImg_20-631a26923b6d2.jpg\",\"width\":1280,\"height\":720,\"caption\":\"B\u00e9nin: ouverture ce jeudi de la n\u00e9gociation gouvernement-syndicats\"},{\"@type\":\"BreadcrumbList\",\"@id\":\"https:\/\/www.africa-press.net\/benin\/politique\/benin-ouverture-ce-jeudi-de-la-negociation-gouvernement-syndicats#breadcrumb\",\"itemListElement\":[{\"@type\":\"ListItem\",\"position\":1,\"name\":\"Accueil\",\"item\":\"https:\/\/www.africa-press.net\/benin\/\"},{\"@type\":\"ListItem\",\"position\":2,\"name\":\"B\u00e9nin: ouverture ce jeudi de la n\u00e9gociation gouvernement-syndicats\"}]},{\"@type\":\"WebSite\",\"@id\":\"https:\/\/www.africa-press.net\/benin\/#website\",\"url\":\"https:\/\/www.africa-press.net\/benin\/\",\"name\":\"B\u00e9nin\",\"description\":\"Just another Africa News Agency Sites site\",\"potentialAction\":[{\"@type\":\"SearchAction\",\"target\":{\"@type\":\"EntryPoint\",\"urlTemplate\":\"https:\/\/www.africa-press.net\/benin\/?s={search_term_string}\"},\"query-input\":{\"@type\":\"PropertyValueSpecification\",\"valueRequired\":true,\"valueName\":\"search_term_string\"}}],\"inLanguage\":\"fr-FR\"},{\"@type\":\"Person\",\"@id\":\"https:\/\/www.africa-press.net\/benin\/#\/schema\/person\/2b1cf3cd81a31e3cd26889ca66d677f1\",\"name\":\"cfeditorfr\"}]}<\/script>\n<!-- \/ Yoast SEO Premium plugin. -->","yoast_head_json":{"title":"B\u00e9nin: ouverture ce jeudi de la n\u00e9gociation gouvernement-syndicats - B\u00e9nin","description":"Une d\u00e9l\u00e9gation du gouvernement du pr\u00e9sident Patrice Talon sera ce jeudi 8 Septembre 2022 face aux secr\u00e9taires g\u00e9n\u00e9raux d ...","robots":{"index":"index","follow":"follow","max-snippet":"max-snippet:-1","max-image-preview":"max-image-preview:large","max-video-preview":"max-video-preview:-1"},"canonical":"https:\/\/www.africa-press.net\/benin\/politique\/benin-ouverture-ce-jeudi-de-la-negociation-gouvernement-syndicats","og_locale":"fr_FR","og_type":"article","og_title":"B\u00e9nin: ouverture ce jeudi de la n\u00e9gociation gouvernement-syndicats","og_description":"Une d\u00e9l\u00e9gation du gouvernement du pr\u00e9sident Patrice Talon sera ce jeudi 8 Septembre 2022 face aux secr\u00e9taires g\u00e9n\u00e9raux d ...","og_url":"https:\/\/www.africa-press.net\/benin\/politique\/benin-ouverture-ce-jeudi-de-la-negociation-gouvernement-syndicats","og_site_name":"B\u00e9nin","article_published_time":"2022-09-08T16:58:37+00:00","article_modified_time":"2022-09-08T17:30:23+00:00","og_image":[{"width":1280,"height":720,"url":"https:\/\/static.africa-press.net\/benin\/sites\/46\/2022\/09\/postQueueImg_20-631a26923b6d2.jpg","type":"image\/jpeg"}],"author":"cfeditorfr","twitter_card":"summary_large_image","twitter_misc":{"\u00c9crit par":"cfeditorfr","Dur\u00e9e de lecture estim\u00e9e":"2 minutes"},"schema":{"@context":"https:\/\/schema.org","@graph":[{"@type":"Article","@id":"https:\/\/www.africa-press.net\/benin\/politique\/benin-ouverture-ce-jeudi-de-la-negociation-gouvernement-syndicats#article","isPartOf":{"@id":"https:\/\/www.africa-press.net\/benin\/politique\/benin-ouverture-ce-jeudi-de-la-negociation-gouvernement-syndicats"},"author":{"name":"cfeditorfr","@id":"https:\/\/www.africa-press.net\/benin\/#\/schema\/person\/2b1cf3cd81a31e3cd26889ca66d677f1"},"headline":"B\u00e9nin: ouverture ce jeudi de la n\u00e9gociation gouvernement-syndicats","datePublished":"2022-09-08T16:58:37+00:00","dateModified":"2022-09-08T17:30:23+00:00","mainEntityOfPage":{"@id":"https:\/\/www.africa-press.net\/benin\/politique\/benin-ouverture-ce-jeudi-de-la-negociation-gouvernement-syndicats"},"wordCount":313,"commentCount":0,"image":{"@id":"https:\/\/www.africa-press.net\/benin\/politique\/benin-ouverture-ce-jeudi-de-la-negociation-gouvernement-syndicats#primaryimage"},"thumbnailUrl":"https:\/\/static.africa-press.net\/benin\/sites\/46\/2022\/09\/postQueueImg_20-631a26923b6d2.jpg","keywords":["Africa Press","Africa Press-Benin","B\u00e9nin"],"articleSection":["homepage-french","Politique","Toutes les actualit\u00e9s"],"inLanguage":"fr-FR","potentialAction":[{"@type":"CommentAction","name":"Comment","target":["https:\/\/www.africa-press.net\/benin\/politique\/benin-ouverture-ce-jeudi-de-la-negociation-gouvernement-syndicats#respond"]}]},{"@type":"WebPage","@id":"https:\/\/www.africa-press.net\/benin\/politique\/benin-ouverture-ce-jeudi-de-la-negociation-gouvernement-syndicats","url":"https:\/\/www.africa-press.net\/benin\/politique\/benin-ouverture-ce-jeudi-de-la-negociation-gouvernement-syndicats","name":"B\u00e9nin: ouverture ce jeudi de la n\u00e9gociation gouvernement-syndicats - B\u00e9nin","isPartOf":{"@id":"https:\/\/www.africa-press.net\/benin\/#website"},"primaryImageOfPage":{"@id":"https:\/\/www.africa-press.net\/benin\/politique\/benin-ouverture-ce-jeudi-de-la-negociation-gouvernement-syndicats#primaryimage"},"image":{"@id":"https:\/\/www.africa-press.net\/benin\/politique\/benin-ouverture-ce-jeudi-de-la-negociation-gouvernement-syndicats#primaryimage"},"thumbnailUrl":"https:\/\/static.africa-press.net\/benin\/sites\/46\/2022\/09\/postQueueImg_20-631a26923b6d2.jpg","datePublished":"2022-09-08T16:58:37+00:00","dateModified":"2022-09-08T17:30:23+00:00","author":{"@id":"https:\/\/www.africa-press.net\/benin\/#\/schema\/person\/2b1cf3cd81a31e3cd26889ca66d677f1"},"description":"Une d\u00e9l\u00e9gation du gouvernement du pr\u00e9sident Patrice Talon sera ce jeudi 8 Septembre 2022 face aux secr\u00e9taires g\u00e9n\u00e9raux d ...","breadcrumb":{"@id":"https:\/\/www.africa-press.net\/benin\/politique\/benin-ouverture-ce-jeudi-de-la-negociation-gouvernement-syndicats#breadcrumb"},"inLanguage":"fr-FR","potentialAction":[{"@type":"ReadAction","target":["https:\/\/www.africa-press.net\/benin\/politique\/benin-ouverture-ce-jeudi-de-la-negociation-gouvernement-syndicats"]}]},{"@type":"ImageObject","inLanguage":"fr-FR","@id":"https:\/\/www.africa-press.net\/benin\/politique\/benin-ouverture-ce-jeudi-de-la-negociation-gouvernement-syndicats#primaryimage","url":"https:\/\/static.africa-press.net\/benin\/sites\/46\/2022\/09\/postQueueImg_20-631a26923b6d2.jpg","contentUrl":"https:\/\/static.africa-press.net\/benin\/sites\/46\/2022\/09\/postQueueImg_20-631a26923b6d2.jpg","width":1280,"height":720,"caption":"B\u00e9nin: ouverture ce jeudi de la n\u00e9gociation gouvernement-syndicats"},{"@type":"BreadcrumbList","@id":"https:\/\/www.africa-press.net\/benin\/politique\/benin-ouverture-ce-jeudi-de-la-negociation-gouvernement-syndicats#breadcrumb","itemListElement":[{"@type":"ListItem","position":1,"name":"Accueil","item":"https:\/\/www.africa-press.net\/benin\/"},{"@type":"ListItem","position":2,"name":"B\u00e9nin: ouverture ce jeudi de la n\u00e9gociation gouvernement-syndicats"}]},{"@type":"WebSite","@id":"https:\/\/www.africa-press.net\/benin\/#website","url":"https:\/\/www.africa-press.net\/benin\/","name":"B\u00e9nin","description":"Just another Africa News Agency Sites site","potentialAction":[{"@type":"SearchAction","target":{"@type":"EntryPoint","urlTemplate":"https:\/\/www.africa-press.net\/benin\/?s={search_term_string}"},"query-input":{"@type":"PropertyValueSpecification","valueRequired":true,"valueName":"search_term_string"}}],"inLanguage":"fr-FR"},{"@type":"Person","@id":"https:\/\/www.africa-press.net\/benin\/#\/schema\/person\/2b1cf3cd81a31e3cd26889ca66d677f1","name":"cfeditorfr"}]}},"_links":{"self":[{"href":"https:\/\/www.africa-press.net\/benin\/wp-json\/wp\/v2\/posts\/8732","targetHints":{"allow":["GET"]}}],"collection":[{"href":"https:\/\/www.africa-press.net\/benin\/wp-json\/wp\/v2\/posts"}],"about":[{"href":"https:\/\/www.africa-press.net\/benin\/wp-json\/wp\/v2\/types\/post"}],"author":[{"embeddable":true,"href":"https:\/\/www.africa-press.net\/benin\/wp-json\/wp\/v2\/users\/82"}],"replies":[{"embeddable":true,"href":"https:\/\/www.africa-press.net\/benin\/wp-json\/wp\/v2\/comments?post=8732"}],"version-history":[{"count":0,"href":"https:\/\/www.africa-press.net\/benin\/wp-json\/wp\/v2\/posts\/8732\/revisions"}],"wp:featuredmedia":[{"embeddable":true,"href":"https:\/\/www.africa-press.net\/benin\/wp-json\/wp\/v2\/media\/8731"}],"wp:attachment":[{"href":"https:\/\/www.africa-press.net\/benin\/wp-json\/wp\/v2\/media?parent=8732"}],"wp:term":[{"taxonomy":"category","embeddable":true,"href":"https:\/\/www.africa-press.net\/benin\/wp-json\/wp\/v2\/categories?post=8732"},{"taxonomy":"post_tag","embeddable":true,"href":"https:\/\/www.africa-press.net\/benin\/wp-json\/wp\/v2\/tags?post=8732"}],"curies":[{"name":"wp","href":"https:\/\/api.w.org\/{rel}","templated":true}]}}