{"id":8735,"date":"2022-09-08T16:58:48","date_gmt":"2022-09-08T16:58:48","guid":{"rendered":"https:\/\/www.africa-press.net\/benin\/politique\/rentree-scolaire-2022-2023-les-journees-pedagogiques-demarrent-ce-jeudi"},"modified":"2022-09-08T17:30:55","modified_gmt":"2022-09-08T17:30:55","slug":"rentree-scolaire-2022-2023-les-journees-pedagogiques-demarrent-ce-jeudi","status":"publish","type":"post","link":"https:\/\/www.africa-press.net\/benin\/toutes-les-actualites\/rentree-scolaire-2022-2023-les-journees-pedagogiques-demarrent-ce-jeudi","title":{"rendered":"Rentr\u00e9e scolaire 2022-2023: les journ\u00e9es p\u00e9dagogiques d\u00e9marrent ce jeudi"},"content":{"rendered":"<p><span style=\"color: #ff6600\"><strong>Africa-Press &#8211; Benin. <\/strong><\/span>La Direction de l\u2019inspection p\u00e9dagogique, de l\u2019innovation et de la qualit\u00e9 (Dipiq), en collaboration avec le minist\u00e8re des Enseignements secondaire, technique et de la formation professionnelle et les partenaires sociaux organisent ce jeudi 8 Septembre 2022 une journ\u00e9e p\u00e9dagogique.<\/p>\n<p>En pr\u00e9lude \u00e0 la rentr\u00e9e scolaire et acad\u00e9mique 2022-2023, les enseignants seront en journ\u00e9es p\u00e9dagogiques nationales de r\u00e9flexion et de concertation les jeudi 8 et vendredi 9 septembre 2022. Lesdites journ\u00e9es sont organis\u00e9es par la Direction de l\u2019inspection p\u00e9dagogique, de l\u2019innovation et de la qualit\u00e9 (Dipiq), en collaboration avec le minist\u00e8re des Enseignements secondaire, technique et de la formation professionnelle et les partenaires sociaux.<\/p>\n<p>Ces journ\u00e9es de r\u00e9flexions d\u00e9di\u00e9es aux acteurs de l\u2019\u00e9ducation permettront de proposer des pistes de contribution et d\u2019am\u00e9lioration de la gestion p\u00e9dagogique dans les enseignements secondaire, technique et la formation professionnelle.<\/p>\n<p>\u00ab <b>Ces Journ\u00e9es offrent aux acteurs du syst\u00e8me \u00e9ducatif, un cadre de r\u00e9flexion, de concertation et d\u2019\u00e9changes sur des th\u00e9matiques formul\u00e9es \u00e0 partir des enjeux et d\u00e9fis identifi\u00e9s aux fins de proposer des solutions idoines et r\u00e9alistes<\/b>\u00ab , a confi\u00e9 Bertin Toliton, Inspecteur g\u00e9n\u00e9ral p\u00e9dagogique au minist\u00e8re des Enseignements secondaire, technique et de la formation professionnelle.<\/p>\n<p>Selon ses pr\u00e9cisions, les th\u00e8mes choisis dans le cadre de ces journ\u00e9es de r\u00e9flexions tiennent aussi grand compte de l\u2019actualit\u00e9 \u00e9ducative et de l\u2019interdisciplinarit\u00e9 \u00e0 L\u2019Enseignement Secondaire G\u00e9n\u00e9ral (Esg) et \u00e0 l\u2019Enseignement et la Formation Techniques et Professionnels (Eftp).<\/p>\n<p><strong>Pour plus d&rsquo;informations et d&rsquo;analyses sur la <a href=\"https:\/\/www.africa-press.net\/benin\">Benin<\/a>, suivez <a href=\"https:\/\/www.africa-press.net\/\">Africa-Press<\/a><\/strong><\/p>\n","protected":false},"excerpt":{"rendered":"<p>Africa-Press &#8211; Benin. La Direction de l\u2019inspection p\u00e9dagogique, de l\u2019innovation et de la qualit\u00e9 (Dipiq), en collaboration avec le minist\u00e8re des Enseignements secondaire, technique et de la formation professionnelle et les partenaires sociaux organisent ce jeudi 8 Septembre 2022 une journ\u00e9e p\u00e9dagogique. En pr\u00e9lude \u00e0 la rentr\u00e9e scolaire et acad\u00e9mique 2022-2023, les enseignants seront en [&hellip;]<\/p>\n","protected":false},"author":82,"featured_media":8734,"comment_status":"open","ping_status":"closed","sticky":false,"template":"","format":"standard","meta":{"footnotes":""},"categories":[21,11,10],"tags":[36,50,45],"class_list":["post-8735","post","type-post","status-publish","format-standard","has-post-thumbnail","hentry","category-communaute","category-homepage-french","category-toutes-les-actualites","tag-africa-press","tag-africa-press-benin","tag-benin"],"yoast_head":"<!-- This site is optimized with the Yoast SEO Premium plugin v26.1 (Yoast SEO v27.0) - https:\/\/yoast.com\/product\/yoast-seo-premium-wordpress\/ -->\n<title>Rentr\u00e9e scolaire 2022-2023: les journ\u00e9es p\u00e9dagogiques d\u00e9marrent ce jeudi - B\u00e9nin<\/title>\n<meta name=\"description\" content=\"La Direction de l\u2019inspection p\u00e9dagogique, de l\u2019innovation et de la qualit\u00e9 (Dipiq), en collaboration avec le minist\u00e8re d ...\" \/>\n<meta name=\"robots\" content=\"index, follow, max-snippet:-1, max-image-preview:large, max-video-preview:-1\" \/>\n<link rel=\"canonical\" href=\"https:\/\/www.africa-press.net\/benin\/toutes-les-actualites\/rentree-scolaire-2022-2023-les-journees-pedagogiques-demarrent-ce-jeudi\" \/>\n<meta property=\"og:locale\" content=\"fr_FR\" \/>\n<meta property=\"og:type\" content=\"article\" \/>\n<meta property=\"og:title\" content=\"Rentr\u00e9e scolaire 2022-2023: les journ\u00e9es p\u00e9dagogiques d\u00e9marrent ce jeudi\" \/>\n<meta property=\"og:description\" content=\"La Direction de l\u2019inspection p\u00e9dagogique, de l\u2019innovation et de la qualit\u00e9 (Dipiq), en collaboration avec le minist\u00e8re d ...\" \/>\n<meta property=\"og:url\" content=\"https:\/\/www.africa-press.net\/benin\/toutes-les-actualites\/rentree-scolaire-2022-2023-les-journees-pedagogiques-demarrent-ce-jeudi\" \/>\n<meta property=\"og:site_name\" content=\"B\u00e9nin\" \/>\n<meta property=\"article:published_time\" content=\"2022-09-08T16:58:48+00:00\" \/>\n<meta property=\"article:modified_time\" content=\"2022-09-08T17:30:55+00:00\" \/>\n<meta property=\"og:image\" content=\"https:\/\/static.africa-press.net\/benin\/sites\/46\/2022\/09\/postQueueImg_21-631a26b525879.jpg\" \/>\n\t<meta property=\"og:image:width\" content=\"1728\" \/>\n\t<meta property=\"og:image:height\" content=\"1152\" \/>\n\t<meta property=\"og:image:type\" content=\"image\/jpeg\" \/>\n<meta name=\"author\" content=\"cfeditorfr\" \/>\n<meta name=\"twitter:card\" content=\"summary_large_image\" \/>\n<meta name=\"twitter:label1\" content=\"\u00c9crit par\" \/>\n\t<meta name=\"twitter:data1\" content=\"cfeditorfr\" \/>\n\t<meta name=\"twitter:label2\" content=\"Dur\u00e9e de lecture estim\u00e9e\" \/>\n\t<meta name=\"twitter:data2\" content=\"2 minutes\" \/>\n<script type=\"application\/ld+json\" class=\"yoast-schema-graph\">{\"@context\":\"https:\/\/schema.org\",\"@graph\":[{\"@type\":\"Article\",\"@id\":\"https:\/\/www.africa-press.net\/benin\/toutes-les-actualites\/rentree-scolaire-2022-2023-les-journees-pedagogiques-demarrent-ce-jeudi#article\",\"isPartOf\":{\"@id\":\"https:\/\/www.africa-press.net\/benin\/toutes-les-actualites\/rentree-scolaire-2022-2023-les-journees-pedagogiques-demarrent-ce-jeudi\"},\"author\":{\"name\":\"cfeditorfr\",\"@id\":\"https:\/\/www.africa-press.net\/benin\/#\/schema\/person\/2b1cf3cd81a31e3cd26889ca66d677f1\"},\"headline\":\"Rentr\u00e9e scolaire 2022-2023: les journ\u00e9es p\u00e9dagogiques d\u00e9marrent ce jeudi\",\"datePublished\":\"2022-09-08T16:58:48+00:00\",\"dateModified\":\"2022-09-08T17:30:55+00:00\",\"mainEntityOfPage\":{\"@id\":\"https:\/\/www.africa-press.net\/benin\/toutes-les-actualites\/rentree-scolaire-2022-2023-les-journees-pedagogiques-demarrent-ce-jeudi\"},\"wordCount\":295,\"commentCount\":0,\"image\":{\"@id\":\"https:\/\/www.africa-press.net\/benin\/toutes-les-actualites\/rentree-scolaire-2022-2023-les-journees-pedagogiques-demarrent-ce-jeudi#primaryimage\"},\"thumbnailUrl\":\"https:\/\/static.africa-press.net\/benin\/sites\/46\/2022\/09\/postQueueImg_21-631a26b525879.jpg\",\"keywords\":[\"Africa Press\",\"Africa Press-Benin\",\"B\u00e9nin\"],\"articleSection\":[\"Communaut\u00e9\",\"homepage-french\",\"Toutes les actualit\u00e9s\"],\"inLanguage\":\"fr-FR\",\"potentialAction\":[{\"@type\":\"CommentAction\",\"name\":\"Comment\",\"target\":[\"https:\/\/www.africa-press.net\/benin\/toutes-les-actualites\/rentree-scolaire-2022-2023-les-journees-pedagogiques-demarrent-ce-jeudi#respond\"]}]},{\"@type\":\"WebPage\",\"@id\":\"https:\/\/www.africa-press.net\/benin\/toutes-les-actualites\/rentree-scolaire-2022-2023-les-journees-pedagogiques-demarrent-ce-jeudi\",\"url\":\"https:\/\/www.africa-press.net\/benin\/toutes-les-actualites\/rentree-scolaire-2022-2023-les-journees-pedagogiques-demarrent-ce-jeudi\",\"name\":\"Rentr\u00e9e scolaire 2022-2023: les journ\u00e9es p\u00e9dagogiques d\u00e9marrent ce jeudi - B\u00e9nin\",\"isPartOf\":{\"@id\":\"https:\/\/www.africa-press.net\/benin\/#website\"},\"primaryImageOfPage\":{\"@id\":\"https:\/\/www.africa-press.net\/benin\/toutes-les-actualites\/rentree-scolaire-2022-2023-les-journees-pedagogiques-demarrent-ce-jeudi#primaryimage\"},\"image\":{\"@id\":\"https:\/\/www.africa-press.net\/benin\/toutes-les-actualites\/rentree-scolaire-2022-2023-les-journees-pedagogiques-demarrent-ce-jeudi#primaryimage\"},\"thumbnailUrl\":\"https:\/\/static.africa-press.net\/benin\/sites\/46\/2022\/09\/postQueueImg_21-631a26b525879.jpg\",\"datePublished\":\"2022-09-08T16:58:48+00:00\",\"dateModified\":\"2022-09-08T17:30:55+00:00\",\"author\":{\"@id\":\"https:\/\/www.africa-press.net\/benin\/#\/schema\/person\/2b1cf3cd81a31e3cd26889ca66d677f1\"},\"description\":\"La Direction de l\u2019inspection p\u00e9dagogique, de l\u2019innovation et de la qualit\u00e9 (Dipiq), en collaboration avec le minist\u00e8re d ...\",\"breadcrumb\":{\"@id\":\"https:\/\/www.africa-press.net\/benin\/toutes-les-actualites\/rentree-scolaire-2022-2023-les-journees-pedagogiques-demarrent-ce-jeudi#breadcrumb\"},\"inLanguage\":\"fr-FR\",\"potentialAction\":[{\"@type\":\"ReadAction\",\"target\":[\"https:\/\/www.africa-press.net\/benin\/toutes-les-actualites\/rentree-scolaire-2022-2023-les-journees-pedagogiques-demarrent-ce-jeudi\"]}]},{\"@type\":\"ImageObject\",\"inLanguage\":\"fr-FR\",\"@id\":\"https:\/\/www.africa-press.net\/benin\/toutes-les-actualites\/rentree-scolaire-2022-2023-les-journees-pedagogiques-demarrent-ce-jeudi#primaryimage\",\"url\":\"https:\/\/static.africa-press.net\/benin\/sites\/46\/2022\/09\/postQueueImg_21-631a26b525879.jpg\",\"contentUrl\":\"https:\/\/static.africa-press.net\/benin\/sites\/46\/2022\/09\/postQueueImg_21-631a26b525879.jpg\",\"width\":1728,\"height\":1152,\"caption\":\"Rentr\u00e9e scolaire 2022-2023: les journ\u00e9es p\u00e9dagogiques d\u00e9marrent ce jeudi\"},{\"@type\":\"BreadcrumbList\",\"@id\":\"https:\/\/www.africa-press.net\/benin\/toutes-les-actualites\/rentree-scolaire-2022-2023-les-journees-pedagogiques-demarrent-ce-jeudi#breadcrumb\",\"itemListElement\":[{\"@type\":\"ListItem\",\"position\":1,\"name\":\"Accueil\",\"item\":\"https:\/\/www.africa-press.net\/benin\/\"},{\"@type\":\"ListItem\",\"position\":2,\"name\":\"Rentr\u00e9e scolaire 2022-2023: les journ\u00e9es p\u00e9dagogiques d\u00e9marrent ce jeudi\"}]},{\"@type\":\"WebSite\",\"@id\":\"https:\/\/www.africa-press.net\/benin\/#website\",\"url\":\"https:\/\/www.africa-press.net\/benin\/\",\"name\":\"B\u00e9nin\",\"description\":\"Just another Africa News Agency Sites site\",\"potentialAction\":[{\"@type\":\"SearchAction\",\"target\":{\"@type\":\"EntryPoint\",\"urlTemplate\":\"https:\/\/www.africa-press.net\/benin\/?s={search_term_string}\"},\"query-input\":{\"@type\":\"PropertyValueSpecification\",\"valueRequired\":true,\"valueName\":\"search_term_string\"}}],\"inLanguage\":\"fr-FR\"},{\"@type\":\"Person\",\"@id\":\"https:\/\/www.africa-press.net\/benin\/#\/schema\/person\/2b1cf3cd81a31e3cd26889ca66d677f1\",\"name\":\"cfeditorfr\"}]}<\/script>\n<!-- \/ Yoast SEO Premium plugin. -->","yoast_head_json":{"title":"Rentr\u00e9e scolaire 2022-2023: les journ\u00e9es p\u00e9dagogiques d\u00e9marrent ce jeudi - B\u00e9nin","description":"La Direction de l\u2019inspection p\u00e9dagogique, de l\u2019innovation et de la qualit\u00e9 (Dipiq), en collaboration avec le minist\u00e8re d ...","robots":{"index":"index","follow":"follow","max-snippet":"max-snippet:-1","max-image-preview":"max-image-preview:large","max-video-preview":"max-video-preview:-1"},"canonical":"https:\/\/www.africa-press.net\/benin\/toutes-les-actualites\/rentree-scolaire-2022-2023-les-journees-pedagogiques-demarrent-ce-jeudi","og_locale":"fr_FR","og_type":"article","og_title":"Rentr\u00e9e scolaire 2022-2023: les journ\u00e9es p\u00e9dagogiques d\u00e9marrent ce jeudi","og_description":"La Direction de l\u2019inspection p\u00e9dagogique, de l\u2019innovation et de la qualit\u00e9 (Dipiq), en collaboration avec le minist\u00e8re d ...","og_url":"https:\/\/www.africa-press.net\/benin\/toutes-les-actualites\/rentree-scolaire-2022-2023-les-journees-pedagogiques-demarrent-ce-jeudi","og_site_name":"B\u00e9nin","article_published_time":"2022-09-08T16:58:48+00:00","article_modified_time":"2022-09-08T17:30:55+00:00","og_image":[{"width":1728,"height":1152,"url":"https:\/\/static.africa-press.net\/benin\/sites\/46\/2022\/09\/postQueueImg_21-631a26b525879.jpg","type":"image\/jpeg"}],"author":"cfeditorfr","twitter_card":"summary_large_image","twitter_misc":{"\u00c9crit par":"cfeditorfr","Dur\u00e9e de lecture estim\u00e9e":"2 minutes"},"schema":{"@context":"https:\/\/schema.org","@graph":[{"@type":"Article","@id":"https:\/\/www.africa-press.net\/benin\/toutes-les-actualites\/rentree-scolaire-2022-2023-les-journees-pedagogiques-demarrent-ce-jeudi#article","isPartOf":{"@id":"https:\/\/www.africa-press.net\/benin\/toutes-les-actualites\/rentree-scolaire-2022-2023-les-journees-pedagogiques-demarrent-ce-jeudi"},"author":{"name":"cfeditorfr","@id":"https:\/\/www.africa-press.net\/benin\/#\/schema\/person\/2b1cf3cd81a31e3cd26889ca66d677f1"},"headline":"Rentr\u00e9e scolaire 2022-2023: les journ\u00e9es p\u00e9dagogiques d\u00e9marrent ce jeudi","datePublished":"2022-09-08T16:58:48+00:00","dateModified":"2022-09-08T17:30:55+00:00","mainEntityOfPage":{"@id":"https:\/\/www.africa-press.net\/benin\/toutes-les-actualites\/rentree-scolaire-2022-2023-les-journees-pedagogiques-demarrent-ce-jeudi"},"wordCount":295,"commentCount":0,"image":{"@id":"https:\/\/www.africa-press.net\/benin\/toutes-les-actualites\/rentree-scolaire-2022-2023-les-journees-pedagogiques-demarrent-ce-jeudi#primaryimage"},"thumbnailUrl":"https:\/\/static.africa-press.net\/benin\/sites\/46\/2022\/09\/postQueueImg_21-631a26b525879.jpg","keywords":["Africa Press","Africa Press-Benin","B\u00e9nin"],"articleSection":["Communaut\u00e9","homepage-french","Toutes les actualit\u00e9s"],"inLanguage":"fr-FR","potentialAction":[{"@type":"CommentAction","name":"Comment","target":["https:\/\/www.africa-press.net\/benin\/toutes-les-actualites\/rentree-scolaire-2022-2023-les-journees-pedagogiques-demarrent-ce-jeudi#respond"]}]},{"@type":"WebPage","@id":"https:\/\/www.africa-press.net\/benin\/toutes-les-actualites\/rentree-scolaire-2022-2023-les-journees-pedagogiques-demarrent-ce-jeudi","url":"https:\/\/www.africa-press.net\/benin\/toutes-les-actualites\/rentree-scolaire-2022-2023-les-journees-pedagogiques-demarrent-ce-jeudi","name":"Rentr\u00e9e scolaire 2022-2023: les journ\u00e9es p\u00e9dagogiques d\u00e9marrent ce jeudi - B\u00e9nin","isPartOf":{"@id":"https:\/\/www.africa-press.net\/benin\/#website"},"primaryImageOfPage":{"@id":"https:\/\/www.africa-press.net\/benin\/toutes-les-actualites\/rentree-scolaire-2022-2023-les-journees-pedagogiques-demarrent-ce-jeudi#primaryimage"},"image":{"@id":"https:\/\/www.africa-press.net\/benin\/toutes-les-actualites\/rentree-scolaire-2022-2023-les-journees-pedagogiques-demarrent-ce-jeudi#primaryimage"},"thumbnailUrl":"https:\/\/static.africa-press.net\/benin\/sites\/46\/2022\/09\/postQueueImg_21-631a26b525879.jpg","datePublished":"2022-09-08T16:58:48+00:00","dateModified":"2022-09-08T17:30:55+00:00","author":{"@id":"https:\/\/www.africa-press.net\/benin\/#\/schema\/person\/2b1cf3cd81a31e3cd26889ca66d677f1"},"description":"La Direction de l\u2019inspection p\u00e9dagogique, de l\u2019innovation et de la qualit\u00e9 (Dipiq), en collaboration avec le minist\u00e8re d ...","breadcrumb":{"@id":"https:\/\/www.africa-press.net\/benin\/toutes-les-actualites\/rentree-scolaire-2022-2023-les-journees-pedagogiques-demarrent-ce-jeudi#breadcrumb"},"inLanguage":"fr-FR","potentialAction":[{"@type":"ReadAction","target":["https:\/\/www.africa-press.net\/benin\/toutes-les-actualites\/rentree-scolaire-2022-2023-les-journees-pedagogiques-demarrent-ce-jeudi"]}]},{"@type":"ImageObject","inLanguage":"fr-FR","@id":"https:\/\/www.africa-press.net\/benin\/toutes-les-actualites\/rentree-scolaire-2022-2023-les-journees-pedagogiques-demarrent-ce-jeudi#primaryimage","url":"https:\/\/static.africa-press.net\/benin\/sites\/46\/2022\/09\/postQueueImg_21-631a26b525879.jpg","contentUrl":"https:\/\/static.africa-press.net\/benin\/sites\/46\/2022\/09\/postQueueImg_21-631a26b525879.jpg","width":1728,"height":1152,"caption":"Rentr\u00e9e scolaire 2022-2023: les journ\u00e9es p\u00e9dagogiques d\u00e9marrent ce jeudi"},{"@type":"BreadcrumbList","@id":"https:\/\/www.africa-press.net\/benin\/toutes-les-actualites\/rentree-scolaire-2022-2023-les-journees-pedagogiques-demarrent-ce-jeudi#breadcrumb","itemListElement":[{"@type":"ListItem","position":1,"name":"Accueil","item":"https:\/\/www.africa-press.net\/benin\/"},{"@type":"ListItem","position":2,"name":"Rentr\u00e9e scolaire 2022-2023: les journ\u00e9es p\u00e9dagogiques d\u00e9marrent ce jeudi"}]},{"@type":"WebSite","@id":"https:\/\/www.africa-press.net\/benin\/#website","url":"https:\/\/www.africa-press.net\/benin\/","name":"B\u00e9nin","description":"Just another Africa News Agency Sites site","potentialAction":[{"@type":"SearchAction","target":{"@type":"EntryPoint","urlTemplate":"https:\/\/www.africa-press.net\/benin\/?s={search_term_string}"},"query-input":{"@type":"PropertyValueSpecification","valueRequired":true,"valueName":"search_term_string"}}],"inLanguage":"fr-FR"},{"@type":"Person","@id":"https:\/\/www.africa-press.net\/benin\/#\/schema\/person\/2b1cf3cd81a31e3cd26889ca66d677f1","name":"cfeditorfr"}]}},"_links":{"self":[{"href":"https:\/\/www.africa-press.net\/benin\/wp-json\/wp\/v2\/posts\/8735","targetHints":{"allow":["GET"]}}],"collection":[{"href":"https:\/\/www.africa-press.net\/benin\/wp-json\/wp\/v2\/posts"}],"about":[{"href":"https:\/\/www.africa-press.net\/benin\/wp-json\/wp\/v2\/types\/post"}],"author":[{"embeddable":true,"href":"https:\/\/www.africa-press.net\/benin\/wp-json\/wp\/v2\/users\/82"}],"replies":[{"embeddable":true,"href":"https:\/\/www.africa-press.net\/benin\/wp-json\/wp\/v2\/comments?post=8735"}],"version-history":[{"count":0,"href":"https:\/\/www.africa-press.net\/benin\/wp-json\/wp\/v2\/posts\/8735\/revisions"}],"wp:featuredmedia":[{"embeddable":true,"href":"https:\/\/www.africa-press.net\/benin\/wp-json\/wp\/v2\/media\/8734"}],"wp:attachment":[{"href":"https:\/\/www.africa-press.net\/benin\/wp-json\/wp\/v2\/media?parent=8735"}],"wp:term":[{"taxonomy":"category","embeddable":true,"href":"https:\/\/www.africa-press.net\/benin\/wp-json\/wp\/v2\/categories?post=8735"},{"taxonomy":"post_tag","embeddable":true,"href":"https:\/\/www.africa-press.net\/benin\/wp-json\/wp\/v2\/tags?post=8735"}],"curies":[{"name":"wp","href":"https:\/\/api.w.org\/{rel}","templated":true}]}}