{"id":8741,"date":"2022-09-08T16:59:30","date_gmt":"2022-09-08T16:59:30","guid":{"rendered":"https:\/\/www.africa-press.net\/benin\/politique\/benin-le-corps-sans-vie-dun-bebe-retrouve-dans-un-puits-a-porto-novo"},"modified":"2022-09-08T17:31:53","modified_gmt":"2022-09-08T17:31:53","slug":"benin-le-corps-sans-vie-dun-bebe-retrouve-dans-un-puits-a-porto-novo","status":"publish","type":"post","link":"https:\/\/www.africa-press.net\/benin\/toutes-les-actualites\/benin-le-corps-sans-vie-dun-bebe-retrouve-dans-un-puits-a-porto-novo","title":{"rendered":"B\u00e9nin: le corps sans vie d\u2019un b\u00e9b\u00e9 retrouv\u00e9 dans un puits \u00e0 Porto-Novo"},"content":{"rendered":"<p><span style=\"color: #ff6600\"><strong>Africa-Press &#8211; Benin. <\/strong><\/span>Macabre d\u00e9couverte dans un puits \u00e0 Porto-Novo, au quartier Tokpota Dadjogb\u00e9, ce lundi 05 septembre 2022. Le corps d\u2019un nouveau-n\u00e9 a \u00e9t\u00e9 aper\u00e7u, flottant \u00e0 la surface de l\u2019eau.<\/p>\n<p>Un petit gar\u00e7on de 09 mois retrouv\u00e9 mort dans un puits. Selon les informations rapport\u00e9es, il aurait \u00e9t\u00e9 jet\u00e9 dans le puits par sa m\u00e8re. Cette dernier dit avoir agi ainsi pour mettre fin aux insultes du voisinage. Selon Gu\u00e9rite Tv, la dame a confi\u00e9, qu\u2019elle en avait marre des commentaires qui rappellent sans cesse que son enfant un \u00ab sans p\u00e8re \u00bb.<\/p>\n<p>La d\u00e9pouille du b\u00e9b\u00e9 a \u00e9t\u00e9 extraite du puits, et sa m\u00e8re conduite au commissariat de police territorialement comp\u00e9tent. Elle risque d\u2019\u00eatre \u00e9pingl\u00e9e pour infanticide, une infraction pr\u00e9vue et punie par les textes en vigueur au B\u00e9nin, notamment le Code de l\u2019Enfant et le Code P\u00e9nal.<\/p>\n<p>Le Code de l\u2019Enfant d\u00e9finit l\u2019infanticide comme <b>\u00ab toutes pratiques malsaines qui causent ou donnent la mort \u00e0 un nouveau-n\u00e9 \u00bb<\/b>. En son article 339, la loi punit de cinq (5) \u00e0 vingt (20) ans de r\u00e9clusion et d\u2019une amende de cinq cent mille (500.000) \u00e0 un million (1.000.000) de francs CFA, quiconque est coupable de meurtre ou d\u2019assassinat sur un nouveau-n\u00e9.<\/p>\n<p>L\u2019infanticide rituel est \u00e9galement \u00e9voqu\u00e9 dans le Code de l\u2019Enfant \u00e0 l\u2019article 340 qui punit <b>\u00ab de cinq (5) \u00e0 vingt (20) ans de r\u00e9clusion et d\u2019une amende de deux cent mille (200.000) \u00e0 cinq cent mille (500.000) francs CFA, toute personne qui, par des rituels, des c\u00e9r\u00e9monies dangereuses, des pratiques malsaines, donne la mort \u00e0 un nouveau-n\u00e9 \u00bb<\/b>.<\/p>\n<p><strong>Pour plus d&rsquo;informations et d&rsquo;analyses sur la <a href=\"https:\/\/www.africa-press.net\/benin\">Benin<\/a>, suivez <a href=\"https:\/\/www.africa-press.net\/\">Africa-Press<\/a><\/strong><\/p>\n","protected":false},"excerpt":{"rendered":"<p>Africa-Press &#8211; Benin. Macabre d\u00e9couverte dans un puits \u00e0 Porto-Novo, au quartier Tokpota Dadjogb\u00e9, ce lundi 05 septembre 2022. Le corps d\u2019un nouveau-n\u00e9 a \u00e9t\u00e9 aper\u00e7u, flottant \u00e0 la surface de l\u2019eau. Un petit gar\u00e7on de 09 mois retrouv\u00e9 mort dans un puits. Selon les informations rapport\u00e9es, il aurait \u00e9t\u00e9 jet\u00e9 dans le puits par [&hellip;]<\/p>\n","protected":false},"author":82,"featured_media":8740,"comment_status":"open","ping_status":"closed","sticky":false,"template":"","format":"standard","meta":{"footnotes":""},"categories":[21,11,10],"tags":[36,50,45],"class_list":["post-8741","post","type-post","status-publish","format-standard","has-post-thumbnail","hentry","category-communaute","category-homepage-french","category-toutes-les-actualites","tag-africa-press","tag-africa-press-benin","tag-benin"],"yoast_head":"<!-- This site is optimized with the Yoast SEO Premium plugin v26.1 (Yoast SEO v27.0) - https:\/\/yoast.com\/product\/yoast-seo-premium-wordpress\/ -->\n<title>B\u00e9nin: le corps sans vie d\u2019un b\u00e9b\u00e9 retrouv\u00e9 dans un puits \u00e0 Porto-Novo - B\u00e9nin<\/title>\n<meta name=\"description\" content=\"Macabre d\u00e9couverte dans un puits \u00e0 Porto-Novo, au quartier Tokpota Dadjogb\u00e9, ce lundi 05 septembre 2022. Le corps d\u2019un n ...\" \/>\n<meta name=\"robots\" content=\"index, follow, max-snippet:-1, max-image-preview:large, max-video-preview:-1\" \/>\n<link rel=\"canonical\" href=\"https:\/\/www.africa-press.net\/benin\/toutes-les-actualites\/benin-le-corps-sans-vie-dun-bebe-retrouve-dans-un-puits-a-porto-novo\" \/>\n<meta property=\"og:locale\" content=\"fr_FR\" \/>\n<meta property=\"og:type\" content=\"article\" \/>\n<meta property=\"og:title\" content=\"B\u00e9nin: le corps sans vie d\u2019un b\u00e9b\u00e9 retrouv\u00e9 dans un puits \u00e0 Porto-Novo\" \/>\n<meta property=\"og:description\" content=\"Macabre d\u00e9couverte dans un puits \u00e0 Porto-Novo, au quartier Tokpota Dadjogb\u00e9, ce lundi 05 septembre 2022. Le corps d\u2019un n ...\" \/>\n<meta property=\"og:url\" content=\"https:\/\/www.africa-press.net\/benin\/toutes-les-actualites\/benin-le-corps-sans-vie-dun-bebe-retrouve-dans-un-puits-a-porto-novo\" \/>\n<meta property=\"og:site_name\" content=\"B\u00e9nin\" \/>\n<meta property=\"article:published_time\" content=\"2022-09-08T16:59:30+00:00\" \/>\n<meta property=\"article:modified_time\" content=\"2022-09-08T17:31:53+00:00\" \/>\n<meta property=\"og:image\" content=\"https:\/\/static.africa-press.net\/benin\/sites\/46\/2022\/09\/postQueueImg_23-631a26f1d1efb.jpg\" \/>\n\t<meta property=\"og:image:width\" content=\"1200\" \/>\n\t<meta property=\"og:image:height\" content=\"686\" \/>\n\t<meta property=\"og:image:type\" content=\"image\/jpeg\" \/>\n<meta name=\"author\" content=\"cfeditorfr\" \/>\n<meta name=\"twitter:card\" content=\"summary_large_image\" \/>\n<meta name=\"twitter:label1\" content=\"\u00c9crit par\" \/>\n\t<meta name=\"twitter:data1\" content=\"cfeditorfr\" \/>\n\t<meta name=\"twitter:label2\" content=\"Dur\u00e9e de lecture estim\u00e9e\" \/>\n\t<meta name=\"twitter:data2\" content=\"2 minutes\" \/>\n<script type=\"application\/ld+json\" class=\"yoast-schema-graph\">{\"@context\":\"https:\/\/schema.org\",\"@graph\":[{\"@type\":\"Article\",\"@id\":\"https:\/\/www.africa-press.net\/benin\/toutes-les-actualites\/benin-le-corps-sans-vie-dun-bebe-retrouve-dans-un-puits-a-porto-novo#article\",\"isPartOf\":{\"@id\":\"https:\/\/www.africa-press.net\/benin\/toutes-les-actualites\/benin-le-corps-sans-vie-dun-bebe-retrouve-dans-un-puits-a-porto-novo\"},\"author\":{\"name\":\"cfeditorfr\",\"@id\":\"https:\/\/www.africa-press.net\/benin\/#\/schema\/person\/2b1cf3cd81a31e3cd26889ca66d677f1\"},\"headline\":\"B\u00e9nin: le corps sans vie d\u2019un b\u00e9b\u00e9 retrouv\u00e9 dans un puits \u00e0 Porto-Novo\",\"datePublished\":\"2022-09-08T16:59:30+00:00\",\"dateModified\":\"2022-09-08T17:31:53+00:00\",\"mainEntityOfPage\":{\"@id\":\"https:\/\/www.africa-press.net\/benin\/toutes-les-actualites\/benin-le-corps-sans-vie-dun-bebe-retrouve-dans-un-puits-a-porto-novo\"},\"wordCount\":294,\"commentCount\":0,\"image\":{\"@id\":\"https:\/\/www.africa-press.net\/benin\/toutes-les-actualites\/benin-le-corps-sans-vie-dun-bebe-retrouve-dans-un-puits-a-porto-novo#primaryimage\"},\"thumbnailUrl\":\"https:\/\/static.africa-press.net\/benin\/sites\/46\/2022\/09\/postQueueImg_23-631a26f1d1efb.jpg\",\"keywords\":[\"Africa Press\",\"Africa Press-Benin\",\"B\u00e9nin\"],\"articleSection\":[\"Communaut\u00e9\",\"homepage-french\",\"Toutes les actualit\u00e9s\"],\"inLanguage\":\"fr-FR\",\"potentialAction\":[{\"@type\":\"CommentAction\",\"name\":\"Comment\",\"target\":[\"https:\/\/www.africa-press.net\/benin\/toutes-les-actualites\/benin-le-corps-sans-vie-dun-bebe-retrouve-dans-un-puits-a-porto-novo#respond\"]}]},{\"@type\":\"WebPage\",\"@id\":\"https:\/\/www.africa-press.net\/benin\/toutes-les-actualites\/benin-le-corps-sans-vie-dun-bebe-retrouve-dans-un-puits-a-porto-novo\",\"url\":\"https:\/\/www.africa-press.net\/benin\/toutes-les-actualites\/benin-le-corps-sans-vie-dun-bebe-retrouve-dans-un-puits-a-porto-novo\",\"name\":\"B\u00e9nin: le corps sans vie d\u2019un b\u00e9b\u00e9 retrouv\u00e9 dans un puits \u00e0 Porto-Novo - B\u00e9nin\",\"isPartOf\":{\"@id\":\"https:\/\/www.africa-press.net\/benin\/#website\"},\"primaryImageOfPage\":{\"@id\":\"https:\/\/www.africa-press.net\/benin\/toutes-les-actualites\/benin-le-corps-sans-vie-dun-bebe-retrouve-dans-un-puits-a-porto-novo#primaryimage\"},\"image\":{\"@id\":\"https:\/\/www.africa-press.net\/benin\/toutes-les-actualites\/benin-le-corps-sans-vie-dun-bebe-retrouve-dans-un-puits-a-porto-novo#primaryimage\"},\"thumbnailUrl\":\"https:\/\/static.africa-press.net\/benin\/sites\/46\/2022\/09\/postQueueImg_23-631a26f1d1efb.jpg\",\"datePublished\":\"2022-09-08T16:59:30+00:00\",\"dateModified\":\"2022-09-08T17:31:53+00:00\",\"author\":{\"@id\":\"https:\/\/www.africa-press.net\/benin\/#\/schema\/person\/2b1cf3cd81a31e3cd26889ca66d677f1\"},\"description\":\"Macabre d\u00e9couverte dans un puits \u00e0 Porto-Novo, au quartier Tokpota Dadjogb\u00e9, ce lundi 05 septembre 2022. Le corps d\u2019un n ...\",\"breadcrumb\":{\"@id\":\"https:\/\/www.africa-press.net\/benin\/toutes-les-actualites\/benin-le-corps-sans-vie-dun-bebe-retrouve-dans-un-puits-a-porto-novo#breadcrumb\"},\"inLanguage\":\"fr-FR\",\"potentialAction\":[{\"@type\":\"ReadAction\",\"target\":[\"https:\/\/www.africa-press.net\/benin\/toutes-les-actualites\/benin-le-corps-sans-vie-dun-bebe-retrouve-dans-un-puits-a-porto-novo\"]}]},{\"@type\":\"ImageObject\",\"inLanguage\":\"fr-FR\",\"@id\":\"https:\/\/www.africa-press.net\/benin\/toutes-les-actualites\/benin-le-corps-sans-vie-dun-bebe-retrouve-dans-un-puits-a-porto-novo#primaryimage\",\"url\":\"https:\/\/static.africa-press.net\/benin\/sites\/46\/2022\/09\/postQueueImg_23-631a26f1d1efb.jpg\",\"contentUrl\":\"https:\/\/static.africa-press.net\/benin\/sites\/46\/2022\/09\/postQueueImg_23-631a26f1d1efb.jpg\",\"width\":1200,\"height\":686,\"caption\":\"B\u00e9nin: le corps sans vie d\u2019un b\u00e9b\u00e9 retrouv\u00e9 dans un puits \u00e0 Porto-Novo\"},{\"@type\":\"BreadcrumbList\",\"@id\":\"https:\/\/www.africa-press.net\/benin\/toutes-les-actualites\/benin-le-corps-sans-vie-dun-bebe-retrouve-dans-un-puits-a-porto-novo#breadcrumb\",\"itemListElement\":[{\"@type\":\"ListItem\",\"position\":1,\"name\":\"Accueil\",\"item\":\"https:\/\/www.africa-press.net\/benin\/\"},{\"@type\":\"ListItem\",\"position\":2,\"name\":\"B\u00e9nin: le corps sans vie d\u2019un b\u00e9b\u00e9 retrouv\u00e9 dans un puits \u00e0 Porto-Novo\"}]},{\"@type\":\"WebSite\",\"@id\":\"https:\/\/www.africa-press.net\/benin\/#website\",\"url\":\"https:\/\/www.africa-press.net\/benin\/\",\"name\":\"B\u00e9nin\",\"description\":\"Just another Africa News Agency Sites site\",\"potentialAction\":[{\"@type\":\"SearchAction\",\"target\":{\"@type\":\"EntryPoint\",\"urlTemplate\":\"https:\/\/www.africa-press.net\/benin\/?s={search_term_string}\"},\"query-input\":{\"@type\":\"PropertyValueSpecification\",\"valueRequired\":true,\"valueName\":\"search_term_string\"}}],\"inLanguage\":\"fr-FR\"},{\"@type\":\"Person\",\"@id\":\"https:\/\/www.africa-press.net\/benin\/#\/schema\/person\/2b1cf3cd81a31e3cd26889ca66d677f1\",\"name\":\"cfeditorfr\"}]}<\/script>\n<!-- \/ Yoast SEO Premium plugin. -->","yoast_head_json":{"title":"B\u00e9nin: le corps sans vie d\u2019un b\u00e9b\u00e9 retrouv\u00e9 dans un puits \u00e0 Porto-Novo - B\u00e9nin","description":"Macabre d\u00e9couverte dans un puits \u00e0 Porto-Novo, au quartier Tokpota Dadjogb\u00e9, ce lundi 05 septembre 2022. Le corps d\u2019un n ...","robots":{"index":"index","follow":"follow","max-snippet":"max-snippet:-1","max-image-preview":"max-image-preview:large","max-video-preview":"max-video-preview:-1"},"canonical":"https:\/\/www.africa-press.net\/benin\/toutes-les-actualites\/benin-le-corps-sans-vie-dun-bebe-retrouve-dans-un-puits-a-porto-novo","og_locale":"fr_FR","og_type":"article","og_title":"B\u00e9nin: le corps sans vie d\u2019un b\u00e9b\u00e9 retrouv\u00e9 dans un puits \u00e0 Porto-Novo","og_description":"Macabre d\u00e9couverte dans un puits \u00e0 Porto-Novo, au quartier Tokpota Dadjogb\u00e9, ce lundi 05 septembre 2022. Le corps d\u2019un n ...","og_url":"https:\/\/www.africa-press.net\/benin\/toutes-les-actualites\/benin-le-corps-sans-vie-dun-bebe-retrouve-dans-un-puits-a-porto-novo","og_site_name":"B\u00e9nin","article_published_time":"2022-09-08T16:59:30+00:00","article_modified_time":"2022-09-08T17:31:53+00:00","og_image":[{"width":1200,"height":686,"url":"https:\/\/static.africa-press.net\/benin\/sites\/46\/2022\/09\/postQueueImg_23-631a26f1d1efb.jpg","type":"image\/jpeg"}],"author":"cfeditorfr","twitter_card":"summary_large_image","twitter_misc":{"\u00c9crit par":"cfeditorfr","Dur\u00e9e de lecture estim\u00e9e":"2 minutes"},"schema":{"@context":"https:\/\/schema.org","@graph":[{"@type":"Article","@id":"https:\/\/www.africa-press.net\/benin\/toutes-les-actualites\/benin-le-corps-sans-vie-dun-bebe-retrouve-dans-un-puits-a-porto-novo#article","isPartOf":{"@id":"https:\/\/www.africa-press.net\/benin\/toutes-les-actualites\/benin-le-corps-sans-vie-dun-bebe-retrouve-dans-un-puits-a-porto-novo"},"author":{"name":"cfeditorfr","@id":"https:\/\/www.africa-press.net\/benin\/#\/schema\/person\/2b1cf3cd81a31e3cd26889ca66d677f1"},"headline":"B\u00e9nin: le corps sans vie d\u2019un b\u00e9b\u00e9 retrouv\u00e9 dans un puits \u00e0 Porto-Novo","datePublished":"2022-09-08T16:59:30+00:00","dateModified":"2022-09-08T17:31:53+00:00","mainEntityOfPage":{"@id":"https:\/\/www.africa-press.net\/benin\/toutes-les-actualites\/benin-le-corps-sans-vie-dun-bebe-retrouve-dans-un-puits-a-porto-novo"},"wordCount":294,"commentCount":0,"image":{"@id":"https:\/\/www.africa-press.net\/benin\/toutes-les-actualites\/benin-le-corps-sans-vie-dun-bebe-retrouve-dans-un-puits-a-porto-novo#primaryimage"},"thumbnailUrl":"https:\/\/static.africa-press.net\/benin\/sites\/46\/2022\/09\/postQueueImg_23-631a26f1d1efb.jpg","keywords":["Africa Press","Africa Press-Benin","B\u00e9nin"],"articleSection":["Communaut\u00e9","homepage-french","Toutes les actualit\u00e9s"],"inLanguage":"fr-FR","potentialAction":[{"@type":"CommentAction","name":"Comment","target":["https:\/\/www.africa-press.net\/benin\/toutes-les-actualites\/benin-le-corps-sans-vie-dun-bebe-retrouve-dans-un-puits-a-porto-novo#respond"]}]},{"@type":"WebPage","@id":"https:\/\/www.africa-press.net\/benin\/toutes-les-actualites\/benin-le-corps-sans-vie-dun-bebe-retrouve-dans-un-puits-a-porto-novo","url":"https:\/\/www.africa-press.net\/benin\/toutes-les-actualites\/benin-le-corps-sans-vie-dun-bebe-retrouve-dans-un-puits-a-porto-novo","name":"B\u00e9nin: le corps sans vie d\u2019un b\u00e9b\u00e9 retrouv\u00e9 dans un puits \u00e0 Porto-Novo - B\u00e9nin","isPartOf":{"@id":"https:\/\/www.africa-press.net\/benin\/#website"},"primaryImageOfPage":{"@id":"https:\/\/www.africa-press.net\/benin\/toutes-les-actualites\/benin-le-corps-sans-vie-dun-bebe-retrouve-dans-un-puits-a-porto-novo#primaryimage"},"image":{"@id":"https:\/\/www.africa-press.net\/benin\/toutes-les-actualites\/benin-le-corps-sans-vie-dun-bebe-retrouve-dans-un-puits-a-porto-novo#primaryimage"},"thumbnailUrl":"https:\/\/static.africa-press.net\/benin\/sites\/46\/2022\/09\/postQueueImg_23-631a26f1d1efb.jpg","datePublished":"2022-09-08T16:59:30+00:00","dateModified":"2022-09-08T17:31:53+00:00","author":{"@id":"https:\/\/www.africa-press.net\/benin\/#\/schema\/person\/2b1cf3cd81a31e3cd26889ca66d677f1"},"description":"Macabre d\u00e9couverte dans un puits \u00e0 Porto-Novo, au quartier Tokpota Dadjogb\u00e9, ce lundi 05 septembre 2022. Le corps d\u2019un n ...","breadcrumb":{"@id":"https:\/\/www.africa-press.net\/benin\/toutes-les-actualites\/benin-le-corps-sans-vie-dun-bebe-retrouve-dans-un-puits-a-porto-novo#breadcrumb"},"inLanguage":"fr-FR","potentialAction":[{"@type":"ReadAction","target":["https:\/\/www.africa-press.net\/benin\/toutes-les-actualites\/benin-le-corps-sans-vie-dun-bebe-retrouve-dans-un-puits-a-porto-novo"]}]},{"@type":"ImageObject","inLanguage":"fr-FR","@id":"https:\/\/www.africa-press.net\/benin\/toutes-les-actualites\/benin-le-corps-sans-vie-dun-bebe-retrouve-dans-un-puits-a-porto-novo#primaryimage","url":"https:\/\/static.africa-press.net\/benin\/sites\/46\/2022\/09\/postQueueImg_23-631a26f1d1efb.jpg","contentUrl":"https:\/\/static.africa-press.net\/benin\/sites\/46\/2022\/09\/postQueueImg_23-631a26f1d1efb.jpg","width":1200,"height":686,"caption":"B\u00e9nin: le corps sans vie d\u2019un b\u00e9b\u00e9 retrouv\u00e9 dans un puits \u00e0 Porto-Novo"},{"@type":"BreadcrumbList","@id":"https:\/\/www.africa-press.net\/benin\/toutes-les-actualites\/benin-le-corps-sans-vie-dun-bebe-retrouve-dans-un-puits-a-porto-novo#breadcrumb","itemListElement":[{"@type":"ListItem","position":1,"name":"Accueil","item":"https:\/\/www.africa-press.net\/benin\/"},{"@type":"ListItem","position":2,"name":"B\u00e9nin: le corps sans vie d\u2019un b\u00e9b\u00e9 retrouv\u00e9 dans un puits \u00e0 Porto-Novo"}]},{"@type":"WebSite","@id":"https:\/\/www.africa-press.net\/benin\/#website","url":"https:\/\/www.africa-press.net\/benin\/","name":"B\u00e9nin","description":"Just another Africa News Agency Sites site","potentialAction":[{"@type":"SearchAction","target":{"@type":"EntryPoint","urlTemplate":"https:\/\/www.africa-press.net\/benin\/?s={search_term_string}"},"query-input":{"@type":"PropertyValueSpecification","valueRequired":true,"valueName":"search_term_string"}}],"inLanguage":"fr-FR"},{"@type":"Person","@id":"https:\/\/www.africa-press.net\/benin\/#\/schema\/person\/2b1cf3cd81a31e3cd26889ca66d677f1","name":"cfeditorfr"}]}},"_links":{"self":[{"href":"https:\/\/www.africa-press.net\/benin\/wp-json\/wp\/v2\/posts\/8741","targetHints":{"allow":["GET"]}}],"collection":[{"href":"https:\/\/www.africa-press.net\/benin\/wp-json\/wp\/v2\/posts"}],"about":[{"href":"https:\/\/www.africa-press.net\/benin\/wp-json\/wp\/v2\/types\/post"}],"author":[{"embeddable":true,"href":"https:\/\/www.africa-press.net\/benin\/wp-json\/wp\/v2\/users\/82"}],"replies":[{"embeddable":true,"href":"https:\/\/www.africa-press.net\/benin\/wp-json\/wp\/v2\/comments?post=8741"}],"version-history":[{"count":0,"href":"https:\/\/www.africa-press.net\/benin\/wp-json\/wp\/v2\/posts\/8741\/revisions"}],"wp:featuredmedia":[{"embeddable":true,"href":"https:\/\/www.africa-press.net\/benin\/wp-json\/wp\/v2\/media\/8740"}],"wp:attachment":[{"href":"https:\/\/www.africa-press.net\/benin\/wp-json\/wp\/v2\/media?parent=8741"}],"wp:term":[{"taxonomy":"category","embeddable":true,"href":"https:\/\/www.africa-press.net\/benin\/wp-json\/wp\/v2\/categories?post=8741"},{"taxonomy":"post_tag","embeddable":true,"href":"https:\/\/www.africa-press.net\/benin\/wp-json\/wp\/v2\/tags?post=8741"}],"curies":[{"name":"wp","href":"https:\/\/api.w.org\/{rel}","templated":true}]}}