{"id":8744,"date":"2022-09-08T16:59:46","date_gmt":"2022-09-08T16:59:46","guid":{"rendered":"https:\/\/www.africa-press.net\/benin\/politique\/benin-legislatives-2023-les-recommandations-de-la-cour-constitutionnelle-a-la-cena"},"modified":"2022-09-08T17:32:28","modified_gmt":"2022-09-08T17:32:28","slug":"benin-legislatives-2023-les-recommandations-de-la-cour-constitutionnelle-a-la-cena","status":"publish","type":"post","link":"https:\/\/www.africa-press.net\/benin\/politique\/benin-legislatives-2023-les-recommandations-de-la-cour-constitutionnelle-a-la-cena","title":{"rendered":"B\u00e9nin \u2013 L\u00e9gislatives 2023: les recommandations de la Cour constitutionnelle \u00e0 la CENA"},"content":{"rendered":"<p><span style=\"color: #ff6600\"><strong>Africa-Press &#8211; Benin. <\/strong><\/span>Une d\u00e9l\u00e9gation de la commission \u00e9lectorale nationale autonome conduite par Sacca Lafia \u00e9tait ce mercredi dans les locaux de la cour constitutionnelle. La d\u00e9l\u00e9gation \u00e9tait invit\u00e9e par la cour pour faire le point des pr\u00e9paratifs des l\u00e9gislatives de 2023.<\/p>\n<p>Invit\u00e9s par la cour constitutionnelle, le pr\u00e9sident du conseil \u00e9lectoral, l\u2019ancien ministre Sacca Lafia et une d\u00e9l\u00e9gation de la commission \u00e9lectorale nationale autonome (CENA) ont pr\u00e9sent\u00e9 devant les conseillers de la cour constitutionnelle, le point des pr\u00e9paratifs des l\u00e9gislatives de 2023.<\/p>\n<p>A l\u2019issue de la pr\u00e9sentation du point d\u2019\u00e9tape de l\u2019organisation des l\u00e9gislatives de 2023 par la d\u00e9l\u00e9gation de la commission \u00e9lectorale nationale autonome (CENA), les conseillers de la cour constitutionnelle ont fait des recommandations pour que ces \u00e9lections qui s\u2019annoncent soient libres et transparentes.<\/p>\n<p>Les recommandations de la cour constitutionnelle\u2026<\/p>\n<p>\u00c0 la suite de la pr\u00e9sentation des diff\u00e9rentes t\u00e2ches r\u00e9alis\u00e9es ou en cours de r\u00e9alisation par les diff\u00e9rents membres de la Cour constitutionnelle, les six conseillers de la cour constitutionnels ont pris la parole d\u2019une part pour avoir plus d\u2019\u00e9claircissement et d\u2019autre part pour faire des propositions et des recommandations.<\/p>\n<p>Les conseillers de la cour ont d\u2019abord demand\u00e9 \u00e0 la cena de mettre \u00e0 sa disposition, la liste \u00e9lectorale, la liste des centres de vote et celle des postes de vote.<\/p>\n<p>Les membres de la cour constitutionnelle ont \u00e9galement insist\u00e9 sur les travaux qu\u2019il urgent pour la cena de faire au niveau des candidatures, notamment l\u2019examen des dossiers de candidature, les motifs d\u2019invalidation d\u2019une candidature. Ces documents mis \u00e0 la disposition de la cour lui permettront de faire face aux contestations sur la mani\u00e8re dont la cena aura \u00e0 g\u00e9rer les dossiers de candidature.<\/p>\n<p>La cour a \u00e9galement recommand\u00e9 que les agents \u00e9lectoraux soient s\u00e9lectionn\u00e9s avec beaucoup de s\u00e9rieux. Elle a \u00e9galement insist\u00e9 sur leur formation en rapport avec le remplissage des proc\u00e8s-verbaux de d\u00e9roulement du scrutin, les proc\u00e8s-verbaux de d\u00e9pouillement.<\/p>\n<p>Ces documents sont en effet des outils que la Cour constitutionnelle utilise pour appr\u00e9cier la r\u00e9gularit\u00e9 des \u00e9lections. La transmission des cantines \u00e0 la cour par la cena a \u00e9t\u00e9 aussi une pr\u00e9occupation soulev\u00e9e par les conseillers de la cour qui ont souhait\u00e9 que cela se fasse de mani\u00e8re professionnelle.<\/p>\n<p><strong>Pour plus d&rsquo;informations et d&rsquo;analyses sur la <a href=\"https:\/\/www.africa-press.net\/benin\">Benin<\/a>, suivez <a href=\"https:\/\/www.africa-press.net\/\">Africa-Press<\/a><\/strong><\/p>\n","protected":false},"excerpt":{"rendered":"<p>Africa-Press &#8211; Benin. Une d\u00e9l\u00e9gation de la commission \u00e9lectorale nationale autonome conduite par Sacca Lafia \u00e9tait ce mercredi dans les locaux de la cour constitutionnelle. La d\u00e9l\u00e9gation \u00e9tait invit\u00e9e par la cour pour faire le point des pr\u00e9paratifs des l\u00e9gislatives de 2023. Invit\u00e9s par la cour constitutionnelle, le pr\u00e9sident du conseil \u00e9lectoral, l\u2019ancien ministre Sacca [&hellip;]<\/p>\n","protected":false},"author":82,"featured_media":8743,"comment_status":"open","ping_status":"closed","sticky":false,"template":"","format":"standard","meta":{"footnotes":""},"categories":[11,2,10],"tags":[36,50,45],"class_list":["post-8744","post","type-post","status-publish","format-standard","has-post-thumbnail","hentry","category-homepage-french","category-politique","category-toutes-les-actualites","tag-africa-press","tag-africa-press-benin","tag-benin"],"yoast_head":"<!-- This site is optimized with the Yoast SEO Premium plugin v26.1 (Yoast SEO v27.0) - https:\/\/yoast.com\/product\/yoast-seo-premium-wordpress\/ -->\n<title>B\u00e9nin \u2013 L\u00e9gislatives 2023: les recommandations de la Cour constitutionnelle \u00e0 la CENA - B\u00e9nin<\/title>\n<meta name=\"description\" content=\"Une d\u00e9l\u00e9gation de la commission \u00e9lectorale nationale autonome conduite par Sacca Lafia \u00e9tait ce mercredi dans les locaux ...\" \/>\n<meta name=\"robots\" content=\"index, follow, max-snippet:-1, max-image-preview:large, max-video-preview:-1\" \/>\n<link rel=\"canonical\" href=\"https:\/\/www.africa-press.net\/benin\/politique\/benin-legislatives-2023-les-recommandations-de-la-cour-constitutionnelle-a-la-cena\" \/>\n<meta property=\"og:locale\" content=\"fr_FR\" \/>\n<meta property=\"og:type\" content=\"article\" \/>\n<meta property=\"og:title\" content=\"B\u00e9nin \u2013 L\u00e9gislatives 2023: les recommandations de la Cour constitutionnelle \u00e0 la CENA\" \/>\n<meta property=\"og:description\" content=\"Une d\u00e9l\u00e9gation de la commission \u00e9lectorale nationale autonome conduite par Sacca Lafia \u00e9tait ce mercredi dans les locaux ...\" \/>\n<meta property=\"og:url\" content=\"https:\/\/www.africa-press.net\/benin\/politique\/benin-legislatives-2023-les-recommandations-de-la-cour-constitutionnelle-a-la-cena\" \/>\n<meta property=\"og:site_name\" content=\"B\u00e9nin\" \/>\n<meta property=\"article:published_time\" content=\"2022-09-08T16:59:46+00:00\" \/>\n<meta property=\"article:modified_time\" content=\"2022-09-08T17:32:28+00:00\" \/>\n<meta property=\"og:image\" content=\"https:\/\/static.africa-press.net\/benin\/sites\/46\/2022\/09\/postQueueImg_24-631a2710010e9.jpg\" \/>\n\t<meta property=\"og:image:width\" content=\"1280\" \/>\n\t<meta property=\"og:image:height\" content=\"718\" \/>\n\t<meta property=\"og:image:type\" content=\"image\/jpeg\" \/>\n<meta name=\"author\" content=\"cfeditorfr\" \/>\n<meta name=\"twitter:card\" content=\"summary_large_image\" \/>\n<meta name=\"twitter:label1\" content=\"\u00c9crit par\" \/>\n\t<meta name=\"twitter:data1\" content=\"cfeditorfr\" \/>\n\t<meta name=\"twitter:label2\" content=\"Dur\u00e9e de lecture estim\u00e9e\" \/>\n\t<meta name=\"twitter:data2\" content=\"2 minutes\" \/>\n<script type=\"application\/ld+json\" class=\"yoast-schema-graph\">{\"@context\":\"https:\/\/schema.org\",\"@graph\":[{\"@type\":\"Article\",\"@id\":\"https:\/\/www.africa-press.net\/benin\/politique\/benin-legislatives-2023-les-recommandations-de-la-cour-constitutionnelle-a-la-cena#article\",\"isPartOf\":{\"@id\":\"https:\/\/www.africa-press.net\/benin\/politique\/benin-legislatives-2023-les-recommandations-de-la-cour-constitutionnelle-a-la-cena\"},\"author\":{\"name\":\"cfeditorfr\",\"@id\":\"https:\/\/www.africa-press.net\/benin\/#\/schema\/person\/2b1cf3cd81a31e3cd26889ca66d677f1\"},\"headline\":\"B\u00e9nin \u2013 L\u00e9gislatives 2023: les recommandations de la Cour constitutionnelle \u00e0 la CENA\",\"datePublished\":\"2022-09-08T16:59:46+00:00\",\"dateModified\":\"2022-09-08T17:32:28+00:00\",\"mainEntityOfPage\":{\"@id\":\"https:\/\/www.africa-press.net\/benin\/politique\/benin-legislatives-2023-les-recommandations-de-la-cour-constitutionnelle-a-la-cena\"},\"wordCount\":431,\"commentCount\":0,\"image\":{\"@id\":\"https:\/\/www.africa-press.net\/benin\/politique\/benin-legislatives-2023-les-recommandations-de-la-cour-constitutionnelle-a-la-cena#primaryimage\"},\"thumbnailUrl\":\"https:\/\/static.africa-press.net\/benin\/sites\/46\/2022\/09\/postQueueImg_24-631a2710010e9.jpg\",\"keywords\":[\"Africa Press\",\"Africa Press-Benin\",\"B\u00e9nin\"],\"articleSection\":[\"homepage-french\",\"Politique\",\"Toutes les actualit\u00e9s\"],\"inLanguage\":\"fr-FR\",\"potentialAction\":[{\"@type\":\"CommentAction\",\"name\":\"Comment\",\"target\":[\"https:\/\/www.africa-press.net\/benin\/politique\/benin-legislatives-2023-les-recommandations-de-la-cour-constitutionnelle-a-la-cena#respond\"]}]},{\"@type\":\"WebPage\",\"@id\":\"https:\/\/www.africa-press.net\/benin\/politique\/benin-legislatives-2023-les-recommandations-de-la-cour-constitutionnelle-a-la-cena\",\"url\":\"https:\/\/www.africa-press.net\/benin\/politique\/benin-legislatives-2023-les-recommandations-de-la-cour-constitutionnelle-a-la-cena\",\"name\":\"B\u00e9nin \u2013 L\u00e9gislatives 2023: les recommandations de la Cour constitutionnelle \u00e0 la CENA - B\u00e9nin\",\"isPartOf\":{\"@id\":\"https:\/\/www.africa-press.net\/benin\/#website\"},\"primaryImageOfPage\":{\"@id\":\"https:\/\/www.africa-press.net\/benin\/politique\/benin-legislatives-2023-les-recommandations-de-la-cour-constitutionnelle-a-la-cena#primaryimage\"},\"image\":{\"@id\":\"https:\/\/www.africa-press.net\/benin\/politique\/benin-legislatives-2023-les-recommandations-de-la-cour-constitutionnelle-a-la-cena#primaryimage\"},\"thumbnailUrl\":\"https:\/\/static.africa-press.net\/benin\/sites\/46\/2022\/09\/postQueueImg_24-631a2710010e9.jpg\",\"datePublished\":\"2022-09-08T16:59:46+00:00\",\"dateModified\":\"2022-09-08T17:32:28+00:00\",\"author\":{\"@id\":\"https:\/\/www.africa-press.net\/benin\/#\/schema\/person\/2b1cf3cd81a31e3cd26889ca66d677f1\"},\"description\":\"Une d\u00e9l\u00e9gation de la commission \u00e9lectorale nationale autonome conduite par Sacca Lafia \u00e9tait ce mercredi dans les locaux ...\",\"breadcrumb\":{\"@id\":\"https:\/\/www.africa-press.net\/benin\/politique\/benin-legislatives-2023-les-recommandations-de-la-cour-constitutionnelle-a-la-cena#breadcrumb\"},\"inLanguage\":\"fr-FR\",\"potentialAction\":[{\"@type\":\"ReadAction\",\"target\":[\"https:\/\/www.africa-press.net\/benin\/politique\/benin-legislatives-2023-les-recommandations-de-la-cour-constitutionnelle-a-la-cena\"]}]},{\"@type\":\"ImageObject\",\"inLanguage\":\"fr-FR\",\"@id\":\"https:\/\/www.africa-press.net\/benin\/politique\/benin-legislatives-2023-les-recommandations-de-la-cour-constitutionnelle-a-la-cena#primaryimage\",\"url\":\"https:\/\/static.africa-press.net\/benin\/sites\/46\/2022\/09\/postQueueImg_24-631a2710010e9.jpg\",\"contentUrl\":\"https:\/\/static.africa-press.net\/benin\/sites\/46\/2022\/09\/postQueueImg_24-631a2710010e9.jpg\",\"width\":1280,\"height\":718,\"caption\":\"B\u00e9nin \u2013 L\u00e9gislatives 2023: les recommandations de la Cour constitutionnelle \u00e0 la CENA\"},{\"@type\":\"BreadcrumbList\",\"@id\":\"https:\/\/www.africa-press.net\/benin\/politique\/benin-legislatives-2023-les-recommandations-de-la-cour-constitutionnelle-a-la-cena#breadcrumb\",\"itemListElement\":[{\"@type\":\"ListItem\",\"position\":1,\"name\":\"Accueil\",\"item\":\"https:\/\/www.africa-press.net\/benin\/\"},{\"@type\":\"ListItem\",\"position\":2,\"name\":\"B\u00e9nin \u2013 L\u00e9gislatives 2023: les recommandations de la Cour constitutionnelle \u00e0 la CENA\"}]},{\"@type\":\"WebSite\",\"@id\":\"https:\/\/www.africa-press.net\/benin\/#website\",\"url\":\"https:\/\/www.africa-press.net\/benin\/\",\"name\":\"B\u00e9nin\",\"description\":\"Just another Africa News Agency Sites site\",\"potentialAction\":[{\"@type\":\"SearchAction\",\"target\":{\"@type\":\"EntryPoint\",\"urlTemplate\":\"https:\/\/www.africa-press.net\/benin\/?s={search_term_string}\"},\"query-input\":{\"@type\":\"PropertyValueSpecification\",\"valueRequired\":true,\"valueName\":\"search_term_string\"}}],\"inLanguage\":\"fr-FR\"},{\"@type\":\"Person\",\"@id\":\"https:\/\/www.africa-press.net\/benin\/#\/schema\/person\/2b1cf3cd81a31e3cd26889ca66d677f1\",\"name\":\"cfeditorfr\"}]}<\/script>\n<!-- \/ Yoast SEO Premium plugin. -->","yoast_head_json":{"title":"B\u00e9nin \u2013 L\u00e9gislatives 2023: les recommandations de la Cour constitutionnelle \u00e0 la CENA - B\u00e9nin","description":"Une d\u00e9l\u00e9gation de la commission \u00e9lectorale nationale autonome conduite par Sacca Lafia \u00e9tait ce mercredi dans les locaux ...","robots":{"index":"index","follow":"follow","max-snippet":"max-snippet:-1","max-image-preview":"max-image-preview:large","max-video-preview":"max-video-preview:-1"},"canonical":"https:\/\/www.africa-press.net\/benin\/politique\/benin-legislatives-2023-les-recommandations-de-la-cour-constitutionnelle-a-la-cena","og_locale":"fr_FR","og_type":"article","og_title":"B\u00e9nin \u2013 L\u00e9gislatives 2023: les recommandations de la Cour constitutionnelle \u00e0 la CENA","og_description":"Une d\u00e9l\u00e9gation de la commission \u00e9lectorale nationale autonome conduite par Sacca Lafia \u00e9tait ce mercredi dans les locaux ...","og_url":"https:\/\/www.africa-press.net\/benin\/politique\/benin-legislatives-2023-les-recommandations-de-la-cour-constitutionnelle-a-la-cena","og_site_name":"B\u00e9nin","article_published_time":"2022-09-08T16:59:46+00:00","article_modified_time":"2022-09-08T17:32:28+00:00","og_image":[{"width":1280,"height":718,"url":"https:\/\/static.africa-press.net\/benin\/sites\/46\/2022\/09\/postQueueImg_24-631a2710010e9.jpg","type":"image\/jpeg"}],"author":"cfeditorfr","twitter_card":"summary_large_image","twitter_misc":{"\u00c9crit par":"cfeditorfr","Dur\u00e9e de lecture estim\u00e9e":"2 minutes"},"schema":{"@context":"https:\/\/schema.org","@graph":[{"@type":"Article","@id":"https:\/\/www.africa-press.net\/benin\/politique\/benin-legislatives-2023-les-recommandations-de-la-cour-constitutionnelle-a-la-cena#article","isPartOf":{"@id":"https:\/\/www.africa-press.net\/benin\/politique\/benin-legislatives-2023-les-recommandations-de-la-cour-constitutionnelle-a-la-cena"},"author":{"name":"cfeditorfr","@id":"https:\/\/www.africa-press.net\/benin\/#\/schema\/person\/2b1cf3cd81a31e3cd26889ca66d677f1"},"headline":"B\u00e9nin \u2013 L\u00e9gislatives 2023: les recommandations de la Cour constitutionnelle \u00e0 la CENA","datePublished":"2022-09-08T16:59:46+00:00","dateModified":"2022-09-08T17:32:28+00:00","mainEntityOfPage":{"@id":"https:\/\/www.africa-press.net\/benin\/politique\/benin-legislatives-2023-les-recommandations-de-la-cour-constitutionnelle-a-la-cena"},"wordCount":431,"commentCount":0,"image":{"@id":"https:\/\/www.africa-press.net\/benin\/politique\/benin-legislatives-2023-les-recommandations-de-la-cour-constitutionnelle-a-la-cena#primaryimage"},"thumbnailUrl":"https:\/\/static.africa-press.net\/benin\/sites\/46\/2022\/09\/postQueueImg_24-631a2710010e9.jpg","keywords":["Africa Press","Africa Press-Benin","B\u00e9nin"],"articleSection":["homepage-french","Politique","Toutes les actualit\u00e9s"],"inLanguage":"fr-FR","potentialAction":[{"@type":"CommentAction","name":"Comment","target":["https:\/\/www.africa-press.net\/benin\/politique\/benin-legislatives-2023-les-recommandations-de-la-cour-constitutionnelle-a-la-cena#respond"]}]},{"@type":"WebPage","@id":"https:\/\/www.africa-press.net\/benin\/politique\/benin-legislatives-2023-les-recommandations-de-la-cour-constitutionnelle-a-la-cena","url":"https:\/\/www.africa-press.net\/benin\/politique\/benin-legislatives-2023-les-recommandations-de-la-cour-constitutionnelle-a-la-cena","name":"B\u00e9nin \u2013 L\u00e9gislatives 2023: les recommandations de la Cour constitutionnelle \u00e0 la CENA - B\u00e9nin","isPartOf":{"@id":"https:\/\/www.africa-press.net\/benin\/#website"},"primaryImageOfPage":{"@id":"https:\/\/www.africa-press.net\/benin\/politique\/benin-legislatives-2023-les-recommandations-de-la-cour-constitutionnelle-a-la-cena#primaryimage"},"image":{"@id":"https:\/\/www.africa-press.net\/benin\/politique\/benin-legislatives-2023-les-recommandations-de-la-cour-constitutionnelle-a-la-cena#primaryimage"},"thumbnailUrl":"https:\/\/static.africa-press.net\/benin\/sites\/46\/2022\/09\/postQueueImg_24-631a2710010e9.jpg","datePublished":"2022-09-08T16:59:46+00:00","dateModified":"2022-09-08T17:32:28+00:00","author":{"@id":"https:\/\/www.africa-press.net\/benin\/#\/schema\/person\/2b1cf3cd81a31e3cd26889ca66d677f1"},"description":"Une d\u00e9l\u00e9gation de la commission \u00e9lectorale nationale autonome conduite par Sacca Lafia \u00e9tait ce mercredi dans les locaux ...","breadcrumb":{"@id":"https:\/\/www.africa-press.net\/benin\/politique\/benin-legislatives-2023-les-recommandations-de-la-cour-constitutionnelle-a-la-cena#breadcrumb"},"inLanguage":"fr-FR","potentialAction":[{"@type":"ReadAction","target":["https:\/\/www.africa-press.net\/benin\/politique\/benin-legislatives-2023-les-recommandations-de-la-cour-constitutionnelle-a-la-cena"]}]},{"@type":"ImageObject","inLanguage":"fr-FR","@id":"https:\/\/www.africa-press.net\/benin\/politique\/benin-legislatives-2023-les-recommandations-de-la-cour-constitutionnelle-a-la-cena#primaryimage","url":"https:\/\/static.africa-press.net\/benin\/sites\/46\/2022\/09\/postQueueImg_24-631a2710010e9.jpg","contentUrl":"https:\/\/static.africa-press.net\/benin\/sites\/46\/2022\/09\/postQueueImg_24-631a2710010e9.jpg","width":1280,"height":718,"caption":"B\u00e9nin \u2013 L\u00e9gislatives 2023: les recommandations de la Cour constitutionnelle \u00e0 la CENA"},{"@type":"BreadcrumbList","@id":"https:\/\/www.africa-press.net\/benin\/politique\/benin-legislatives-2023-les-recommandations-de-la-cour-constitutionnelle-a-la-cena#breadcrumb","itemListElement":[{"@type":"ListItem","position":1,"name":"Accueil","item":"https:\/\/www.africa-press.net\/benin\/"},{"@type":"ListItem","position":2,"name":"B\u00e9nin \u2013 L\u00e9gislatives 2023: les recommandations de la Cour constitutionnelle \u00e0 la CENA"}]},{"@type":"WebSite","@id":"https:\/\/www.africa-press.net\/benin\/#website","url":"https:\/\/www.africa-press.net\/benin\/","name":"B\u00e9nin","description":"Just another Africa News Agency Sites site","potentialAction":[{"@type":"SearchAction","target":{"@type":"EntryPoint","urlTemplate":"https:\/\/www.africa-press.net\/benin\/?s={search_term_string}"},"query-input":{"@type":"PropertyValueSpecification","valueRequired":true,"valueName":"search_term_string"}}],"inLanguage":"fr-FR"},{"@type":"Person","@id":"https:\/\/www.africa-press.net\/benin\/#\/schema\/person\/2b1cf3cd81a31e3cd26889ca66d677f1","name":"cfeditorfr"}]}},"_links":{"self":[{"href":"https:\/\/www.africa-press.net\/benin\/wp-json\/wp\/v2\/posts\/8744","targetHints":{"allow":["GET"]}}],"collection":[{"href":"https:\/\/www.africa-press.net\/benin\/wp-json\/wp\/v2\/posts"}],"about":[{"href":"https:\/\/www.africa-press.net\/benin\/wp-json\/wp\/v2\/types\/post"}],"author":[{"embeddable":true,"href":"https:\/\/www.africa-press.net\/benin\/wp-json\/wp\/v2\/users\/82"}],"replies":[{"embeddable":true,"href":"https:\/\/www.africa-press.net\/benin\/wp-json\/wp\/v2\/comments?post=8744"}],"version-history":[{"count":0,"href":"https:\/\/www.africa-press.net\/benin\/wp-json\/wp\/v2\/posts\/8744\/revisions"}],"wp:featuredmedia":[{"embeddable":true,"href":"https:\/\/www.africa-press.net\/benin\/wp-json\/wp\/v2\/media\/8743"}],"wp:attachment":[{"href":"https:\/\/www.africa-press.net\/benin\/wp-json\/wp\/v2\/media?parent=8744"}],"wp:term":[{"taxonomy":"category","embeddable":true,"href":"https:\/\/www.africa-press.net\/benin\/wp-json\/wp\/v2\/categories?post=8744"},{"taxonomy":"post_tag","embeddable":true,"href":"https:\/\/www.africa-press.net\/benin\/wp-json\/wp\/v2\/tags?post=8744"}],"curies":[{"name":"wp","href":"https:\/\/api.w.org\/{rel}","templated":true}]}}