{"id":8755,"date":"2022-09-09T16:27:57","date_gmt":"2022-09-09T16:27:57","guid":{"rendered":"https:\/\/www.africa-press.net\/benin\/politique\/benin-un-camion-citerne-dhydrocarbure-calcine-a-grand-popo"},"modified":"2022-09-09T16:35:05","modified_gmt":"2022-09-09T16:35:05","slug":"benin-un-camion-citerne-dhydrocarbure-calcine-a-grand-popo","status":"publish","type":"post","link":"https:\/\/www.africa-press.net\/benin\/toutes-les-actualites\/benin-un-camion-citerne-dhydrocarbure-calcine-a-grand-popo","title":{"rendered":"B\u00e9nin: un camion citerne d\u2019hydrocarbure calcin\u00e9 \u00e0 Grand-Popo"},"content":{"rendered":"<p><span style=\"color: #ff6600\"><strong>Africa-Press &#8211; Benin. <\/strong><\/span>Un camion citerne transportant d\u2019hydrocarbure a pris feu dans l\u2019arrondissement d\u2019Agou\u00e9 dans la Commune de Grand-Popo. Le v\u00e9hicule est totalement calcin\u00e9 avant l\u2019arriv\u00e9e des sapeurs pompiers.<\/p>\n<p>Un incendie est survenu dans l\u2019apr\u00e8s-midi de ce jeudi 08 Septembre 2022 \u00e0 Agou\u00e9 dans la Commune de Grand-Popo. Selon les informations, le comion citerne est venu approvisionn\u00e9 une station service de la localit\u00e9. Mais au cours de l\u2019op\u00e9ration, le camion citerne a pris feu.<\/p>\n<p>Cet incendie s\u2019est vite propag\u00e9 et a embras\u00e9 d\u2019autres v\u00e9hicules stationn\u00e9s non loin de la station service. Difficile de dire pour le moment l\u2019origine du feu. Avant l\u2019arriv\u00e9e des sapeurs pompiers alert\u00e9s par les riverains, le camion citerne est compl\u00e8tement calcin\u00e9 provoquant d\u2019\u00e9paisses fum\u00e9es noires qui trainaient le long du tron\u00e7on.<\/p>\n<p>Venus sur les lieux, les \u00e9l\u00e9ments de la police r\u00e9publicaine apr\u00e8s les constats d\u2019usage, se sont efforc\u00e9s de r\u00e9tablir la circulation entre temps coup\u00e9e par l\u2019\u00e9paisse couche de fum\u00e9e mais surtout par des curieux qui ont pris d\u2019assaut le lieu de l\u2019incendie.<\/p>\n<p>Les d\u00e9g\u00e2ts sont graves , comment une chose pareille peut arriver ?<\/p>\n<p><strong>Pour plus d&rsquo;informations et d&rsquo;analyses sur la <a href=\"https:\/\/www.africa-press.net\/benin\">Benin<\/a>, suivez <a href=\"https:\/\/www.africa-press.net\/\">Africa-Press<\/a><\/strong><\/p>\n","protected":false},"excerpt":{"rendered":"<p>Africa-Press &#8211; Benin. Un camion citerne transportant d\u2019hydrocarbure a pris feu dans l\u2019arrondissement d\u2019Agou\u00e9 dans la Commune de Grand-Popo. Le v\u00e9hicule est totalement calcin\u00e9 avant l\u2019arriv\u00e9e des sapeurs pompiers. Un incendie est survenu dans l\u2019apr\u00e8s-midi de ce jeudi 08 Septembre 2022 \u00e0 Agou\u00e9 dans la Commune de Grand-Popo. Selon les informations, le comion citerne est [&hellip;]<\/p>\n","protected":false},"author":82,"featured_media":8753,"comment_status":"open","ping_status":"closed","sticky":false,"template":"","format":"standard","meta":{"footnotes":""},"categories":[21,11,10],"tags":[36,50,45],"class_list":["post-8755","post","type-post","status-publish","format-standard","has-post-thumbnail","hentry","category-communaute","category-homepage-french","category-toutes-les-actualites","tag-africa-press","tag-africa-press-benin","tag-benin"],"yoast_head":"<!-- This site is optimized with the Yoast SEO Premium plugin v26.1 (Yoast SEO v27.0) - https:\/\/yoast.com\/product\/yoast-seo-premium-wordpress\/ -->\n<title>B\u00e9nin: un camion citerne d\u2019hydrocarbure calcin\u00e9 \u00e0 Grand-Popo - B\u00e9nin<\/title>\n<meta name=\"description\" content=\"Un camion citerne transportant d\u2019hydrocarbure a pris feu dans l\u2019arrondissement d\u2019Agou\u00e9 dans la Commune de Grand-Popo. Le ...\" \/>\n<meta name=\"robots\" content=\"index, follow, max-snippet:-1, max-image-preview:large, max-video-preview:-1\" \/>\n<link rel=\"canonical\" href=\"https:\/\/www.africa-press.net\/benin\/toutes-les-actualites\/benin-un-camion-citerne-dhydrocarbure-calcine-a-grand-popo\" \/>\n<meta property=\"og:locale\" content=\"fr_FR\" \/>\n<meta property=\"og:type\" content=\"article\" \/>\n<meta property=\"og:title\" content=\"B\u00e9nin: un camion citerne d\u2019hydrocarbure calcin\u00e9 \u00e0 Grand-Popo\" \/>\n<meta property=\"og:description\" content=\"Un camion citerne transportant d\u2019hydrocarbure a pris feu dans l\u2019arrondissement d\u2019Agou\u00e9 dans la Commune de Grand-Popo. Le ...\" \/>\n<meta property=\"og:url\" content=\"https:\/\/www.africa-press.net\/benin\/toutes-les-actualites\/benin-un-camion-citerne-dhydrocarbure-calcine-a-grand-popo\" \/>\n<meta property=\"og:site_name\" content=\"B\u00e9nin\" \/>\n<meta property=\"article:published_time\" content=\"2022-09-09T16:27:57+00:00\" \/>\n<meta property=\"article:modified_time\" content=\"2022-09-09T16:35:05+00:00\" \/>\n<meta property=\"og:image\" content=\"https:\/\/static.africa-press.net\/benin\/sites\/46\/2022\/09\/postQueueImg_2-631b6b07b03b8.jpg\" \/>\n\t<meta property=\"og:image:width\" content=\"1200\" \/>\n\t<meta property=\"og:image:height\" content=\"686\" \/>\n\t<meta property=\"og:image:type\" content=\"image\/jpeg\" \/>\n<meta name=\"author\" content=\"cfeditorfr\" \/>\n<meta name=\"twitter:card\" content=\"summary_large_image\" \/>\n<meta name=\"twitter:label1\" content=\"\u00c9crit par\" \/>\n\t<meta name=\"twitter:data1\" content=\"cfeditorfr\" \/>\n\t<meta name=\"twitter:label2\" content=\"Dur\u00e9e de lecture estim\u00e9e\" \/>\n\t<meta name=\"twitter:data2\" content=\"1 minute\" \/>\n<script type=\"application\/ld+json\" class=\"yoast-schema-graph\">{\"@context\":\"https:\/\/schema.org\",\"@graph\":[{\"@type\":\"Article\",\"@id\":\"https:\/\/www.africa-press.net\/benin\/toutes-les-actualites\/benin-un-camion-citerne-dhydrocarbure-calcine-a-grand-popo#article\",\"isPartOf\":{\"@id\":\"https:\/\/www.africa-press.net\/benin\/toutes-les-actualites\/benin-un-camion-citerne-dhydrocarbure-calcine-a-grand-popo\"},\"author\":{\"name\":\"cfeditorfr\",\"@id\":\"https:\/\/www.africa-press.net\/benin\/#\/schema\/person\/2b1cf3cd81a31e3cd26889ca66d677f1\"},\"headline\":\"B\u00e9nin: un camion citerne d\u2019hydrocarbure calcin\u00e9 \u00e0 Grand-Popo\",\"datePublished\":\"2022-09-09T16:27:57+00:00\",\"dateModified\":\"2022-09-09T16:35:05+00:00\",\"mainEntityOfPage\":{\"@id\":\"https:\/\/www.africa-press.net\/benin\/toutes-les-actualites\/benin-un-camion-citerne-dhydrocarbure-calcine-a-grand-popo\"},\"wordCount\":230,\"commentCount\":0,\"image\":{\"@id\":\"https:\/\/www.africa-press.net\/benin\/toutes-les-actualites\/benin-un-camion-citerne-dhydrocarbure-calcine-a-grand-popo#primaryimage\"},\"thumbnailUrl\":\"https:\/\/static.africa-press.net\/benin\/sites\/46\/2022\/09\/postQueueImg_2-631b6b07b03b8.jpg\",\"keywords\":[\"Africa Press\",\"Africa Press-Benin\",\"B\u00e9nin\"],\"articleSection\":[\"Communaut\u00e9\",\"homepage-french\",\"Toutes les actualit\u00e9s\"],\"inLanguage\":\"fr-FR\",\"potentialAction\":[{\"@type\":\"CommentAction\",\"name\":\"Comment\",\"target\":[\"https:\/\/www.africa-press.net\/benin\/toutes-les-actualites\/benin-un-camion-citerne-dhydrocarbure-calcine-a-grand-popo#respond\"]}]},{\"@type\":\"WebPage\",\"@id\":\"https:\/\/www.africa-press.net\/benin\/toutes-les-actualites\/benin-un-camion-citerne-dhydrocarbure-calcine-a-grand-popo\",\"url\":\"https:\/\/www.africa-press.net\/benin\/toutes-les-actualites\/benin-un-camion-citerne-dhydrocarbure-calcine-a-grand-popo\",\"name\":\"B\u00e9nin: un camion citerne d\u2019hydrocarbure calcin\u00e9 \u00e0 Grand-Popo - B\u00e9nin\",\"isPartOf\":{\"@id\":\"https:\/\/www.africa-press.net\/benin\/#website\"},\"primaryImageOfPage\":{\"@id\":\"https:\/\/www.africa-press.net\/benin\/toutes-les-actualites\/benin-un-camion-citerne-dhydrocarbure-calcine-a-grand-popo#primaryimage\"},\"image\":{\"@id\":\"https:\/\/www.africa-press.net\/benin\/toutes-les-actualites\/benin-un-camion-citerne-dhydrocarbure-calcine-a-grand-popo#primaryimage\"},\"thumbnailUrl\":\"https:\/\/static.africa-press.net\/benin\/sites\/46\/2022\/09\/postQueueImg_2-631b6b07b03b8.jpg\",\"datePublished\":\"2022-09-09T16:27:57+00:00\",\"dateModified\":\"2022-09-09T16:35:05+00:00\",\"author\":{\"@id\":\"https:\/\/www.africa-press.net\/benin\/#\/schema\/person\/2b1cf3cd81a31e3cd26889ca66d677f1\"},\"description\":\"Un camion citerne transportant d\u2019hydrocarbure a pris feu dans l\u2019arrondissement d\u2019Agou\u00e9 dans la Commune de Grand-Popo. Le ...\",\"breadcrumb\":{\"@id\":\"https:\/\/www.africa-press.net\/benin\/toutes-les-actualites\/benin-un-camion-citerne-dhydrocarbure-calcine-a-grand-popo#breadcrumb\"},\"inLanguage\":\"fr-FR\",\"potentialAction\":[{\"@type\":\"ReadAction\",\"target\":[\"https:\/\/www.africa-press.net\/benin\/toutes-les-actualites\/benin-un-camion-citerne-dhydrocarbure-calcine-a-grand-popo\"]}]},{\"@type\":\"ImageObject\",\"inLanguage\":\"fr-FR\",\"@id\":\"https:\/\/www.africa-press.net\/benin\/toutes-les-actualites\/benin-un-camion-citerne-dhydrocarbure-calcine-a-grand-popo#primaryimage\",\"url\":\"https:\/\/static.africa-press.net\/benin\/sites\/46\/2022\/09\/postQueueImg_2-631b6b07b03b8.jpg\",\"contentUrl\":\"https:\/\/static.africa-press.net\/benin\/sites\/46\/2022\/09\/postQueueImg_2-631b6b07b03b8.jpg\",\"width\":1200,\"height\":686,\"caption\":\"B\u00e9nin: un camion citerne d\u2019hydrocarbure calcin\u00e9 \u00e0 Grand-Popo\"},{\"@type\":\"BreadcrumbList\",\"@id\":\"https:\/\/www.africa-press.net\/benin\/toutes-les-actualites\/benin-un-camion-citerne-dhydrocarbure-calcine-a-grand-popo#breadcrumb\",\"itemListElement\":[{\"@type\":\"ListItem\",\"position\":1,\"name\":\"Accueil\",\"item\":\"https:\/\/www.africa-press.net\/benin\/\"},{\"@type\":\"ListItem\",\"position\":2,\"name\":\"B\u00e9nin: un camion citerne d\u2019hydrocarbure calcin\u00e9 \u00e0 Grand-Popo\"}]},{\"@type\":\"WebSite\",\"@id\":\"https:\/\/www.africa-press.net\/benin\/#website\",\"url\":\"https:\/\/www.africa-press.net\/benin\/\",\"name\":\"B\u00e9nin\",\"description\":\"Just another Africa News Agency Sites site\",\"potentialAction\":[{\"@type\":\"SearchAction\",\"target\":{\"@type\":\"EntryPoint\",\"urlTemplate\":\"https:\/\/www.africa-press.net\/benin\/?s={search_term_string}\"},\"query-input\":{\"@type\":\"PropertyValueSpecification\",\"valueRequired\":true,\"valueName\":\"search_term_string\"}}],\"inLanguage\":\"fr-FR\"},{\"@type\":\"Person\",\"@id\":\"https:\/\/www.africa-press.net\/benin\/#\/schema\/person\/2b1cf3cd81a31e3cd26889ca66d677f1\",\"name\":\"cfeditorfr\"}]}<\/script>\n<!-- \/ Yoast SEO Premium plugin. -->","yoast_head_json":{"title":"B\u00e9nin: un camion citerne d\u2019hydrocarbure calcin\u00e9 \u00e0 Grand-Popo - B\u00e9nin","description":"Un camion citerne transportant d\u2019hydrocarbure a pris feu dans l\u2019arrondissement d\u2019Agou\u00e9 dans la Commune de Grand-Popo. Le ...","robots":{"index":"index","follow":"follow","max-snippet":"max-snippet:-1","max-image-preview":"max-image-preview:large","max-video-preview":"max-video-preview:-1"},"canonical":"https:\/\/www.africa-press.net\/benin\/toutes-les-actualites\/benin-un-camion-citerne-dhydrocarbure-calcine-a-grand-popo","og_locale":"fr_FR","og_type":"article","og_title":"B\u00e9nin: un camion citerne d\u2019hydrocarbure calcin\u00e9 \u00e0 Grand-Popo","og_description":"Un camion citerne transportant d\u2019hydrocarbure a pris feu dans l\u2019arrondissement d\u2019Agou\u00e9 dans la Commune de Grand-Popo. Le ...","og_url":"https:\/\/www.africa-press.net\/benin\/toutes-les-actualites\/benin-un-camion-citerne-dhydrocarbure-calcine-a-grand-popo","og_site_name":"B\u00e9nin","article_published_time":"2022-09-09T16:27:57+00:00","article_modified_time":"2022-09-09T16:35:05+00:00","og_image":[{"width":1200,"height":686,"url":"https:\/\/static.africa-press.net\/benin\/sites\/46\/2022\/09\/postQueueImg_2-631b6b07b03b8.jpg","type":"image\/jpeg"}],"author":"cfeditorfr","twitter_card":"summary_large_image","twitter_misc":{"\u00c9crit par":"cfeditorfr","Dur\u00e9e de lecture estim\u00e9e":"1 minute"},"schema":{"@context":"https:\/\/schema.org","@graph":[{"@type":"Article","@id":"https:\/\/www.africa-press.net\/benin\/toutes-les-actualites\/benin-un-camion-citerne-dhydrocarbure-calcine-a-grand-popo#article","isPartOf":{"@id":"https:\/\/www.africa-press.net\/benin\/toutes-les-actualites\/benin-un-camion-citerne-dhydrocarbure-calcine-a-grand-popo"},"author":{"name":"cfeditorfr","@id":"https:\/\/www.africa-press.net\/benin\/#\/schema\/person\/2b1cf3cd81a31e3cd26889ca66d677f1"},"headline":"B\u00e9nin: un camion citerne d\u2019hydrocarbure calcin\u00e9 \u00e0 Grand-Popo","datePublished":"2022-09-09T16:27:57+00:00","dateModified":"2022-09-09T16:35:05+00:00","mainEntityOfPage":{"@id":"https:\/\/www.africa-press.net\/benin\/toutes-les-actualites\/benin-un-camion-citerne-dhydrocarbure-calcine-a-grand-popo"},"wordCount":230,"commentCount":0,"image":{"@id":"https:\/\/www.africa-press.net\/benin\/toutes-les-actualites\/benin-un-camion-citerne-dhydrocarbure-calcine-a-grand-popo#primaryimage"},"thumbnailUrl":"https:\/\/static.africa-press.net\/benin\/sites\/46\/2022\/09\/postQueueImg_2-631b6b07b03b8.jpg","keywords":["Africa Press","Africa Press-Benin","B\u00e9nin"],"articleSection":["Communaut\u00e9","homepage-french","Toutes les actualit\u00e9s"],"inLanguage":"fr-FR","potentialAction":[{"@type":"CommentAction","name":"Comment","target":["https:\/\/www.africa-press.net\/benin\/toutes-les-actualites\/benin-un-camion-citerne-dhydrocarbure-calcine-a-grand-popo#respond"]}]},{"@type":"WebPage","@id":"https:\/\/www.africa-press.net\/benin\/toutes-les-actualites\/benin-un-camion-citerne-dhydrocarbure-calcine-a-grand-popo","url":"https:\/\/www.africa-press.net\/benin\/toutes-les-actualites\/benin-un-camion-citerne-dhydrocarbure-calcine-a-grand-popo","name":"B\u00e9nin: un camion citerne d\u2019hydrocarbure calcin\u00e9 \u00e0 Grand-Popo - B\u00e9nin","isPartOf":{"@id":"https:\/\/www.africa-press.net\/benin\/#website"},"primaryImageOfPage":{"@id":"https:\/\/www.africa-press.net\/benin\/toutes-les-actualites\/benin-un-camion-citerne-dhydrocarbure-calcine-a-grand-popo#primaryimage"},"image":{"@id":"https:\/\/www.africa-press.net\/benin\/toutes-les-actualites\/benin-un-camion-citerne-dhydrocarbure-calcine-a-grand-popo#primaryimage"},"thumbnailUrl":"https:\/\/static.africa-press.net\/benin\/sites\/46\/2022\/09\/postQueueImg_2-631b6b07b03b8.jpg","datePublished":"2022-09-09T16:27:57+00:00","dateModified":"2022-09-09T16:35:05+00:00","author":{"@id":"https:\/\/www.africa-press.net\/benin\/#\/schema\/person\/2b1cf3cd81a31e3cd26889ca66d677f1"},"description":"Un camion citerne transportant d\u2019hydrocarbure a pris feu dans l\u2019arrondissement d\u2019Agou\u00e9 dans la Commune de Grand-Popo. Le ...","breadcrumb":{"@id":"https:\/\/www.africa-press.net\/benin\/toutes-les-actualites\/benin-un-camion-citerne-dhydrocarbure-calcine-a-grand-popo#breadcrumb"},"inLanguage":"fr-FR","potentialAction":[{"@type":"ReadAction","target":["https:\/\/www.africa-press.net\/benin\/toutes-les-actualites\/benin-un-camion-citerne-dhydrocarbure-calcine-a-grand-popo"]}]},{"@type":"ImageObject","inLanguage":"fr-FR","@id":"https:\/\/www.africa-press.net\/benin\/toutes-les-actualites\/benin-un-camion-citerne-dhydrocarbure-calcine-a-grand-popo#primaryimage","url":"https:\/\/static.africa-press.net\/benin\/sites\/46\/2022\/09\/postQueueImg_2-631b6b07b03b8.jpg","contentUrl":"https:\/\/static.africa-press.net\/benin\/sites\/46\/2022\/09\/postQueueImg_2-631b6b07b03b8.jpg","width":1200,"height":686,"caption":"B\u00e9nin: un camion citerne d\u2019hydrocarbure calcin\u00e9 \u00e0 Grand-Popo"},{"@type":"BreadcrumbList","@id":"https:\/\/www.africa-press.net\/benin\/toutes-les-actualites\/benin-un-camion-citerne-dhydrocarbure-calcine-a-grand-popo#breadcrumb","itemListElement":[{"@type":"ListItem","position":1,"name":"Accueil","item":"https:\/\/www.africa-press.net\/benin\/"},{"@type":"ListItem","position":2,"name":"B\u00e9nin: un camion citerne d\u2019hydrocarbure calcin\u00e9 \u00e0 Grand-Popo"}]},{"@type":"WebSite","@id":"https:\/\/www.africa-press.net\/benin\/#website","url":"https:\/\/www.africa-press.net\/benin\/","name":"B\u00e9nin","description":"Just another Africa News Agency Sites site","potentialAction":[{"@type":"SearchAction","target":{"@type":"EntryPoint","urlTemplate":"https:\/\/www.africa-press.net\/benin\/?s={search_term_string}"},"query-input":{"@type":"PropertyValueSpecification","valueRequired":true,"valueName":"search_term_string"}}],"inLanguage":"fr-FR"},{"@type":"Person","@id":"https:\/\/www.africa-press.net\/benin\/#\/schema\/person\/2b1cf3cd81a31e3cd26889ca66d677f1","name":"cfeditorfr"}]}},"_links":{"self":[{"href":"https:\/\/www.africa-press.net\/benin\/wp-json\/wp\/v2\/posts\/8755","targetHints":{"allow":["GET"]}}],"collection":[{"href":"https:\/\/www.africa-press.net\/benin\/wp-json\/wp\/v2\/posts"}],"about":[{"href":"https:\/\/www.africa-press.net\/benin\/wp-json\/wp\/v2\/types\/post"}],"author":[{"embeddable":true,"href":"https:\/\/www.africa-press.net\/benin\/wp-json\/wp\/v2\/users\/82"}],"replies":[{"embeddable":true,"href":"https:\/\/www.africa-press.net\/benin\/wp-json\/wp\/v2\/comments?post=8755"}],"version-history":[{"count":0,"href":"https:\/\/www.africa-press.net\/benin\/wp-json\/wp\/v2\/posts\/8755\/revisions"}],"wp:featuredmedia":[{"embeddable":true,"href":"https:\/\/www.africa-press.net\/benin\/wp-json\/wp\/v2\/media\/8753"}],"wp:attachment":[{"href":"https:\/\/www.africa-press.net\/benin\/wp-json\/wp\/v2\/media?parent=8755"}],"wp:term":[{"taxonomy":"category","embeddable":true,"href":"https:\/\/www.africa-press.net\/benin\/wp-json\/wp\/v2\/categories?post=8755"},{"taxonomy":"post_tag","embeddable":true,"href":"https:\/\/www.africa-press.net\/benin\/wp-json\/wp\/v2\/tags?post=8755"}],"curies":[{"name":"wp","href":"https:\/\/api.w.org\/{rel}","templated":true}]}}