{"id":8765,"date":"2022-09-09T16:28:27","date_gmt":"2022-09-09T16:28:27","guid":{"rendered":"https:\/\/www.africa-press.net\/benin\/politique\/benin-enlevement-de-02-personnes-a-monsey-de-presumes-djihadistes-soupconnes"},"modified":"2022-09-09T16:36:55","modified_gmt":"2022-09-09T16:36:55","slug":"benin-enlevement-de-02-personnes-a-monsey-de-presumes-djihadistes-soupconnes","status":"publish","type":"post","link":"https:\/\/www.africa-press.net\/benin\/toutes-les-actualites\/benin-enlevement-de-02-personnes-a-monsey-de-presumes-djihadistes-soupconnes","title":{"rendered":"B\u00e9nin: enl\u00e8vement de 02 personnes \u00e0 Monsey, de pr\u00e9sum\u00e9s djihadistes soup\u00e7onn\u00e9s"},"content":{"rendered":"<p><span style=\"color: #ff6600\"><strong>Africa-Press &#8211; Benin. <\/strong><\/span>De pr\u00e9sum\u00e9s djihadistes auraient encore sem\u00e9 la terreur dans l\u2019arrondissement de Monsey. Ils sont accus\u00e9s d\u2019avoir orchestr\u00e9 le kidnapping de deux (02) personnes dont le fr\u00e8re du Chef d\u2019arrondissement.<\/p>\n<p>Dans la commune de Karimama, pr\u00e9cis\u00e9ment dans les villages Fandou et Bakomaka, des sources ont signal\u00e9 des agissements de pr\u00e9sum\u00e9s djihadistes. Selon le m\u00e9dia local Daabaaru, <b>\u00ab deux individus notamment le fr\u00e8re du Chef d\u2019Arrondissement de Monsey et le fr\u00e8re du d\u00e9l\u00e9gu\u00e9 de Fandou ont \u00e9t\u00e9 enlev\u00e9s \u00bb<\/b>, par les pr\u00e9sum\u00e9s terroristes.<\/p>\n<p>Des sources locales qui ont rapport\u00e9 l\u2019information n\u2019ont pas \u00e9voqu\u00e9 d\u2019affrontement entre ces pr\u00e9sum\u00e9s terroristes et les Forces de D\u00e9fense et de S\u00e9curit\u00e9 (FDS). La derni\u00e8re attaque djihadiste dans le nord du B\u00e9nin remonte aux mois de juin et de juillet 2022.<\/p>\n<p><strong>Pour plus d&rsquo;informations et d&rsquo;analyses sur la <a href=\"https:\/\/www.africa-press.net\/benin\">Benin<\/a>, suivez <a href=\"https:\/\/www.africa-press.net\/\">Africa-Press<\/a><\/strong><\/p>\n","protected":false},"excerpt":{"rendered":"<p>Africa-Press &#8211; Benin. De pr\u00e9sum\u00e9s djihadistes auraient encore sem\u00e9 la terreur dans l\u2019arrondissement de Monsey. Ils sont accus\u00e9s d\u2019avoir orchestr\u00e9 le kidnapping de deux (02) personnes dont le fr\u00e8re du Chef d\u2019arrondissement. Dans la commune de Karimama, pr\u00e9cis\u00e9ment dans les villages Fandou et Bakomaka, des sources ont signal\u00e9 des agissements de pr\u00e9sum\u00e9s djihadistes. Selon le [&hellip;]<\/p>\n","protected":false},"author":82,"featured_media":8764,"comment_status":"open","ping_status":"closed","sticky":false,"template":"","format":"standard","meta":{"footnotes":""},"categories":[21,11,10],"tags":[36,50,45],"class_list":["post-8765","post","type-post","status-publish","format-standard","has-post-thumbnail","hentry","category-communaute","category-homepage-french","category-toutes-les-actualites","tag-africa-press","tag-africa-press-benin","tag-benin"],"yoast_head":"<!-- This site is optimized with the Yoast SEO Premium plugin v26.1 (Yoast SEO v27.0) - https:\/\/yoast.com\/product\/yoast-seo-premium-wordpress\/ -->\n<title>B\u00e9nin: enl\u00e8vement de 02 personnes \u00e0 Monsey, de pr\u00e9sum\u00e9s djihadistes soup\u00e7onn\u00e9s - B\u00e9nin<\/title>\n<meta name=\"description\" content=\"De pr\u00e9sum\u00e9s djihadistes auraient encore sem\u00e9 la terreur dans l\u2019arrondissement de Monsey. Ils sont accus\u00e9s d\u2019avoir orches ...\" \/>\n<meta name=\"robots\" content=\"index, follow, max-snippet:-1, max-image-preview:large, max-video-preview:-1\" \/>\n<link rel=\"canonical\" href=\"https:\/\/www.africa-press.net\/benin\/toutes-les-actualites\/benin-enlevement-de-02-personnes-a-monsey-de-presumes-djihadistes-soupconnes\" \/>\n<meta property=\"og:locale\" content=\"fr_FR\" \/>\n<meta property=\"og:type\" content=\"article\" \/>\n<meta property=\"og:title\" content=\"B\u00e9nin: enl\u00e8vement de 02 personnes \u00e0 Monsey, de pr\u00e9sum\u00e9s djihadistes soup\u00e7onn\u00e9s\" \/>\n<meta property=\"og:description\" content=\"De pr\u00e9sum\u00e9s djihadistes auraient encore sem\u00e9 la terreur dans l\u2019arrondissement de Monsey. Ils sont accus\u00e9s d\u2019avoir orches ...\" \/>\n<meta property=\"og:url\" content=\"https:\/\/www.africa-press.net\/benin\/toutes-les-actualites\/benin-enlevement-de-02-personnes-a-monsey-de-presumes-djihadistes-soupconnes\" \/>\n<meta property=\"og:site_name\" content=\"B\u00e9nin\" \/>\n<meta property=\"article:published_time\" content=\"2022-09-09T16:28:27+00:00\" \/>\n<meta property=\"article:modified_time\" content=\"2022-09-09T16:36:55+00:00\" \/>\n<meta property=\"og:image\" content=\"https:\/\/static.africa-press.net\/benin\/sites\/46\/2022\/09\/postQueueImg_5.jpg\" \/>\n\t<meta property=\"og:image:width\" content=\"1200\" \/>\n\t<meta property=\"og:image:height\" content=\"686\" \/>\n\t<meta property=\"og:image:type\" content=\"image\/jpeg\" \/>\n<meta name=\"author\" content=\"cfeditorfr\" \/>\n<meta name=\"twitter:card\" content=\"summary_large_image\" \/>\n<meta name=\"twitter:label1\" content=\"\u00c9crit par\" \/>\n\t<meta name=\"twitter:data1\" content=\"cfeditorfr\" \/>\n\t<meta name=\"twitter:label2\" content=\"Dur\u00e9e de lecture estim\u00e9e\" \/>\n\t<meta name=\"twitter:data2\" content=\"1 minute\" \/>\n<script type=\"application\/ld+json\" class=\"yoast-schema-graph\">{\"@context\":\"https:\/\/schema.org\",\"@graph\":[{\"@type\":\"Article\",\"@id\":\"https:\/\/www.africa-press.net\/benin\/toutes-les-actualites\/benin-enlevement-de-02-personnes-a-monsey-de-presumes-djihadistes-soupconnes#article\",\"isPartOf\":{\"@id\":\"https:\/\/www.africa-press.net\/benin\/toutes-les-actualites\/benin-enlevement-de-02-personnes-a-monsey-de-presumes-djihadistes-soupconnes\"},\"author\":{\"name\":\"cfeditorfr\",\"@id\":\"https:\/\/www.africa-press.net\/benin\/#\/schema\/person\/2b1cf3cd81a31e3cd26889ca66d677f1\"},\"headline\":\"B\u00e9nin: enl\u00e8vement de 02 personnes \u00e0 Monsey, de pr\u00e9sum\u00e9s djihadistes soup\u00e7onn\u00e9s\",\"datePublished\":\"2022-09-09T16:28:27+00:00\",\"dateModified\":\"2022-09-09T16:36:55+00:00\",\"mainEntityOfPage\":{\"@id\":\"https:\/\/www.africa-press.net\/benin\/toutes-les-actualites\/benin-enlevement-de-02-personnes-a-monsey-de-presumes-djihadistes-soupconnes\"},\"wordCount\":178,\"commentCount\":0,\"image\":{\"@id\":\"https:\/\/www.africa-press.net\/benin\/toutes-les-actualites\/benin-enlevement-de-02-personnes-a-monsey-de-presumes-djihadistes-soupconnes#primaryimage\"},\"thumbnailUrl\":\"https:\/\/static.africa-press.net\/benin\/sites\/46\/2022\/09\/postQueueImg_5.jpg\",\"keywords\":[\"Africa Press\",\"Africa Press-Benin\",\"B\u00e9nin\"],\"articleSection\":[\"Communaut\u00e9\",\"homepage-french\",\"Toutes les actualit\u00e9s\"],\"inLanguage\":\"fr-FR\",\"potentialAction\":[{\"@type\":\"CommentAction\",\"name\":\"Comment\",\"target\":[\"https:\/\/www.africa-press.net\/benin\/toutes-les-actualites\/benin-enlevement-de-02-personnes-a-monsey-de-presumes-djihadistes-soupconnes#respond\"]}]},{\"@type\":\"WebPage\",\"@id\":\"https:\/\/www.africa-press.net\/benin\/toutes-les-actualites\/benin-enlevement-de-02-personnes-a-monsey-de-presumes-djihadistes-soupconnes\",\"url\":\"https:\/\/www.africa-press.net\/benin\/toutes-les-actualites\/benin-enlevement-de-02-personnes-a-monsey-de-presumes-djihadistes-soupconnes\",\"name\":\"B\u00e9nin: enl\u00e8vement de 02 personnes \u00e0 Monsey, de pr\u00e9sum\u00e9s djihadistes soup\u00e7onn\u00e9s - B\u00e9nin\",\"isPartOf\":{\"@id\":\"https:\/\/www.africa-press.net\/benin\/#website\"},\"primaryImageOfPage\":{\"@id\":\"https:\/\/www.africa-press.net\/benin\/toutes-les-actualites\/benin-enlevement-de-02-personnes-a-monsey-de-presumes-djihadistes-soupconnes#primaryimage\"},\"image\":{\"@id\":\"https:\/\/www.africa-press.net\/benin\/toutes-les-actualites\/benin-enlevement-de-02-personnes-a-monsey-de-presumes-djihadistes-soupconnes#primaryimage\"},\"thumbnailUrl\":\"https:\/\/static.africa-press.net\/benin\/sites\/46\/2022\/09\/postQueueImg_5.jpg\",\"datePublished\":\"2022-09-09T16:28:27+00:00\",\"dateModified\":\"2022-09-09T16:36:55+00:00\",\"author\":{\"@id\":\"https:\/\/www.africa-press.net\/benin\/#\/schema\/person\/2b1cf3cd81a31e3cd26889ca66d677f1\"},\"description\":\"De pr\u00e9sum\u00e9s djihadistes auraient encore sem\u00e9 la terreur dans l\u2019arrondissement de Monsey. Ils sont accus\u00e9s d\u2019avoir orches ...\",\"breadcrumb\":{\"@id\":\"https:\/\/www.africa-press.net\/benin\/toutes-les-actualites\/benin-enlevement-de-02-personnes-a-monsey-de-presumes-djihadistes-soupconnes#breadcrumb\"},\"inLanguage\":\"fr-FR\",\"potentialAction\":[{\"@type\":\"ReadAction\",\"target\":[\"https:\/\/www.africa-press.net\/benin\/toutes-les-actualites\/benin-enlevement-de-02-personnes-a-monsey-de-presumes-djihadistes-soupconnes\"]}]},{\"@type\":\"ImageObject\",\"inLanguage\":\"fr-FR\",\"@id\":\"https:\/\/www.africa-press.net\/benin\/toutes-les-actualites\/benin-enlevement-de-02-personnes-a-monsey-de-presumes-djihadistes-soupconnes#primaryimage\",\"url\":\"https:\/\/static.africa-press.net\/benin\/sites\/46\/2022\/09\/postQueueImg_5.jpg\",\"contentUrl\":\"https:\/\/static.africa-press.net\/benin\/sites\/46\/2022\/09\/postQueueImg_5.jpg\",\"width\":1200,\"height\":686,\"caption\":\"B\u00e9nin: enl\u00e8vement de 02 personnes \u00e0 Monsey, de pr\u00e9sum\u00e9s djihadistes soup\u00e7onn\u00e9s\"},{\"@type\":\"BreadcrumbList\",\"@id\":\"https:\/\/www.africa-press.net\/benin\/toutes-les-actualites\/benin-enlevement-de-02-personnes-a-monsey-de-presumes-djihadistes-soupconnes#breadcrumb\",\"itemListElement\":[{\"@type\":\"ListItem\",\"position\":1,\"name\":\"Accueil\",\"item\":\"https:\/\/www.africa-press.net\/benin\/\"},{\"@type\":\"ListItem\",\"position\":2,\"name\":\"B\u00e9nin: enl\u00e8vement de 02 personnes \u00e0 Monsey, de pr\u00e9sum\u00e9s djihadistes soup\u00e7onn\u00e9s\"}]},{\"@type\":\"WebSite\",\"@id\":\"https:\/\/www.africa-press.net\/benin\/#website\",\"url\":\"https:\/\/www.africa-press.net\/benin\/\",\"name\":\"B\u00e9nin\",\"description\":\"Just another Africa News Agency Sites site\",\"potentialAction\":[{\"@type\":\"SearchAction\",\"target\":{\"@type\":\"EntryPoint\",\"urlTemplate\":\"https:\/\/www.africa-press.net\/benin\/?s={search_term_string}\"},\"query-input\":{\"@type\":\"PropertyValueSpecification\",\"valueRequired\":true,\"valueName\":\"search_term_string\"}}],\"inLanguage\":\"fr-FR\"},{\"@type\":\"Person\",\"@id\":\"https:\/\/www.africa-press.net\/benin\/#\/schema\/person\/2b1cf3cd81a31e3cd26889ca66d677f1\",\"name\":\"cfeditorfr\"}]}<\/script>\n<!-- \/ Yoast SEO Premium plugin. -->","yoast_head_json":{"title":"B\u00e9nin: enl\u00e8vement de 02 personnes \u00e0 Monsey, de pr\u00e9sum\u00e9s djihadistes soup\u00e7onn\u00e9s - B\u00e9nin","description":"De pr\u00e9sum\u00e9s djihadistes auraient encore sem\u00e9 la terreur dans l\u2019arrondissement de Monsey. Ils sont accus\u00e9s d\u2019avoir orches ...","robots":{"index":"index","follow":"follow","max-snippet":"max-snippet:-1","max-image-preview":"max-image-preview:large","max-video-preview":"max-video-preview:-1"},"canonical":"https:\/\/www.africa-press.net\/benin\/toutes-les-actualites\/benin-enlevement-de-02-personnes-a-monsey-de-presumes-djihadistes-soupconnes","og_locale":"fr_FR","og_type":"article","og_title":"B\u00e9nin: enl\u00e8vement de 02 personnes \u00e0 Monsey, de pr\u00e9sum\u00e9s djihadistes soup\u00e7onn\u00e9s","og_description":"De pr\u00e9sum\u00e9s djihadistes auraient encore sem\u00e9 la terreur dans l\u2019arrondissement de Monsey. Ils sont accus\u00e9s d\u2019avoir orches ...","og_url":"https:\/\/www.africa-press.net\/benin\/toutes-les-actualites\/benin-enlevement-de-02-personnes-a-monsey-de-presumes-djihadistes-soupconnes","og_site_name":"B\u00e9nin","article_published_time":"2022-09-09T16:28:27+00:00","article_modified_time":"2022-09-09T16:36:55+00:00","og_image":[{"width":1200,"height":686,"url":"https:\/\/static.africa-press.net\/benin\/sites\/46\/2022\/09\/postQueueImg_5.jpg","type":"image\/jpeg"}],"author":"cfeditorfr","twitter_card":"summary_large_image","twitter_misc":{"\u00c9crit par":"cfeditorfr","Dur\u00e9e de lecture estim\u00e9e":"1 minute"},"schema":{"@context":"https:\/\/schema.org","@graph":[{"@type":"Article","@id":"https:\/\/www.africa-press.net\/benin\/toutes-les-actualites\/benin-enlevement-de-02-personnes-a-monsey-de-presumes-djihadistes-soupconnes#article","isPartOf":{"@id":"https:\/\/www.africa-press.net\/benin\/toutes-les-actualites\/benin-enlevement-de-02-personnes-a-monsey-de-presumes-djihadistes-soupconnes"},"author":{"name":"cfeditorfr","@id":"https:\/\/www.africa-press.net\/benin\/#\/schema\/person\/2b1cf3cd81a31e3cd26889ca66d677f1"},"headline":"B\u00e9nin: enl\u00e8vement de 02 personnes \u00e0 Monsey, de pr\u00e9sum\u00e9s djihadistes soup\u00e7onn\u00e9s","datePublished":"2022-09-09T16:28:27+00:00","dateModified":"2022-09-09T16:36:55+00:00","mainEntityOfPage":{"@id":"https:\/\/www.africa-press.net\/benin\/toutes-les-actualites\/benin-enlevement-de-02-personnes-a-monsey-de-presumes-djihadistes-soupconnes"},"wordCount":178,"commentCount":0,"image":{"@id":"https:\/\/www.africa-press.net\/benin\/toutes-les-actualites\/benin-enlevement-de-02-personnes-a-monsey-de-presumes-djihadistes-soupconnes#primaryimage"},"thumbnailUrl":"https:\/\/static.africa-press.net\/benin\/sites\/46\/2022\/09\/postQueueImg_5.jpg","keywords":["Africa Press","Africa Press-Benin","B\u00e9nin"],"articleSection":["Communaut\u00e9","homepage-french","Toutes les actualit\u00e9s"],"inLanguage":"fr-FR","potentialAction":[{"@type":"CommentAction","name":"Comment","target":["https:\/\/www.africa-press.net\/benin\/toutes-les-actualites\/benin-enlevement-de-02-personnes-a-monsey-de-presumes-djihadistes-soupconnes#respond"]}]},{"@type":"WebPage","@id":"https:\/\/www.africa-press.net\/benin\/toutes-les-actualites\/benin-enlevement-de-02-personnes-a-monsey-de-presumes-djihadistes-soupconnes","url":"https:\/\/www.africa-press.net\/benin\/toutes-les-actualites\/benin-enlevement-de-02-personnes-a-monsey-de-presumes-djihadistes-soupconnes","name":"B\u00e9nin: enl\u00e8vement de 02 personnes \u00e0 Monsey, de pr\u00e9sum\u00e9s djihadistes soup\u00e7onn\u00e9s - B\u00e9nin","isPartOf":{"@id":"https:\/\/www.africa-press.net\/benin\/#website"},"primaryImageOfPage":{"@id":"https:\/\/www.africa-press.net\/benin\/toutes-les-actualites\/benin-enlevement-de-02-personnes-a-monsey-de-presumes-djihadistes-soupconnes#primaryimage"},"image":{"@id":"https:\/\/www.africa-press.net\/benin\/toutes-les-actualites\/benin-enlevement-de-02-personnes-a-monsey-de-presumes-djihadistes-soupconnes#primaryimage"},"thumbnailUrl":"https:\/\/static.africa-press.net\/benin\/sites\/46\/2022\/09\/postQueueImg_5.jpg","datePublished":"2022-09-09T16:28:27+00:00","dateModified":"2022-09-09T16:36:55+00:00","author":{"@id":"https:\/\/www.africa-press.net\/benin\/#\/schema\/person\/2b1cf3cd81a31e3cd26889ca66d677f1"},"description":"De pr\u00e9sum\u00e9s djihadistes auraient encore sem\u00e9 la terreur dans l\u2019arrondissement de Monsey. Ils sont accus\u00e9s d\u2019avoir orches ...","breadcrumb":{"@id":"https:\/\/www.africa-press.net\/benin\/toutes-les-actualites\/benin-enlevement-de-02-personnes-a-monsey-de-presumes-djihadistes-soupconnes#breadcrumb"},"inLanguage":"fr-FR","potentialAction":[{"@type":"ReadAction","target":["https:\/\/www.africa-press.net\/benin\/toutes-les-actualites\/benin-enlevement-de-02-personnes-a-monsey-de-presumes-djihadistes-soupconnes"]}]},{"@type":"ImageObject","inLanguage":"fr-FR","@id":"https:\/\/www.africa-press.net\/benin\/toutes-les-actualites\/benin-enlevement-de-02-personnes-a-monsey-de-presumes-djihadistes-soupconnes#primaryimage","url":"https:\/\/static.africa-press.net\/benin\/sites\/46\/2022\/09\/postQueueImg_5.jpg","contentUrl":"https:\/\/static.africa-press.net\/benin\/sites\/46\/2022\/09\/postQueueImg_5.jpg","width":1200,"height":686,"caption":"B\u00e9nin: enl\u00e8vement de 02 personnes \u00e0 Monsey, de pr\u00e9sum\u00e9s djihadistes soup\u00e7onn\u00e9s"},{"@type":"BreadcrumbList","@id":"https:\/\/www.africa-press.net\/benin\/toutes-les-actualites\/benin-enlevement-de-02-personnes-a-monsey-de-presumes-djihadistes-soupconnes#breadcrumb","itemListElement":[{"@type":"ListItem","position":1,"name":"Accueil","item":"https:\/\/www.africa-press.net\/benin\/"},{"@type":"ListItem","position":2,"name":"B\u00e9nin: enl\u00e8vement de 02 personnes \u00e0 Monsey, de pr\u00e9sum\u00e9s djihadistes soup\u00e7onn\u00e9s"}]},{"@type":"WebSite","@id":"https:\/\/www.africa-press.net\/benin\/#website","url":"https:\/\/www.africa-press.net\/benin\/","name":"B\u00e9nin","description":"Just another Africa News Agency Sites site","potentialAction":[{"@type":"SearchAction","target":{"@type":"EntryPoint","urlTemplate":"https:\/\/www.africa-press.net\/benin\/?s={search_term_string}"},"query-input":{"@type":"PropertyValueSpecification","valueRequired":true,"valueName":"search_term_string"}}],"inLanguage":"fr-FR"},{"@type":"Person","@id":"https:\/\/www.africa-press.net\/benin\/#\/schema\/person\/2b1cf3cd81a31e3cd26889ca66d677f1","name":"cfeditorfr"}]}},"_links":{"self":[{"href":"https:\/\/www.africa-press.net\/benin\/wp-json\/wp\/v2\/posts\/8765","targetHints":{"allow":["GET"]}}],"collection":[{"href":"https:\/\/www.africa-press.net\/benin\/wp-json\/wp\/v2\/posts"}],"about":[{"href":"https:\/\/www.africa-press.net\/benin\/wp-json\/wp\/v2\/types\/post"}],"author":[{"embeddable":true,"href":"https:\/\/www.africa-press.net\/benin\/wp-json\/wp\/v2\/users\/82"}],"replies":[{"embeddable":true,"href":"https:\/\/www.africa-press.net\/benin\/wp-json\/wp\/v2\/comments?post=8765"}],"version-history":[{"count":0,"href":"https:\/\/www.africa-press.net\/benin\/wp-json\/wp\/v2\/posts\/8765\/revisions"}],"wp:featuredmedia":[{"embeddable":true,"href":"https:\/\/www.africa-press.net\/benin\/wp-json\/wp\/v2\/media\/8764"}],"wp:attachment":[{"href":"https:\/\/www.africa-press.net\/benin\/wp-json\/wp\/v2\/media?parent=8765"}],"wp:term":[{"taxonomy":"category","embeddable":true,"href":"https:\/\/www.africa-press.net\/benin\/wp-json\/wp\/v2\/categories?post=8765"},{"taxonomy":"post_tag","embeddable":true,"href":"https:\/\/www.africa-press.net\/benin\/wp-json\/wp\/v2\/tags?post=8765"}],"curies":[{"name":"wp","href":"https:\/\/api.w.org\/{rel}","templated":true}]}}