{"id":8768,"date":"2022-09-09T16:28:38","date_gmt":"2022-09-09T16:28:38","guid":{"rendered":"https:\/\/www.africa-press.net\/benin\/politique\/benin-classes-culturelles-2022-2023-liste-complete-des-encadreurs-retenus"},"modified":"2022-09-09T16:37:36","modified_gmt":"2022-09-09T16:37:36","slug":"benin-classes-culturelles-2022-2023-liste-complete-des-encadreurs-retenus","status":"publish","type":"post","link":"https:\/\/www.africa-press.net\/benin\/toutes-les-actualites\/benin-classes-culturelles-2022-2023-liste-complete-des-encadreurs-retenus","title":{"rendered":"B\u00e9nin \u2013 Classes Culturelles 2022-2023: liste compl\u00e8te des encadreurs retenus"},"content":{"rendered":"<p><span style=\"color: #ff6600\"><strong>Africa-Press &#8211; Benin. <\/strong><\/span>Tout est fin pr\u00eat pour les classes culturelles au cours de l\u2019ann\u00e9e scolaire et acad\u00e9mique 2022-2023. La liste compl\u00e8te des encadreurs retenus par le minist\u00e8re du tourisme, de la culture et des arts est d\u00e9j\u00e0 disponible.<\/p>\n<p>Les encadreurs d\u00e9finitivement retenus pour les classes culturelles au cours de l\u2019ann\u00e9e scolaire 2022-2023 seront form\u00e9s au cours du mois d\u2019Octobre 2022. Leur liste est rendu disponible par le minist\u00e8re du tourisme, de la culture et des arts. Les disciplines retenues sont la danse, les arts plastiques, le th\u00e9\u00e2tre, la percussion, la batterie, la musique guitare la musique piano\u2026<\/p>\n<p>Selon un communiqu\u00e9 du minist\u00e8re du tourisme, de la culture et des arts , les postulants d\u00e9clar\u00e9s admissibles mais ne figurant pas sur la liste retenue pourront \u00eatre appel\u00e9s. Par ailleurs, il existe une liste d\u2019attente, selon le communiqu\u00e9 du ministre. La liste compl\u00e8te des personnes retenues peut \u00eatre consult\u00e9e sur le site web www.classesculturelles.bj. et en cochant sa discipline \u00e0 savoir danse, arts plastiques, th\u00e9\u00e2tre, percussion, batterie, musique guitare, musique piano etc :<\/p>\n<p>Faut-il le rappeler? C\u2019est au cours du conseil des ministres en sa session du mercredi 08 Juin dernier, que le gouvernement du pr\u00e9sident Patrice Talon a donn\u00e9 son accord pour l\u2019op\u00e9rationnalisation de la classe culturelle.<\/p>\n<p>L\u2019autorisation du gouvernement est intervenue suite aux \u00e9tudes et actions qui ont \u00e9t\u00e9 conduites dans le cadre de la mise en oeuvre de ce programme. En guise d\u2019actions, on peut retenir la validation du curricula de formation, l\u2019acquisition des mat\u00e9riels et \u00e9quipement d\u2019apprentissage et les crit\u00e8res de recrutements des encadreurs \u00e0 d\u00e9ployer dans les 77 Communes du pays.<\/p>\n<p>Pour rappel, le programme classe culturelle a \u00e9t\u00e9 institu\u00e9 par d\u00e9cret N\u00b0 2018-375 du 22 Ao\u00fbt 2018 pour corriger les insuffisances dont souffre le sous secteur des arts et de la culture notamment la faible qualit\u00e9 professionnelle des \u0153uvres artistiques et culturelles.<\/p>\n<p><strong>Pour plus d&rsquo;informations et d&rsquo;analyses sur la <a href=\"https:\/\/www.africa-press.net\/benin\">Benin<\/a>, suivez <a href=\"https:\/\/www.africa-press.net\/\">Africa-Press<\/a><\/strong><\/p>\n","protected":false},"excerpt":{"rendered":"<p>Africa-Press &#8211; Benin. Tout est fin pr\u00eat pour les classes culturelles au cours de l\u2019ann\u00e9e scolaire et acad\u00e9mique 2022-2023. La liste compl\u00e8te des encadreurs retenus par le minist\u00e8re du tourisme, de la culture et des arts est d\u00e9j\u00e0 disponible. Les encadreurs d\u00e9finitivement retenus pour les classes culturelles au cours de l\u2019ann\u00e9e scolaire 2022-2023 seront form\u00e9s [&hellip;]<\/p>\n","protected":false},"author":82,"featured_media":8767,"comment_status":"open","ping_status":"closed","sticky":false,"template":"","format":"standard","meta":{"footnotes":""},"categories":[21,11,10],"tags":[36,50,45],"class_list":["post-8768","post","type-post","status-publish","format-standard","has-post-thumbnail","hentry","category-communaute","category-homepage-french","category-toutes-les-actualites","tag-africa-press","tag-africa-press-benin","tag-benin"],"yoast_head":"<!-- This site is optimized with the Yoast SEO Premium plugin v26.1 (Yoast SEO v27.0) - https:\/\/yoast.com\/product\/yoast-seo-premium-wordpress\/ -->\n<title>B\u00e9nin \u2013 Classes Culturelles 2022-2023: liste compl\u00e8te des encadreurs retenus - B\u00e9nin<\/title>\n<meta name=\"description\" content=\"Tout est fin pr\u00eat pour les classes culturelles au cours de l\u2019ann\u00e9e scolaire et acad\u00e9mique 2022-2023. La liste compl\u00e8te d ...\" \/>\n<meta name=\"robots\" content=\"index, follow, max-snippet:-1, max-image-preview:large, max-video-preview:-1\" \/>\n<link rel=\"canonical\" href=\"https:\/\/www.africa-press.net\/benin\/toutes-les-actualites\/benin-classes-culturelles-2022-2023-liste-complete-des-encadreurs-retenus\" \/>\n<meta property=\"og:locale\" content=\"fr_FR\" \/>\n<meta property=\"og:type\" content=\"article\" \/>\n<meta property=\"og:title\" content=\"B\u00e9nin \u2013 Classes Culturelles 2022-2023: liste compl\u00e8te des encadreurs retenus\" \/>\n<meta property=\"og:description\" content=\"Tout est fin pr\u00eat pour les classes culturelles au cours de l\u2019ann\u00e9e scolaire et acad\u00e9mique 2022-2023. La liste compl\u00e8te d ...\" \/>\n<meta property=\"og:url\" content=\"https:\/\/www.africa-press.net\/benin\/toutes-les-actualites\/benin-classes-culturelles-2022-2023-liste-complete-des-encadreurs-retenus\" \/>\n<meta property=\"og:site_name\" content=\"B\u00e9nin\" \/>\n<meta property=\"article:published_time\" content=\"2022-09-09T16:28:38+00:00\" \/>\n<meta property=\"article:modified_time\" content=\"2022-09-09T16:37:36+00:00\" \/>\n<meta property=\"og:image\" content=\"https:\/\/static.africa-press.net\/benin\/sites\/46\/2022\/09\/postQueueImg_6.jpg\" \/>\n\t<meta property=\"og:image:width\" content=\"1280\" \/>\n\t<meta property=\"og:image:height\" content=\"900\" \/>\n\t<meta property=\"og:image:type\" content=\"image\/jpeg\" \/>\n<meta name=\"author\" content=\"cfeditorfr\" \/>\n<meta name=\"twitter:card\" content=\"summary_large_image\" \/>\n<meta name=\"twitter:label1\" content=\"\u00c9crit par\" \/>\n\t<meta name=\"twitter:data1\" content=\"cfeditorfr\" \/>\n\t<meta name=\"twitter:label2\" content=\"Dur\u00e9e de lecture estim\u00e9e\" \/>\n\t<meta name=\"twitter:data2\" content=\"2 minutes\" \/>\n<script type=\"application\/ld+json\" class=\"yoast-schema-graph\">{\"@context\":\"https:\/\/schema.org\",\"@graph\":[{\"@type\":\"Article\",\"@id\":\"https:\/\/www.africa-press.net\/benin\/toutes-les-actualites\/benin-classes-culturelles-2022-2023-liste-complete-des-encadreurs-retenus#article\",\"isPartOf\":{\"@id\":\"https:\/\/www.africa-press.net\/benin\/toutes-les-actualites\/benin-classes-culturelles-2022-2023-liste-complete-des-encadreurs-retenus\"},\"author\":{\"name\":\"cfeditorfr\",\"@id\":\"https:\/\/www.africa-press.net\/benin\/#\/schema\/person\/2b1cf3cd81a31e3cd26889ca66d677f1\"},\"headline\":\"B\u00e9nin \u2013 Classes Culturelles 2022-2023: liste compl\u00e8te des encadreurs retenus\",\"datePublished\":\"2022-09-09T16:28:38+00:00\",\"dateModified\":\"2022-09-09T16:37:36+00:00\",\"mainEntityOfPage\":{\"@id\":\"https:\/\/www.africa-press.net\/benin\/toutes-les-actualites\/benin-classes-culturelles-2022-2023-liste-complete-des-encadreurs-retenus\"},\"wordCount\":358,\"commentCount\":0,\"image\":{\"@id\":\"https:\/\/www.africa-press.net\/benin\/toutes-les-actualites\/benin-classes-culturelles-2022-2023-liste-complete-des-encadreurs-retenus#primaryimage\"},\"thumbnailUrl\":\"https:\/\/static.africa-press.net\/benin\/sites\/46\/2022\/09\/postQueueImg_6.jpg\",\"keywords\":[\"Africa Press\",\"Africa Press-Benin\",\"B\u00e9nin\"],\"articleSection\":[\"Communaut\u00e9\",\"homepage-french\",\"Toutes les actualit\u00e9s\"],\"inLanguage\":\"fr-FR\",\"potentialAction\":[{\"@type\":\"CommentAction\",\"name\":\"Comment\",\"target\":[\"https:\/\/www.africa-press.net\/benin\/toutes-les-actualites\/benin-classes-culturelles-2022-2023-liste-complete-des-encadreurs-retenus#respond\"]}]},{\"@type\":\"WebPage\",\"@id\":\"https:\/\/www.africa-press.net\/benin\/toutes-les-actualites\/benin-classes-culturelles-2022-2023-liste-complete-des-encadreurs-retenus\",\"url\":\"https:\/\/www.africa-press.net\/benin\/toutes-les-actualites\/benin-classes-culturelles-2022-2023-liste-complete-des-encadreurs-retenus\",\"name\":\"B\u00e9nin \u2013 Classes Culturelles 2022-2023: liste compl\u00e8te des encadreurs retenus - B\u00e9nin\",\"isPartOf\":{\"@id\":\"https:\/\/www.africa-press.net\/benin\/#website\"},\"primaryImageOfPage\":{\"@id\":\"https:\/\/www.africa-press.net\/benin\/toutes-les-actualites\/benin-classes-culturelles-2022-2023-liste-complete-des-encadreurs-retenus#primaryimage\"},\"image\":{\"@id\":\"https:\/\/www.africa-press.net\/benin\/toutes-les-actualites\/benin-classes-culturelles-2022-2023-liste-complete-des-encadreurs-retenus#primaryimage\"},\"thumbnailUrl\":\"https:\/\/static.africa-press.net\/benin\/sites\/46\/2022\/09\/postQueueImg_6.jpg\",\"datePublished\":\"2022-09-09T16:28:38+00:00\",\"dateModified\":\"2022-09-09T16:37:36+00:00\",\"author\":{\"@id\":\"https:\/\/www.africa-press.net\/benin\/#\/schema\/person\/2b1cf3cd81a31e3cd26889ca66d677f1\"},\"description\":\"Tout est fin pr\u00eat pour les classes culturelles au cours de l\u2019ann\u00e9e scolaire et acad\u00e9mique 2022-2023. La liste compl\u00e8te d ...\",\"breadcrumb\":{\"@id\":\"https:\/\/www.africa-press.net\/benin\/toutes-les-actualites\/benin-classes-culturelles-2022-2023-liste-complete-des-encadreurs-retenus#breadcrumb\"},\"inLanguage\":\"fr-FR\",\"potentialAction\":[{\"@type\":\"ReadAction\",\"target\":[\"https:\/\/www.africa-press.net\/benin\/toutes-les-actualites\/benin-classes-culturelles-2022-2023-liste-complete-des-encadreurs-retenus\"]}]},{\"@type\":\"ImageObject\",\"inLanguage\":\"fr-FR\",\"@id\":\"https:\/\/www.africa-press.net\/benin\/toutes-les-actualites\/benin-classes-culturelles-2022-2023-liste-complete-des-encadreurs-retenus#primaryimage\",\"url\":\"https:\/\/static.africa-press.net\/benin\/sites\/46\/2022\/09\/postQueueImg_6.jpg\",\"contentUrl\":\"https:\/\/static.africa-press.net\/benin\/sites\/46\/2022\/09\/postQueueImg_6.jpg\",\"width\":1280,\"height\":900,\"caption\":\"B\u00e9nin \u2013 Classes Culturelles 2022-2023: liste compl\u00e8te des encadreurs retenus\"},{\"@type\":\"BreadcrumbList\",\"@id\":\"https:\/\/www.africa-press.net\/benin\/toutes-les-actualites\/benin-classes-culturelles-2022-2023-liste-complete-des-encadreurs-retenus#breadcrumb\",\"itemListElement\":[{\"@type\":\"ListItem\",\"position\":1,\"name\":\"Accueil\",\"item\":\"https:\/\/www.africa-press.net\/benin\/\"},{\"@type\":\"ListItem\",\"position\":2,\"name\":\"B\u00e9nin \u2013 Classes Culturelles 2022-2023: liste compl\u00e8te des encadreurs retenus\"}]},{\"@type\":\"WebSite\",\"@id\":\"https:\/\/www.africa-press.net\/benin\/#website\",\"url\":\"https:\/\/www.africa-press.net\/benin\/\",\"name\":\"B\u00e9nin\",\"description\":\"Just another Africa News Agency Sites site\",\"potentialAction\":[{\"@type\":\"SearchAction\",\"target\":{\"@type\":\"EntryPoint\",\"urlTemplate\":\"https:\/\/www.africa-press.net\/benin\/?s={search_term_string}\"},\"query-input\":{\"@type\":\"PropertyValueSpecification\",\"valueRequired\":true,\"valueName\":\"search_term_string\"}}],\"inLanguage\":\"fr-FR\"},{\"@type\":\"Person\",\"@id\":\"https:\/\/www.africa-press.net\/benin\/#\/schema\/person\/2b1cf3cd81a31e3cd26889ca66d677f1\",\"name\":\"cfeditorfr\"}]}<\/script>\n<!-- \/ Yoast SEO Premium plugin. -->","yoast_head_json":{"title":"B\u00e9nin \u2013 Classes Culturelles 2022-2023: liste compl\u00e8te des encadreurs retenus - B\u00e9nin","description":"Tout est fin pr\u00eat pour les classes culturelles au cours de l\u2019ann\u00e9e scolaire et acad\u00e9mique 2022-2023. La liste compl\u00e8te d ...","robots":{"index":"index","follow":"follow","max-snippet":"max-snippet:-1","max-image-preview":"max-image-preview:large","max-video-preview":"max-video-preview:-1"},"canonical":"https:\/\/www.africa-press.net\/benin\/toutes-les-actualites\/benin-classes-culturelles-2022-2023-liste-complete-des-encadreurs-retenus","og_locale":"fr_FR","og_type":"article","og_title":"B\u00e9nin \u2013 Classes Culturelles 2022-2023: liste compl\u00e8te des encadreurs retenus","og_description":"Tout est fin pr\u00eat pour les classes culturelles au cours de l\u2019ann\u00e9e scolaire et acad\u00e9mique 2022-2023. La liste compl\u00e8te d ...","og_url":"https:\/\/www.africa-press.net\/benin\/toutes-les-actualites\/benin-classes-culturelles-2022-2023-liste-complete-des-encadreurs-retenus","og_site_name":"B\u00e9nin","article_published_time":"2022-09-09T16:28:38+00:00","article_modified_time":"2022-09-09T16:37:36+00:00","og_image":[{"width":1280,"height":900,"url":"https:\/\/static.africa-press.net\/benin\/sites\/46\/2022\/09\/postQueueImg_6.jpg","type":"image\/jpeg"}],"author":"cfeditorfr","twitter_card":"summary_large_image","twitter_misc":{"\u00c9crit par":"cfeditorfr","Dur\u00e9e de lecture estim\u00e9e":"2 minutes"},"schema":{"@context":"https:\/\/schema.org","@graph":[{"@type":"Article","@id":"https:\/\/www.africa-press.net\/benin\/toutes-les-actualites\/benin-classes-culturelles-2022-2023-liste-complete-des-encadreurs-retenus#article","isPartOf":{"@id":"https:\/\/www.africa-press.net\/benin\/toutes-les-actualites\/benin-classes-culturelles-2022-2023-liste-complete-des-encadreurs-retenus"},"author":{"name":"cfeditorfr","@id":"https:\/\/www.africa-press.net\/benin\/#\/schema\/person\/2b1cf3cd81a31e3cd26889ca66d677f1"},"headline":"B\u00e9nin \u2013 Classes Culturelles 2022-2023: liste compl\u00e8te des encadreurs retenus","datePublished":"2022-09-09T16:28:38+00:00","dateModified":"2022-09-09T16:37:36+00:00","mainEntityOfPage":{"@id":"https:\/\/www.africa-press.net\/benin\/toutes-les-actualites\/benin-classes-culturelles-2022-2023-liste-complete-des-encadreurs-retenus"},"wordCount":358,"commentCount":0,"image":{"@id":"https:\/\/www.africa-press.net\/benin\/toutes-les-actualites\/benin-classes-culturelles-2022-2023-liste-complete-des-encadreurs-retenus#primaryimage"},"thumbnailUrl":"https:\/\/static.africa-press.net\/benin\/sites\/46\/2022\/09\/postQueueImg_6.jpg","keywords":["Africa Press","Africa Press-Benin","B\u00e9nin"],"articleSection":["Communaut\u00e9","homepage-french","Toutes les actualit\u00e9s"],"inLanguage":"fr-FR","potentialAction":[{"@type":"CommentAction","name":"Comment","target":["https:\/\/www.africa-press.net\/benin\/toutes-les-actualites\/benin-classes-culturelles-2022-2023-liste-complete-des-encadreurs-retenus#respond"]}]},{"@type":"WebPage","@id":"https:\/\/www.africa-press.net\/benin\/toutes-les-actualites\/benin-classes-culturelles-2022-2023-liste-complete-des-encadreurs-retenus","url":"https:\/\/www.africa-press.net\/benin\/toutes-les-actualites\/benin-classes-culturelles-2022-2023-liste-complete-des-encadreurs-retenus","name":"B\u00e9nin \u2013 Classes Culturelles 2022-2023: liste compl\u00e8te des encadreurs retenus - B\u00e9nin","isPartOf":{"@id":"https:\/\/www.africa-press.net\/benin\/#website"},"primaryImageOfPage":{"@id":"https:\/\/www.africa-press.net\/benin\/toutes-les-actualites\/benin-classes-culturelles-2022-2023-liste-complete-des-encadreurs-retenus#primaryimage"},"image":{"@id":"https:\/\/www.africa-press.net\/benin\/toutes-les-actualites\/benin-classes-culturelles-2022-2023-liste-complete-des-encadreurs-retenus#primaryimage"},"thumbnailUrl":"https:\/\/static.africa-press.net\/benin\/sites\/46\/2022\/09\/postQueueImg_6.jpg","datePublished":"2022-09-09T16:28:38+00:00","dateModified":"2022-09-09T16:37:36+00:00","author":{"@id":"https:\/\/www.africa-press.net\/benin\/#\/schema\/person\/2b1cf3cd81a31e3cd26889ca66d677f1"},"description":"Tout est fin pr\u00eat pour les classes culturelles au cours de l\u2019ann\u00e9e scolaire et acad\u00e9mique 2022-2023. La liste compl\u00e8te d ...","breadcrumb":{"@id":"https:\/\/www.africa-press.net\/benin\/toutes-les-actualites\/benin-classes-culturelles-2022-2023-liste-complete-des-encadreurs-retenus#breadcrumb"},"inLanguage":"fr-FR","potentialAction":[{"@type":"ReadAction","target":["https:\/\/www.africa-press.net\/benin\/toutes-les-actualites\/benin-classes-culturelles-2022-2023-liste-complete-des-encadreurs-retenus"]}]},{"@type":"ImageObject","inLanguage":"fr-FR","@id":"https:\/\/www.africa-press.net\/benin\/toutes-les-actualites\/benin-classes-culturelles-2022-2023-liste-complete-des-encadreurs-retenus#primaryimage","url":"https:\/\/static.africa-press.net\/benin\/sites\/46\/2022\/09\/postQueueImg_6.jpg","contentUrl":"https:\/\/static.africa-press.net\/benin\/sites\/46\/2022\/09\/postQueueImg_6.jpg","width":1280,"height":900,"caption":"B\u00e9nin \u2013 Classes Culturelles 2022-2023: liste compl\u00e8te des encadreurs retenus"},{"@type":"BreadcrumbList","@id":"https:\/\/www.africa-press.net\/benin\/toutes-les-actualites\/benin-classes-culturelles-2022-2023-liste-complete-des-encadreurs-retenus#breadcrumb","itemListElement":[{"@type":"ListItem","position":1,"name":"Accueil","item":"https:\/\/www.africa-press.net\/benin\/"},{"@type":"ListItem","position":2,"name":"B\u00e9nin \u2013 Classes Culturelles 2022-2023: liste compl\u00e8te des encadreurs retenus"}]},{"@type":"WebSite","@id":"https:\/\/www.africa-press.net\/benin\/#website","url":"https:\/\/www.africa-press.net\/benin\/","name":"B\u00e9nin","description":"Just another Africa News Agency Sites site","potentialAction":[{"@type":"SearchAction","target":{"@type":"EntryPoint","urlTemplate":"https:\/\/www.africa-press.net\/benin\/?s={search_term_string}"},"query-input":{"@type":"PropertyValueSpecification","valueRequired":true,"valueName":"search_term_string"}}],"inLanguage":"fr-FR"},{"@type":"Person","@id":"https:\/\/www.africa-press.net\/benin\/#\/schema\/person\/2b1cf3cd81a31e3cd26889ca66d677f1","name":"cfeditorfr"}]}},"_links":{"self":[{"href":"https:\/\/www.africa-press.net\/benin\/wp-json\/wp\/v2\/posts\/8768","targetHints":{"allow":["GET"]}}],"collection":[{"href":"https:\/\/www.africa-press.net\/benin\/wp-json\/wp\/v2\/posts"}],"about":[{"href":"https:\/\/www.africa-press.net\/benin\/wp-json\/wp\/v2\/types\/post"}],"author":[{"embeddable":true,"href":"https:\/\/www.africa-press.net\/benin\/wp-json\/wp\/v2\/users\/82"}],"replies":[{"embeddable":true,"href":"https:\/\/www.africa-press.net\/benin\/wp-json\/wp\/v2\/comments?post=8768"}],"version-history":[{"count":0,"href":"https:\/\/www.africa-press.net\/benin\/wp-json\/wp\/v2\/posts\/8768\/revisions"}],"wp:featuredmedia":[{"embeddable":true,"href":"https:\/\/www.africa-press.net\/benin\/wp-json\/wp\/v2\/media\/8767"}],"wp:attachment":[{"href":"https:\/\/www.africa-press.net\/benin\/wp-json\/wp\/v2\/media?parent=8768"}],"wp:term":[{"taxonomy":"category","embeddable":true,"href":"https:\/\/www.africa-press.net\/benin\/wp-json\/wp\/v2\/categories?post=8768"},{"taxonomy":"post_tag","embeddable":true,"href":"https:\/\/www.africa-press.net\/benin\/wp-json\/wp\/v2\/tags?post=8768"}],"curies":[{"name":"wp","href":"https:\/\/api.w.org\/{rel}","templated":true}]}}