{"id":8774,"date":"2022-09-09T16:28:51","date_gmt":"2022-09-09T16:28:51","guid":{"rendered":"https:\/\/www.africa-press.net\/benin\/politique\/rien-ne-remplace-la-negociation-collective-entre-employeurs-et-travailleurs-kassa-mampo-a-talon"},"modified":"2022-09-09T16:38:53","modified_gmt":"2022-09-09T16:38:53","slug":"rien-ne-remplace-la-negociation-collective-entre-employeurs-et-travailleurs-kassa-mampo-a-talon","status":"publish","type":"post","link":"https:\/\/www.africa-press.net\/benin\/toutes-les-actualites\/rien-ne-remplace-la-negociation-collective-entre-employeurs-et-travailleurs-kassa-mampo-a-talon","title":{"rendered":"\u00ab\u00a0Rien ne remplace la n\u00e9gociation collective entre employeurs et travailleurs\u00a0\u00bb, Kassa Mampo \u00e0 Talon"},"content":{"rendered":"<p><span style=\"color: #ff6600\"><strong>Africa-Press &#8211; Benin. <\/strong><\/span>La conf\u00e9d\u00e9ration syndicale des travailleurs du B\u00e9nin a organis\u00e9 le mercredi 7 Septembre dernier \u00e0 la Bourse de Travail \u00e0 Cotonou, un point de presse en r\u00e9action aux propos tenus par le pr\u00e9sident Patrice Talon devant les investisseurs fran\u00e7ais sur la gr\u00e8ve au B\u00e9nin.<\/p>\n<p>Le secr\u00e9taire g\u00e9n\u00e9ral de la conf\u00e9d\u00e9ration syndicale des travailleurs du B\u00e9nin (CSTB), Kassa Mampo \u00e9tait le mercredi dernier face aux professionnels des m\u00e9dias. Les propos tenus le 30 Ao\u00fbt 2022 par le pr\u00e9sident Patrice Talon devant les investisseurs fran\u00e7ais sur la restriction de droit de gr\u00e8ve au B\u00e9nin \u00e9taient au menu de ce point de presse.<\/p>\n<p>Pour le secr\u00e9taire g\u00e9n\u00e9ral de la cstb, <b>\u00ab c\u2019est scandaleux et honteux\u2026que \u00e7a soit le pr\u00e9sident b\u00e9ninois qui parle comme \u00e7a \u00bb<\/b>. A le croire, ailleurs, les gens r\u00e9clament m\u00eame le tribunal du travail au moment o\u00f9 le pr\u00e9sident Patrice Talon trouve que c\u2019est mauvais et invite le monde entier \u00e0 le suivre.<\/p>\n<p>\u00ab <b>Rien ne remplace la n\u00e9gociation collective entre employeurs et travailleurs<\/b>\u00ab , a martel\u00e9 le syndicaliste en protestation contre les propos de Patrice Talon.<\/p>\n<p>A travers ce point de presse, le SG de la CSTB, Kassa Mampo et sa troupe affichent leur m\u00e9contentement et interpellent la conscience des travailleurs en ce qui concerne leur responsabilit\u00e9 dans la suppression des droits de gr\u00e8ve.<\/p>\n<p>\u00ab <b>En tant que secr\u00e9taire g\u00e9n\u00e9ral de la CSTB, j\u2019ai voulu exprimer l\u2019opinion des travailleurs du B\u00e9nin face \u00e0 cet aveu de recule d\u00e9mocratique fait par le pr\u00e9sident du B\u00e9nin dont les actes quotidiens montrent que le B\u00e9nin est d\u00e9sormais g\u00e9r\u00e9 comme une entreprise priv\u00e9e et non comme un \u00e9tat d\u00e9mocratique<\/b>\u00ab , a martel\u00e9 Kassa Mampo. Les secr\u00e9taires g\u00e9n\u00e9raux du secteur de la sant\u00e9 qui ont particip\u00e9 au point de presse ont laiss\u00e9 entendre qu\u2019ils ont \u00e9t\u00e9 surpris par les propos avanc\u00e9s par le, chef de l\u2019Etat pour d\u00e9cider de r\u00e9gulariser la gr\u00e8ve. Ces syndicalistes assurent n\u2019avoir jamais prononc\u00e9 pareil propos \u00e0 aucune s\u00e9ance qu\u2019ils ont tenu avec le gouvernement.<\/p>\n<p>Retour sur les propos de Patrice Talon<\/p>\n<p>Lors de sa rencontre avec la classe des op\u00e9rateurs \u00e9conomiques fran\u00e7ais, le mardi 30 ao\u00fbt dernier, le pr\u00e9sident Patrice Talon a expos\u00e9 les r\u00e9formes difficiles qui ont \u00e9t\u00e9 faites pour faire du B\u00e9nin, un pays d\u2019opportunit\u00e9 pour les investisseurs du monde.<\/p>\n<p>Dans son d\u00e9veloppement, le pr\u00e9sident Patrice Talon a \u00e9voqu\u00e9 ce qui a \u00e9t\u00e9 fait pour r\u00e9duire les gr\u00e8ves dans son pays. Pour le pr\u00e9sident Patrice Talon, gr\u00e2ce \u00e0 des r\u00e9formes, le droit de gr\u00e8ve a \u00e9t\u00e9 supprim\u00e9 \u00e0 certains secteurs vitaux et limit\u00e9 aux autres secteurs.<\/p>\n<p>\u00ab <b>Nous avons entrepris des r\u00e9formes difficiles. Des r\u00e9formes qui ont abouti \u00e0 des mesures qui ont touch\u00e9 les secteurs vitaux du pays avec la suppression et la restriction du droit de gr\u00e8ve \u00bb<\/b>, a commenc\u00e9 par expos\u00e9 le pr\u00e9sident de la r\u00e9publique.<\/p>\n<p>\u00ab <b>D\u00e9sormais au B\u00e9nin, avait-il poursuivi, la gr\u00e8ve est interdite dans les secteurs vitaux comme la sant\u00e9, la police, les pompiers et tout ce qui concourt \u00e0 la survie des concitoyens. Dans les autres secteurs, la gr\u00e8ve est limit\u00e9e \u00e0 deux jours maximum par mois et dix jours par an<\/b>\u00ab, avait soulign\u00e9 le pr\u00e9sident Patrice Talon.<\/p>\n<p><strong>Pour plus d&rsquo;informations et d&rsquo;analyses sur la <a href=\"https:\/\/www.africa-press.net\/benin\">Benin<\/a>, suivez <a href=\"https:\/\/www.africa-press.net\/\">Africa-Press<\/a><\/strong><\/p>\n","protected":false},"excerpt":{"rendered":"<p>Africa-Press &#8211; Benin. La conf\u00e9d\u00e9ration syndicale des travailleurs du B\u00e9nin a organis\u00e9 le mercredi 7 Septembre dernier \u00e0 la Bourse de Travail \u00e0 Cotonou, un point de presse en r\u00e9action aux propos tenus par le pr\u00e9sident Patrice Talon devant les investisseurs fran\u00e7ais sur la gr\u00e8ve au B\u00e9nin. Le secr\u00e9taire g\u00e9n\u00e9ral de la conf\u00e9d\u00e9ration syndicale des [&hellip;]<\/p>\n","protected":false},"author":82,"featured_media":8773,"comment_status":"open","ping_status":"closed","sticky":false,"template":"","format":"standard","meta":{"footnotes":""},"categories":[21,11,10],"tags":[36,50,45],"class_list":["post-8774","post","type-post","status-publish","format-standard","has-post-thumbnail","hentry","category-communaute","category-homepage-french","category-toutes-les-actualites","tag-africa-press","tag-africa-press-benin","tag-benin"],"yoast_head":"<!-- This site is optimized with the Yoast SEO Premium plugin v26.1 (Yoast SEO v27.0) - https:\/\/yoast.com\/product\/yoast-seo-premium-wordpress\/ -->\n<title>\u00ab\u00a0Rien ne remplace la n\u00e9gociation collective entre employeurs et travailleurs\u00a0\u00bb, Kassa Mampo \u00e0 Talon - B\u00e9nin<\/title>\n<meta name=\"description\" content=\"La conf\u00e9d\u00e9ration syndicale des travailleurs du B\u00e9nin a organis\u00e9 le mercredi 7 Septembre dernier \u00e0 la Bourse de Travail \u00e0 ...\" \/>\n<meta name=\"robots\" content=\"index, follow, max-snippet:-1, max-image-preview:large, max-video-preview:-1\" \/>\n<link rel=\"canonical\" href=\"https:\/\/www.africa-press.net\/benin\/toutes-les-actualites\/rien-ne-remplace-la-negociation-collective-entre-employeurs-et-travailleurs-kassa-mampo-a-talon\" \/>\n<meta property=\"og:locale\" content=\"fr_FR\" \/>\n<meta property=\"og:type\" content=\"article\" \/>\n<meta property=\"og:title\" content=\"\u00ab\u00a0Rien ne remplace la n\u00e9gociation collective entre employeurs et travailleurs\u00a0\u00bb, Kassa Mampo \u00e0 Talon\" \/>\n<meta property=\"og:description\" content=\"La conf\u00e9d\u00e9ration syndicale des travailleurs du B\u00e9nin a organis\u00e9 le mercredi 7 Septembre dernier \u00e0 la Bourse de Travail \u00e0 ...\" \/>\n<meta property=\"og:url\" content=\"https:\/\/www.africa-press.net\/benin\/toutes-les-actualites\/rien-ne-remplace-la-negociation-collective-entre-employeurs-et-travailleurs-kassa-mampo-a-talon\" \/>\n<meta property=\"og:site_name\" content=\"B\u00e9nin\" \/>\n<meta property=\"article:published_time\" content=\"2022-09-09T16:28:51+00:00\" \/>\n<meta property=\"article:modified_time\" content=\"2022-09-09T16:38:53+00:00\" \/>\n<meta property=\"og:image\" content=\"https:\/\/static.africa-press.net\/benin\/sites\/46\/2022\/09\/postQueueImg_8-631b6bffb082e.jpg\" \/>\n\t<meta property=\"og:image:width\" content=\"1200\" \/>\n\t<meta property=\"og:image:height\" content=\"675\" \/>\n\t<meta property=\"og:image:type\" content=\"image\/jpeg\" \/>\n<meta name=\"author\" content=\"cfeditorfr\" \/>\n<meta name=\"twitter:card\" content=\"summary_large_image\" \/>\n<meta name=\"twitter:label1\" content=\"\u00c9crit par\" \/>\n\t<meta name=\"twitter:data1\" content=\"cfeditorfr\" \/>\n\t<meta name=\"twitter:label2\" content=\"Dur\u00e9e de lecture estim\u00e9e\" \/>\n\t<meta name=\"twitter:data2\" content=\"3 minutes\" \/>\n<script type=\"application\/ld+json\" class=\"yoast-schema-graph\">{\"@context\":\"https:\/\/schema.org\",\"@graph\":[{\"@type\":\"Article\",\"@id\":\"https:\/\/www.africa-press.net\/benin\/toutes-les-actualites\/rien-ne-remplace-la-negociation-collective-entre-employeurs-et-travailleurs-kassa-mampo-a-talon#article\",\"isPartOf\":{\"@id\":\"https:\/\/www.africa-press.net\/benin\/toutes-les-actualites\/rien-ne-remplace-la-negociation-collective-entre-employeurs-et-travailleurs-kassa-mampo-a-talon\"},\"author\":{\"name\":\"cfeditorfr\",\"@id\":\"https:\/\/www.africa-press.net\/benin\/#\/schema\/person\/2b1cf3cd81a31e3cd26889ca66d677f1\"},\"headline\":\"\u00ab\u00a0Rien ne remplace la n\u00e9gociation collective entre employeurs et travailleurs\u00a0\u00bb, Kassa Mampo \u00e0 Talon\",\"datePublished\":\"2022-09-09T16:28:51+00:00\",\"dateModified\":\"2022-09-09T16:38:53+00:00\",\"mainEntityOfPage\":{\"@id\":\"https:\/\/www.africa-press.net\/benin\/toutes-les-actualites\/rien-ne-remplace-la-negociation-collective-entre-employeurs-et-travailleurs-kassa-mampo-a-talon\"},\"wordCount\":610,\"commentCount\":0,\"image\":{\"@id\":\"https:\/\/www.africa-press.net\/benin\/toutes-les-actualites\/rien-ne-remplace-la-negociation-collective-entre-employeurs-et-travailleurs-kassa-mampo-a-talon#primaryimage\"},\"thumbnailUrl\":\"https:\/\/static.africa-press.net\/benin\/sites\/46\/2022\/09\/postQueueImg_8-631b6bffb082e.jpg\",\"keywords\":[\"Africa Press\",\"Africa Press-Benin\",\"B\u00e9nin\"],\"articleSection\":[\"Communaut\u00e9\",\"homepage-french\",\"Toutes les actualit\u00e9s\"],\"inLanguage\":\"fr-FR\",\"potentialAction\":[{\"@type\":\"CommentAction\",\"name\":\"Comment\",\"target\":[\"https:\/\/www.africa-press.net\/benin\/toutes-les-actualites\/rien-ne-remplace-la-negociation-collective-entre-employeurs-et-travailleurs-kassa-mampo-a-talon#respond\"]}]},{\"@type\":\"WebPage\",\"@id\":\"https:\/\/www.africa-press.net\/benin\/toutes-les-actualites\/rien-ne-remplace-la-negociation-collective-entre-employeurs-et-travailleurs-kassa-mampo-a-talon\",\"url\":\"https:\/\/www.africa-press.net\/benin\/toutes-les-actualites\/rien-ne-remplace-la-negociation-collective-entre-employeurs-et-travailleurs-kassa-mampo-a-talon\",\"name\":\"\u00ab\u00a0Rien ne remplace la n\u00e9gociation collective entre employeurs et travailleurs\u00a0\u00bb, Kassa Mampo \u00e0 Talon - B\u00e9nin\",\"isPartOf\":{\"@id\":\"https:\/\/www.africa-press.net\/benin\/#website\"},\"primaryImageOfPage\":{\"@id\":\"https:\/\/www.africa-press.net\/benin\/toutes-les-actualites\/rien-ne-remplace-la-negociation-collective-entre-employeurs-et-travailleurs-kassa-mampo-a-talon#primaryimage\"},\"image\":{\"@id\":\"https:\/\/www.africa-press.net\/benin\/toutes-les-actualites\/rien-ne-remplace-la-negociation-collective-entre-employeurs-et-travailleurs-kassa-mampo-a-talon#primaryimage\"},\"thumbnailUrl\":\"https:\/\/static.africa-press.net\/benin\/sites\/46\/2022\/09\/postQueueImg_8-631b6bffb082e.jpg\",\"datePublished\":\"2022-09-09T16:28:51+00:00\",\"dateModified\":\"2022-09-09T16:38:53+00:00\",\"author\":{\"@id\":\"https:\/\/www.africa-press.net\/benin\/#\/schema\/person\/2b1cf3cd81a31e3cd26889ca66d677f1\"},\"description\":\"La conf\u00e9d\u00e9ration syndicale des travailleurs du B\u00e9nin a organis\u00e9 le mercredi 7 Septembre dernier \u00e0 la Bourse de Travail \u00e0 ...\",\"breadcrumb\":{\"@id\":\"https:\/\/www.africa-press.net\/benin\/toutes-les-actualites\/rien-ne-remplace-la-negociation-collective-entre-employeurs-et-travailleurs-kassa-mampo-a-talon#breadcrumb\"},\"inLanguage\":\"fr-FR\",\"potentialAction\":[{\"@type\":\"ReadAction\",\"target\":[\"https:\/\/www.africa-press.net\/benin\/toutes-les-actualites\/rien-ne-remplace-la-negociation-collective-entre-employeurs-et-travailleurs-kassa-mampo-a-talon\"]}]},{\"@type\":\"ImageObject\",\"inLanguage\":\"fr-FR\",\"@id\":\"https:\/\/www.africa-press.net\/benin\/toutes-les-actualites\/rien-ne-remplace-la-negociation-collective-entre-employeurs-et-travailleurs-kassa-mampo-a-talon#primaryimage\",\"url\":\"https:\/\/static.africa-press.net\/benin\/sites\/46\/2022\/09\/postQueueImg_8-631b6bffb082e.jpg\",\"contentUrl\":\"https:\/\/static.africa-press.net\/benin\/sites\/46\/2022\/09\/postQueueImg_8-631b6bffb082e.jpg\",\"width\":1200,\"height\":675,\"caption\":\"\u00ab\u00a0Rien ne remplace la n\u00e9gociation collective entre employeurs et travailleurs\u00a0\u00bb, Kassa Mampo \u00e0 Talon\"},{\"@type\":\"BreadcrumbList\",\"@id\":\"https:\/\/www.africa-press.net\/benin\/toutes-les-actualites\/rien-ne-remplace-la-negociation-collective-entre-employeurs-et-travailleurs-kassa-mampo-a-talon#breadcrumb\",\"itemListElement\":[{\"@type\":\"ListItem\",\"position\":1,\"name\":\"Accueil\",\"item\":\"https:\/\/www.africa-press.net\/benin\/\"},{\"@type\":\"ListItem\",\"position\":2,\"name\":\"\u00ab\u00a0Rien ne remplace la n\u00e9gociation collective entre employeurs et travailleurs\u00a0\u00bb, Kassa Mampo \u00e0 Talon\"}]},{\"@type\":\"WebSite\",\"@id\":\"https:\/\/www.africa-press.net\/benin\/#website\",\"url\":\"https:\/\/www.africa-press.net\/benin\/\",\"name\":\"B\u00e9nin\",\"description\":\"Just another Africa News Agency Sites site\",\"potentialAction\":[{\"@type\":\"SearchAction\",\"target\":{\"@type\":\"EntryPoint\",\"urlTemplate\":\"https:\/\/www.africa-press.net\/benin\/?s={search_term_string}\"},\"query-input\":{\"@type\":\"PropertyValueSpecification\",\"valueRequired\":true,\"valueName\":\"search_term_string\"}}],\"inLanguage\":\"fr-FR\"},{\"@type\":\"Person\",\"@id\":\"https:\/\/www.africa-press.net\/benin\/#\/schema\/person\/2b1cf3cd81a31e3cd26889ca66d677f1\",\"name\":\"cfeditorfr\"}]}<\/script>\n<!-- \/ Yoast SEO Premium plugin. -->","yoast_head_json":{"title":"\u00ab\u00a0Rien ne remplace la n\u00e9gociation collective entre employeurs et travailleurs\u00a0\u00bb, Kassa Mampo \u00e0 Talon - B\u00e9nin","description":"La conf\u00e9d\u00e9ration syndicale des travailleurs du B\u00e9nin a organis\u00e9 le mercredi 7 Septembre dernier \u00e0 la Bourse de Travail \u00e0 ...","robots":{"index":"index","follow":"follow","max-snippet":"max-snippet:-1","max-image-preview":"max-image-preview:large","max-video-preview":"max-video-preview:-1"},"canonical":"https:\/\/www.africa-press.net\/benin\/toutes-les-actualites\/rien-ne-remplace-la-negociation-collective-entre-employeurs-et-travailleurs-kassa-mampo-a-talon","og_locale":"fr_FR","og_type":"article","og_title":"\u00ab\u00a0Rien ne remplace la n\u00e9gociation collective entre employeurs et travailleurs\u00a0\u00bb, Kassa Mampo \u00e0 Talon","og_description":"La conf\u00e9d\u00e9ration syndicale des travailleurs du B\u00e9nin a organis\u00e9 le mercredi 7 Septembre dernier \u00e0 la Bourse de Travail \u00e0 ...","og_url":"https:\/\/www.africa-press.net\/benin\/toutes-les-actualites\/rien-ne-remplace-la-negociation-collective-entre-employeurs-et-travailleurs-kassa-mampo-a-talon","og_site_name":"B\u00e9nin","article_published_time":"2022-09-09T16:28:51+00:00","article_modified_time":"2022-09-09T16:38:53+00:00","og_image":[{"width":1200,"height":675,"url":"https:\/\/static.africa-press.net\/benin\/sites\/46\/2022\/09\/postQueueImg_8-631b6bffb082e.jpg","type":"image\/jpeg"}],"author":"cfeditorfr","twitter_card":"summary_large_image","twitter_misc":{"\u00c9crit par":"cfeditorfr","Dur\u00e9e de lecture estim\u00e9e":"3 minutes"},"schema":{"@context":"https:\/\/schema.org","@graph":[{"@type":"Article","@id":"https:\/\/www.africa-press.net\/benin\/toutes-les-actualites\/rien-ne-remplace-la-negociation-collective-entre-employeurs-et-travailleurs-kassa-mampo-a-talon#article","isPartOf":{"@id":"https:\/\/www.africa-press.net\/benin\/toutes-les-actualites\/rien-ne-remplace-la-negociation-collective-entre-employeurs-et-travailleurs-kassa-mampo-a-talon"},"author":{"name":"cfeditorfr","@id":"https:\/\/www.africa-press.net\/benin\/#\/schema\/person\/2b1cf3cd81a31e3cd26889ca66d677f1"},"headline":"\u00ab\u00a0Rien ne remplace la n\u00e9gociation collective entre employeurs et travailleurs\u00a0\u00bb, Kassa Mampo \u00e0 Talon","datePublished":"2022-09-09T16:28:51+00:00","dateModified":"2022-09-09T16:38:53+00:00","mainEntityOfPage":{"@id":"https:\/\/www.africa-press.net\/benin\/toutes-les-actualites\/rien-ne-remplace-la-negociation-collective-entre-employeurs-et-travailleurs-kassa-mampo-a-talon"},"wordCount":610,"commentCount":0,"image":{"@id":"https:\/\/www.africa-press.net\/benin\/toutes-les-actualites\/rien-ne-remplace-la-negociation-collective-entre-employeurs-et-travailleurs-kassa-mampo-a-talon#primaryimage"},"thumbnailUrl":"https:\/\/static.africa-press.net\/benin\/sites\/46\/2022\/09\/postQueueImg_8-631b6bffb082e.jpg","keywords":["Africa Press","Africa Press-Benin","B\u00e9nin"],"articleSection":["Communaut\u00e9","homepage-french","Toutes les actualit\u00e9s"],"inLanguage":"fr-FR","potentialAction":[{"@type":"CommentAction","name":"Comment","target":["https:\/\/www.africa-press.net\/benin\/toutes-les-actualites\/rien-ne-remplace-la-negociation-collective-entre-employeurs-et-travailleurs-kassa-mampo-a-talon#respond"]}]},{"@type":"WebPage","@id":"https:\/\/www.africa-press.net\/benin\/toutes-les-actualites\/rien-ne-remplace-la-negociation-collective-entre-employeurs-et-travailleurs-kassa-mampo-a-talon","url":"https:\/\/www.africa-press.net\/benin\/toutes-les-actualites\/rien-ne-remplace-la-negociation-collective-entre-employeurs-et-travailleurs-kassa-mampo-a-talon","name":"\u00ab\u00a0Rien ne remplace la n\u00e9gociation collective entre employeurs et travailleurs\u00a0\u00bb, Kassa Mampo \u00e0 Talon - B\u00e9nin","isPartOf":{"@id":"https:\/\/www.africa-press.net\/benin\/#website"},"primaryImageOfPage":{"@id":"https:\/\/www.africa-press.net\/benin\/toutes-les-actualites\/rien-ne-remplace-la-negociation-collective-entre-employeurs-et-travailleurs-kassa-mampo-a-talon#primaryimage"},"image":{"@id":"https:\/\/www.africa-press.net\/benin\/toutes-les-actualites\/rien-ne-remplace-la-negociation-collective-entre-employeurs-et-travailleurs-kassa-mampo-a-talon#primaryimage"},"thumbnailUrl":"https:\/\/static.africa-press.net\/benin\/sites\/46\/2022\/09\/postQueueImg_8-631b6bffb082e.jpg","datePublished":"2022-09-09T16:28:51+00:00","dateModified":"2022-09-09T16:38:53+00:00","author":{"@id":"https:\/\/www.africa-press.net\/benin\/#\/schema\/person\/2b1cf3cd81a31e3cd26889ca66d677f1"},"description":"La conf\u00e9d\u00e9ration syndicale des travailleurs du B\u00e9nin a organis\u00e9 le mercredi 7 Septembre dernier \u00e0 la Bourse de Travail \u00e0 ...","breadcrumb":{"@id":"https:\/\/www.africa-press.net\/benin\/toutes-les-actualites\/rien-ne-remplace-la-negociation-collective-entre-employeurs-et-travailleurs-kassa-mampo-a-talon#breadcrumb"},"inLanguage":"fr-FR","potentialAction":[{"@type":"ReadAction","target":["https:\/\/www.africa-press.net\/benin\/toutes-les-actualites\/rien-ne-remplace-la-negociation-collective-entre-employeurs-et-travailleurs-kassa-mampo-a-talon"]}]},{"@type":"ImageObject","inLanguage":"fr-FR","@id":"https:\/\/www.africa-press.net\/benin\/toutes-les-actualites\/rien-ne-remplace-la-negociation-collective-entre-employeurs-et-travailleurs-kassa-mampo-a-talon#primaryimage","url":"https:\/\/static.africa-press.net\/benin\/sites\/46\/2022\/09\/postQueueImg_8-631b6bffb082e.jpg","contentUrl":"https:\/\/static.africa-press.net\/benin\/sites\/46\/2022\/09\/postQueueImg_8-631b6bffb082e.jpg","width":1200,"height":675,"caption":"\u00ab\u00a0Rien ne remplace la n\u00e9gociation collective entre employeurs et travailleurs\u00a0\u00bb, Kassa Mampo \u00e0 Talon"},{"@type":"BreadcrumbList","@id":"https:\/\/www.africa-press.net\/benin\/toutes-les-actualites\/rien-ne-remplace-la-negociation-collective-entre-employeurs-et-travailleurs-kassa-mampo-a-talon#breadcrumb","itemListElement":[{"@type":"ListItem","position":1,"name":"Accueil","item":"https:\/\/www.africa-press.net\/benin\/"},{"@type":"ListItem","position":2,"name":"\u00ab\u00a0Rien ne remplace la n\u00e9gociation collective entre employeurs et travailleurs\u00a0\u00bb, Kassa Mampo \u00e0 Talon"}]},{"@type":"WebSite","@id":"https:\/\/www.africa-press.net\/benin\/#website","url":"https:\/\/www.africa-press.net\/benin\/","name":"B\u00e9nin","description":"Just another Africa News Agency Sites site","potentialAction":[{"@type":"SearchAction","target":{"@type":"EntryPoint","urlTemplate":"https:\/\/www.africa-press.net\/benin\/?s={search_term_string}"},"query-input":{"@type":"PropertyValueSpecification","valueRequired":true,"valueName":"search_term_string"}}],"inLanguage":"fr-FR"},{"@type":"Person","@id":"https:\/\/www.africa-press.net\/benin\/#\/schema\/person\/2b1cf3cd81a31e3cd26889ca66d677f1","name":"cfeditorfr"}]}},"_links":{"self":[{"href":"https:\/\/www.africa-press.net\/benin\/wp-json\/wp\/v2\/posts\/8774","targetHints":{"allow":["GET"]}}],"collection":[{"href":"https:\/\/www.africa-press.net\/benin\/wp-json\/wp\/v2\/posts"}],"about":[{"href":"https:\/\/www.africa-press.net\/benin\/wp-json\/wp\/v2\/types\/post"}],"author":[{"embeddable":true,"href":"https:\/\/www.africa-press.net\/benin\/wp-json\/wp\/v2\/users\/82"}],"replies":[{"embeddable":true,"href":"https:\/\/www.africa-press.net\/benin\/wp-json\/wp\/v2\/comments?post=8774"}],"version-history":[{"count":0,"href":"https:\/\/www.africa-press.net\/benin\/wp-json\/wp\/v2\/posts\/8774\/revisions"}],"wp:featuredmedia":[{"embeddable":true,"href":"https:\/\/www.africa-press.net\/benin\/wp-json\/wp\/v2\/media\/8773"}],"wp:attachment":[{"href":"https:\/\/www.africa-press.net\/benin\/wp-json\/wp\/v2\/media?parent=8774"}],"wp:term":[{"taxonomy":"category","embeddable":true,"href":"https:\/\/www.africa-press.net\/benin\/wp-json\/wp\/v2\/categories?post=8774"},{"taxonomy":"post_tag","embeddable":true,"href":"https:\/\/www.africa-press.net\/benin\/wp-json\/wp\/v2\/tags?post=8774"}],"curies":[{"name":"wp","href":"https:\/\/api.w.org\/{rel}","templated":true}]}}