{"id":8778,"date":"2022-09-09T16:29:01","date_gmt":"2022-09-09T16:29:01","guid":{"rendered":"https:\/\/www.africa-press.net\/benin\/politique\/confection-de-la-lei-la-phase-de-laffichage-de-la-liste-lancee"},"modified":"2022-09-09T16:39:26","modified_gmt":"2022-09-09T16:39:26","slug":"confection-de-la-lei-la-phase-de-laffichage-de-la-liste-lancee","status":"publish","type":"post","link":"https:\/\/www.africa-press.net\/benin\/politique\/confection-de-la-lei-la-phase-de-laffichage-de-la-liste-lancee","title":{"rendered":"Confection de la LEI: la phase de l\u2019affichage de la liste lanc\u00e9e"},"content":{"rendered":"<p><span style=\"color: #ff6600\"><strong>Africa-Press &#8211; Benin. <\/strong><\/span>Tout se met progressivement en place dans le cadre des \u00e9lections l\u00e9gislatives du 08 Janvier 2023. Conform\u00e9ment \u00e0 la loi, la liste \u00e9lectorale informatis\u00e9e provisoire a \u00e9t\u00e9 affich\u00e9e au public ce jeudi 08 Septembre 2022.<\/p>\n<p>La liste \u00e9lectorale informatis\u00e9e provisoire est disponible et accessible au public depuis ce jeudi 08 Septembre. Elle a \u00e9t\u00e9 affich\u00e9e dans les centres de vote pour consultation par l\u2019agence nationale d\u2019identification des personnes (ANIP).<\/p>\n<p>L\u2019information a \u00e9t\u00e9 port\u00e9e \u00e0 la connaissance des potentiels \u00e9lecteurs par le mandataire d\u00e9l\u00e9gu\u00e9 de l\u2019agence nationale d\u2019identification des personnes, Monsieur Cyrille Gougb\u00e9dji lors d\u2019un point de presse qu\u2019il a tenu ce jeudi 8 Septembre.<\/p>\n<p>Au cours de son point de presse, Dr Cyrille Gougb\u00e9dji a indiqu\u00e9 que les listes sont d\u00e9j\u00e0 disponibles dans les centres de vote. Il invite les uns et les autres \u00e0 se d\u00e9placer pour les consulter leurs donn\u00e9es personnelles et \u00e0 formuler au besoin des demandes de corrections en cas d\u2019erreur sur les dites donn\u00e9es.<\/p>\n<p>Cette phase d\u2019affichage et de reclamation va durer 15 jours et va aboutir \u00e0 la liste \u00e9lectorale informatis\u00e9e d\u00e9finitive qui sera mise \u00e0 la disposition de la commission \u00e9lectorale nationale autonome (CENA) dans 60 jours.<\/p>\n<p>Les grandes \u00e9tapes de la confection de la liste\u2026<\/p>\n<p>Selon les grandes \u00e9tapes de la confection de la liste \u00e9lectorale informatis\u00e9e annonc\u00e9es par l\u2019agence nationale d\u2019identification des personnes, le processus d\u00e9marrera par l\u2019impression de la liste qui durera du 19 Ao\u00fbt au 02 Septembre 2022.<\/p>\n<p>Cette phase sera suivie de la phase d\u2019affichage de la liste qui aura lieu du 08 au 22 Septembre 2022. Ensuite, les diverses r\u00e9clamations des \u00e9lecteurs seront prises en compte sur la p\u00e9riode du 23 au 30 septembre 2022.<\/p>\n<p>L\u2019Agence Nationale d\u2019Identification des Personnes (ANIP) proc\u00e9dera du 21 octobre au 04 novembre 2022 \u00e0 la publication et \u00e0 l\u2019affichage de la Liste Electorale Informatis\u00e9e (LEI) qui sera dans le m\u00eame temps transmise \u00e0 la Commission Electorale Nationale Autonome (CENA) le 7 novembre 2022.<\/p>\n<p>Ces dates importantes dans le cadre de la confection de la LEI ont \u00e9t\u00e9 rendues publiques, mercredi 03 juillet 2022, lors d\u2019un point de presse anim\u00e9 par le mandataire d\u00e9l\u00e9gu\u00e9 de l\u2019agence nationale d\u2019identification des personnes, Dr Cyrille Gougb\u00e9dji. L\u2019lection m\u00eame des d\u00e9put\u00e9s de la neuvi\u00e8me l\u00e9gislature est pr\u00e9vue pour dimanche 08 janvier 2023.<\/p>\n<p><strong>Pour plus d&rsquo;informations et d&rsquo;analyses sur la <a href=\"https:\/\/www.africa-press.net\/benin\">Benin<\/a>, suivez <a href=\"https:\/\/www.africa-press.net\/\">Africa-Press<\/a><\/strong><\/p>\n","protected":false},"excerpt":{"rendered":"<p>Africa-Press &#8211; Benin. Tout se met progressivement en place dans le cadre des \u00e9lections l\u00e9gislatives du 08 Janvier 2023. Conform\u00e9ment \u00e0 la loi, la liste \u00e9lectorale informatis\u00e9e provisoire a \u00e9t\u00e9 affich\u00e9e au public ce jeudi 08 Septembre 2022. La liste \u00e9lectorale informatis\u00e9e provisoire est disponible et accessible au public depuis ce jeudi 08 Septembre. Elle [&hellip;]<\/p>\n","protected":false},"author":82,"featured_media":8776,"comment_status":"open","ping_status":"closed","sticky":false,"template":"","format":"standard","meta":{"footnotes":""},"categories":[11,2,10],"tags":[36,50,45],"class_list":["post-8778","post","type-post","status-publish","format-standard","has-post-thumbnail","hentry","category-homepage-french","category-politique","category-toutes-les-actualites","tag-africa-press","tag-africa-press-benin","tag-benin"],"yoast_head":"<!-- This site is optimized with the Yoast SEO Premium plugin v26.1 (Yoast SEO v27.0) - https:\/\/yoast.com\/product\/yoast-seo-premium-wordpress\/ -->\n<title>Confection de la LEI: la phase de l\u2019affichage de la liste lanc\u00e9e - B\u00e9nin<\/title>\n<meta name=\"description\" content=\"Tout se met progressivement en place dans le cadre des \u00e9lections l\u00e9gislatives du 08 Janvier 2023. Conform\u00e9ment \u00e0 la loi, ...\" \/>\n<meta name=\"robots\" content=\"index, follow, max-snippet:-1, max-image-preview:large, max-video-preview:-1\" \/>\n<link rel=\"canonical\" href=\"https:\/\/www.africa-press.net\/benin\/politique\/confection-de-la-lei-la-phase-de-laffichage-de-la-liste-lancee\" \/>\n<meta property=\"og:locale\" content=\"fr_FR\" \/>\n<meta property=\"og:type\" content=\"article\" \/>\n<meta property=\"og:title\" content=\"Confection de la LEI: la phase de l\u2019affichage de la liste lanc\u00e9e\" \/>\n<meta property=\"og:description\" content=\"Tout se met progressivement en place dans le cadre des \u00e9lections l\u00e9gislatives du 08 Janvier 2023. Conform\u00e9ment \u00e0 la loi, ...\" \/>\n<meta property=\"og:url\" content=\"https:\/\/www.africa-press.net\/benin\/politique\/confection-de-la-lei-la-phase-de-laffichage-de-la-liste-lancee\" \/>\n<meta property=\"og:site_name\" content=\"B\u00e9nin\" \/>\n<meta property=\"article:published_time\" content=\"2022-09-09T16:29:01+00:00\" \/>\n<meta property=\"article:modified_time\" content=\"2022-09-09T16:39:26+00:00\" \/>\n<meta property=\"og:image\" content=\"https:\/\/static.africa-press.net\/benin\/sites\/46\/2022\/09\/postQueueImg_9-631b6c2309b45.jpg\" \/>\n\t<meta property=\"og:image:width\" content=\"1209\" \/>\n\t<meta property=\"og:image:height\" content=\"805\" \/>\n\t<meta property=\"og:image:type\" content=\"image\/jpeg\" \/>\n<meta name=\"author\" content=\"cfeditorfr\" \/>\n<meta name=\"twitter:card\" content=\"summary_large_image\" \/>\n<meta name=\"twitter:label1\" content=\"\u00c9crit par\" \/>\n\t<meta name=\"twitter:data1\" content=\"cfeditorfr\" \/>\n\t<meta name=\"twitter:label2\" content=\"Dur\u00e9e de lecture estim\u00e9e\" \/>\n\t<meta name=\"twitter:data2\" content=\"2 minutes\" \/>\n<script type=\"application\/ld+json\" class=\"yoast-schema-graph\">{\"@context\":\"https:\/\/schema.org\",\"@graph\":[{\"@type\":\"Article\",\"@id\":\"https:\/\/www.africa-press.net\/benin\/politique\/confection-de-la-lei-la-phase-de-laffichage-de-la-liste-lancee#article\",\"isPartOf\":{\"@id\":\"https:\/\/www.africa-press.net\/benin\/politique\/confection-de-la-lei-la-phase-de-laffichage-de-la-liste-lancee\"},\"author\":{\"name\":\"cfeditorfr\",\"@id\":\"https:\/\/www.africa-press.net\/benin\/#\/schema\/person\/2b1cf3cd81a31e3cd26889ca66d677f1\"},\"headline\":\"Confection de la LEI: la phase de l\u2019affichage de la liste lanc\u00e9e\",\"datePublished\":\"2022-09-09T16:29:01+00:00\",\"dateModified\":\"2022-09-09T16:39:26+00:00\",\"mainEntityOfPage\":{\"@id\":\"https:\/\/www.africa-press.net\/benin\/politique\/confection-de-la-lei-la-phase-de-laffichage-de-la-liste-lancee\"},\"wordCount\":425,\"commentCount\":0,\"image\":{\"@id\":\"https:\/\/www.africa-press.net\/benin\/politique\/confection-de-la-lei-la-phase-de-laffichage-de-la-liste-lancee#primaryimage\"},\"thumbnailUrl\":\"https:\/\/static.africa-press.net\/benin\/sites\/46\/2022\/09\/postQueueImg_9-631b6c2309b45.jpg\",\"keywords\":[\"Africa Press\",\"Africa Press-Benin\",\"B\u00e9nin\"],\"articleSection\":[\"homepage-french\",\"Politique\",\"Toutes les actualit\u00e9s\"],\"inLanguage\":\"fr-FR\",\"potentialAction\":[{\"@type\":\"CommentAction\",\"name\":\"Comment\",\"target\":[\"https:\/\/www.africa-press.net\/benin\/politique\/confection-de-la-lei-la-phase-de-laffichage-de-la-liste-lancee#respond\"]}]},{\"@type\":\"WebPage\",\"@id\":\"https:\/\/www.africa-press.net\/benin\/politique\/confection-de-la-lei-la-phase-de-laffichage-de-la-liste-lancee\",\"url\":\"https:\/\/www.africa-press.net\/benin\/politique\/confection-de-la-lei-la-phase-de-laffichage-de-la-liste-lancee\",\"name\":\"Confection de la LEI: la phase de l\u2019affichage de la liste lanc\u00e9e - B\u00e9nin\",\"isPartOf\":{\"@id\":\"https:\/\/www.africa-press.net\/benin\/#website\"},\"primaryImageOfPage\":{\"@id\":\"https:\/\/www.africa-press.net\/benin\/politique\/confection-de-la-lei-la-phase-de-laffichage-de-la-liste-lancee#primaryimage\"},\"image\":{\"@id\":\"https:\/\/www.africa-press.net\/benin\/politique\/confection-de-la-lei-la-phase-de-laffichage-de-la-liste-lancee#primaryimage\"},\"thumbnailUrl\":\"https:\/\/static.africa-press.net\/benin\/sites\/46\/2022\/09\/postQueueImg_9-631b6c2309b45.jpg\",\"datePublished\":\"2022-09-09T16:29:01+00:00\",\"dateModified\":\"2022-09-09T16:39:26+00:00\",\"author\":{\"@id\":\"https:\/\/www.africa-press.net\/benin\/#\/schema\/person\/2b1cf3cd81a31e3cd26889ca66d677f1\"},\"description\":\"Tout se met progressivement en place dans le cadre des \u00e9lections l\u00e9gislatives du 08 Janvier 2023. Conform\u00e9ment \u00e0 la loi, ...\",\"breadcrumb\":{\"@id\":\"https:\/\/www.africa-press.net\/benin\/politique\/confection-de-la-lei-la-phase-de-laffichage-de-la-liste-lancee#breadcrumb\"},\"inLanguage\":\"fr-FR\",\"potentialAction\":[{\"@type\":\"ReadAction\",\"target\":[\"https:\/\/www.africa-press.net\/benin\/politique\/confection-de-la-lei-la-phase-de-laffichage-de-la-liste-lancee\"]}]},{\"@type\":\"ImageObject\",\"inLanguage\":\"fr-FR\",\"@id\":\"https:\/\/www.africa-press.net\/benin\/politique\/confection-de-la-lei-la-phase-de-laffichage-de-la-liste-lancee#primaryimage\",\"url\":\"https:\/\/static.africa-press.net\/benin\/sites\/46\/2022\/09\/postQueueImg_9-631b6c2309b45.jpg\",\"contentUrl\":\"https:\/\/static.africa-press.net\/benin\/sites\/46\/2022\/09\/postQueueImg_9-631b6c2309b45.jpg\",\"width\":1209,\"height\":805,\"caption\":\"Confection de la LEI: la phase de l\u2019affichage de la liste lanc\u00e9e\"},{\"@type\":\"BreadcrumbList\",\"@id\":\"https:\/\/www.africa-press.net\/benin\/politique\/confection-de-la-lei-la-phase-de-laffichage-de-la-liste-lancee#breadcrumb\",\"itemListElement\":[{\"@type\":\"ListItem\",\"position\":1,\"name\":\"Accueil\",\"item\":\"https:\/\/www.africa-press.net\/benin\/\"},{\"@type\":\"ListItem\",\"position\":2,\"name\":\"Confection de la LEI: la phase de l\u2019affichage de la liste lanc\u00e9e\"}]},{\"@type\":\"WebSite\",\"@id\":\"https:\/\/www.africa-press.net\/benin\/#website\",\"url\":\"https:\/\/www.africa-press.net\/benin\/\",\"name\":\"B\u00e9nin\",\"description\":\"Just another Africa News Agency Sites site\",\"potentialAction\":[{\"@type\":\"SearchAction\",\"target\":{\"@type\":\"EntryPoint\",\"urlTemplate\":\"https:\/\/www.africa-press.net\/benin\/?s={search_term_string}\"},\"query-input\":{\"@type\":\"PropertyValueSpecification\",\"valueRequired\":true,\"valueName\":\"search_term_string\"}}],\"inLanguage\":\"fr-FR\"},{\"@type\":\"Person\",\"@id\":\"https:\/\/www.africa-press.net\/benin\/#\/schema\/person\/2b1cf3cd81a31e3cd26889ca66d677f1\",\"name\":\"cfeditorfr\"}]}<\/script>\n<!-- \/ Yoast SEO Premium plugin. -->","yoast_head_json":{"title":"Confection de la LEI: la phase de l\u2019affichage de la liste lanc\u00e9e - B\u00e9nin","description":"Tout se met progressivement en place dans le cadre des \u00e9lections l\u00e9gislatives du 08 Janvier 2023. Conform\u00e9ment \u00e0 la loi, ...","robots":{"index":"index","follow":"follow","max-snippet":"max-snippet:-1","max-image-preview":"max-image-preview:large","max-video-preview":"max-video-preview:-1"},"canonical":"https:\/\/www.africa-press.net\/benin\/politique\/confection-de-la-lei-la-phase-de-laffichage-de-la-liste-lancee","og_locale":"fr_FR","og_type":"article","og_title":"Confection de la LEI: la phase de l\u2019affichage de la liste lanc\u00e9e","og_description":"Tout se met progressivement en place dans le cadre des \u00e9lections l\u00e9gislatives du 08 Janvier 2023. Conform\u00e9ment \u00e0 la loi, ...","og_url":"https:\/\/www.africa-press.net\/benin\/politique\/confection-de-la-lei-la-phase-de-laffichage-de-la-liste-lancee","og_site_name":"B\u00e9nin","article_published_time":"2022-09-09T16:29:01+00:00","article_modified_time":"2022-09-09T16:39:26+00:00","og_image":[{"width":1209,"height":805,"url":"https:\/\/static.africa-press.net\/benin\/sites\/46\/2022\/09\/postQueueImg_9-631b6c2309b45.jpg","type":"image\/jpeg"}],"author":"cfeditorfr","twitter_card":"summary_large_image","twitter_misc":{"\u00c9crit par":"cfeditorfr","Dur\u00e9e de lecture estim\u00e9e":"2 minutes"},"schema":{"@context":"https:\/\/schema.org","@graph":[{"@type":"Article","@id":"https:\/\/www.africa-press.net\/benin\/politique\/confection-de-la-lei-la-phase-de-laffichage-de-la-liste-lancee#article","isPartOf":{"@id":"https:\/\/www.africa-press.net\/benin\/politique\/confection-de-la-lei-la-phase-de-laffichage-de-la-liste-lancee"},"author":{"name":"cfeditorfr","@id":"https:\/\/www.africa-press.net\/benin\/#\/schema\/person\/2b1cf3cd81a31e3cd26889ca66d677f1"},"headline":"Confection de la LEI: la phase de l\u2019affichage de la liste lanc\u00e9e","datePublished":"2022-09-09T16:29:01+00:00","dateModified":"2022-09-09T16:39:26+00:00","mainEntityOfPage":{"@id":"https:\/\/www.africa-press.net\/benin\/politique\/confection-de-la-lei-la-phase-de-laffichage-de-la-liste-lancee"},"wordCount":425,"commentCount":0,"image":{"@id":"https:\/\/www.africa-press.net\/benin\/politique\/confection-de-la-lei-la-phase-de-laffichage-de-la-liste-lancee#primaryimage"},"thumbnailUrl":"https:\/\/static.africa-press.net\/benin\/sites\/46\/2022\/09\/postQueueImg_9-631b6c2309b45.jpg","keywords":["Africa Press","Africa Press-Benin","B\u00e9nin"],"articleSection":["homepage-french","Politique","Toutes les actualit\u00e9s"],"inLanguage":"fr-FR","potentialAction":[{"@type":"CommentAction","name":"Comment","target":["https:\/\/www.africa-press.net\/benin\/politique\/confection-de-la-lei-la-phase-de-laffichage-de-la-liste-lancee#respond"]}]},{"@type":"WebPage","@id":"https:\/\/www.africa-press.net\/benin\/politique\/confection-de-la-lei-la-phase-de-laffichage-de-la-liste-lancee","url":"https:\/\/www.africa-press.net\/benin\/politique\/confection-de-la-lei-la-phase-de-laffichage-de-la-liste-lancee","name":"Confection de la LEI: la phase de l\u2019affichage de la liste lanc\u00e9e - B\u00e9nin","isPartOf":{"@id":"https:\/\/www.africa-press.net\/benin\/#website"},"primaryImageOfPage":{"@id":"https:\/\/www.africa-press.net\/benin\/politique\/confection-de-la-lei-la-phase-de-laffichage-de-la-liste-lancee#primaryimage"},"image":{"@id":"https:\/\/www.africa-press.net\/benin\/politique\/confection-de-la-lei-la-phase-de-laffichage-de-la-liste-lancee#primaryimage"},"thumbnailUrl":"https:\/\/static.africa-press.net\/benin\/sites\/46\/2022\/09\/postQueueImg_9-631b6c2309b45.jpg","datePublished":"2022-09-09T16:29:01+00:00","dateModified":"2022-09-09T16:39:26+00:00","author":{"@id":"https:\/\/www.africa-press.net\/benin\/#\/schema\/person\/2b1cf3cd81a31e3cd26889ca66d677f1"},"description":"Tout se met progressivement en place dans le cadre des \u00e9lections l\u00e9gislatives du 08 Janvier 2023. Conform\u00e9ment \u00e0 la loi, ...","breadcrumb":{"@id":"https:\/\/www.africa-press.net\/benin\/politique\/confection-de-la-lei-la-phase-de-laffichage-de-la-liste-lancee#breadcrumb"},"inLanguage":"fr-FR","potentialAction":[{"@type":"ReadAction","target":["https:\/\/www.africa-press.net\/benin\/politique\/confection-de-la-lei-la-phase-de-laffichage-de-la-liste-lancee"]}]},{"@type":"ImageObject","inLanguage":"fr-FR","@id":"https:\/\/www.africa-press.net\/benin\/politique\/confection-de-la-lei-la-phase-de-laffichage-de-la-liste-lancee#primaryimage","url":"https:\/\/static.africa-press.net\/benin\/sites\/46\/2022\/09\/postQueueImg_9-631b6c2309b45.jpg","contentUrl":"https:\/\/static.africa-press.net\/benin\/sites\/46\/2022\/09\/postQueueImg_9-631b6c2309b45.jpg","width":1209,"height":805,"caption":"Confection de la LEI: la phase de l\u2019affichage de la liste lanc\u00e9e"},{"@type":"BreadcrumbList","@id":"https:\/\/www.africa-press.net\/benin\/politique\/confection-de-la-lei-la-phase-de-laffichage-de-la-liste-lancee#breadcrumb","itemListElement":[{"@type":"ListItem","position":1,"name":"Accueil","item":"https:\/\/www.africa-press.net\/benin\/"},{"@type":"ListItem","position":2,"name":"Confection de la LEI: la phase de l\u2019affichage de la liste lanc\u00e9e"}]},{"@type":"WebSite","@id":"https:\/\/www.africa-press.net\/benin\/#website","url":"https:\/\/www.africa-press.net\/benin\/","name":"B\u00e9nin","description":"Just another Africa News Agency Sites site","potentialAction":[{"@type":"SearchAction","target":{"@type":"EntryPoint","urlTemplate":"https:\/\/www.africa-press.net\/benin\/?s={search_term_string}"},"query-input":{"@type":"PropertyValueSpecification","valueRequired":true,"valueName":"search_term_string"}}],"inLanguage":"fr-FR"},{"@type":"Person","@id":"https:\/\/www.africa-press.net\/benin\/#\/schema\/person\/2b1cf3cd81a31e3cd26889ca66d677f1","name":"cfeditorfr"}]}},"_links":{"self":[{"href":"https:\/\/www.africa-press.net\/benin\/wp-json\/wp\/v2\/posts\/8778","targetHints":{"allow":["GET"]}}],"collection":[{"href":"https:\/\/www.africa-press.net\/benin\/wp-json\/wp\/v2\/posts"}],"about":[{"href":"https:\/\/www.africa-press.net\/benin\/wp-json\/wp\/v2\/types\/post"}],"author":[{"embeddable":true,"href":"https:\/\/www.africa-press.net\/benin\/wp-json\/wp\/v2\/users\/82"}],"replies":[{"embeddable":true,"href":"https:\/\/www.africa-press.net\/benin\/wp-json\/wp\/v2\/comments?post=8778"}],"version-history":[{"count":0,"href":"https:\/\/www.africa-press.net\/benin\/wp-json\/wp\/v2\/posts\/8778\/revisions"}],"wp:featuredmedia":[{"embeddable":true,"href":"https:\/\/www.africa-press.net\/benin\/wp-json\/wp\/v2\/media\/8776"}],"wp:attachment":[{"href":"https:\/\/www.africa-press.net\/benin\/wp-json\/wp\/v2\/media?parent=8778"}],"wp:term":[{"taxonomy":"category","embeddable":true,"href":"https:\/\/www.africa-press.net\/benin\/wp-json\/wp\/v2\/categories?post=8778"},{"taxonomy":"post_tag","embeddable":true,"href":"https:\/\/www.africa-press.net\/benin\/wp-json\/wp\/v2\/tags?post=8778"}],"curies":[{"name":"wp","href":"https:\/\/api.w.org\/{rel}","templated":true}]}}