{"id":8802,"date":"2022-09-10T17:12:37","date_gmt":"2022-09-10T17:12:37","guid":{"rendered":"https:\/\/www.africa-press.net\/benin\/politique\/benin-02-personnes-enlevees-dans-le-nord"},"modified":"2022-09-10T17:21:15","modified_gmt":"2022-09-10T17:21:15","slug":"benin-02-personnes-enlevees-dans-le-nord","status":"publish","type":"post","link":"https:\/\/www.africa-press.net\/benin\/politique\/benin-02-personnes-enlevees-dans-le-nord","title":{"rendered":"B\u00e9nin-02 personnes enlev\u00e9es dans le Nord"},"content":{"rendered":"<p><span style=\"color: #ff6600\"><strong>Africa-Press &#8211; Benin. <\/strong><\/span><b>Des hommes arm\u00e9s non identifi\u00e9s ont enlev\u00e9 deux hommes \u00e0 Fandou et Bakomaka, des localit\u00e9s situ\u00e9es dans le d\u00e9partement de Monsey dans le Nord du B\u00e9nin.<\/b><br \/>\n<b>\u00ab Le fr\u00e8re du chef d\u2019arrondissement de Monsey et le fr\u00e8re du d\u00e9l\u00e9gu\u00e9 de Fandou ont \u00e9t\u00e9 enlev\u00e9s \u00bb, <\/b>a rapport\u00e9 vendredi 24 Heures au B\u00e9nin citant une information Daabaaru.<\/p>\n<p>Au d\u00e9part, le chef d\u2019arrondissement de Monsey et le d\u00e9l\u00e9gu\u00e9 de Fandou \u00e9taient les cibles principales des ravisseurs. Ces derniers se seraient ravis\u00e9s.<\/p>\n<p>La s\u00e9curit\u00e9, lit-on, a \u00e9t\u00e9 renforc\u00e9e dans la zone.<\/p>\n<p><strong>Pour plus d&rsquo;informations et d&rsquo;analyses sur la <a href=\"https:\/\/www.africa-press.net\/benin\">Benin<\/a>, suivez <a href=\"https:\/\/www.africa-press.net\/\">Africa-Press<\/a><\/strong><\/p>\n","protected":false},"excerpt":{"rendered":"<p>Africa-Press &#8211; Benin. Des hommes arm\u00e9s non identifi\u00e9s ont enlev\u00e9 deux hommes \u00e0 Fandou et Bakomaka, des localit\u00e9s situ\u00e9es dans le d\u00e9partement de Monsey dans le Nord du B\u00e9nin. \u00ab Le fr\u00e8re du chef d\u2019arrondissement de Monsey et le fr\u00e8re du d\u00e9l\u00e9gu\u00e9 de Fandou ont \u00e9t\u00e9 enlev\u00e9s \u00bb, a rapport\u00e9 vendredi 24 Heures au B\u00e9nin [&hellip;]<\/p>\n","protected":false},"author":82,"featured_media":8801,"comment_status":"open","ping_status":"closed","sticky":false,"template":"","format":"standard","meta":{"footnotes":""},"categories":[11,2,20,10],"tags":[141,36,50,45,538],"class_list":["post-8802","post","type-post","status-publish","format-standard","has-post-thumbnail","hentry","category-homepage-french","category-politique","category-top-nouvelles","category-toutes-les-actualites","tag-actualite-benin","tag-africa-press","tag-africa-press-benin","tag-benin","tag-insecurite"],"yoast_head":"<!-- This site is optimized with the Yoast SEO Premium plugin v26.1 (Yoast SEO v27.0) - https:\/\/yoast.com\/product\/yoast-seo-premium-wordpress\/ -->\n<title>B\u00e9nin-02 personnes enlev\u00e9es dans le Nord - B\u00e9nin<\/title>\n<meta name=\"description\" content=\"Des hommes arm\u00e9s non identifi\u00e9s ont enlev\u00e9 deux hommes \u00e0 Fandou et Bakomaka, des localit\u00e9s situ\u00e9es dans le d\u00e9partemen ...\" \/>\n<meta name=\"robots\" content=\"index, follow, max-snippet:-1, max-image-preview:large, max-video-preview:-1\" \/>\n<link rel=\"canonical\" href=\"https:\/\/www.africa-press.net\/benin\/politique\/benin-02-personnes-enlevees-dans-le-nord\" \/>\n<meta property=\"og:locale\" content=\"fr_FR\" \/>\n<meta property=\"og:type\" content=\"article\" \/>\n<meta property=\"og:title\" content=\"B\u00e9nin-02 personnes enlev\u00e9es dans le Nord\" \/>\n<meta property=\"og:description\" content=\"Des hommes arm\u00e9s non identifi\u00e9s ont enlev\u00e9 deux hommes \u00e0 Fandou et Bakomaka, des localit\u00e9s situ\u00e9es dans le d\u00e9partemen ...\" \/>\n<meta property=\"og:url\" content=\"https:\/\/www.africa-press.net\/benin\/politique\/benin-02-personnes-enlevees-dans-le-nord\" \/>\n<meta property=\"og:site_name\" content=\"B\u00e9nin\" \/>\n<meta property=\"article:published_time\" content=\"2022-09-10T17:12:37+00:00\" \/>\n<meta property=\"article:modified_time\" content=\"2022-09-10T17:21:15+00:00\" \/>\n<meta property=\"og:image\" content=\"https:\/\/static.africa-press.net\/benin\/sites\/46\/2022\/09\/postQueueImg_3-631cc75d8dc7d.jpg\" \/>\n\t<meta property=\"og:image:width\" content=\"1280\" \/>\n\t<meta property=\"og:image:height\" content=\"800\" \/>\n\t<meta property=\"og:image:type\" content=\"image\/jpeg\" \/>\n<meta name=\"author\" content=\"cfeditorfr\" \/>\n<meta name=\"twitter:card\" content=\"summary_large_image\" \/>\n<meta name=\"twitter:label1\" content=\"\u00c9crit par\" \/>\n\t<meta name=\"twitter:data1\" content=\"cfeditorfr\" \/>\n\t<meta name=\"twitter:label2\" content=\"Dur\u00e9e de lecture estim\u00e9e\" \/>\n\t<meta name=\"twitter:data2\" content=\"1 minute\" \/>\n<script type=\"application\/ld+json\" class=\"yoast-schema-graph\">{\"@context\":\"https:\/\/schema.org\",\"@graph\":[{\"@type\":\"Article\",\"@id\":\"https:\/\/www.africa-press.net\/benin\/politique\/benin-02-personnes-enlevees-dans-le-nord#article\",\"isPartOf\":{\"@id\":\"https:\/\/www.africa-press.net\/benin\/politique\/benin-02-personnes-enlevees-dans-le-nord\"},\"author\":{\"name\":\"cfeditorfr\",\"@id\":\"https:\/\/www.africa-press.net\/benin\/#\/schema\/person\/2b1cf3cd81a31e3cd26889ca66d677f1\"},\"headline\":\"B\u00e9nin-02 personnes enlev\u00e9es dans le Nord\",\"datePublished\":\"2022-09-10T17:12:37+00:00\",\"dateModified\":\"2022-09-10T17:21:15+00:00\",\"mainEntityOfPage\":{\"@id\":\"https:\/\/www.africa-press.net\/benin\/politique\/benin-02-personnes-enlevees-dans-le-nord\"},\"wordCount\":127,\"commentCount\":0,\"image\":{\"@id\":\"https:\/\/www.africa-press.net\/benin\/politique\/benin-02-personnes-enlevees-dans-le-nord#primaryimage\"},\"thumbnailUrl\":\"https:\/\/static.africa-press.net\/benin\/sites\/46\/2022\/09\/postQueueImg_3-631cc75d8dc7d.jpg\",\"keywords\":[\"Actualit\u00e9 B\u00e9nin\",\"Africa Press\",\"Africa Press-Benin\",\"B\u00e9nin\",\"Ins\u00e9curit\u00e9\"],\"articleSection\":[\"homepage-french\",\"Politique\",\"Top Nouvelles\",\"Toutes les actualit\u00e9s\"],\"inLanguage\":\"fr-FR\",\"potentialAction\":[{\"@type\":\"CommentAction\",\"name\":\"Comment\",\"target\":[\"https:\/\/www.africa-press.net\/benin\/politique\/benin-02-personnes-enlevees-dans-le-nord#respond\"]}]},{\"@type\":\"WebPage\",\"@id\":\"https:\/\/www.africa-press.net\/benin\/politique\/benin-02-personnes-enlevees-dans-le-nord\",\"url\":\"https:\/\/www.africa-press.net\/benin\/politique\/benin-02-personnes-enlevees-dans-le-nord\",\"name\":\"B\u00e9nin-02 personnes enlev\u00e9es dans le Nord - B\u00e9nin\",\"isPartOf\":{\"@id\":\"https:\/\/www.africa-press.net\/benin\/#website\"},\"primaryImageOfPage\":{\"@id\":\"https:\/\/www.africa-press.net\/benin\/politique\/benin-02-personnes-enlevees-dans-le-nord#primaryimage\"},\"image\":{\"@id\":\"https:\/\/www.africa-press.net\/benin\/politique\/benin-02-personnes-enlevees-dans-le-nord#primaryimage\"},\"thumbnailUrl\":\"https:\/\/static.africa-press.net\/benin\/sites\/46\/2022\/09\/postQueueImg_3-631cc75d8dc7d.jpg\",\"datePublished\":\"2022-09-10T17:12:37+00:00\",\"dateModified\":\"2022-09-10T17:21:15+00:00\",\"author\":{\"@id\":\"https:\/\/www.africa-press.net\/benin\/#\/schema\/person\/2b1cf3cd81a31e3cd26889ca66d677f1\"},\"description\":\"Des hommes arm\u00e9s non identifi\u00e9s ont enlev\u00e9 deux hommes \u00e0 Fandou et Bakomaka, des localit\u00e9s situ\u00e9es dans le d\u00e9partemen ...\",\"breadcrumb\":{\"@id\":\"https:\/\/www.africa-press.net\/benin\/politique\/benin-02-personnes-enlevees-dans-le-nord#breadcrumb\"},\"inLanguage\":\"fr-FR\",\"potentialAction\":[{\"@type\":\"ReadAction\",\"target\":[\"https:\/\/www.africa-press.net\/benin\/politique\/benin-02-personnes-enlevees-dans-le-nord\"]}]},{\"@type\":\"ImageObject\",\"inLanguage\":\"fr-FR\",\"@id\":\"https:\/\/www.africa-press.net\/benin\/politique\/benin-02-personnes-enlevees-dans-le-nord#primaryimage\",\"url\":\"https:\/\/static.africa-press.net\/benin\/sites\/46\/2022\/09\/postQueueImg_3-631cc75d8dc7d.jpg\",\"contentUrl\":\"https:\/\/static.africa-press.net\/benin\/sites\/46\/2022\/09\/postQueueImg_3-631cc75d8dc7d.jpg\",\"width\":1280,\"height\":800,\"caption\":\"B\u00e9nin-02 personnes enlev\u00e9es dans le Nord\"},{\"@type\":\"BreadcrumbList\",\"@id\":\"https:\/\/www.africa-press.net\/benin\/politique\/benin-02-personnes-enlevees-dans-le-nord#breadcrumb\",\"itemListElement\":[{\"@type\":\"ListItem\",\"position\":1,\"name\":\"Accueil\",\"item\":\"https:\/\/www.africa-press.net\/benin\/\"},{\"@type\":\"ListItem\",\"position\":2,\"name\":\"B\u00e9nin-02 personnes enlev\u00e9es dans le Nord\"}]},{\"@type\":\"WebSite\",\"@id\":\"https:\/\/www.africa-press.net\/benin\/#website\",\"url\":\"https:\/\/www.africa-press.net\/benin\/\",\"name\":\"B\u00e9nin\",\"description\":\"Just another Africa News Agency Sites site\",\"potentialAction\":[{\"@type\":\"SearchAction\",\"target\":{\"@type\":\"EntryPoint\",\"urlTemplate\":\"https:\/\/www.africa-press.net\/benin\/?s={search_term_string}\"},\"query-input\":{\"@type\":\"PropertyValueSpecification\",\"valueRequired\":true,\"valueName\":\"search_term_string\"}}],\"inLanguage\":\"fr-FR\"},{\"@type\":\"Person\",\"@id\":\"https:\/\/www.africa-press.net\/benin\/#\/schema\/person\/2b1cf3cd81a31e3cd26889ca66d677f1\",\"name\":\"cfeditorfr\"}]}<\/script>\n<!-- \/ Yoast SEO Premium plugin. -->","yoast_head_json":{"title":"B\u00e9nin-02 personnes enlev\u00e9es dans le Nord - B\u00e9nin","description":"Des hommes arm\u00e9s non identifi\u00e9s ont enlev\u00e9 deux hommes \u00e0 Fandou et Bakomaka, des localit\u00e9s situ\u00e9es dans le d\u00e9partemen ...","robots":{"index":"index","follow":"follow","max-snippet":"max-snippet:-1","max-image-preview":"max-image-preview:large","max-video-preview":"max-video-preview:-1"},"canonical":"https:\/\/www.africa-press.net\/benin\/politique\/benin-02-personnes-enlevees-dans-le-nord","og_locale":"fr_FR","og_type":"article","og_title":"B\u00e9nin-02 personnes enlev\u00e9es dans le Nord","og_description":"Des hommes arm\u00e9s non identifi\u00e9s ont enlev\u00e9 deux hommes \u00e0 Fandou et Bakomaka, des localit\u00e9s situ\u00e9es dans le d\u00e9partemen ...","og_url":"https:\/\/www.africa-press.net\/benin\/politique\/benin-02-personnes-enlevees-dans-le-nord","og_site_name":"B\u00e9nin","article_published_time":"2022-09-10T17:12:37+00:00","article_modified_time":"2022-09-10T17:21:15+00:00","og_image":[{"width":1280,"height":800,"url":"https:\/\/static.africa-press.net\/benin\/sites\/46\/2022\/09\/postQueueImg_3-631cc75d8dc7d.jpg","type":"image\/jpeg"}],"author":"cfeditorfr","twitter_card":"summary_large_image","twitter_misc":{"\u00c9crit par":"cfeditorfr","Dur\u00e9e de lecture estim\u00e9e":"1 minute"},"schema":{"@context":"https:\/\/schema.org","@graph":[{"@type":"Article","@id":"https:\/\/www.africa-press.net\/benin\/politique\/benin-02-personnes-enlevees-dans-le-nord#article","isPartOf":{"@id":"https:\/\/www.africa-press.net\/benin\/politique\/benin-02-personnes-enlevees-dans-le-nord"},"author":{"name":"cfeditorfr","@id":"https:\/\/www.africa-press.net\/benin\/#\/schema\/person\/2b1cf3cd81a31e3cd26889ca66d677f1"},"headline":"B\u00e9nin-02 personnes enlev\u00e9es dans le Nord","datePublished":"2022-09-10T17:12:37+00:00","dateModified":"2022-09-10T17:21:15+00:00","mainEntityOfPage":{"@id":"https:\/\/www.africa-press.net\/benin\/politique\/benin-02-personnes-enlevees-dans-le-nord"},"wordCount":127,"commentCount":0,"image":{"@id":"https:\/\/www.africa-press.net\/benin\/politique\/benin-02-personnes-enlevees-dans-le-nord#primaryimage"},"thumbnailUrl":"https:\/\/static.africa-press.net\/benin\/sites\/46\/2022\/09\/postQueueImg_3-631cc75d8dc7d.jpg","keywords":["Actualit\u00e9 B\u00e9nin","Africa Press","Africa Press-Benin","B\u00e9nin","Ins\u00e9curit\u00e9"],"articleSection":["homepage-french","Politique","Top Nouvelles","Toutes les actualit\u00e9s"],"inLanguage":"fr-FR","potentialAction":[{"@type":"CommentAction","name":"Comment","target":["https:\/\/www.africa-press.net\/benin\/politique\/benin-02-personnes-enlevees-dans-le-nord#respond"]}]},{"@type":"WebPage","@id":"https:\/\/www.africa-press.net\/benin\/politique\/benin-02-personnes-enlevees-dans-le-nord","url":"https:\/\/www.africa-press.net\/benin\/politique\/benin-02-personnes-enlevees-dans-le-nord","name":"B\u00e9nin-02 personnes enlev\u00e9es dans le Nord - B\u00e9nin","isPartOf":{"@id":"https:\/\/www.africa-press.net\/benin\/#website"},"primaryImageOfPage":{"@id":"https:\/\/www.africa-press.net\/benin\/politique\/benin-02-personnes-enlevees-dans-le-nord#primaryimage"},"image":{"@id":"https:\/\/www.africa-press.net\/benin\/politique\/benin-02-personnes-enlevees-dans-le-nord#primaryimage"},"thumbnailUrl":"https:\/\/static.africa-press.net\/benin\/sites\/46\/2022\/09\/postQueueImg_3-631cc75d8dc7d.jpg","datePublished":"2022-09-10T17:12:37+00:00","dateModified":"2022-09-10T17:21:15+00:00","author":{"@id":"https:\/\/www.africa-press.net\/benin\/#\/schema\/person\/2b1cf3cd81a31e3cd26889ca66d677f1"},"description":"Des hommes arm\u00e9s non identifi\u00e9s ont enlev\u00e9 deux hommes \u00e0 Fandou et Bakomaka, des localit\u00e9s situ\u00e9es dans le d\u00e9partemen ...","breadcrumb":{"@id":"https:\/\/www.africa-press.net\/benin\/politique\/benin-02-personnes-enlevees-dans-le-nord#breadcrumb"},"inLanguage":"fr-FR","potentialAction":[{"@type":"ReadAction","target":["https:\/\/www.africa-press.net\/benin\/politique\/benin-02-personnes-enlevees-dans-le-nord"]}]},{"@type":"ImageObject","inLanguage":"fr-FR","@id":"https:\/\/www.africa-press.net\/benin\/politique\/benin-02-personnes-enlevees-dans-le-nord#primaryimage","url":"https:\/\/static.africa-press.net\/benin\/sites\/46\/2022\/09\/postQueueImg_3-631cc75d8dc7d.jpg","contentUrl":"https:\/\/static.africa-press.net\/benin\/sites\/46\/2022\/09\/postQueueImg_3-631cc75d8dc7d.jpg","width":1280,"height":800,"caption":"B\u00e9nin-02 personnes enlev\u00e9es dans le Nord"},{"@type":"BreadcrumbList","@id":"https:\/\/www.africa-press.net\/benin\/politique\/benin-02-personnes-enlevees-dans-le-nord#breadcrumb","itemListElement":[{"@type":"ListItem","position":1,"name":"Accueil","item":"https:\/\/www.africa-press.net\/benin\/"},{"@type":"ListItem","position":2,"name":"B\u00e9nin-02 personnes enlev\u00e9es dans le Nord"}]},{"@type":"WebSite","@id":"https:\/\/www.africa-press.net\/benin\/#website","url":"https:\/\/www.africa-press.net\/benin\/","name":"B\u00e9nin","description":"Just another Africa News Agency Sites site","potentialAction":[{"@type":"SearchAction","target":{"@type":"EntryPoint","urlTemplate":"https:\/\/www.africa-press.net\/benin\/?s={search_term_string}"},"query-input":{"@type":"PropertyValueSpecification","valueRequired":true,"valueName":"search_term_string"}}],"inLanguage":"fr-FR"},{"@type":"Person","@id":"https:\/\/www.africa-press.net\/benin\/#\/schema\/person\/2b1cf3cd81a31e3cd26889ca66d677f1","name":"cfeditorfr"}]}},"_links":{"self":[{"href":"https:\/\/www.africa-press.net\/benin\/wp-json\/wp\/v2\/posts\/8802","targetHints":{"allow":["GET"]}}],"collection":[{"href":"https:\/\/www.africa-press.net\/benin\/wp-json\/wp\/v2\/posts"}],"about":[{"href":"https:\/\/www.africa-press.net\/benin\/wp-json\/wp\/v2\/types\/post"}],"author":[{"embeddable":true,"href":"https:\/\/www.africa-press.net\/benin\/wp-json\/wp\/v2\/users\/82"}],"replies":[{"embeddable":true,"href":"https:\/\/www.africa-press.net\/benin\/wp-json\/wp\/v2\/comments?post=8802"}],"version-history":[{"count":0,"href":"https:\/\/www.africa-press.net\/benin\/wp-json\/wp\/v2\/posts\/8802\/revisions"}],"wp:featuredmedia":[{"embeddable":true,"href":"https:\/\/www.africa-press.net\/benin\/wp-json\/wp\/v2\/media\/8801"}],"wp:attachment":[{"href":"https:\/\/www.africa-press.net\/benin\/wp-json\/wp\/v2\/media?parent=8802"}],"wp:term":[{"taxonomy":"category","embeddable":true,"href":"https:\/\/www.africa-press.net\/benin\/wp-json\/wp\/v2\/categories?post=8802"},{"taxonomy":"post_tag","embeddable":true,"href":"https:\/\/www.africa-press.net\/benin\/wp-json\/wp\/v2\/tags?post=8802"}],"curies":[{"name":"wp","href":"https:\/\/api.w.org\/{rel}","templated":true}]}}