{"id":8817,"date":"2022-09-10T17:16:46","date_gmt":"2022-09-10T17:16:46","guid":{"rendered":"https:\/\/www.africa-press.net\/benin\/politique\/benin-des-acteurs-culturels-adherent-au-bloc-republicain"},"modified":"2022-09-10T17:42:37","modified_gmt":"2022-09-10T17:42:37","slug":"benin-des-acteurs-culturels-adherent-au-bloc-republicain","status":"publish","type":"post","link":"https:\/\/www.africa-press.net\/benin\/politique\/benin-des-acteurs-culturels-adherent-au-bloc-republicain","title":{"rendered":"B\u00e9nin: des acteurs culturels adh\u00e8rent au Bloc R\u00e9publicain"},"content":{"rendered":"<p><span style=\"color: #ff6600\"><strong>Africa-Press &#8211; Benin. <\/strong><\/span>Ce mercredi 07 septembre 2022, les responsables du Bloc R\u00e9publicain (BR) ont re\u00e7u la d\u00e9claration d\u2019adh\u00e9sion d\u2019un groupe d\u2019acteurs culturels. En pr\u00e9sence du Secr\u00e9taire g\u00e9n\u00e9ral national (SGN) Abdoulaye Bio Tchan\u00e9, ils ont pris l\u2019engagement de travailler pour la victoire du \u00ab cheval cabr\u00e9 \u00bb.<\/p>\n<p>Plusieurs acteurs cultuels d\u00e9cident de faire leur preuve sur la sc\u00e8ne politique. Selon Euloge B\u00e9o Aguiar, alias Masta Cool, ses coll\u00e8gues et lui, ont d\u00e9cid\u00e9 de <b>\u00ab mettre la main \u00e0 la p\u00e2te pour faire en sorte que le Bloc r\u00e9publicain sorte victorieux pour les prochains combats \u00bb<\/b>.<\/p>\n<p><b>\u00ab Chaque artiste dans sa localit\u00e9 est un auditeur av\u00e9r\u00e9, un communicateur attitr\u00e9. Vous n\u2019avez rien \u00e0 craindre, monsieur le SGN, nous sommes r\u00e9solument engag\u00e9s pour la cause du Bloc R\u00e9publicain \u00bb<\/b>, a rench\u00e9ri Vincent Ahehehinnou, artiste chanteur.<\/p>\n<p>La d\u00e9marche de ces acteurs culturels a \u00e9t\u00e9 bien accueillie par Abdoulaye Bio Tchan\u00e9 qui leur a demand\u00e9 de descendre sur le terrain pour la mobilisation des militants. \u00ab<b> Ce que je vais nous demander solennellement, c\u2019est de partir d\u2019ici, d\u2019aller dans les communes, les arrondissements pour porter le message que le Bloc r\u00e9publicain, c\u2019est votre parti \u00bb<\/b>, a-t-il d\u00e9clar\u00e9.<\/p>\n<p>Le groupe de Masta Cool d\u00e9sapprouv\u00e9<\/p>\n<p>Apr\u00e8s la sortie du groupe de Masta Cool, le Syndicat national des acteurs culturels du B\u00e9nin (Synacub) est mont\u00e9 au cr\u00e9neau avec une note d\u2019indignation. <b>\u00ab Nous, Secr\u00e9taire g\u00e9n\u00e9ral du Synacub et les membres du Bureau National, r\u00e9affirmons que le Synacub reste une organisation apolitique. Les acteurs sont libres de s\u2019engager personnellement en politique mais sans impliquer l\u2019image de tout le secteur culturel \u00bb<\/b>, peut-on lire dans leur communiqu\u00e9.<\/p>\n<p><strong>Pour plus d&rsquo;informations et d&rsquo;analyses sur la <a href=\"https:\/\/www.africa-press.net\/benin\">Benin<\/a>, suivez <a href=\"https:\/\/www.africa-press.net\/\">Africa-Press<\/a><\/strong><\/p>\n","protected":false},"excerpt":{"rendered":"<p>Africa-Press &#8211; Benin. Ce mercredi 07 septembre 2022, les responsables du Bloc R\u00e9publicain (BR) ont re\u00e7u la d\u00e9claration d\u2019adh\u00e9sion d\u2019un groupe d\u2019acteurs culturels. En pr\u00e9sence du Secr\u00e9taire g\u00e9n\u00e9ral national (SGN) Abdoulaye Bio Tchan\u00e9, ils ont pris l\u2019engagement de travailler pour la victoire du \u00ab cheval cabr\u00e9 \u00bb. Plusieurs acteurs cultuels d\u00e9cident de faire leur preuve [&hellip;]<\/p>\n","protected":false},"author":82,"featured_media":8816,"comment_status":"open","ping_status":"closed","sticky":false,"template":"","format":"standard","meta":{"footnotes":""},"categories":[11,2,10],"tags":[36,50,45],"class_list":["post-8817","post","type-post","status-publish","format-standard","has-post-thumbnail","hentry","category-homepage-french","category-politique","category-toutes-les-actualites","tag-africa-press","tag-africa-press-benin","tag-benin"],"yoast_head":"<!-- This site is optimized with the Yoast SEO Premium plugin v26.1 (Yoast SEO v27.0) - https:\/\/yoast.com\/product\/yoast-seo-premium-wordpress\/ -->\n<title>B\u00e9nin: des acteurs culturels adh\u00e8rent au Bloc R\u00e9publicain - B\u00e9nin<\/title>\n<meta name=\"description\" content=\"Ce mercredi 07 septembre 2022, les responsables du Bloc R\u00e9publicain (BR) ont re\u00e7u la d\u00e9claration d\u2019adh\u00e9sion d\u2019un groupe ...\" \/>\n<meta name=\"robots\" content=\"index, follow, max-snippet:-1, max-image-preview:large, max-video-preview:-1\" \/>\n<link rel=\"canonical\" href=\"https:\/\/www.africa-press.net\/benin\/politique\/benin-des-acteurs-culturels-adherent-au-bloc-republicain\" \/>\n<meta property=\"og:locale\" content=\"fr_FR\" \/>\n<meta property=\"og:type\" content=\"article\" \/>\n<meta property=\"og:title\" content=\"B\u00e9nin: des acteurs culturels adh\u00e8rent au Bloc R\u00e9publicain\" \/>\n<meta property=\"og:description\" content=\"Ce mercredi 07 septembre 2022, les responsables du Bloc R\u00e9publicain (BR) ont re\u00e7u la d\u00e9claration d\u2019adh\u00e9sion d\u2019un groupe ...\" \/>\n<meta property=\"og:url\" content=\"https:\/\/www.africa-press.net\/benin\/politique\/benin-des-acteurs-culturels-adherent-au-bloc-republicain\" \/>\n<meta property=\"og:site_name\" content=\"B\u00e9nin\" \/>\n<meta property=\"article:published_time\" content=\"2022-09-10T17:16:46+00:00\" \/>\n<meta property=\"article:modified_time\" content=\"2022-09-10T17:42:37+00:00\" \/>\n<meta property=\"og:image\" content=\"https:\/\/static.africa-press.net\/benin\/sites\/46\/2022\/09\/postQueueImg_14-631ccc7601786.jpg\" \/>\n\t<meta property=\"og:image:width\" content=\"1200\" \/>\n\t<meta property=\"og:image:height\" content=\"688\" \/>\n\t<meta property=\"og:image:type\" content=\"image\/jpeg\" \/>\n<meta name=\"author\" content=\"cfeditorfr\" \/>\n<meta name=\"twitter:card\" content=\"summary_large_image\" \/>\n<meta name=\"twitter:label1\" content=\"\u00c9crit par\" \/>\n\t<meta name=\"twitter:data1\" content=\"cfeditorfr\" \/>\n\t<meta name=\"twitter:label2\" content=\"Dur\u00e9e de lecture estim\u00e9e\" \/>\n\t<meta name=\"twitter:data2\" content=\"2 minutes\" \/>\n<script type=\"application\/ld+json\" class=\"yoast-schema-graph\">{\"@context\":\"https:\/\/schema.org\",\"@graph\":[{\"@type\":\"Article\",\"@id\":\"https:\/\/www.africa-press.net\/benin\/politique\/benin-des-acteurs-culturels-adherent-au-bloc-republicain#article\",\"isPartOf\":{\"@id\":\"https:\/\/www.africa-press.net\/benin\/politique\/benin-des-acteurs-culturels-adherent-au-bloc-republicain\"},\"author\":{\"name\":\"cfeditorfr\",\"@id\":\"https:\/\/www.africa-press.net\/benin\/#\/schema\/person\/2b1cf3cd81a31e3cd26889ca66d677f1\"},\"headline\":\"B\u00e9nin: des acteurs culturels adh\u00e8rent au Bloc R\u00e9publicain\",\"datePublished\":\"2022-09-10T17:16:46+00:00\",\"dateModified\":\"2022-09-10T17:42:37+00:00\",\"mainEntityOfPage\":{\"@id\":\"https:\/\/www.africa-press.net\/benin\/politique\/benin-des-acteurs-culturels-adherent-au-bloc-republicain\"},\"wordCount\":320,\"commentCount\":0,\"image\":{\"@id\":\"https:\/\/www.africa-press.net\/benin\/politique\/benin-des-acteurs-culturels-adherent-au-bloc-republicain#primaryimage\"},\"thumbnailUrl\":\"https:\/\/static.africa-press.net\/benin\/sites\/46\/2022\/09\/postQueueImg_14-631ccc7601786.jpg\",\"keywords\":[\"Africa Press\",\"Africa Press-Benin\",\"B\u00e9nin\"],\"articleSection\":[\"homepage-french\",\"Politique\",\"Toutes les actualit\u00e9s\"],\"inLanguage\":\"fr-FR\",\"potentialAction\":[{\"@type\":\"CommentAction\",\"name\":\"Comment\",\"target\":[\"https:\/\/www.africa-press.net\/benin\/politique\/benin-des-acteurs-culturels-adherent-au-bloc-republicain#respond\"]}]},{\"@type\":\"WebPage\",\"@id\":\"https:\/\/www.africa-press.net\/benin\/politique\/benin-des-acteurs-culturels-adherent-au-bloc-republicain\",\"url\":\"https:\/\/www.africa-press.net\/benin\/politique\/benin-des-acteurs-culturels-adherent-au-bloc-republicain\",\"name\":\"B\u00e9nin: des acteurs culturels adh\u00e8rent au Bloc R\u00e9publicain - B\u00e9nin\",\"isPartOf\":{\"@id\":\"https:\/\/www.africa-press.net\/benin\/#website\"},\"primaryImageOfPage\":{\"@id\":\"https:\/\/www.africa-press.net\/benin\/politique\/benin-des-acteurs-culturels-adherent-au-bloc-republicain#primaryimage\"},\"image\":{\"@id\":\"https:\/\/www.africa-press.net\/benin\/politique\/benin-des-acteurs-culturels-adherent-au-bloc-republicain#primaryimage\"},\"thumbnailUrl\":\"https:\/\/static.africa-press.net\/benin\/sites\/46\/2022\/09\/postQueueImg_14-631ccc7601786.jpg\",\"datePublished\":\"2022-09-10T17:16:46+00:00\",\"dateModified\":\"2022-09-10T17:42:37+00:00\",\"author\":{\"@id\":\"https:\/\/www.africa-press.net\/benin\/#\/schema\/person\/2b1cf3cd81a31e3cd26889ca66d677f1\"},\"description\":\"Ce mercredi 07 septembre 2022, les responsables du Bloc R\u00e9publicain (BR) ont re\u00e7u la d\u00e9claration d\u2019adh\u00e9sion d\u2019un groupe ...\",\"breadcrumb\":{\"@id\":\"https:\/\/www.africa-press.net\/benin\/politique\/benin-des-acteurs-culturels-adherent-au-bloc-republicain#breadcrumb\"},\"inLanguage\":\"fr-FR\",\"potentialAction\":[{\"@type\":\"ReadAction\",\"target\":[\"https:\/\/www.africa-press.net\/benin\/politique\/benin-des-acteurs-culturels-adherent-au-bloc-republicain\"]}]},{\"@type\":\"ImageObject\",\"inLanguage\":\"fr-FR\",\"@id\":\"https:\/\/www.africa-press.net\/benin\/politique\/benin-des-acteurs-culturels-adherent-au-bloc-republicain#primaryimage\",\"url\":\"https:\/\/static.africa-press.net\/benin\/sites\/46\/2022\/09\/postQueueImg_14-631ccc7601786.jpg\",\"contentUrl\":\"https:\/\/static.africa-press.net\/benin\/sites\/46\/2022\/09\/postQueueImg_14-631ccc7601786.jpg\",\"width\":1200,\"height\":688,\"caption\":\"B\u00e9nin: des acteurs culturels adh\u00e8rent au Bloc R\u00e9publicain\"},{\"@type\":\"BreadcrumbList\",\"@id\":\"https:\/\/www.africa-press.net\/benin\/politique\/benin-des-acteurs-culturels-adherent-au-bloc-republicain#breadcrumb\",\"itemListElement\":[{\"@type\":\"ListItem\",\"position\":1,\"name\":\"Accueil\",\"item\":\"https:\/\/www.africa-press.net\/benin\/\"},{\"@type\":\"ListItem\",\"position\":2,\"name\":\"B\u00e9nin: des acteurs culturels adh\u00e8rent au Bloc R\u00e9publicain\"}]},{\"@type\":\"WebSite\",\"@id\":\"https:\/\/www.africa-press.net\/benin\/#website\",\"url\":\"https:\/\/www.africa-press.net\/benin\/\",\"name\":\"B\u00e9nin\",\"description\":\"Just another Africa News Agency Sites site\",\"potentialAction\":[{\"@type\":\"SearchAction\",\"target\":{\"@type\":\"EntryPoint\",\"urlTemplate\":\"https:\/\/www.africa-press.net\/benin\/?s={search_term_string}\"},\"query-input\":{\"@type\":\"PropertyValueSpecification\",\"valueRequired\":true,\"valueName\":\"search_term_string\"}}],\"inLanguage\":\"fr-FR\"},{\"@type\":\"Person\",\"@id\":\"https:\/\/www.africa-press.net\/benin\/#\/schema\/person\/2b1cf3cd81a31e3cd26889ca66d677f1\",\"name\":\"cfeditorfr\"}]}<\/script>\n<!-- \/ Yoast SEO Premium plugin. -->","yoast_head_json":{"title":"B\u00e9nin: des acteurs culturels adh\u00e8rent au Bloc R\u00e9publicain - B\u00e9nin","description":"Ce mercredi 07 septembre 2022, les responsables du Bloc R\u00e9publicain (BR) ont re\u00e7u la d\u00e9claration d\u2019adh\u00e9sion d\u2019un groupe ...","robots":{"index":"index","follow":"follow","max-snippet":"max-snippet:-1","max-image-preview":"max-image-preview:large","max-video-preview":"max-video-preview:-1"},"canonical":"https:\/\/www.africa-press.net\/benin\/politique\/benin-des-acteurs-culturels-adherent-au-bloc-republicain","og_locale":"fr_FR","og_type":"article","og_title":"B\u00e9nin: des acteurs culturels adh\u00e8rent au Bloc R\u00e9publicain","og_description":"Ce mercredi 07 septembre 2022, les responsables du Bloc R\u00e9publicain (BR) ont re\u00e7u la d\u00e9claration d\u2019adh\u00e9sion d\u2019un groupe ...","og_url":"https:\/\/www.africa-press.net\/benin\/politique\/benin-des-acteurs-culturels-adherent-au-bloc-republicain","og_site_name":"B\u00e9nin","article_published_time":"2022-09-10T17:16:46+00:00","article_modified_time":"2022-09-10T17:42:37+00:00","og_image":[{"width":1200,"height":688,"url":"https:\/\/static.africa-press.net\/benin\/sites\/46\/2022\/09\/postQueueImg_14-631ccc7601786.jpg","type":"image\/jpeg"}],"author":"cfeditorfr","twitter_card":"summary_large_image","twitter_misc":{"\u00c9crit par":"cfeditorfr","Dur\u00e9e de lecture estim\u00e9e":"2 minutes"},"schema":{"@context":"https:\/\/schema.org","@graph":[{"@type":"Article","@id":"https:\/\/www.africa-press.net\/benin\/politique\/benin-des-acteurs-culturels-adherent-au-bloc-republicain#article","isPartOf":{"@id":"https:\/\/www.africa-press.net\/benin\/politique\/benin-des-acteurs-culturels-adherent-au-bloc-republicain"},"author":{"name":"cfeditorfr","@id":"https:\/\/www.africa-press.net\/benin\/#\/schema\/person\/2b1cf3cd81a31e3cd26889ca66d677f1"},"headline":"B\u00e9nin: des acteurs culturels adh\u00e8rent au Bloc R\u00e9publicain","datePublished":"2022-09-10T17:16:46+00:00","dateModified":"2022-09-10T17:42:37+00:00","mainEntityOfPage":{"@id":"https:\/\/www.africa-press.net\/benin\/politique\/benin-des-acteurs-culturels-adherent-au-bloc-republicain"},"wordCount":320,"commentCount":0,"image":{"@id":"https:\/\/www.africa-press.net\/benin\/politique\/benin-des-acteurs-culturels-adherent-au-bloc-republicain#primaryimage"},"thumbnailUrl":"https:\/\/static.africa-press.net\/benin\/sites\/46\/2022\/09\/postQueueImg_14-631ccc7601786.jpg","keywords":["Africa Press","Africa Press-Benin","B\u00e9nin"],"articleSection":["homepage-french","Politique","Toutes les actualit\u00e9s"],"inLanguage":"fr-FR","potentialAction":[{"@type":"CommentAction","name":"Comment","target":["https:\/\/www.africa-press.net\/benin\/politique\/benin-des-acteurs-culturels-adherent-au-bloc-republicain#respond"]}]},{"@type":"WebPage","@id":"https:\/\/www.africa-press.net\/benin\/politique\/benin-des-acteurs-culturels-adherent-au-bloc-republicain","url":"https:\/\/www.africa-press.net\/benin\/politique\/benin-des-acteurs-culturels-adherent-au-bloc-republicain","name":"B\u00e9nin: des acteurs culturels adh\u00e8rent au Bloc R\u00e9publicain - B\u00e9nin","isPartOf":{"@id":"https:\/\/www.africa-press.net\/benin\/#website"},"primaryImageOfPage":{"@id":"https:\/\/www.africa-press.net\/benin\/politique\/benin-des-acteurs-culturels-adherent-au-bloc-republicain#primaryimage"},"image":{"@id":"https:\/\/www.africa-press.net\/benin\/politique\/benin-des-acteurs-culturels-adherent-au-bloc-republicain#primaryimage"},"thumbnailUrl":"https:\/\/static.africa-press.net\/benin\/sites\/46\/2022\/09\/postQueueImg_14-631ccc7601786.jpg","datePublished":"2022-09-10T17:16:46+00:00","dateModified":"2022-09-10T17:42:37+00:00","author":{"@id":"https:\/\/www.africa-press.net\/benin\/#\/schema\/person\/2b1cf3cd81a31e3cd26889ca66d677f1"},"description":"Ce mercredi 07 septembre 2022, les responsables du Bloc R\u00e9publicain (BR) ont re\u00e7u la d\u00e9claration d\u2019adh\u00e9sion d\u2019un groupe ...","breadcrumb":{"@id":"https:\/\/www.africa-press.net\/benin\/politique\/benin-des-acteurs-culturels-adherent-au-bloc-republicain#breadcrumb"},"inLanguage":"fr-FR","potentialAction":[{"@type":"ReadAction","target":["https:\/\/www.africa-press.net\/benin\/politique\/benin-des-acteurs-culturels-adherent-au-bloc-republicain"]}]},{"@type":"ImageObject","inLanguage":"fr-FR","@id":"https:\/\/www.africa-press.net\/benin\/politique\/benin-des-acteurs-culturels-adherent-au-bloc-republicain#primaryimage","url":"https:\/\/static.africa-press.net\/benin\/sites\/46\/2022\/09\/postQueueImg_14-631ccc7601786.jpg","contentUrl":"https:\/\/static.africa-press.net\/benin\/sites\/46\/2022\/09\/postQueueImg_14-631ccc7601786.jpg","width":1200,"height":688,"caption":"B\u00e9nin: des acteurs culturels adh\u00e8rent au Bloc R\u00e9publicain"},{"@type":"BreadcrumbList","@id":"https:\/\/www.africa-press.net\/benin\/politique\/benin-des-acteurs-culturels-adherent-au-bloc-republicain#breadcrumb","itemListElement":[{"@type":"ListItem","position":1,"name":"Accueil","item":"https:\/\/www.africa-press.net\/benin\/"},{"@type":"ListItem","position":2,"name":"B\u00e9nin: des acteurs culturels adh\u00e8rent au Bloc R\u00e9publicain"}]},{"@type":"WebSite","@id":"https:\/\/www.africa-press.net\/benin\/#website","url":"https:\/\/www.africa-press.net\/benin\/","name":"B\u00e9nin","description":"Just another Africa News Agency Sites site","potentialAction":[{"@type":"SearchAction","target":{"@type":"EntryPoint","urlTemplate":"https:\/\/www.africa-press.net\/benin\/?s={search_term_string}"},"query-input":{"@type":"PropertyValueSpecification","valueRequired":true,"valueName":"search_term_string"}}],"inLanguage":"fr-FR"},{"@type":"Person","@id":"https:\/\/www.africa-press.net\/benin\/#\/schema\/person\/2b1cf3cd81a31e3cd26889ca66d677f1","name":"cfeditorfr"}]}},"_links":{"self":[{"href":"https:\/\/www.africa-press.net\/benin\/wp-json\/wp\/v2\/posts\/8817","targetHints":{"allow":["GET"]}}],"collection":[{"href":"https:\/\/www.africa-press.net\/benin\/wp-json\/wp\/v2\/posts"}],"about":[{"href":"https:\/\/www.africa-press.net\/benin\/wp-json\/wp\/v2\/types\/post"}],"author":[{"embeddable":true,"href":"https:\/\/www.africa-press.net\/benin\/wp-json\/wp\/v2\/users\/82"}],"replies":[{"embeddable":true,"href":"https:\/\/www.africa-press.net\/benin\/wp-json\/wp\/v2\/comments?post=8817"}],"version-history":[{"count":0,"href":"https:\/\/www.africa-press.net\/benin\/wp-json\/wp\/v2\/posts\/8817\/revisions"}],"wp:featuredmedia":[{"embeddable":true,"href":"https:\/\/www.africa-press.net\/benin\/wp-json\/wp\/v2\/media\/8816"}],"wp:attachment":[{"href":"https:\/\/www.africa-press.net\/benin\/wp-json\/wp\/v2\/media?parent=8817"}],"wp:term":[{"taxonomy":"category","embeddable":true,"href":"https:\/\/www.africa-press.net\/benin\/wp-json\/wp\/v2\/categories?post=8817"},{"taxonomy":"post_tag","embeddable":true,"href":"https:\/\/www.africa-press.net\/benin\/wp-json\/wp\/v2\/tags?post=8817"}],"curies":[{"name":"wp","href":"https:\/\/api.w.org\/{rel}","templated":true}]}}