{"id":8820,"date":"2022-09-10T17:16:57","date_gmt":"2022-09-10T17:16:57","guid":{"rendered":"https:\/\/www.africa-press.net\/benin\/politique\/benin-02-commissaires-de-police-deposes-en-prison-suite-a-une-affaire-de-cybercriminalite"},"modified":"2022-09-10T17:43:05","modified_gmt":"2022-09-10T17:43:05","slug":"benin-02-commissaires-de-police-deposes-en-prison-suite-a-une-affaire-de-cybercriminalite","status":"publish","type":"post","link":"https:\/\/www.africa-press.net\/benin\/toutes-les-actualites\/benin-02-commissaires-de-police-deposes-en-prison-suite-a-une-affaire-de-cybercriminalite","title":{"rendered":"B\u00e9nin: 02 Commissaires de police d\u00e9pos\u00e9s en prison, suite \u00e0 une affaire de cybercriminalit\u00e9"},"content":{"rendered":"<p><span style=\"color: #ff6600\"><strong>Africa-Press &#8211; Benin. <\/strong><\/span>Rebondissement dans l\u2019affaire de cybercriminalit\u00e9 ayant suscit\u00e9 le limogeage du Commissaire d\u2019Agblangandan. Mis sous convocation depuis quelques jours, il a \u00e9t\u00e9 d\u00e9pos\u00e9 ce vendredi 09 septembre 2022. Le Commissaire du 1er arrondissement de Cotonou est aussi plac\u00e9 en d\u00e9tention dans la m\u00eame affaire.<\/p>\n<p>Poursuivis pour abus de fonction, les d\u00e9sormais anciens Commissaire d\u2019Agblangandan et ancien Commissaire du 1er arrondissement de Cotonou sont plac\u00e9s en d\u00e9tention provisoire. C\u2019est une d\u00e9cision prise par le Procureur sp\u00e9cial de la Cour des Infractions \u00c9conomiques et du Terrorisme (Criet) qui a \u00e9cout\u00e9 les int\u00e9ress\u00e9s. En effet, la justice a des doutes sur une proc\u00e9dure men\u00e9e contre des pr\u00e9sum\u00e9s cybercriminels qui avaient \u00e9t\u00e9 interpell\u00e9s par le commissariat d\u2019Agblangandan.<\/p>\n<p>Dans ce m\u00eame dossier, une dame dont le nom a \u00e9t\u00e9 cit\u00e9, est aussi \u00e9pingl\u00e9e. Elle est poursuivie pour escroquerie et complicit\u00e9 d\u2019abus de fonction. Le proc\u00e8s des mis en cause s\u2019ouvre le 14 novembre 2022.<\/p>\n<p><strong>Pour plus d&rsquo;informations et d&rsquo;analyses sur la <a href=\"https:\/\/www.africa-press.net\/benin\">Benin<\/a>, suivez <a href=\"https:\/\/www.africa-press.net\/\">Africa-Press<\/a><\/strong><\/p>\n","protected":false},"excerpt":{"rendered":"<p>Africa-Press &#8211; Benin. Rebondissement dans l\u2019affaire de cybercriminalit\u00e9 ayant suscit\u00e9 le limogeage du Commissaire d\u2019Agblangandan. Mis sous convocation depuis quelques jours, il a \u00e9t\u00e9 d\u00e9pos\u00e9 ce vendredi 09 septembre 2022. Le Commissaire du 1er arrondissement de Cotonou est aussi plac\u00e9 en d\u00e9tention dans la m\u00eame affaire. Poursuivis pour abus de fonction, les d\u00e9sormais anciens Commissaire [&hellip;]<\/p>\n","protected":false},"author":82,"featured_media":8819,"comment_status":"open","ping_status":"closed","sticky":false,"template":"","format":"standard","meta":{"footnotes":""},"categories":[21,11,10],"tags":[36,50,45],"class_list":["post-8820","post","type-post","status-publish","format-standard","has-post-thumbnail","hentry","category-communaute","category-homepage-french","category-toutes-les-actualites","tag-africa-press","tag-africa-press-benin","tag-benin"],"yoast_head":"<!-- This site is optimized with the Yoast SEO Premium plugin v26.1 (Yoast SEO v27.0) - https:\/\/yoast.com\/product\/yoast-seo-premium-wordpress\/ -->\n<title>B\u00e9nin: 02 Commissaires de police d\u00e9pos\u00e9s en prison, suite \u00e0 une affaire de cybercriminalit\u00e9 - B\u00e9nin<\/title>\n<meta name=\"description\" content=\"Rebondissement dans l\u2019affaire de cybercriminalit\u00e9 ayant suscit\u00e9 le limogeage du Commissaire d\u2019Agblangandan. Mis sous con ...\" \/>\n<meta name=\"robots\" content=\"index, follow, max-snippet:-1, max-image-preview:large, max-video-preview:-1\" \/>\n<link rel=\"canonical\" href=\"https:\/\/www.africa-press.net\/benin\/toutes-les-actualites\/benin-02-commissaires-de-police-deposes-en-prison-suite-a-une-affaire-de-cybercriminalite\" \/>\n<meta property=\"og:locale\" content=\"fr_FR\" \/>\n<meta property=\"og:type\" content=\"article\" \/>\n<meta property=\"og:title\" content=\"B\u00e9nin: 02 Commissaires de police d\u00e9pos\u00e9s en prison, suite \u00e0 une affaire de cybercriminalit\u00e9\" \/>\n<meta property=\"og:description\" content=\"Rebondissement dans l\u2019affaire de cybercriminalit\u00e9 ayant suscit\u00e9 le limogeage du Commissaire d\u2019Agblangandan. Mis sous con ...\" \/>\n<meta property=\"og:url\" content=\"https:\/\/www.africa-press.net\/benin\/toutes-les-actualites\/benin-02-commissaires-de-police-deposes-en-prison-suite-a-une-affaire-de-cybercriminalite\" \/>\n<meta property=\"og:site_name\" content=\"B\u00e9nin\" \/>\n<meta property=\"article:published_time\" content=\"2022-09-10T17:16:57+00:00\" \/>\n<meta property=\"article:modified_time\" content=\"2022-09-10T17:43:05+00:00\" \/>\n<meta property=\"og:image\" content=\"https:\/\/static.africa-press.net\/benin\/sites\/46\/2022\/09\/postQueueImg_15-631ccc937f5a3.jpg\" \/>\n\t<meta property=\"og:image:width\" content=\"1263\" \/>\n\t<meta property=\"og:image:height\" content=\"700\" \/>\n\t<meta property=\"og:image:type\" content=\"image\/jpeg\" \/>\n<meta name=\"author\" content=\"cfeditorfr\" \/>\n<meta name=\"twitter:card\" content=\"summary_large_image\" \/>\n<meta name=\"twitter:label1\" content=\"\u00c9crit par\" \/>\n\t<meta name=\"twitter:data1\" content=\"cfeditorfr\" \/>\n\t<meta name=\"twitter:label2\" content=\"Dur\u00e9e de lecture estim\u00e9e\" \/>\n\t<meta name=\"twitter:data2\" content=\"1 minute\" \/>\n<script type=\"application\/ld+json\" class=\"yoast-schema-graph\">{\"@context\":\"https:\/\/schema.org\",\"@graph\":[{\"@type\":\"Article\",\"@id\":\"https:\/\/www.africa-press.net\/benin\/toutes-les-actualites\/benin-02-commissaires-de-police-deposes-en-prison-suite-a-une-affaire-de-cybercriminalite#article\",\"isPartOf\":{\"@id\":\"https:\/\/www.africa-press.net\/benin\/toutes-les-actualites\/benin-02-commissaires-de-police-deposes-en-prison-suite-a-une-affaire-de-cybercriminalite\"},\"author\":{\"name\":\"cfeditorfr\",\"@id\":\"https:\/\/www.africa-press.net\/benin\/#\/schema\/person\/2b1cf3cd81a31e3cd26889ca66d677f1\"},\"headline\":\"B\u00e9nin: 02 Commissaires de police d\u00e9pos\u00e9s en prison, suite \u00e0 une affaire de cybercriminalit\u00e9\",\"datePublished\":\"2022-09-10T17:16:57+00:00\",\"dateModified\":\"2022-09-10T17:43:05+00:00\",\"mainEntityOfPage\":{\"@id\":\"https:\/\/www.africa-press.net\/benin\/toutes-les-actualites\/benin-02-commissaires-de-police-deposes-en-prison-suite-a-une-affaire-de-cybercriminalite\"},\"wordCount\":199,\"commentCount\":0,\"image\":{\"@id\":\"https:\/\/www.africa-press.net\/benin\/toutes-les-actualites\/benin-02-commissaires-de-police-deposes-en-prison-suite-a-une-affaire-de-cybercriminalite#primaryimage\"},\"thumbnailUrl\":\"https:\/\/static.africa-press.net\/benin\/sites\/46\/2022\/09\/postQueueImg_15-631ccc937f5a3.jpg\",\"keywords\":[\"Africa Press\",\"Africa Press-Benin\",\"B\u00e9nin\"],\"articleSection\":[\"Communaut\u00e9\",\"homepage-french\",\"Toutes les actualit\u00e9s\"],\"inLanguage\":\"fr-FR\",\"potentialAction\":[{\"@type\":\"CommentAction\",\"name\":\"Comment\",\"target\":[\"https:\/\/www.africa-press.net\/benin\/toutes-les-actualites\/benin-02-commissaires-de-police-deposes-en-prison-suite-a-une-affaire-de-cybercriminalite#respond\"]}]},{\"@type\":\"WebPage\",\"@id\":\"https:\/\/www.africa-press.net\/benin\/toutes-les-actualites\/benin-02-commissaires-de-police-deposes-en-prison-suite-a-une-affaire-de-cybercriminalite\",\"url\":\"https:\/\/www.africa-press.net\/benin\/toutes-les-actualites\/benin-02-commissaires-de-police-deposes-en-prison-suite-a-une-affaire-de-cybercriminalite\",\"name\":\"B\u00e9nin: 02 Commissaires de police d\u00e9pos\u00e9s en prison, suite \u00e0 une affaire de cybercriminalit\u00e9 - B\u00e9nin\",\"isPartOf\":{\"@id\":\"https:\/\/www.africa-press.net\/benin\/#website\"},\"primaryImageOfPage\":{\"@id\":\"https:\/\/www.africa-press.net\/benin\/toutes-les-actualites\/benin-02-commissaires-de-police-deposes-en-prison-suite-a-une-affaire-de-cybercriminalite#primaryimage\"},\"image\":{\"@id\":\"https:\/\/www.africa-press.net\/benin\/toutes-les-actualites\/benin-02-commissaires-de-police-deposes-en-prison-suite-a-une-affaire-de-cybercriminalite#primaryimage\"},\"thumbnailUrl\":\"https:\/\/static.africa-press.net\/benin\/sites\/46\/2022\/09\/postQueueImg_15-631ccc937f5a3.jpg\",\"datePublished\":\"2022-09-10T17:16:57+00:00\",\"dateModified\":\"2022-09-10T17:43:05+00:00\",\"author\":{\"@id\":\"https:\/\/www.africa-press.net\/benin\/#\/schema\/person\/2b1cf3cd81a31e3cd26889ca66d677f1\"},\"description\":\"Rebondissement dans l\u2019affaire de cybercriminalit\u00e9 ayant suscit\u00e9 le limogeage du Commissaire d\u2019Agblangandan. Mis sous con ...\",\"breadcrumb\":{\"@id\":\"https:\/\/www.africa-press.net\/benin\/toutes-les-actualites\/benin-02-commissaires-de-police-deposes-en-prison-suite-a-une-affaire-de-cybercriminalite#breadcrumb\"},\"inLanguage\":\"fr-FR\",\"potentialAction\":[{\"@type\":\"ReadAction\",\"target\":[\"https:\/\/www.africa-press.net\/benin\/toutes-les-actualites\/benin-02-commissaires-de-police-deposes-en-prison-suite-a-une-affaire-de-cybercriminalite\"]}]},{\"@type\":\"ImageObject\",\"inLanguage\":\"fr-FR\",\"@id\":\"https:\/\/www.africa-press.net\/benin\/toutes-les-actualites\/benin-02-commissaires-de-police-deposes-en-prison-suite-a-une-affaire-de-cybercriminalite#primaryimage\",\"url\":\"https:\/\/static.africa-press.net\/benin\/sites\/46\/2022\/09\/postQueueImg_15-631ccc937f5a3.jpg\",\"contentUrl\":\"https:\/\/static.africa-press.net\/benin\/sites\/46\/2022\/09\/postQueueImg_15-631ccc937f5a3.jpg\",\"width\":1263,\"height\":700,\"caption\":\"B\u00e9nin: 02 Commissaires de police d\u00e9pos\u00e9s en prison, suite \u00e0 une affaire de cybercriminalit\u00e9\"},{\"@type\":\"BreadcrumbList\",\"@id\":\"https:\/\/www.africa-press.net\/benin\/toutes-les-actualites\/benin-02-commissaires-de-police-deposes-en-prison-suite-a-une-affaire-de-cybercriminalite#breadcrumb\",\"itemListElement\":[{\"@type\":\"ListItem\",\"position\":1,\"name\":\"Accueil\",\"item\":\"https:\/\/www.africa-press.net\/benin\/\"},{\"@type\":\"ListItem\",\"position\":2,\"name\":\"B\u00e9nin: 02 Commissaires de police d\u00e9pos\u00e9s en prison, suite \u00e0 une affaire de cybercriminalit\u00e9\"}]},{\"@type\":\"WebSite\",\"@id\":\"https:\/\/www.africa-press.net\/benin\/#website\",\"url\":\"https:\/\/www.africa-press.net\/benin\/\",\"name\":\"B\u00e9nin\",\"description\":\"Just another Africa News Agency Sites site\",\"potentialAction\":[{\"@type\":\"SearchAction\",\"target\":{\"@type\":\"EntryPoint\",\"urlTemplate\":\"https:\/\/www.africa-press.net\/benin\/?s={search_term_string}\"},\"query-input\":{\"@type\":\"PropertyValueSpecification\",\"valueRequired\":true,\"valueName\":\"search_term_string\"}}],\"inLanguage\":\"fr-FR\"},{\"@type\":\"Person\",\"@id\":\"https:\/\/www.africa-press.net\/benin\/#\/schema\/person\/2b1cf3cd81a31e3cd26889ca66d677f1\",\"name\":\"cfeditorfr\"}]}<\/script>\n<!-- \/ Yoast SEO Premium plugin. -->","yoast_head_json":{"title":"B\u00e9nin: 02 Commissaires de police d\u00e9pos\u00e9s en prison, suite \u00e0 une affaire de cybercriminalit\u00e9 - B\u00e9nin","description":"Rebondissement dans l\u2019affaire de cybercriminalit\u00e9 ayant suscit\u00e9 le limogeage du Commissaire d\u2019Agblangandan. Mis sous con ...","robots":{"index":"index","follow":"follow","max-snippet":"max-snippet:-1","max-image-preview":"max-image-preview:large","max-video-preview":"max-video-preview:-1"},"canonical":"https:\/\/www.africa-press.net\/benin\/toutes-les-actualites\/benin-02-commissaires-de-police-deposes-en-prison-suite-a-une-affaire-de-cybercriminalite","og_locale":"fr_FR","og_type":"article","og_title":"B\u00e9nin: 02 Commissaires de police d\u00e9pos\u00e9s en prison, suite \u00e0 une affaire de cybercriminalit\u00e9","og_description":"Rebondissement dans l\u2019affaire de cybercriminalit\u00e9 ayant suscit\u00e9 le limogeage du Commissaire d\u2019Agblangandan. Mis sous con ...","og_url":"https:\/\/www.africa-press.net\/benin\/toutes-les-actualites\/benin-02-commissaires-de-police-deposes-en-prison-suite-a-une-affaire-de-cybercriminalite","og_site_name":"B\u00e9nin","article_published_time":"2022-09-10T17:16:57+00:00","article_modified_time":"2022-09-10T17:43:05+00:00","og_image":[{"width":1263,"height":700,"url":"https:\/\/static.africa-press.net\/benin\/sites\/46\/2022\/09\/postQueueImg_15-631ccc937f5a3.jpg","type":"image\/jpeg"}],"author":"cfeditorfr","twitter_card":"summary_large_image","twitter_misc":{"\u00c9crit par":"cfeditorfr","Dur\u00e9e de lecture estim\u00e9e":"1 minute"},"schema":{"@context":"https:\/\/schema.org","@graph":[{"@type":"Article","@id":"https:\/\/www.africa-press.net\/benin\/toutes-les-actualites\/benin-02-commissaires-de-police-deposes-en-prison-suite-a-une-affaire-de-cybercriminalite#article","isPartOf":{"@id":"https:\/\/www.africa-press.net\/benin\/toutes-les-actualites\/benin-02-commissaires-de-police-deposes-en-prison-suite-a-une-affaire-de-cybercriminalite"},"author":{"name":"cfeditorfr","@id":"https:\/\/www.africa-press.net\/benin\/#\/schema\/person\/2b1cf3cd81a31e3cd26889ca66d677f1"},"headline":"B\u00e9nin: 02 Commissaires de police d\u00e9pos\u00e9s en prison, suite \u00e0 une affaire de cybercriminalit\u00e9","datePublished":"2022-09-10T17:16:57+00:00","dateModified":"2022-09-10T17:43:05+00:00","mainEntityOfPage":{"@id":"https:\/\/www.africa-press.net\/benin\/toutes-les-actualites\/benin-02-commissaires-de-police-deposes-en-prison-suite-a-une-affaire-de-cybercriminalite"},"wordCount":199,"commentCount":0,"image":{"@id":"https:\/\/www.africa-press.net\/benin\/toutes-les-actualites\/benin-02-commissaires-de-police-deposes-en-prison-suite-a-une-affaire-de-cybercriminalite#primaryimage"},"thumbnailUrl":"https:\/\/static.africa-press.net\/benin\/sites\/46\/2022\/09\/postQueueImg_15-631ccc937f5a3.jpg","keywords":["Africa Press","Africa Press-Benin","B\u00e9nin"],"articleSection":["Communaut\u00e9","homepage-french","Toutes les actualit\u00e9s"],"inLanguage":"fr-FR","potentialAction":[{"@type":"CommentAction","name":"Comment","target":["https:\/\/www.africa-press.net\/benin\/toutes-les-actualites\/benin-02-commissaires-de-police-deposes-en-prison-suite-a-une-affaire-de-cybercriminalite#respond"]}]},{"@type":"WebPage","@id":"https:\/\/www.africa-press.net\/benin\/toutes-les-actualites\/benin-02-commissaires-de-police-deposes-en-prison-suite-a-une-affaire-de-cybercriminalite","url":"https:\/\/www.africa-press.net\/benin\/toutes-les-actualites\/benin-02-commissaires-de-police-deposes-en-prison-suite-a-une-affaire-de-cybercriminalite","name":"B\u00e9nin: 02 Commissaires de police d\u00e9pos\u00e9s en prison, suite \u00e0 une affaire de cybercriminalit\u00e9 - B\u00e9nin","isPartOf":{"@id":"https:\/\/www.africa-press.net\/benin\/#website"},"primaryImageOfPage":{"@id":"https:\/\/www.africa-press.net\/benin\/toutes-les-actualites\/benin-02-commissaires-de-police-deposes-en-prison-suite-a-une-affaire-de-cybercriminalite#primaryimage"},"image":{"@id":"https:\/\/www.africa-press.net\/benin\/toutes-les-actualites\/benin-02-commissaires-de-police-deposes-en-prison-suite-a-une-affaire-de-cybercriminalite#primaryimage"},"thumbnailUrl":"https:\/\/static.africa-press.net\/benin\/sites\/46\/2022\/09\/postQueueImg_15-631ccc937f5a3.jpg","datePublished":"2022-09-10T17:16:57+00:00","dateModified":"2022-09-10T17:43:05+00:00","author":{"@id":"https:\/\/www.africa-press.net\/benin\/#\/schema\/person\/2b1cf3cd81a31e3cd26889ca66d677f1"},"description":"Rebondissement dans l\u2019affaire de cybercriminalit\u00e9 ayant suscit\u00e9 le limogeage du Commissaire d\u2019Agblangandan. Mis sous con ...","breadcrumb":{"@id":"https:\/\/www.africa-press.net\/benin\/toutes-les-actualites\/benin-02-commissaires-de-police-deposes-en-prison-suite-a-une-affaire-de-cybercriminalite#breadcrumb"},"inLanguage":"fr-FR","potentialAction":[{"@type":"ReadAction","target":["https:\/\/www.africa-press.net\/benin\/toutes-les-actualites\/benin-02-commissaires-de-police-deposes-en-prison-suite-a-une-affaire-de-cybercriminalite"]}]},{"@type":"ImageObject","inLanguage":"fr-FR","@id":"https:\/\/www.africa-press.net\/benin\/toutes-les-actualites\/benin-02-commissaires-de-police-deposes-en-prison-suite-a-une-affaire-de-cybercriminalite#primaryimage","url":"https:\/\/static.africa-press.net\/benin\/sites\/46\/2022\/09\/postQueueImg_15-631ccc937f5a3.jpg","contentUrl":"https:\/\/static.africa-press.net\/benin\/sites\/46\/2022\/09\/postQueueImg_15-631ccc937f5a3.jpg","width":1263,"height":700,"caption":"B\u00e9nin: 02 Commissaires de police d\u00e9pos\u00e9s en prison, suite \u00e0 une affaire de cybercriminalit\u00e9"},{"@type":"BreadcrumbList","@id":"https:\/\/www.africa-press.net\/benin\/toutes-les-actualites\/benin-02-commissaires-de-police-deposes-en-prison-suite-a-une-affaire-de-cybercriminalite#breadcrumb","itemListElement":[{"@type":"ListItem","position":1,"name":"Accueil","item":"https:\/\/www.africa-press.net\/benin\/"},{"@type":"ListItem","position":2,"name":"B\u00e9nin: 02 Commissaires de police d\u00e9pos\u00e9s en prison, suite \u00e0 une affaire de cybercriminalit\u00e9"}]},{"@type":"WebSite","@id":"https:\/\/www.africa-press.net\/benin\/#website","url":"https:\/\/www.africa-press.net\/benin\/","name":"B\u00e9nin","description":"Just another Africa News Agency Sites site","potentialAction":[{"@type":"SearchAction","target":{"@type":"EntryPoint","urlTemplate":"https:\/\/www.africa-press.net\/benin\/?s={search_term_string}"},"query-input":{"@type":"PropertyValueSpecification","valueRequired":true,"valueName":"search_term_string"}}],"inLanguage":"fr-FR"},{"@type":"Person","@id":"https:\/\/www.africa-press.net\/benin\/#\/schema\/person\/2b1cf3cd81a31e3cd26889ca66d677f1","name":"cfeditorfr"}]}},"_links":{"self":[{"href":"https:\/\/www.africa-press.net\/benin\/wp-json\/wp\/v2\/posts\/8820","targetHints":{"allow":["GET"]}}],"collection":[{"href":"https:\/\/www.africa-press.net\/benin\/wp-json\/wp\/v2\/posts"}],"about":[{"href":"https:\/\/www.africa-press.net\/benin\/wp-json\/wp\/v2\/types\/post"}],"author":[{"embeddable":true,"href":"https:\/\/www.africa-press.net\/benin\/wp-json\/wp\/v2\/users\/82"}],"replies":[{"embeddable":true,"href":"https:\/\/www.africa-press.net\/benin\/wp-json\/wp\/v2\/comments?post=8820"}],"version-history":[{"count":0,"href":"https:\/\/www.africa-press.net\/benin\/wp-json\/wp\/v2\/posts\/8820\/revisions"}],"wp:featuredmedia":[{"embeddable":true,"href":"https:\/\/www.africa-press.net\/benin\/wp-json\/wp\/v2\/media\/8819"}],"wp:attachment":[{"href":"https:\/\/www.africa-press.net\/benin\/wp-json\/wp\/v2\/media?parent=8820"}],"wp:term":[{"taxonomy":"category","embeddable":true,"href":"https:\/\/www.africa-press.net\/benin\/wp-json\/wp\/v2\/categories?post=8820"},{"taxonomy":"post_tag","embeddable":true,"href":"https:\/\/www.africa-press.net\/benin\/wp-json\/wp\/v2\/tags?post=8820"}],"curies":[{"name":"wp","href":"https:\/\/api.w.org\/{rel}","templated":true}]}}