{"id":8826,"date":"2022-09-10T17:17:16","date_gmt":"2022-09-10T17:17:16","guid":{"rendered":"https:\/\/www.africa-press.net\/benin\/politique\/lutte-antiterroriste-ce-quil-faut-retenir-de-laccord-militaire-envisage-entre-le-benin-et-le-rwanda"},"modified":"2022-09-10T17:44:02","modified_gmt":"2022-09-10T17:44:02","slug":"lutte-antiterroriste-ce-quil-faut-retenir-de-laccord-militaire-envisage-entre-le-benin-et-le-rwanda","status":"publish","type":"post","link":"https:\/\/www.africa-press.net\/benin\/politique\/lutte-antiterroriste-ce-quil-faut-retenir-de-laccord-militaire-envisage-entre-le-benin-et-le-rwanda","title":{"rendered":"Lutte antiterroriste: ce qu\u2019il faut retenir de l\u2019accord militaire envisag\u00e9 entre le B\u00e9nin et le Rwanda"},"content":{"rendered":"<p><span style=\"color: #ff6600\"><strong>Africa-Press &#8211; Benin. <\/strong><\/span>Apr\u00e8s le Niger, le B\u00e9nin envisage de signer un accord militaire avec le Rwanda dans le cadre de la lutte contre le terrorisme. Certaines sources ont \u00e9voqu\u00e9 le d\u00e9ploiement de soldats rwandais comme l\u2019une des possibles retomb\u00e9es dudit accord, mais le gouvernement met l\u2019accent sur un appui technique.<\/p>\n<p>Selon le porte-parole du gouvernement, L\u00e9andre Wilfried Houngb\u00e9dji, le B\u00e9nin envisage effectivement de se mettre en accord avec Kigali, mais les discussions ne se focalisent pas sur un d\u00e9ploiement de soldats rwandais. Il a confi\u00e9 \u00e0 RFI que le contenu de l\u2019accord se base sur un appui logistique. A travers ce partenariat, le B\u00e9nin compte donc apprendre de l\u2019expertise du Rwanda pour venir \u00e0 bout des attaques djihadistes.<\/p>\n<p>Les \u00e9changes avec le Rwanda s\u2019inscrivent dans la logique de l\u2019unicit\u00e9 d\u2019action souhait\u00e9e par le B\u00e9nin contre le terrorisme. D\u00e9j\u00e0 engag\u00e9 dans l\u2019Initiative d\u2019Accra, le B\u00e9nin \u00e9tend sa collaboration vers le pays de Paul Kagam\u00e9.<\/p>\n<p>En juillet dernier, le chef d\u2019\u00e9tat-major des Forces Arm\u00e9es B\u00e9ninoises, le G\u00e9n\u00e9ral de Brigade Fructueux Gbaguidi \u00e9tait au quartier g\u00e9n\u00e9ral des Forces rwandaises de d\u00e9fense dans le cadre d\u2019une coop\u00e9ration militaire. Le G\u00e9n\u00e9ral de Brigade Fructueux Gbaguidi qui avait \u00e9t\u00e9 accueilli par son homologue, le chef d\u2019\u00e9tat-major des arm\u00e9es des FDR, le G\u00e9n\u00e9ral Jean Bosco Kazura, avait indiqu\u00e9 qu\u2019il \u00e9tait mandat\u00e9 par le Pr\u00e9sident de la R\u00e9publique du B\u00e9nin, Patrice Talon pour \u00e9changer sur les questions de s\u00e9curit\u00e9 et apprendre de l\u2019exp\u00e9rience de son homologue et des forces de d\u00e9fense du Rwanda.<\/p>\n<p><strong>Pour plus d&rsquo;informations et d&rsquo;analyses sur la <a href=\"https:\/\/www.africa-press.net\/benin\">Benin<\/a>, suivez <a href=\"https:\/\/www.africa-press.net\/\">Africa-Press<\/a><\/strong><\/p>\n","protected":false},"excerpt":{"rendered":"<p>Africa-Press &#8211; Benin. Apr\u00e8s le Niger, le B\u00e9nin envisage de signer un accord militaire avec le Rwanda dans le cadre de la lutte contre le terrorisme. Certaines sources ont \u00e9voqu\u00e9 le d\u00e9ploiement de soldats rwandais comme l\u2019une des possibles retomb\u00e9es dudit accord, mais le gouvernement met l\u2019accent sur un appui technique. Selon le porte-parole du [&hellip;]<\/p>\n","protected":false},"author":82,"featured_media":8825,"comment_status":"open","ping_status":"closed","sticky":false,"template":"","format":"standard","meta":{"footnotes":""},"categories":[11,2,10],"tags":[36,50,45],"class_list":["post-8826","post","type-post","status-publish","format-standard","has-post-thumbnail","hentry","category-homepage-french","category-politique","category-toutes-les-actualites","tag-africa-press","tag-africa-press-benin","tag-benin"],"yoast_head":"<!-- This site is optimized with the Yoast SEO Premium plugin v26.1 (Yoast SEO v27.0) - https:\/\/yoast.com\/product\/yoast-seo-premium-wordpress\/ -->\n<title>Lutte antiterroriste: ce qu\u2019il faut retenir de l\u2019accord militaire envisag\u00e9 entre le B\u00e9nin et le Rwanda - B\u00e9nin<\/title>\n<meta name=\"description\" content=\"Apr\u00e8s le Niger, le B\u00e9nin envisage de signer un accord militaire avec le Rwanda dans le cadre de la lutte contre le terro ...\" \/>\n<meta name=\"robots\" content=\"index, follow, max-snippet:-1, max-image-preview:large, max-video-preview:-1\" \/>\n<link rel=\"canonical\" href=\"https:\/\/www.africa-press.net\/benin\/politique\/lutte-antiterroriste-ce-quil-faut-retenir-de-laccord-militaire-envisage-entre-le-benin-et-le-rwanda\" \/>\n<meta property=\"og:locale\" content=\"fr_FR\" \/>\n<meta property=\"og:type\" content=\"article\" \/>\n<meta property=\"og:title\" content=\"Lutte antiterroriste: ce qu\u2019il faut retenir de l\u2019accord militaire envisag\u00e9 entre le B\u00e9nin et le Rwanda\" \/>\n<meta property=\"og:description\" content=\"Apr\u00e8s le Niger, le B\u00e9nin envisage de signer un accord militaire avec le Rwanda dans le cadre de la lutte contre le terro ...\" \/>\n<meta property=\"og:url\" content=\"https:\/\/www.africa-press.net\/benin\/politique\/lutte-antiterroriste-ce-quil-faut-retenir-de-laccord-militaire-envisage-entre-le-benin-et-le-rwanda\" \/>\n<meta property=\"og:site_name\" content=\"B\u00e9nin\" \/>\n<meta property=\"article:published_time\" content=\"2022-09-10T17:17:16+00:00\" \/>\n<meta property=\"article:modified_time\" content=\"2022-09-10T17:44:02+00:00\" \/>\n<meta property=\"og:image\" content=\"https:\/\/static.africa-press.net\/benin\/sites\/46\/2022\/09\/postQueueImg_17-631ccccbc65cb.jpg\" \/>\n\t<meta property=\"og:image:width\" content=\"1280\" \/>\n\t<meta property=\"og:image:height\" content=\"720\" \/>\n\t<meta property=\"og:image:type\" content=\"image\/jpeg\" \/>\n<meta name=\"author\" content=\"cfeditorfr\" \/>\n<meta name=\"twitter:card\" content=\"summary_large_image\" \/>\n<meta name=\"twitter:label1\" content=\"\u00c9crit par\" \/>\n\t<meta name=\"twitter:data1\" content=\"cfeditorfr\" \/>\n\t<meta name=\"twitter:label2\" content=\"Dur\u00e9e de lecture estim\u00e9e\" \/>\n\t<meta name=\"twitter:data2\" content=\"2 minutes\" \/>\n<script type=\"application\/ld+json\" class=\"yoast-schema-graph\">{\"@context\":\"https:\/\/schema.org\",\"@graph\":[{\"@type\":\"Article\",\"@id\":\"https:\/\/www.africa-press.net\/benin\/politique\/lutte-antiterroriste-ce-quil-faut-retenir-de-laccord-militaire-envisage-entre-le-benin-et-le-rwanda#article\",\"isPartOf\":{\"@id\":\"https:\/\/www.africa-press.net\/benin\/politique\/lutte-antiterroriste-ce-quil-faut-retenir-de-laccord-militaire-envisage-entre-le-benin-et-le-rwanda\"},\"author\":{\"name\":\"cfeditorfr\",\"@id\":\"https:\/\/www.africa-press.net\/benin\/#\/schema\/person\/2b1cf3cd81a31e3cd26889ca66d677f1\"},\"headline\":\"Lutte antiterroriste: ce qu\u2019il faut retenir de l\u2019accord militaire envisag\u00e9 entre le B\u00e9nin et le Rwanda\",\"datePublished\":\"2022-09-10T17:17:16+00:00\",\"dateModified\":\"2022-09-10T17:44:02+00:00\",\"mainEntityOfPage\":{\"@id\":\"https:\/\/www.africa-press.net\/benin\/politique\/lutte-antiterroriste-ce-quil-faut-retenir-de-laccord-militaire-envisage-entre-le-benin-et-le-rwanda\"},\"wordCount\":321,\"commentCount\":0,\"image\":{\"@id\":\"https:\/\/www.africa-press.net\/benin\/politique\/lutte-antiterroriste-ce-quil-faut-retenir-de-laccord-militaire-envisage-entre-le-benin-et-le-rwanda#primaryimage\"},\"thumbnailUrl\":\"https:\/\/static.africa-press.net\/benin\/sites\/46\/2022\/09\/postQueueImg_17-631ccccbc65cb.jpg\",\"keywords\":[\"Africa Press\",\"Africa Press-Benin\",\"B\u00e9nin\"],\"articleSection\":[\"homepage-french\",\"Politique\",\"Toutes les actualit\u00e9s\"],\"inLanguage\":\"fr-FR\",\"potentialAction\":[{\"@type\":\"CommentAction\",\"name\":\"Comment\",\"target\":[\"https:\/\/www.africa-press.net\/benin\/politique\/lutte-antiterroriste-ce-quil-faut-retenir-de-laccord-militaire-envisage-entre-le-benin-et-le-rwanda#respond\"]}]},{\"@type\":\"WebPage\",\"@id\":\"https:\/\/www.africa-press.net\/benin\/politique\/lutte-antiterroriste-ce-quil-faut-retenir-de-laccord-militaire-envisage-entre-le-benin-et-le-rwanda\",\"url\":\"https:\/\/www.africa-press.net\/benin\/politique\/lutte-antiterroriste-ce-quil-faut-retenir-de-laccord-militaire-envisage-entre-le-benin-et-le-rwanda\",\"name\":\"Lutte antiterroriste: ce qu\u2019il faut retenir de l\u2019accord militaire envisag\u00e9 entre le B\u00e9nin et le Rwanda - B\u00e9nin\",\"isPartOf\":{\"@id\":\"https:\/\/www.africa-press.net\/benin\/#website\"},\"primaryImageOfPage\":{\"@id\":\"https:\/\/www.africa-press.net\/benin\/politique\/lutte-antiterroriste-ce-quil-faut-retenir-de-laccord-militaire-envisage-entre-le-benin-et-le-rwanda#primaryimage\"},\"image\":{\"@id\":\"https:\/\/www.africa-press.net\/benin\/politique\/lutte-antiterroriste-ce-quil-faut-retenir-de-laccord-militaire-envisage-entre-le-benin-et-le-rwanda#primaryimage\"},\"thumbnailUrl\":\"https:\/\/static.africa-press.net\/benin\/sites\/46\/2022\/09\/postQueueImg_17-631ccccbc65cb.jpg\",\"datePublished\":\"2022-09-10T17:17:16+00:00\",\"dateModified\":\"2022-09-10T17:44:02+00:00\",\"author\":{\"@id\":\"https:\/\/www.africa-press.net\/benin\/#\/schema\/person\/2b1cf3cd81a31e3cd26889ca66d677f1\"},\"description\":\"Apr\u00e8s le Niger, le B\u00e9nin envisage de signer un accord militaire avec le Rwanda dans le cadre de la lutte contre le terro ...\",\"breadcrumb\":{\"@id\":\"https:\/\/www.africa-press.net\/benin\/politique\/lutte-antiterroriste-ce-quil-faut-retenir-de-laccord-militaire-envisage-entre-le-benin-et-le-rwanda#breadcrumb\"},\"inLanguage\":\"fr-FR\",\"potentialAction\":[{\"@type\":\"ReadAction\",\"target\":[\"https:\/\/www.africa-press.net\/benin\/politique\/lutte-antiterroriste-ce-quil-faut-retenir-de-laccord-militaire-envisage-entre-le-benin-et-le-rwanda\"]}]},{\"@type\":\"ImageObject\",\"inLanguage\":\"fr-FR\",\"@id\":\"https:\/\/www.africa-press.net\/benin\/politique\/lutte-antiterroriste-ce-quil-faut-retenir-de-laccord-militaire-envisage-entre-le-benin-et-le-rwanda#primaryimage\",\"url\":\"https:\/\/static.africa-press.net\/benin\/sites\/46\/2022\/09\/postQueueImg_17-631ccccbc65cb.jpg\",\"contentUrl\":\"https:\/\/static.africa-press.net\/benin\/sites\/46\/2022\/09\/postQueueImg_17-631ccccbc65cb.jpg\",\"width\":1280,\"height\":720,\"caption\":\"Lutte antiterroriste: ce qu\u2019il faut retenir de l\u2019accord militaire envisag\u00e9 entre le B\u00e9nin et le Rwanda\"},{\"@type\":\"BreadcrumbList\",\"@id\":\"https:\/\/www.africa-press.net\/benin\/politique\/lutte-antiterroriste-ce-quil-faut-retenir-de-laccord-militaire-envisage-entre-le-benin-et-le-rwanda#breadcrumb\",\"itemListElement\":[{\"@type\":\"ListItem\",\"position\":1,\"name\":\"Accueil\",\"item\":\"https:\/\/www.africa-press.net\/benin\/\"},{\"@type\":\"ListItem\",\"position\":2,\"name\":\"Lutte antiterroriste: ce qu\u2019il faut retenir de l\u2019accord militaire envisag\u00e9 entre le B\u00e9nin et le Rwanda\"}]},{\"@type\":\"WebSite\",\"@id\":\"https:\/\/www.africa-press.net\/benin\/#website\",\"url\":\"https:\/\/www.africa-press.net\/benin\/\",\"name\":\"B\u00e9nin\",\"description\":\"Just another Africa News Agency Sites site\",\"potentialAction\":[{\"@type\":\"SearchAction\",\"target\":{\"@type\":\"EntryPoint\",\"urlTemplate\":\"https:\/\/www.africa-press.net\/benin\/?s={search_term_string}\"},\"query-input\":{\"@type\":\"PropertyValueSpecification\",\"valueRequired\":true,\"valueName\":\"search_term_string\"}}],\"inLanguage\":\"fr-FR\"},{\"@type\":\"Person\",\"@id\":\"https:\/\/www.africa-press.net\/benin\/#\/schema\/person\/2b1cf3cd81a31e3cd26889ca66d677f1\",\"name\":\"cfeditorfr\"}]}<\/script>\n<!-- \/ Yoast SEO Premium plugin. -->","yoast_head_json":{"title":"Lutte antiterroriste: ce qu\u2019il faut retenir de l\u2019accord militaire envisag\u00e9 entre le B\u00e9nin et le Rwanda - B\u00e9nin","description":"Apr\u00e8s le Niger, le B\u00e9nin envisage de signer un accord militaire avec le Rwanda dans le cadre de la lutte contre le terro ...","robots":{"index":"index","follow":"follow","max-snippet":"max-snippet:-1","max-image-preview":"max-image-preview:large","max-video-preview":"max-video-preview:-1"},"canonical":"https:\/\/www.africa-press.net\/benin\/politique\/lutte-antiterroriste-ce-quil-faut-retenir-de-laccord-militaire-envisage-entre-le-benin-et-le-rwanda","og_locale":"fr_FR","og_type":"article","og_title":"Lutte antiterroriste: ce qu\u2019il faut retenir de l\u2019accord militaire envisag\u00e9 entre le B\u00e9nin et le Rwanda","og_description":"Apr\u00e8s le Niger, le B\u00e9nin envisage de signer un accord militaire avec le Rwanda dans le cadre de la lutte contre le terro ...","og_url":"https:\/\/www.africa-press.net\/benin\/politique\/lutte-antiterroriste-ce-quil-faut-retenir-de-laccord-militaire-envisage-entre-le-benin-et-le-rwanda","og_site_name":"B\u00e9nin","article_published_time":"2022-09-10T17:17:16+00:00","article_modified_time":"2022-09-10T17:44:02+00:00","og_image":[{"width":1280,"height":720,"url":"https:\/\/static.africa-press.net\/benin\/sites\/46\/2022\/09\/postQueueImg_17-631ccccbc65cb.jpg","type":"image\/jpeg"}],"author":"cfeditorfr","twitter_card":"summary_large_image","twitter_misc":{"\u00c9crit par":"cfeditorfr","Dur\u00e9e de lecture estim\u00e9e":"2 minutes"},"schema":{"@context":"https:\/\/schema.org","@graph":[{"@type":"Article","@id":"https:\/\/www.africa-press.net\/benin\/politique\/lutte-antiterroriste-ce-quil-faut-retenir-de-laccord-militaire-envisage-entre-le-benin-et-le-rwanda#article","isPartOf":{"@id":"https:\/\/www.africa-press.net\/benin\/politique\/lutte-antiterroriste-ce-quil-faut-retenir-de-laccord-militaire-envisage-entre-le-benin-et-le-rwanda"},"author":{"name":"cfeditorfr","@id":"https:\/\/www.africa-press.net\/benin\/#\/schema\/person\/2b1cf3cd81a31e3cd26889ca66d677f1"},"headline":"Lutte antiterroriste: ce qu\u2019il faut retenir de l\u2019accord militaire envisag\u00e9 entre le B\u00e9nin et le Rwanda","datePublished":"2022-09-10T17:17:16+00:00","dateModified":"2022-09-10T17:44:02+00:00","mainEntityOfPage":{"@id":"https:\/\/www.africa-press.net\/benin\/politique\/lutte-antiterroriste-ce-quil-faut-retenir-de-laccord-militaire-envisage-entre-le-benin-et-le-rwanda"},"wordCount":321,"commentCount":0,"image":{"@id":"https:\/\/www.africa-press.net\/benin\/politique\/lutte-antiterroriste-ce-quil-faut-retenir-de-laccord-militaire-envisage-entre-le-benin-et-le-rwanda#primaryimage"},"thumbnailUrl":"https:\/\/static.africa-press.net\/benin\/sites\/46\/2022\/09\/postQueueImg_17-631ccccbc65cb.jpg","keywords":["Africa Press","Africa Press-Benin","B\u00e9nin"],"articleSection":["homepage-french","Politique","Toutes les actualit\u00e9s"],"inLanguage":"fr-FR","potentialAction":[{"@type":"CommentAction","name":"Comment","target":["https:\/\/www.africa-press.net\/benin\/politique\/lutte-antiterroriste-ce-quil-faut-retenir-de-laccord-militaire-envisage-entre-le-benin-et-le-rwanda#respond"]}]},{"@type":"WebPage","@id":"https:\/\/www.africa-press.net\/benin\/politique\/lutte-antiterroriste-ce-quil-faut-retenir-de-laccord-militaire-envisage-entre-le-benin-et-le-rwanda","url":"https:\/\/www.africa-press.net\/benin\/politique\/lutte-antiterroriste-ce-quil-faut-retenir-de-laccord-militaire-envisage-entre-le-benin-et-le-rwanda","name":"Lutte antiterroriste: ce qu\u2019il faut retenir de l\u2019accord militaire envisag\u00e9 entre le B\u00e9nin et le Rwanda - B\u00e9nin","isPartOf":{"@id":"https:\/\/www.africa-press.net\/benin\/#website"},"primaryImageOfPage":{"@id":"https:\/\/www.africa-press.net\/benin\/politique\/lutte-antiterroriste-ce-quil-faut-retenir-de-laccord-militaire-envisage-entre-le-benin-et-le-rwanda#primaryimage"},"image":{"@id":"https:\/\/www.africa-press.net\/benin\/politique\/lutte-antiterroriste-ce-quil-faut-retenir-de-laccord-militaire-envisage-entre-le-benin-et-le-rwanda#primaryimage"},"thumbnailUrl":"https:\/\/static.africa-press.net\/benin\/sites\/46\/2022\/09\/postQueueImg_17-631ccccbc65cb.jpg","datePublished":"2022-09-10T17:17:16+00:00","dateModified":"2022-09-10T17:44:02+00:00","author":{"@id":"https:\/\/www.africa-press.net\/benin\/#\/schema\/person\/2b1cf3cd81a31e3cd26889ca66d677f1"},"description":"Apr\u00e8s le Niger, le B\u00e9nin envisage de signer un accord militaire avec le Rwanda dans le cadre de la lutte contre le terro ...","breadcrumb":{"@id":"https:\/\/www.africa-press.net\/benin\/politique\/lutte-antiterroriste-ce-quil-faut-retenir-de-laccord-militaire-envisage-entre-le-benin-et-le-rwanda#breadcrumb"},"inLanguage":"fr-FR","potentialAction":[{"@type":"ReadAction","target":["https:\/\/www.africa-press.net\/benin\/politique\/lutte-antiterroriste-ce-quil-faut-retenir-de-laccord-militaire-envisage-entre-le-benin-et-le-rwanda"]}]},{"@type":"ImageObject","inLanguage":"fr-FR","@id":"https:\/\/www.africa-press.net\/benin\/politique\/lutte-antiterroriste-ce-quil-faut-retenir-de-laccord-militaire-envisage-entre-le-benin-et-le-rwanda#primaryimage","url":"https:\/\/static.africa-press.net\/benin\/sites\/46\/2022\/09\/postQueueImg_17-631ccccbc65cb.jpg","contentUrl":"https:\/\/static.africa-press.net\/benin\/sites\/46\/2022\/09\/postQueueImg_17-631ccccbc65cb.jpg","width":1280,"height":720,"caption":"Lutte antiterroriste: ce qu\u2019il faut retenir de l\u2019accord militaire envisag\u00e9 entre le B\u00e9nin et le Rwanda"},{"@type":"BreadcrumbList","@id":"https:\/\/www.africa-press.net\/benin\/politique\/lutte-antiterroriste-ce-quil-faut-retenir-de-laccord-militaire-envisage-entre-le-benin-et-le-rwanda#breadcrumb","itemListElement":[{"@type":"ListItem","position":1,"name":"Accueil","item":"https:\/\/www.africa-press.net\/benin\/"},{"@type":"ListItem","position":2,"name":"Lutte antiterroriste: ce qu\u2019il faut retenir de l\u2019accord militaire envisag\u00e9 entre le B\u00e9nin et le Rwanda"}]},{"@type":"WebSite","@id":"https:\/\/www.africa-press.net\/benin\/#website","url":"https:\/\/www.africa-press.net\/benin\/","name":"B\u00e9nin","description":"Just another Africa News Agency Sites site","potentialAction":[{"@type":"SearchAction","target":{"@type":"EntryPoint","urlTemplate":"https:\/\/www.africa-press.net\/benin\/?s={search_term_string}"},"query-input":{"@type":"PropertyValueSpecification","valueRequired":true,"valueName":"search_term_string"}}],"inLanguage":"fr-FR"},{"@type":"Person","@id":"https:\/\/www.africa-press.net\/benin\/#\/schema\/person\/2b1cf3cd81a31e3cd26889ca66d677f1","name":"cfeditorfr"}]}},"_links":{"self":[{"href":"https:\/\/www.africa-press.net\/benin\/wp-json\/wp\/v2\/posts\/8826","targetHints":{"allow":["GET"]}}],"collection":[{"href":"https:\/\/www.africa-press.net\/benin\/wp-json\/wp\/v2\/posts"}],"about":[{"href":"https:\/\/www.africa-press.net\/benin\/wp-json\/wp\/v2\/types\/post"}],"author":[{"embeddable":true,"href":"https:\/\/www.africa-press.net\/benin\/wp-json\/wp\/v2\/users\/82"}],"replies":[{"embeddable":true,"href":"https:\/\/www.africa-press.net\/benin\/wp-json\/wp\/v2\/comments?post=8826"}],"version-history":[{"count":0,"href":"https:\/\/www.africa-press.net\/benin\/wp-json\/wp\/v2\/posts\/8826\/revisions"}],"wp:featuredmedia":[{"embeddable":true,"href":"https:\/\/www.africa-press.net\/benin\/wp-json\/wp\/v2\/media\/8825"}],"wp:attachment":[{"href":"https:\/\/www.africa-press.net\/benin\/wp-json\/wp\/v2\/media?parent=8826"}],"wp:term":[{"taxonomy":"category","embeddable":true,"href":"https:\/\/www.africa-press.net\/benin\/wp-json\/wp\/v2\/categories?post=8826"},{"taxonomy":"post_tag","embeddable":true,"href":"https:\/\/www.africa-press.net\/benin\/wp-json\/wp\/v2\/tags?post=8826"}],"curies":[{"name":"wp","href":"https:\/\/api.w.org\/{rel}","templated":true}]}}