{"id":8846,"date":"2022-09-11T19:55:54","date_gmt":"2022-09-11T19:55:54","guid":{"rendered":"https:\/\/www.africa-press.net\/benin\/politique\/bloc-republicain-aladja-adoukonou-mobilise-les-militants-a-la-base-a-abomey"},"modified":"2022-09-11T20:07:20","modified_gmt":"2022-09-11T20:07:20","slug":"bloc-republicain-aladja-adoukonou-mobilise-les-militants-a-la-base-a-abomey","status":"publish","type":"post","link":"https:\/\/www.africa-press.net\/benin\/politique\/bloc-republicain-aladja-adoukonou-mobilise-les-militants-a-la-base-a-abomey","title":{"rendered":"Bloc R\u00e9publicain: Aladja Adoukonou mobilise les militants \u00e0 la base \u00e0 Abomey"},"content":{"rendered":"<p><span style=\"color: #ff6600\"><strong>Africa-Press &#8211; Benin. <\/strong><\/span>Aladja Adoukonou, conseill\u00e8re communale, a r\u00e9uni les militants du Bloc R\u00e9publicain de la 23e circonscription \u00e9lectorale, ce samedi, dans le cadre d\u2019une rencontre d\u2019\u00e9changes autour du Programme d\u2019Action du Gouvernement (PAG2) et de l\u2019enracinement du Bloc R\u00e9publicain.<\/p>\n<p>Conseill\u00e8re communale BR \u00e0 Abomey et D\u00e9l\u00e9gu\u00e9e d\u00e9partemental de l\u2019Organe des Femmes R\u00e9publicaines (OFR), Aladja Adoukonou balise le terrain pour son parti \u00e0 quelques semaines des \u00e9lections l\u00e9gislatives. En pr\u00e9sence de plusieurs personnalit\u00e9s polico-administratives, elle a pr\u00e9sent\u00e9 les atouts du BR, les projets phares du PAG2 et tous les d\u00e9tails possibles sur le projet microcr\u00e9dit Alafia.<\/p>\n<p>Selon le d\u00e9put\u00e9 Nazaire Sado qui \u00e9tait de la partie, la d\u00e9marche d\u2019Aladja Adoukonou Ewassadja est salutaire. Le d\u00e9put\u00e9 BR trouve que cette rencontre initi\u00e9e par la conseill\u00e8re communale est de nature \u00e0 encourager la pr\u00e9sence des femmes au parlement d\u00e8s janvier 2023.<\/p>\n<p>Le premier panel de la s\u00e9ance d\u2019information a \u00e9t\u00e9 anim\u00e9 par Alimatou Badarou. Elle a pr\u00e9sent\u00e9 les atouts du Bloc R\u00e9publicain et son implication dans la gestion actuelle du pays. Le th\u00e8me portant sur le PAG2 a \u00e9t\u00e9 d\u00e9cortiqu\u00e9 par Alinsato Alastaire, Directeur de cabinet du ministre Abdoulaye Bio Tchan\u00e9.<\/p>\n<p>J\u2019ai appr\u00e9ci\u00e9 ce petit s\u00e9minaire, des superbes id\u00e9es fusaient<\/p>\n<p><strong>Pour plus d&rsquo;informations et d&rsquo;analyses sur la <a href=\"https:\/\/www.africa-press.net\/benin\">Benin<\/a>, suivez <a href=\"https:\/\/www.africa-press.net\/\">Africa-Press<\/a><\/strong><\/p>\n","protected":false},"excerpt":{"rendered":"<p>Africa-Press &#8211; Benin. Aladja Adoukonou, conseill\u00e8re communale, a r\u00e9uni les militants du Bloc R\u00e9publicain de la 23e circonscription \u00e9lectorale, ce samedi, dans le cadre d\u2019une rencontre d\u2019\u00e9changes autour du Programme d\u2019Action du Gouvernement (PAG2) et de l\u2019enracinement du Bloc R\u00e9publicain. Conseill\u00e8re communale BR \u00e0 Abomey et D\u00e9l\u00e9gu\u00e9e d\u00e9partemental de l\u2019Organe des Femmes R\u00e9publicaines (OFR), Aladja [&hellip;]<\/p>\n","protected":false},"author":82,"featured_media":8845,"comment_status":"open","ping_status":"closed","sticky":false,"template":"","format":"standard","meta":{"footnotes":""},"categories":[11,2,10],"tags":[36,50,45],"class_list":["post-8846","post","type-post","status-publish","format-standard","has-post-thumbnail","hentry","category-homepage-french","category-politique","category-toutes-les-actualites","tag-africa-press","tag-africa-press-benin","tag-benin"],"yoast_head":"<!-- This site is optimized with the Yoast SEO Premium plugin v26.1 (Yoast SEO v27.0) - https:\/\/yoast.com\/product\/yoast-seo-premium-wordpress\/ -->\n<title>Bloc R\u00e9publicain: Aladja Adoukonou mobilise les militants \u00e0 la base \u00e0 Abomey - B\u00e9nin<\/title>\n<meta name=\"description\" content=\"Aladja Adoukonou, conseill\u00e8re communale, a r\u00e9uni les militants du Bloc R\u00e9publicain de la 23e circonscription \u00e9lectorale, ...\" \/>\n<meta name=\"robots\" content=\"index, follow, max-snippet:-1, max-image-preview:large, max-video-preview:-1\" \/>\n<link rel=\"canonical\" href=\"https:\/\/www.africa-press.net\/benin\/politique\/bloc-republicain-aladja-adoukonou-mobilise-les-militants-a-la-base-a-abomey\" \/>\n<meta property=\"og:locale\" content=\"fr_FR\" \/>\n<meta property=\"og:type\" content=\"article\" \/>\n<meta property=\"og:title\" content=\"Bloc R\u00e9publicain: Aladja Adoukonou mobilise les militants \u00e0 la base \u00e0 Abomey\" \/>\n<meta property=\"og:description\" content=\"Aladja Adoukonou, conseill\u00e8re communale, a r\u00e9uni les militants du Bloc R\u00e9publicain de la 23e circonscription \u00e9lectorale, ...\" \/>\n<meta property=\"og:url\" content=\"https:\/\/www.africa-press.net\/benin\/politique\/bloc-republicain-aladja-adoukonou-mobilise-les-militants-a-la-base-a-abomey\" \/>\n<meta property=\"og:site_name\" content=\"B\u00e9nin\" \/>\n<meta property=\"article:published_time\" content=\"2022-09-11T19:55:54+00:00\" \/>\n<meta property=\"article:modified_time\" content=\"2022-09-11T20:07:20+00:00\" \/>\n<meta property=\"og:image\" content=\"https:\/\/static.africa-press.net\/benin\/sites\/46\/2022\/09\/postQueueImg_9-631e3fce08286.jpg\" \/>\n\t<meta property=\"og:image:width\" content=\"1024\" \/>\n\t<meta property=\"og:image:height\" content=\"768\" \/>\n\t<meta property=\"og:image:type\" content=\"image\/jpeg\" \/>\n<meta name=\"author\" content=\"cfeditorfr\" \/>\n<meta name=\"twitter:card\" content=\"summary_large_image\" \/>\n<meta name=\"twitter:label1\" content=\"\u00c9crit par\" \/>\n\t<meta name=\"twitter:data1\" content=\"cfeditorfr\" \/>\n\t<meta name=\"twitter:label2\" content=\"Dur\u00e9e de lecture estim\u00e9e\" \/>\n\t<meta name=\"twitter:data2\" content=\"2 minutes\" \/>\n<script type=\"application\/ld+json\" class=\"yoast-schema-graph\">{\"@context\":\"https:\/\/schema.org\",\"@graph\":[{\"@type\":\"Article\",\"@id\":\"https:\/\/www.africa-press.net\/benin\/politique\/bloc-republicain-aladja-adoukonou-mobilise-les-militants-a-la-base-a-abomey#article\",\"isPartOf\":{\"@id\":\"https:\/\/www.africa-press.net\/benin\/politique\/bloc-republicain-aladja-adoukonou-mobilise-les-militants-a-la-base-a-abomey\"},\"author\":{\"name\":\"cfeditorfr\",\"@id\":\"https:\/\/www.africa-press.net\/benin\/#\/schema\/person\/2b1cf3cd81a31e3cd26889ca66d677f1\"},\"headline\":\"Bloc R\u00e9publicain: Aladja Adoukonou mobilise les militants \u00e0 la base \u00e0 Abomey\",\"datePublished\":\"2022-09-11T19:55:54+00:00\",\"dateModified\":\"2022-09-11T20:07:20+00:00\",\"mainEntityOfPage\":{\"@id\":\"https:\/\/www.africa-press.net\/benin\/politique\/bloc-republicain-aladja-adoukonou-mobilise-les-militants-a-la-base-a-abomey\"},\"wordCount\":256,\"commentCount\":0,\"image\":{\"@id\":\"https:\/\/www.africa-press.net\/benin\/politique\/bloc-republicain-aladja-adoukonou-mobilise-les-militants-a-la-base-a-abomey#primaryimage\"},\"thumbnailUrl\":\"https:\/\/static.africa-press.net\/benin\/sites\/46\/2022\/09\/postQueueImg_9-631e3fce08286.jpg\",\"keywords\":[\"Africa Press\",\"Africa Press-Benin\",\"B\u00e9nin\"],\"articleSection\":[\"homepage-french\",\"Politique\",\"Toutes les actualit\u00e9s\"],\"inLanguage\":\"fr-FR\",\"potentialAction\":[{\"@type\":\"CommentAction\",\"name\":\"Comment\",\"target\":[\"https:\/\/www.africa-press.net\/benin\/politique\/bloc-republicain-aladja-adoukonou-mobilise-les-militants-a-la-base-a-abomey#respond\"]}]},{\"@type\":\"WebPage\",\"@id\":\"https:\/\/www.africa-press.net\/benin\/politique\/bloc-republicain-aladja-adoukonou-mobilise-les-militants-a-la-base-a-abomey\",\"url\":\"https:\/\/www.africa-press.net\/benin\/politique\/bloc-republicain-aladja-adoukonou-mobilise-les-militants-a-la-base-a-abomey\",\"name\":\"Bloc R\u00e9publicain: Aladja Adoukonou mobilise les militants \u00e0 la base \u00e0 Abomey - B\u00e9nin\",\"isPartOf\":{\"@id\":\"https:\/\/www.africa-press.net\/benin\/#website\"},\"primaryImageOfPage\":{\"@id\":\"https:\/\/www.africa-press.net\/benin\/politique\/bloc-republicain-aladja-adoukonou-mobilise-les-militants-a-la-base-a-abomey#primaryimage\"},\"image\":{\"@id\":\"https:\/\/www.africa-press.net\/benin\/politique\/bloc-republicain-aladja-adoukonou-mobilise-les-militants-a-la-base-a-abomey#primaryimage\"},\"thumbnailUrl\":\"https:\/\/static.africa-press.net\/benin\/sites\/46\/2022\/09\/postQueueImg_9-631e3fce08286.jpg\",\"datePublished\":\"2022-09-11T19:55:54+00:00\",\"dateModified\":\"2022-09-11T20:07:20+00:00\",\"author\":{\"@id\":\"https:\/\/www.africa-press.net\/benin\/#\/schema\/person\/2b1cf3cd81a31e3cd26889ca66d677f1\"},\"description\":\"Aladja Adoukonou, conseill\u00e8re communale, a r\u00e9uni les militants du Bloc R\u00e9publicain de la 23e circonscription \u00e9lectorale, ...\",\"breadcrumb\":{\"@id\":\"https:\/\/www.africa-press.net\/benin\/politique\/bloc-republicain-aladja-adoukonou-mobilise-les-militants-a-la-base-a-abomey#breadcrumb\"},\"inLanguage\":\"fr-FR\",\"potentialAction\":[{\"@type\":\"ReadAction\",\"target\":[\"https:\/\/www.africa-press.net\/benin\/politique\/bloc-republicain-aladja-adoukonou-mobilise-les-militants-a-la-base-a-abomey\"]}]},{\"@type\":\"ImageObject\",\"inLanguage\":\"fr-FR\",\"@id\":\"https:\/\/www.africa-press.net\/benin\/politique\/bloc-republicain-aladja-adoukonou-mobilise-les-militants-a-la-base-a-abomey#primaryimage\",\"url\":\"https:\/\/static.africa-press.net\/benin\/sites\/46\/2022\/09\/postQueueImg_9-631e3fce08286.jpg\",\"contentUrl\":\"https:\/\/static.africa-press.net\/benin\/sites\/46\/2022\/09\/postQueueImg_9-631e3fce08286.jpg\",\"width\":1024,\"height\":768,\"caption\":\"Bloc R\u00e9publicain: Aladja Adoukonou mobilise les militants \u00e0 la base \u00e0 Abomey\"},{\"@type\":\"BreadcrumbList\",\"@id\":\"https:\/\/www.africa-press.net\/benin\/politique\/bloc-republicain-aladja-adoukonou-mobilise-les-militants-a-la-base-a-abomey#breadcrumb\",\"itemListElement\":[{\"@type\":\"ListItem\",\"position\":1,\"name\":\"Accueil\",\"item\":\"https:\/\/www.africa-press.net\/benin\/\"},{\"@type\":\"ListItem\",\"position\":2,\"name\":\"Bloc R\u00e9publicain: Aladja Adoukonou mobilise les militants \u00e0 la base \u00e0 Abomey\"}]},{\"@type\":\"WebSite\",\"@id\":\"https:\/\/www.africa-press.net\/benin\/#website\",\"url\":\"https:\/\/www.africa-press.net\/benin\/\",\"name\":\"B\u00e9nin\",\"description\":\"Just another Africa News Agency Sites site\",\"potentialAction\":[{\"@type\":\"SearchAction\",\"target\":{\"@type\":\"EntryPoint\",\"urlTemplate\":\"https:\/\/www.africa-press.net\/benin\/?s={search_term_string}\"},\"query-input\":{\"@type\":\"PropertyValueSpecification\",\"valueRequired\":true,\"valueName\":\"search_term_string\"}}],\"inLanguage\":\"fr-FR\"},{\"@type\":\"Person\",\"@id\":\"https:\/\/www.africa-press.net\/benin\/#\/schema\/person\/2b1cf3cd81a31e3cd26889ca66d677f1\",\"name\":\"cfeditorfr\"}]}<\/script>\n<!-- \/ Yoast SEO Premium plugin. -->","yoast_head_json":{"title":"Bloc R\u00e9publicain: Aladja Adoukonou mobilise les militants \u00e0 la base \u00e0 Abomey - B\u00e9nin","description":"Aladja Adoukonou, conseill\u00e8re communale, a r\u00e9uni les militants du Bloc R\u00e9publicain de la 23e circonscription \u00e9lectorale, ...","robots":{"index":"index","follow":"follow","max-snippet":"max-snippet:-1","max-image-preview":"max-image-preview:large","max-video-preview":"max-video-preview:-1"},"canonical":"https:\/\/www.africa-press.net\/benin\/politique\/bloc-republicain-aladja-adoukonou-mobilise-les-militants-a-la-base-a-abomey","og_locale":"fr_FR","og_type":"article","og_title":"Bloc R\u00e9publicain: Aladja Adoukonou mobilise les militants \u00e0 la base \u00e0 Abomey","og_description":"Aladja Adoukonou, conseill\u00e8re communale, a r\u00e9uni les militants du Bloc R\u00e9publicain de la 23e circonscription \u00e9lectorale, ...","og_url":"https:\/\/www.africa-press.net\/benin\/politique\/bloc-republicain-aladja-adoukonou-mobilise-les-militants-a-la-base-a-abomey","og_site_name":"B\u00e9nin","article_published_time":"2022-09-11T19:55:54+00:00","article_modified_time":"2022-09-11T20:07:20+00:00","og_image":[{"width":1024,"height":768,"url":"https:\/\/static.africa-press.net\/benin\/sites\/46\/2022\/09\/postQueueImg_9-631e3fce08286.jpg","type":"image\/jpeg"}],"author":"cfeditorfr","twitter_card":"summary_large_image","twitter_misc":{"\u00c9crit par":"cfeditorfr","Dur\u00e9e de lecture estim\u00e9e":"2 minutes"},"schema":{"@context":"https:\/\/schema.org","@graph":[{"@type":"Article","@id":"https:\/\/www.africa-press.net\/benin\/politique\/bloc-republicain-aladja-adoukonou-mobilise-les-militants-a-la-base-a-abomey#article","isPartOf":{"@id":"https:\/\/www.africa-press.net\/benin\/politique\/bloc-republicain-aladja-adoukonou-mobilise-les-militants-a-la-base-a-abomey"},"author":{"name":"cfeditorfr","@id":"https:\/\/www.africa-press.net\/benin\/#\/schema\/person\/2b1cf3cd81a31e3cd26889ca66d677f1"},"headline":"Bloc R\u00e9publicain: Aladja Adoukonou mobilise les militants \u00e0 la base \u00e0 Abomey","datePublished":"2022-09-11T19:55:54+00:00","dateModified":"2022-09-11T20:07:20+00:00","mainEntityOfPage":{"@id":"https:\/\/www.africa-press.net\/benin\/politique\/bloc-republicain-aladja-adoukonou-mobilise-les-militants-a-la-base-a-abomey"},"wordCount":256,"commentCount":0,"image":{"@id":"https:\/\/www.africa-press.net\/benin\/politique\/bloc-republicain-aladja-adoukonou-mobilise-les-militants-a-la-base-a-abomey#primaryimage"},"thumbnailUrl":"https:\/\/static.africa-press.net\/benin\/sites\/46\/2022\/09\/postQueueImg_9-631e3fce08286.jpg","keywords":["Africa Press","Africa Press-Benin","B\u00e9nin"],"articleSection":["homepage-french","Politique","Toutes les actualit\u00e9s"],"inLanguage":"fr-FR","potentialAction":[{"@type":"CommentAction","name":"Comment","target":["https:\/\/www.africa-press.net\/benin\/politique\/bloc-republicain-aladja-adoukonou-mobilise-les-militants-a-la-base-a-abomey#respond"]}]},{"@type":"WebPage","@id":"https:\/\/www.africa-press.net\/benin\/politique\/bloc-republicain-aladja-adoukonou-mobilise-les-militants-a-la-base-a-abomey","url":"https:\/\/www.africa-press.net\/benin\/politique\/bloc-republicain-aladja-adoukonou-mobilise-les-militants-a-la-base-a-abomey","name":"Bloc R\u00e9publicain: Aladja Adoukonou mobilise les militants \u00e0 la base \u00e0 Abomey - B\u00e9nin","isPartOf":{"@id":"https:\/\/www.africa-press.net\/benin\/#website"},"primaryImageOfPage":{"@id":"https:\/\/www.africa-press.net\/benin\/politique\/bloc-republicain-aladja-adoukonou-mobilise-les-militants-a-la-base-a-abomey#primaryimage"},"image":{"@id":"https:\/\/www.africa-press.net\/benin\/politique\/bloc-republicain-aladja-adoukonou-mobilise-les-militants-a-la-base-a-abomey#primaryimage"},"thumbnailUrl":"https:\/\/static.africa-press.net\/benin\/sites\/46\/2022\/09\/postQueueImg_9-631e3fce08286.jpg","datePublished":"2022-09-11T19:55:54+00:00","dateModified":"2022-09-11T20:07:20+00:00","author":{"@id":"https:\/\/www.africa-press.net\/benin\/#\/schema\/person\/2b1cf3cd81a31e3cd26889ca66d677f1"},"description":"Aladja Adoukonou, conseill\u00e8re communale, a r\u00e9uni les militants du Bloc R\u00e9publicain de la 23e circonscription \u00e9lectorale, ...","breadcrumb":{"@id":"https:\/\/www.africa-press.net\/benin\/politique\/bloc-republicain-aladja-adoukonou-mobilise-les-militants-a-la-base-a-abomey#breadcrumb"},"inLanguage":"fr-FR","potentialAction":[{"@type":"ReadAction","target":["https:\/\/www.africa-press.net\/benin\/politique\/bloc-republicain-aladja-adoukonou-mobilise-les-militants-a-la-base-a-abomey"]}]},{"@type":"ImageObject","inLanguage":"fr-FR","@id":"https:\/\/www.africa-press.net\/benin\/politique\/bloc-republicain-aladja-adoukonou-mobilise-les-militants-a-la-base-a-abomey#primaryimage","url":"https:\/\/static.africa-press.net\/benin\/sites\/46\/2022\/09\/postQueueImg_9-631e3fce08286.jpg","contentUrl":"https:\/\/static.africa-press.net\/benin\/sites\/46\/2022\/09\/postQueueImg_9-631e3fce08286.jpg","width":1024,"height":768,"caption":"Bloc R\u00e9publicain: Aladja Adoukonou mobilise les militants \u00e0 la base \u00e0 Abomey"},{"@type":"BreadcrumbList","@id":"https:\/\/www.africa-press.net\/benin\/politique\/bloc-republicain-aladja-adoukonou-mobilise-les-militants-a-la-base-a-abomey#breadcrumb","itemListElement":[{"@type":"ListItem","position":1,"name":"Accueil","item":"https:\/\/www.africa-press.net\/benin\/"},{"@type":"ListItem","position":2,"name":"Bloc R\u00e9publicain: Aladja Adoukonou mobilise les militants \u00e0 la base \u00e0 Abomey"}]},{"@type":"WebSite","@id":"https:\/\/www.africa-press.net\/benin\/#website","url":"https:\/\/www.africa-press.net\/benin\/","name":"B\u00e9nin","description":"Just another Africa News Agency Sites site","potentialAction":[{"@type":"SearchAction","target":{"@type":"EntryPoint","urlTemplate":"https:\/\/www.africa-press.net\/benin\/?s={search_term_string}"},"query-input":{"@type":"PropertyValueSpecification","valueRequired":true,"valueName":"search_term_string"}}],"inLanguage":"fr-FR"},{"@type":"Person","@id":"https:\/\/www.africa-press.net\/benin\/#\/schema\/person\/2b1cf3cd81a31e3cd26889ca66d677f1","name":"cfeditorfr"}]}},"_links":{"self":[{"href":"https:\/\/www.africa-press.net\/benin\/wp-json\/wp\/v2\/posts\/8846","targetHints":{"allow":["GET"]}}],"collection":[{"href":"https:\/\/www.africa-press.net\/benin\/wp-json\/wp\/v2\/posts"}],"about":[{"href":"https:\/\/www.africa-press.net\/benin\/wp-json\/wp\/v2\/types\/post"}],"author":[{"embeddable":true,"href":"https:\/\/www.africa-press.net\/benin\/wp-json\/wp\/v2\/users\/82"}],"replies":[{"embeddable":true,"href":"https:\/\/www.africa-press.net\/benin\/wp-json\/wp\/v2\/comments?post=8846"}],"version-history":[{"count":0,"href":"https:\/\/www.africa-press.net\/benin\/wp-json\/wp\/v2\/posts\/8846\/revisions"}],"wp:featuredmedia":[{"embeddable":true,"href":"https:\/\/www.africa-press.net\/benin\/wp-json\/wp\/v2\/media\/8845"}],"wp:attachment":[{"href":"https:\/\/www.africa-press.net\/benin\/wp-json\/wp\/v2\/media?parent=8846"}],"wp:term":[{"taxonomy":"category","embeddable":true,"href":"https:\/\/www.africa-press.net\/benin\/wp-json\/wp\/v2\/categories?post=8846"},{"taxonomy":"post_tag","embeddable":true,"href":"https:\/\/www.africa-press.net\/benin\/wp-json\/wp\/v2\/tags?post=8846"}],"curies":[{"name":"wp","href":"https:\/\/api.w.org\/{rel}","templated":true}]}}