{"id":10002,"date":"2021-04-15T13:27:33","date_gmt":"2021-04-15T13:27:33","guid":{"rendered":"https:\/\/www.africa-press.net\/burkina-faso\/?p=10002"},"modified":"2021-04-15T14:30:38","modified_gmt":"2021-04-15T14:30:38","slug":"burkina-faso-cap-sur-lautonomie-energetique-a-lhorizon-2025","status":"publish","type":"post","link":"https:\/\/www.africa-press.net\/burkina-faso\/politique\/burkina-faso-cap-sur-lautonomie-energetique-a-lhorizon-2025","title":{"rendered":"Cap sur l&rsquo;autonomie \u00e9nerg\u00e9tique \u00e0 l&rsquo;horizon 2025"},"content":{"rendered":"<p><span style=\"color: #ff6600\"><strong><a href=\"https:\/\/www.africa-press.net\/\">Africa-Press<\/a> &#8211; <a href=\"https:\/\/www.africa-press.net\/burkina-faso\">Burkina Faso<\/a>. <\/strong><\/span><b>Le minist\u00e8re de l\u2019Energie, des Mines et des Carri\u00e8res est d\u00e9termin\u00e9 \u00e0 parvenir \u00e0 une auto-suffisance \u00e9nerg\u00e9tique du Burkina, avec en ligne de mire, le solaire. C\u2019est dans cette d\u00e9termination que le premier responsable en charge de la question, Dr Bachir Isma\u00ebl Ou\u00e9draogo, a d\u00e9fendu devant l\u2019Assembl\u00e9e nationale trois projets de loi visant \u00e0 renforcer l\u2019offre \u00e9nerg\u00e9tique (solaire en particulier) au Burkina. C\u2019\u00e9tait ce mardi 13 avril 2021 \u00e0 l\u2019issue de laquelle pr\u00e9sentation, les textes ont \u00e9t\u00e9 adopt\u00e9s \u00e0 l\u2019unanimit\u00e9 des 123 d\u00e9put\u00e9s votant.<\/b><\/p>\n<p>Le premier projet porte sur le programme de financement de la politique de d\u00e9veloppement du commerce r\u00e9gional de l\u2019\u00e9nergie en Afrique de l\u2019Ouest-Burkina Faso. Il est financ\u00e9 par la Banque mondiale \u00e0 plus de 35 milliards FCFA.<br \/>\nSelon le premier responsable du d\u00e9partement, Dr Bachir Isma\u00ebl Ou\u00e9draogo, c\u2019est un projet de centrales \u00e0 vocation sous-r\u00e9gionale.<\/p>\n<p>\u00ab Dans le cadre du WAPP (syst\u00e8me d\u2019\u00e9changes d\u2019\u00e9nergie ouest africain), le Burkina Faso a \u00e9t\u00e9 identifi\u00e9 comme le pays qui a le meilleur ensoleillement en Afrique de l\u2019Ouest. Faisant du Burkina un potentiel en mati\u00e8re d\u2019\u00e9nergie solaire. C\u2019est dans ce cadre que la Banque mondiale et la CEDEAO ont d\u00e9cid\u00e9 d\u2019accompagner le Burkina Faso avec 300 m\u00e9gawatts solaires \u00e0 vocation sous-r\u00e9gionale \u00bb, situe le ministre.<\/p>\n<p>Quant aux deux autres projets de loi, ils sont relatifs au financement du programme \u00ab Yeleen \u00bb (lumi\u00e8re, en langue bambara), financ\u00e9 \u00e0 92 milliards FCFA par la Banque africaine de d\u00e9veloppement, l\u2019Agence fran\u00e7aise de d\u00e9veloppement et l\u2019Etat burkinab\u00e8, et qui couvre la p\u00e9riode allant de 2017 \u00e0 2025.<br \/>\nPar-l\u00e0, le gouvernement et ses partenaires visent \u00e0 augmenter l\u2019offre \u00e9nerg\u00e9tique, \u00e0 r\u00e9duire la d\u00e9pendance \u00e9nerg\u00e9tique du Burkina et \u00e0 faire baisser le co\u00fbt de production de l\u2019\u00e9lectricit\u00e9.<\/p>\n<p>Ces initiatives vont donc consister en la r\u00e9alisation de centrales solaires photovolta\u00efques dans les r\u00e9gions du Sahel (Dori), de l\u2019Est (Diapaga), du Centre (Ouagadougou) et du Sud-Ouest (Gaoua), en la densification et en l\u2019extension des r\u00e9seaux \u00e9lectriques de distribution MT\/BT au profit, principalement, des r\u00e9gions du Sahel, Nord, Centre-Nord, de l\u2019Est et des zones p\u00e9riph\u00e9riques ou p\u00e9ri-urbaines de Ouagadougou et de Bobo-Dioulasso.<\/p>\n<p>De ses explications et r\u00e9actions aux pr\u00e9occupations des d\u00e9put\u00e9s, le ministre Bachir Isma\u00ebl Ou\u00e9draogo a dress\u00e9 une cartographie expresse de la situation \u00e9nerg\u00e9tique au Burkina, les efforts consentis depuis 2016 avant de s\u2019attarder sur la vision du pr\u00e9sident du Faso (port\u00e9e par son d\u00e9partement) pour ce secteur strat\u00e9gique pour le d\u00e9veloppement socio-\u00e9conomique.<\/p>\n<p>Ainsi apprend-on qu\u2019\u00e0 ce jour, plus de 60% de la consommation en \u00e9lectricit\u00e9 du Burkina est import\u00e9e de la C\u00f4te d\u2019Ivoire et du Ghana. Si fait que d\u00e8s qu\u2019il y a coupure dans l\u2019un des pays, le Burkina est directement touch\u00e9. Une autre difficult\u00e9 relev\u00e9e par le ministre Bachir Isma\u00ebl Ou\u00e9draogo est relative \u00e0 la v\u00e9tust\u00e9 du mat\u00e9riel. Or, le temps minimum pour renouveler l\u2019\u00e9quipement est d\u2019au moins cinq ans, dit-il.<\/p>\n<p>\u00ab J\u2019ai effectu\u00e9 une visite r\u00e9cemment en C\u00f4te d\u2019Ivoire et au Ghana ; parce que depuis le d\u00e9but de l\u2019ann\u00e9e, la nuit, la C\u00f4te d\u2019Ivoire ne nous fournit que 30 m\u00e9gawatts et 50 m\u00e9gawatts la journ\u00e9e, alors que nous avons sign\u00e9 pour au moins 90 m\u00e9gawatts avec la C\u00f4te d\u2019Ivoire. Mais la nuit, au moment o\u00f9 nous avons le plus besoin d\u2019\u00e9lectricit\u00e9 avec la C\u00f4te d\u2019Ivoire, nous n\u2019avons que 30 m\u00e9gawatts. Nous nous sommes plaints, depuis trois ans, nous n\u2019avons en moyenne qu\u2019environ 56 m\u00e9gawatts avec la C\u00f4te d\u2019Ivoire pour un minimum de 90 m\u00e9gawatts \u00bb, a r\u00e9v\u00e9l\u00e9 le ministre Bachir Isma\u00ebl Ou\u00e9draogo, pour qui le Burkina est pourtant le meilleur payeur de la sous-r\u00e9gion en mati\u00e8re d\u2019\u00e9lectricit\u00e9. Une situation qui interpelle le pays \u00e0 miser davantage pour une autonomie \u00e9nerg\u00e9tique.<\/p>\n<p>D\u2019ailleurs, s\u2019appuyant sur les diff\u00e9rents projets, le ministre a affirm\u00e9 qu\u2019en 2025, le Burkina Faso va exporter de l\u2019\u00e9nergie. Cependant pr\u00e9cise-t-il qu\u2019exporter n\u2019implique pas que toutes les populations du pays soient \u00e0 l\u2019abri du besoin ; les pays fournisseurs d\u2019\u00e9lectricit\u00e9 (Ghana, C\u00f4te d\u2019Ivoire) au Burkina n\u2019ayant pas fait le plein pour leurs populations. \u00ab Mais ils (ces pays sus-cit\u00e9s) nous fournissent de l\u2019\u00e9lectricit\u00e9 \u00bb, pr\u00e9sente Dr Bachir Isma\u00ebl Ou\u00e9draogo, revenant sur l\u2019esprit du d\u00e9veloppement du commerce r\u00e9gional de l\u2019\u00e9nergie en Afrique de l\u2019Ouest et l\u2019avantage pour le Burkina de se positionner d\u00e9j\u00e0 comme pays exportateur en mati\u00e8re d\u2019\u00e9nergie solaire.<\/p>\n<p>\u00ab Cela va aussi permettre de r\u00e9duire le co\u00fbt du kilowattheure. (\u2026). Nous sommes en train de travailler \u00e0 tendre vers l\u2019auto-suffisance et la s\u00e9curisation \u00e9nerg\u00e9tiques \u00bb, rassure-t-il, se r\u00e9jouissant que l\u2019Assembl\u00e9e nationale ait donc donn\u00e9 quitus pour ces projets, notamment celui de centrales solaires avec \u00ab Yeleen \u00bb.<\/p>\n<p>Ce projet comporte un volet stockage, rel\u00e8ve-t-il. \u00ab \u00c7a (stockage), c\u2019est une premi\u00e8re dans la sous-r\u00e9gion, parce que nous allons avoir autour de dix m\u00e9gawatheures de stockage avec des batteries et je pense que \u00e7a conforte le Burkina dans sa position de leader et d\u2019innovation \u00bb, convainc-t-il, pr\u00e9cisant que ces projets vont b\u00e9n\u00e9ficier \u00e0 l\u2019ensemble des populations du Burkina, car le jus produit va \u00eatre inject\u00e9 dans le r\u00e9seau national. A l\u2019en croire, des m\u00e9canismes sont \u00e9galement en train d\u2019\u00eatre d\u00e9velopp\u00e9s pour la s\u00e9curit\u00e9 \u00e9nerg\u00e9tique.<\/p>\n<p>Selon Dr Bachir Isma\u00ebl Ou\u00e9draogo, l\u2019objectif du gouvernement, c\u2019est de passer de 45% des populations qui ont acc\u00e8s \u00e0 l\u2019\u00e9nergie en 2020 \u00e0 75% en g\u00e9n\u00e9ral en 2025 et en milieu rural, de 25 \u00e0 50%.<br \/>\nApr\u00e8s plus de cinq heures d\u2019\u00e9changes \u00e0 l\u2019h\u00e9micycle, l\u2019ensemble des projets a convaincu les d\u00e9put\u00e9s, qui les ont adopt\u00e9s \u00e0 l\u2019unanimit\u00e9 des 123 votants. Les repr\u00e9sentants du peuple estiment ainsi que ces projets contribueront \u00e0 renforcer l\u2019offre \u00e9nerg\u00e9tique au Burkina et \u00e0 r\u00e9duire \u00e9galement le co\u00fbt de l\u2019\u00e9lectricit\u00e9 pour les populations.<\/p>\n<p><b>\u00a0<\/b><\/p>\n","protected":false},"excerpt":{"rendered":"<p>Africa-Press &#8211; Burkina Faso. Le minist\u00e8re de l\u2019Energie, des Mines et des Carri\u00e8res est d\u00e9termin\u00e9 \u00e0 parvenir \u00e0 une auto-suffisance \u00e9nerg\u00e9tique du Burkina, avec en ligne de mire, le solaire. C\u2019est dans cette d\u00e9termination que le premier responsable en charge de la question, Dr Bachir Isma\u00ebl Ou\u00e9draogo, a d\u00e9fendu devant l\u2019Assembl\u00e9e nationale trois projets de [&hellip;]<\/p>\n","protected":false},"author":82,"featured_media":10001,"comment_status":"open","ping_status":"closed","sticky":false,"template":"","format":"standard","meta":{"footnotes":""},"categories":[11,2,10],"tags":[111,725,29],"class_list":["post-10002","post","type-post","status-publish","format-standard","has-post-thumbnail","hentry","category-homepage-french","category-politique","category-toutes-les-actualites","tag-africa-press","tag-africa-press-burkina-faso","tag-burkina-faso"],"yoast_head":"<!-- This site is optimized with the Yoast SEO Premium plugin v26.1 (Yoast SEO v27.0) - https:\/\/yoast.com\/product\/yoast-seo-premium-wordpress\/ -->\n<title>Cap sur l&#039;autonomie \u00e9nerg\u00e9tique \u00e0 l&#039;horizon 2025 - Burkina Faso<\/title>\n<meta name=\"description\" content=\"Le minist\u00e8re de l\u2019Energie, des Mines et des Carri\u00e8res est d\u00e9termin\u00e9 \u00e0 parvenir \u00e0 une auto-suffisance \u00e9nerg\u00e9tique du B ...\" \/>\n<meta name=\"robots\" content=\"index, follow, max-snippet:-1, max-image-preview:large, max-video-preview:-1\" \/>\n<link rel=\"canonical\" href=\"https:\/\/www.africa-press.net\/burkina-faso\/politique\/burkina-faso-cap-sur-lautonomie-energetique-a-lhorizon-2025\" \/>\n<meta property=\"og:locale\" content=\"fr_FR\" \/>\n<meta property=\"og:type\" content=\"article\" \/>\n<meta property=\"og:title\" content=\"Cap sur l&#039;autonomie \u00e9nerg\u00e9tique \u00e0 l&#039;horizon 2025\" \/>\n<meta property=\"og:description\" content=\"Le minist\u00e8re de l\u2019Energie, des Mines et des Carri\u00e8res est d\u00e9termin\u00e9 \u00e0 parvenir \u00e0 une auto-suffisance \u00e9nerg\u00e9tique du B ...\" \/>\n<meta property=\"og:url\" content=\"https:\/\/www.africa-press.net\/burkina-faso\/politique\/burkina-faso-cap-sur-lautonomie-energetique-a-lhorizon-2025\" \/>\n<meta property=\"og:site_name\" content=\"Burkina Faso\" \/>\n<meta property=\"article:published_time\" content=\"2021-04-15T13:27:33+00:00\" \/>\n<meta property=\"article:modified_time\" content=\"2021-04-15T14:30:38+00:00\" \/>\n<meta property=\"og:image\" content=\"https:\/\/static.africa-press.net\/burkina\/sites\/42\/2021\/04\/img-60783ac16fcd0.jpg\" \/>\n\t<meta property=\"og:image:width\" content=\"720\" \/>\n\t<meta property=\"og:image:height\" content=\"479\" \/>\n\t<meta property=\"og:image:type\" content=\"image\/jpeg\" \/>\n<meta name=\"author\" content=\"cfeditorfr\" \/>\n<meta name=\"twitter:card\" content=\"summary_large_image\" \/>\n<meta name=\"twitter:label1\" content=\"\u00c9crit par\" \/>\n\t<meta name=\"twitter:data1\" content=\"cfeditorfr\" \/>\n\t<meta name=\"twitter:label2\" content=\"Dur\u00e9e de lecture estim\u00e9e\" \/>\n\t<meta name=\"twitter:data2\" content=\"4 minutes\" \/>\n<script type=\"application\/ld+json\" class=\"yoast-schema-graph\">{\"@context\":\"https:\/\/schema.org\",\"@graph\":[{\"@type\":\"Article\",\"@id\":\"https:\/\/www.africa-press.net\/burkina-faso\/politique\/burkina-faso-cap-sur-lautonomie-energetique-a-lhorizon-2025#article\",\"isPartOf\":{\"@id\":\"https:\/\/www.africa-press.net\/burkina-faso\/politique\/burkina-faso-cap-sur-lautonomie-energetique-a-lhorizon-2025\"},\"author\":{\"name\":\"cfeditorfr\",\"@id\":\"https:\/\/www.africa-press.net\/burkina-faso\/#\/schema\/person\/2b1cf3cd81a31e3cd26889ca66d677f1\"},\"headline\":\"Cap sur l&rsquo;autonomie \u00e9nerg\u00e9tique \u00e0 l&rsquo;horizon 2025\",\"datePublished\":\"2021-04-15T13:27:33+00:00\",\"dateModified\":\"2021-04-15T14:30:38+00:00\",\"mainEntityOfPage\":{\"@id\":\"https:\/\/www.africa-press.net\/burkina-faso\/politique\/burkina-faso-cap-sur-lautonomie-energetique-a-lhorizon-2025\"},\"wordCount\":1068,\"commentCount\":0,\"image\":{\"@id\":\"https:\/\/www.africa-press.net\/burkina-faso\/politique\/burkina-faso-cap-sur-lautonomie-energetique-a-lhorizon-2025#primaryimage\"},\"thumbnailUrl\":\"https:\/\/static.africa-press.net\/burkina\/sites\/42\/2021\/04\/img-60783ac16fcd0.jpg\",\"keywords\":[\"Africa Press\",\"Africa Press-Burkina Faso\",\"Burkina Faso\"],\"articleSection\":[\"homepage-french\",\"Politique\",\"Toutes les actualit\u00e9s\"],\"inLanguage\":\"fr-FR\",\"potentialAction\":[{\"@type\":\"CommentAction\",\"name\":\"Comment\",\"target\":[\"https:\/\/www.africa-press.net\/burkina-faso\/politique\/burkina-faso-cap-sur-lautonomie-energetique-a-lhorizon-2025#respond\"]}]},{\"@type\":\"WebPage\",\"@id\":\"https:\/\/www.africa-press.net\/burkina-faso\/politique\/burkina-faso-cap-sur-lautonomie-energetique-a-lhorizon-2025\",\"url\":\"https:\/\/www.africa-press.net\/burkina-faso\/politique\/burkina-faso-cap-sur-lautonomie-energetique-a-lhorizon-2025\",\"name\":\"Cap sur l'autonomie \u00e9nerg\u00e9tique \u00e0 l'horizon 2025 - Burkina Faso\",\"isPartOf\":{\"@id\":\"https:\/\/www.africa-press.net\/burkina-faso\/#website\"},\"primaryImageOfPage\":{\"@id\":\"https:\/\/www.africa-press.net\/burkina-faso\/politique\/burkina-faso-cap-sur-lautonomie-energetique-a-lhorizon-2025#primaryimage\"},\"image\":{\"@id\":\"https:\/\/www.africa-press.net\/burkina-faso\/politique\/burkina-faso-cap-sur-lautonomie-energetique-a-lhorizon-2025#primaryimage\"},\"thumbnailUrl\":\"https:\/\/static.africa-press.net\/burkina\/sites\/42\/2021\/04\/img-60783ac16fcd0.jpg\",\"datePublished\":\"2021-04-15T13:27:33+00:00\",\"dateModified\":\"2021-04-15T14:30:38+00:00\",\"author\":{\"@id\":\"https:\/\/www.africa-press.net\/burkina-faso\/#\/schema\/person\/2b1cf3cd81a31e3cd26889ca66d677f1\"},\"description\":\"Le minist\u00e8re de l\u2019Energie, des Mines et des Carri\u00e8res est d\u00e9termin\u00e9 \u00e0 parvenir \u00e0 une auto-suffisance \u00e9nerg\u00e9tique du B ...\",\"breadcrumb\":{\"@id\":\"https:\/\/www.africa-press.net\/burkina-faso\/politique\/burkina-faso-cap-sur-lautonomie-energetique-a-lhorizon-2025#breadcrumb\"},\"inLanguage\":\"fr-FR\",\"potentialAction\":[{\"@type\":\"ReadAction\",\"target\":[\"https:\/\/www.africa-press.net\/burkina-faso\/politique\/burkina-faso-cap-sur-lautonomie-energetique-a-lhorizon-2025\"]}]},{\"@type\":\"ImageObject\",\"inLanguage\":\"fr-FR\",\"@id\":\"https:\/\/www.africa-press.net\/burkina-faso\/politique\/burkina-faso-cap-sur-lautonomie-energetique-a-lhorizon-2025#primaryimage\",\"url\":\"https:\/\/static.africa-press.net\/burkina\/sites\/42\/2021\/04\/img-60783ac16fcd0.jpg\",\"contentUrl\":\"https:\/\/static.africa-press.net\/burkina\/sites\/42\/2021\/04\/img-60783ac16fcd0.jpg\",\"width\":720,\"height\":479,\"caption\":\"Burkina Faso : Cap sur l'autonomie \u00e9nerg\u00e9tique \u00e0 l'horizon 2025\"},{\"@type\":\"BreadcrumbList\",\"@id\":\"https:\/\/www.africa-press.net\/burkina-faso\/politique\/burkina-faso-cap-sur-lautonomie-energetique-a-lhorizon-2025#breadcrumb\",\"itemListElement\":[{\"@type\":\"ListItem\",\"position\":1,\"name\":\"Accueil\",\"item\":\"https:\/\/www.africa-press.net\/burkina-faso\/\"},{\"@type\":\"ListItem\",\"position\":2,\"name\":\"Cap sur l&#8217;autonomie \u00e9nerg\u00e9tique \u00e0 l&#8217;horizon 2025\"}]},{\"@type\":\"WebSite\",\"@id\":\"https:\/\/www.africa-press.net\/burkina-faso\/#website\",\"url\":\"https:\/\/www.africa-press.net\/burkina-faso\/\",\"name\":\"Burkina Faso\",\"description\":\"Just another Africa News Agency Sites site\",\"potentialAction\":[{\"@type\":\"SearchAction\",\"target\":{\"@type\":\"EntryPoint\",\"urlTemplate\":\"https:\/\/www.africa-press.net\/burkina-faso\/?s={search_term_string}\"},\"query-input\":{\"@type\":\"PropertyValueSpecification\",\"valueRequired\":true,\"valueName\":\"search_term_string\"}}],\"inLanguage\":\"fr-FR\"},{\"@type\":\"Person\",\"@id\":\"https:\/\/www.africa-press.net\/burkina-faso\/#\/schema\/person\/2b1cf3cd81a31e3cd26889ca66d677f1\",\"name\":\"cfeditorfr\"}]}<\/script>\n<!-- \/ Yoast SEO Premium plugin. -->","yoast_head_json":{"title":"Cap sur l'autonomie \u00e9nerg\u00e9tique \u00e0 l'horizon 2025 - Burkina Faso","description":"Le minist\u00e8re de l\u2019Energie, des Mines et des Carri\u00e8res est d\u00e9termin\u00e9 \u00e0 parvenir \u00e0 une auto-suffisance \u00e9nerg\u00e9tique du B ...","robots":{"index":"index","follow":"follow","max-snippet":"max-snippet:-1","max-image-preview":"max-image-preview:large","max-video-preview":"max-video-preview:-1"},"canonical":"https:\/\/www.africa-press.net\/burkina-faso\/politique\/burkina-faso-cap-sur-lautonomie-energetique-a-lhorizon-2025","og_locale":"fr_FR","og_type":"article","og_title":"Cap sur l'autonomie \u00e9nerg\u00e9tique \u00e0 l'horizon 2025","og_description":"Le minist\u00e8re de l\u2019Energie, des Mines et des Carri\u00e8res est d\u00e9termin\u00e9 \u00e0 parvenir \u00e0 une auto-suffisance \u00e9nerg\u00e9tique du B ...","og_url":"https:\/\/www.africa-press.net\/burkina-faso\/politique\/burkina-faso-cap-sur-lautonomie-energetique-a-lhorizon-2025","og_site_name":"Burkina Faso","article_published_time":"2021-04-15T13:27:33+00:00","article_modified_time":"2021-04-15T14:30:38+00:00","og_image":[{"width":720,"height":479,"url":"https:\/\/static.africa-press.net\/burkina\/sites\/42\/2021\/04\/img-60783ac16fcd0.jpg","type":"image\/jpeg"}],"author":"cfeditorfr","twitter_card":"summary_large_image","twitter_misc":{"\u00c9crit par":"cfeditorfr","Dur\u00e9e de lecture estim\u00e9e":"4 minutes"},"schema":{"@context":"https:\/\/schema.org","@graph":[{"@type":"Article","@id":"https:\/\/www.africa-press.net\/burkina-faso\/politique\/burkina-faso-cap-sur-lautonomie-energetique-a-lhorizon-2025#article","isPartOf":{"@id":"https:\/\/www.africa-press.net\/burkina-faso\/politique\/burkina-faso-cap-sur-lautonomie-energetique-a-lhorizon-2025"},"author":{"name":"cfeditorfr","@id":"https:\/\/www.africa-press.net\/burkina-faso\/#\/schema\/person\/2b1cf3cd81a31e3cd26889ca66d677f1"},"headline":"Cap sur l&rsquo;autonomie \u00e9nerg\u00e9tique \u00e0 l&rsquo;horizon 2025","datePublished":"2021-04-15T13:27:33+00:00","dateModified":"2021-04-15T14:30:38+00:00","mainEntityOfPage":{"@id":"https:\/\/www.africa-press.net\/burkina-faso\/politique\/burkina-faso-cap-sur-lautonomie-energetique-a-lhorizon-2025"},"wordCount":1068,"commentCount":0,"image":{"@id":"https:\/\/www.africa-press.net\/burkina-faso\/politique\/burkina-faso-cap-sur-lautonomie-energetique-a-lhorizon-2025#primaryimage"},"thumbnailUrl":"https:\/\/static.africa-press.net\/burkina\/sites\/42\/2021\/04\/img-60783ac16fcd0.jpg","keywords":["Africa Press","Africa Press-Burkina Faso","Burkina Faso"],"articleSection":["homepage-french","Politique","Toutes les actualit\u00e9s"],"inLanguage":"fr-FR","potentialAction":[{"@type":"CommentAction","name":"Comment","target":["https:\/\/www.africa-press.net\/burkina-faso\/politique\/burkina-faso-cap-sur-lautonomie-energetique-a-lhorizon-2025#respond"]}]},{"@type":"WebPage","@id":"https:\/\/www.africa-press.net\/burkina-faso\/politique\/burkina-faso-cap-sur-lautonomie-energetique-a-lhorizon-2025","url":"https:\/\/www.africa-press.net\/burkina-faso\/politique\/burkina-faso-cap-sur-lautonomie-energetique-a-lhorizon-2025","name":"Cap sur l'autonomie \u00e9nerg\u00e9tique \u00e0 l'horizon 2025 - Burkina Faso","isPartOf":{"@id":"https:\/\/www.africa-press.net\/burkina-faso\/#website"},"primaryImageOfPage":{"@id":"https:\/\/www.africa-press.net\/burkina-faso\/politique\/burkina-faso-cap-sur-lautonomie-energetique-a-lhorizon-2025#primaryimage"},"image":{"@id":"https:\/\/www.africa-press.net\/burkina-faso\/politique\/burkina-faso-cap-sur-lautonomie-energetique-a-lhorizon-2025#primaryimage"},"thumbnailUrl":"https:\/\/static.africa-press.net\/burkina\/sites\/42\/2021\/04\/img-60783ac16fcd0.jpg","datePublished":"2021-04-15T13:27:33+00:00","dateModified":"2021-04-15T14:30:38+00:00","author":{"@id":"https:\/\/www.africa-press.net\/burkina-faso\/#\/schema\/person\/2b1cf3cd81a31e3cd26889ca66d677f1"},"description":"Le minist\u00e8re de l\u2019Energie, des Mines et des Carri\u00e8res est d\u00e9termin\u00e9 \u00e0 parvenir \u00e0 une auto-suffisance \u00e9nerg\u00e9tique du B ...","breadcrumb":{"@id":"https:\/\/www.africa-press.net\/burkina-faso\/politique\/burkina-faso-cap-sur-lautonomie-energetique-a-lhorizon-2025#breadcrumb"},"inLanguage":"fr-FR","potentialAction":[{"@type":"ReadAction","target":["https:\/\/www.africa-press.net\/burkina-faso\/politique\/burkina-faso-cap-sur-lautonomie-energetique-a-lhorizon-2025"]}]},{"@type":"ImageObject","inLanguage":"fr-FR","@id":"https:\/\/www.africa-press.net\/burkina-faso\/politique\/burkina-faso-cap-sur-lautonomie-energetique-a-lhorizon-2025#primaryimage","url":"https:\/\/static.africa-press.net\/burkina\/sites\/42\/2021\/04\/img-60783ac16fcd0.jpg","contentUrl":"https:\/\/static.africa-press.net\/burkina\/sites\/42\/2021\/04\/img-60783ac16fcd0.jpg","width":720,"height":479,"caption":"Burkina Faso : Cap sur l'autonomie \u00e9nerg\u00e9tique \u00e0 l'horizon 2025"},{"@type":"BreadcrumbList","@id":"https:\/\/www.africa-press.net\/burkina-faso\/politique\/burkina-faso-cap-sur-lautonomie-energetique-a-lhorizon-2025#breadcrumb","itemListElement":[{"@type":"ListItem","position":1,"name":"Accueil","item":"https:\/\/www.africa-press.net\/burkina-faso\/"},{"@type":"ListItem","position":2,"name":"Cap sur l&#8217;autonomie \u00e9nerg\u00e9tique \u00e0 l&#8217;horizon 2025"}]},{"@type":"WebSite","@id":"https:\/\/www.africa-press.net\/burkina-faso\/#website","url":"https:\/\/www.africa-press.net\/burkina-faso\/","name":"Burkina Faso","description":"Just another Africa News Agency Sites site","potentialAction":[{"@type":"SearchAction","target":{"@type":"EntryPoint","urlTemplate":"https:\/\/www.africa-press.net\/burkina-faso\/?s={search_term_string}"},"query-input":{"@type":"PropertyValueSpecification","valueRequired":true,"valueName":"search_term_string"}}],"inLanguage":"fr-FR"},{"@type":"Person","@id":"https:\/\/www.africa-press.net\/burkina-faso\/#\/schema\/person\/2b1cf3cd81a31e3cd26889ca66d677f1","name":"cfeditorfr"}]}},"_links":{"self":[{"href":"https:\/\/www.africa-press.net\/burkina-faso\/wp-json\/wp\/v2\/posts\/10002","targetHints":{"allow":["GET"]}}],"collection":[{"href":"https:\/\/www.africa-press.net\/burkina-faso\/wp-json\/wp\/v2\/posts"}],"about":[{"href":"https:\/\/www.africa-press.net\/burkina-faso\/wp-json\/wp\/v2\/types\/post"}],"author":[{"embeddable":true,"href":"https:\/\/www.africa-press.net\/burkina-faso\/wp-json\/wp\/v2\/users\/82"}],"replies":[{"embeddable":true,"href":"https:\/\/www.africa-press.net\/burkina-faso\/wp-json\/wp\/v2\/comments?post=10002"}],"version-history":[{"count":0,"href":"https:\/\/www.africa-press.net\/burkina-faso\/wp-json\/wp\/v2\/posts\/10002\/revisions"}],"wp:featuredmedia":[{"embeddable":true,"href":"https:\/\/www.africa-press.net\/burkina-faso\/wp-json\/wp\/v2\/media\/10001"}],"wp:attachment":[{"href":"https:\/\/www.africa-press.net\/burkina-faso\/wp-json\/wp\/v2\/media?parent=10002"}],"wp:term":[{"taxonomy":"category","embeddable":true,"href":"https:\/\/www.africa-press.net\/burkina-faso\/wp-json\/wp\/v2\/categories?post=10002"},{"taxonomy":"post_tag","embeddable":true,"href":"https:\/\/www.africa-press.net\/burkina-faso\/wp-json\/wp\/v2\/tags?post=10002"}],"curies":[{"name":"wp","href":"https:\/\/api.w.org\/{rel}","templated":true}]}}