{"id":10005,"date":"2021-04-15T13:32:23","date_gmt":"2021-04-15T13:32:23","guid":{"rendered":"https:\/\/www.africa-press.net\/burkina-faso\/?p=10005"},"modified":"2021-04-15T14:30:46","modified_gmt":"2021-04-15T14:30:46","slug":"investiture-de-denis-sassou-nguesso-le-president-du-faso-a-brazzaville","status":"publish","type":"post","link":"https:\/\/www.africa-press.net\/burkina-faso\/politique\/investiture-de-denis-sassou-nguesso-le-president-du-faso-a-brazzaville","title":{"rendered":"Investiture de Denis Sassou Nguesso : le pr\u00e9sident du Faso \u00e0 Brazzaville"},"content":{"rendered":"<p><span style=\"color: #ff6600\"><strong><a href=\"https:\/\/www.africa-press.net\/\">Africa-Press<\/a> &#8211; <a href=\"https:\/\/www.africa-press.net\/burkina-faso\">Burkina Faso<\/a>. <\/strong><\/span>\u00a0Le pr\u00e9sident du Faso, Roch Marc Christian Kabor\u00e9 a quitt\u00e9 Ouagadougou ce matin pour Brazzaville au Congo, o\u00f9 il assistera demain vendredi \u00e0 la c\u00e9r\u00e9monie d\u2019investiture du pr\u00e9sident Denis Sassou Nguesso.<\/p>\n<p>R\u00e9\u00e9lu \u00e0 l\u2019issue de l\u2019\u00e9lection pr\u00e9sidentielle du 21 mars dernier, Denis Sassou Nguesso va pr\u00eater serment devant la cour constitutionnelle pour un nouveau mandat de 5 ans. Direction de la communication de la pr\u00e9sidence du Faso<\/p>\n","protected":false},"excerpt":{"rendered":"<p>Africa-Press &#8211; Burkina Faso. \u00a0Le pr\u00e9sident du Faso, Roch Marc Christian Kabor\u00e9 a quitt\u00e9 Ouagadougou ce matin pour Brazzaville au Congo, o\u00f9 il assistera demain vendredi \u00e0 la c\u00e9r\u00e9monie d\u2019investiture du pr\u00e9sident Denis Sassou Nguesso. R\u00e9\u00e9lu \u00e0 l\u2019issue de l\u2019\u00e9lection pr\u00e9sidentielle du 21 mars dernier, Denis Sassou Nguesso va pr\u00eater serment devant la cour constitutionnelle [&hellip;]<\/p>\n","protected":false},"author":82,"featured_media":10004,"comment_status":"open","ping_status":"closed","sticky":false,"template":"","format":"standard","meta":{"footnotes":""},"categories":[11,2,10],"tags":[111,725,29],"class_list":["post-10005","post","type-post","status-publish","format-standard","has-post-thumbnail","hentry","category-homepage-french","category-politique","category-toutes-les-actualites","tag-africa-press","tag-africa-press-burkina-faso","tag-burkina-faso"],"yoast_head":"<!-- This site is optimized with the Yoast SEO Premium plugin v26.1 (Yoast SEO v27.0) - https:\/\/yoast.com\/product\/yoast-seo-premium-wordpress\/ -->\n<title>Investiture de Denis Sassou Nguesso : le pr\u00e9sident du Faso \u00e0 Brazzaville - Burkina Faso<\/title>\n<meta name=\"description\" content=\"(Ouagadougou, 15 avril 2021). Le pr\u00e9sident du Faso, Roch Marc Christian Kabor\u00e9 a quitt\u00e9 Ouagadougou ce matin pour Brazza ...\" \/>\n<meta name=\"robots\" content=\"index, follow, max-snippet:-1, max-image-preview:large, max-video-preview:-1\" \/>\n<link rel=\"canonical\" href=\"https:\/\/www.africa-press.net\/burkina-faso\/politique\/investiture-de-denis-sassou-nguesso-le-president-du-faso-a-brazzaville\" \/>\n<meta property=\"og:locale\" content=\"fr_FR\" \/>\n<meta property=\"og:type\" content=\"article\" \/>\n<meta property=\"og:title\" content=\"Investiture de Denis Sassou Nguesso : le pr\u00e9sident du Faso \u00e0 Brazzaville\" \/>\n<meta property=\"og:description\" content=\"(Ouagadougou, 15 avril 2021). Le pr\u00e9sident du Faso, Roch Marc Christian Kabor\u00e9 a quitt\u00e9 Ouagadougou ce matin pour Brazza ...\" \/>\n<meta property=\"og:url\" content=\"https:\/\/www.africa-press.net\/burkina-faso\/politique\/investiture-de-denis-sassou-nguesso-le-president-du-faso-a-brazzaville\" \/>\n<meta property=\"og:site_name\" content=\"Burkina Faso\" \/>\n<meta property=\"article:published_time\" content=\"2021-04-15T13:32:23+00:00\" \/>\n<meta property=\"article:modified_time\" content=\"2021-04-15T14:30:46+00:00\" \/>\n<meta property=\"og:image\" content=\"https:\/\/static.africa-press.net\/burkina\/sites\/42\/2021\/04\/img-60783af308a4b.jpg\" \/>\n\t<meta property=\"og:image:width\" content=\"720\" \/>\n\t<meta property=\"og:image:height\" content=\"503\" \/>\n\t<meta property=\"og:image:type\" content=\"image\/jpeg\" \/>\n<meta name=\"author\" content=\"cfeditorfr\" \/>\n<meta name=\"twitter:card\" content=\"summary_large_image\" \/>\n<meta name=\"twitter:label1\" content=\"\u00c9crit par\" \/>\n\t<meta name=\"twitter:data1\" content=\"cfeditorfr\" \/>\n\t<meta name=\"twitter:label2\" content=\"Dur\u00e9e de lecture estim\u00e9e\" \/>\n\t<meta name=\"twitter:data2\" content=\"1 minute\" \/>\n<script type=\"application\/ld+json\" class=\"yoast-schema-graph\">{\"@context\":\"https:\/\/schema.org\",\"@graph\":[{\"@type\":\"Article\",\"@id\":\"https:\/\/www.africa-press.net\/burkina-faso\/politique\/investiture-de-denis-sassou-nguesso-le-president-du-faso-a-brazzaville#article\",\"isPartOf\":{\"@id\":\"https:\/\/www.africa-press.net\/burkina-faso\/politique\/investiture-de-denis-sassou-nguesso-le-president-du-faso-a-brazzaville\"},\"author\":{\"name\":\"cfeditorfr\",\"@id\":\"https:\/\/www.africa-press.net\/burkina-faso\/#\/schema\/person\/2b1cf3cd81a31e3cd26889ca66d677f1\"},\"headline\":\"Investiture de Denis Sassou Nguesso : le pr\u00e9sident du Faso \u00e0 Brazzaville\",\"datePublished\":\"2021-04-15T13:32:23+00:00\",\"dateModified\":\"2021-04-15T14:30:46+00:00\",\"mainEntityOfPage\":{\"@id\":\"https:\/\/www.africa-press.net\/burkina-faso\/politique\/investiture-de-denis-sassou-nguesso-le-president-du-faso-a-brazzaville\"},\"wordCount\":89,\"commentCount\":0,\"image\":{\"@id\":\"https:\/\/www.africa-press.net\/burkina-faso\/politique\/investiture-de-denis-sassou-nguesso-le-president-du-faso-a-brazzaville#primaryimage\"},\"thumbnailUrl\":\"https:\/\/static.africa-press.net\/burkina\/sites\/42\/2021\/04\/img-60783af308a4b.jpg\",\"keywords\":[\"Africa Press\",\"Africa Press-Burkina Faso\",\"Burkina Faso\"],\"articleSection\":[\"homepage-french\",\"Politique\",\"Toutes les actualit\u00e9s\"],\"inLanguage\":\"fr-FR\",\"potentialAction\":[{\"@type\":\"CommentAction\",\"name\":\"Comment\",\"target\":[\"https:\/\/www.africa-press.net\/burkina-faso\/politique\/investiture-de-denis-sassou-nguesso-le-president-du-faso-a-brazzaville#respond\"]}]},{\"@type\":\"WebPage\",\"@id\":\"https:\/\/www.africa-press.net\/burkina-faso\/politique\/investiture-de-denis-sassou-nguesso-le-president-du-faso-a-brazzaville\",\"url\":\"https:\/\/www.africa-press.net\/burkina-faso\/politique\/investiture-de-denis-sassou-nguesso-le-president-du-faso-a-brazzaville\",\"name\":\"Investiture de Denis Sassou Nguesso : le pr\u00e9sident du Faso \u00e0 Brazzaville - Burkina Faso\",\"isPartOf\":{\"@id\":\"https:\/\/www.africa-press.net\/burkina-faso\/#website\"},\"primaryImageOfPage\":{\"@id\":\"https:\/\/www.africa-press.net\/burkina-faso\/politique\/investiture-de-denis-sassou-nguesso-le-president-du-faso-a-brazzaville#primaryimage\"},\"image\":{\"@id\":\"https:\/\/www.africa-press.net\/burkina-faso\/politique\/investiture-de-denis-sassou-nguesso-le-president-du-faso-a-brazzaville#primaryimage\"},\"thumbnailUrl\":\"https:\/\/static.africa-press.net\/burkina\/sites\/42\/2021\/04\/img-60783af308a4b.jpg\",\"datePublished\":\"2021-04-15T13:32:23+00:00\",\"dateModified\":\"2021-04-15T14:30:46+00:00\",\"author\":{\"@id\":\"https:\/\/www.africa-press.net\/burkina-faso\/#\/schema\/person\/2b1cf3cd81a31e3cd26889ca66d677f1\"},\"description\":\"(Ouagadougou, 15 avril 2021). Le pr\u00e9sident du Faso, Roch Marc Christian Kabor\u00e9 a quitt\u00e9 Ouagadougou ce matin pour Brazza ...\",\"breadcrumb\":{\"@id\":\"https:\/\/www.africa-press.net\/burkina-faso\/politique\/investiture-de-denis-sassou-nguesso-le-president-du-faso-a-brazzaville#breadcrumb\"},\"inLanguage\":\"fr-FR\",\"potentialAction\":[{\"@type\":\"ReadAction\",\"target\":[\"https:\/\/www.africa-press.net\/burkina-faso\/politique\/investiture-de-denis-sassou-nguesso-le-president-du-faso-a-brazzaville\"]}]},{\"@type\":\"ImageObject\",\"inLanguage\":\"fr-FR\",\"@id\":\"https:\/\/www.africa-press.net\/burkina-faso\/politique\/investiture-de-denis-sassou-nguesso-le-president-du-faso-a-brazzaville#primaryimage\",\"url\":\"https:\/\/static.africa-press.net\/burkina\/sites\/42\/2021\/04\/img-60783af308a4b.jpg\",\"contentUrl\":\"https:\/\/static.africa-press.net\/burkina\/sites\/42\/2021\/04\/img-60783af308a4b.jpg\",\"width\":720,\"height\":503,\"caption\":\"Investiture de Denis Sassou Nguesso : le pr\u00e9sident du Faso \u00e0 Brazzaville\"},{\"@type\":\"BreadcrumbList\",\"@id\":\"https:\/\/www.africa-press.net\/burkina-faso\/politique\/investiture-de-denis-sassou-nguesso-le-president-du-faso-a-brazzaville#breadcrumb\",\"itemListElement\":[{\"@type\":\"ListItem\",\"position\":1,\"name\":\"Accueil\",\"item\":\"https:\/\/www.africa-press.net\/burkina-faso\/\"},{\"@type\":\"ListItem\",\"position\":2,\"name\":\"Investiture de Denis Sassou Nguesso : le pr\u00e9sident du Faso \u00e0 Brazzaville\"}]},{\"@type\":\"WebSite\",\"@id\":\"https:\/\/www.africa-press.net\/burkina-faso\/#website\",\"url\":\"https:\/\/www.africa-press.net\/burkina-faso\/\",\"name\":\"Burkina Faso\",\"description\":\"Just another Africa News Agency Sites site\",\"potentialAction\":[{\"@type\":\"SearchAction\",\"target\":{\"@type\":\"EntryPoint\",\"urlTemplate\":\"https:\/\/www.africa-press.net\/burkina-faso\/?s={search_term_string}\"},\"query-input\":{\"@type\":\"PropertyValueSpecification\",\"valueRequired\":true,\"valueName\":\"search_term_string\"}}],\"inLanguage\":\"fr-FR\"},{\"@type\":\"Person\",\"@id\":\"https:\/\/www.africa-press.net\/burkina-faso\/#\/schema\/person\/2b1cf3cd81a31e3cd26889ca66d677f1\",\"name\":\"cfeditorfr\"}]}<\/script>\n<!-- \/ Yoast SEO Premium plugin. -->","yoast_head_json":{"title":"Investiture de Denis Sassou Nguesso : le pr\u00e9sident du Faso \u00e0 Brazzaville - Burkina Faso","description":"(Ouagadougou, 15 avril 2021). Le pr\u00e9sident du Faso, Roch Marc Christian Kabor\u00e9 a quitt\u00e9 Ouagadougou ce matin pour Brazza ...","robots":{"index":"index","follow":"follow","max-snippet":"max-snippet:-1","max-image-preview":"max-image-preview:large","max-video-preview":"max-video-preview:-1"},"canonical":"https:\/\/www.africa-press.net\/burkina-faso\/politique\/investiture-de-denis-sassou-nguesso-le-president-du-faso-a-brazzaville","og_locale":"fr_FR","og_type":"article","og_title":"Investiture de Denis Sassou Nguesso : le pr\u00e9sident du Faso \u00e0 Brazzaville","og_description":"(Ouagadougou, 15 avril 2021). Le pr\u00e9sident du Faso, Roch Marc Christian Kabor\u00e9 a quitt\u00e9 Ouagadougou ce matin pour Brazza ...","og_url":"https:\/\/www.africa-press.net\/burkina-faso\/politique\/investiture-de-denis-sassou-nguesso-le-president-du-faso-a-brazzaville","og_site_name":"Burkina Faso","article_published_time":"2021-04-15T13:32:23+00:00","article_modified_time":"2021-04-15T14:30:46+00:00","og_image":[{"width":720,"height":503,"url":"https:\/\/static.africa-press.net\/burkina\/sites\/42\/2021\/04\/img-60783af308a4b.jpg","type":"image\/jpeg"}],"author":"cfeditorfr","twitter_card":"summary_large_image","twitter_misc":{"\u00c9crit par":"cfeditorfr","Dur\u00e9e de lecture estim\u00e9e":"1 minute"},"schema":{"@context":"https:\/\/schema.org","@graph":[{"@type":"Article","@id":"https:\/\/www.africa-press.net\/burkina-faso\/politique\/investiture-de-denis-sassou-nguesso-le-president-du-faso-a-brazzaville#article","isPartOf":{"@id":"https:\/\/www.africa-press.net\/burkina-faso\/politique\/investiture-de-denis-sassou-nguesso-le-president-du-faso-a-brazzaville"},"author":{"name":"cfeditorfr","@id":"https:\/\/www.africa-press.net\/burkina-faso\/#\/schema\/person\/2b1cf3cd81a31e3cd26889ca66d677f1"},"headline":"Investiture de Denis Sassou Nguesso : le pr\u00e9sident du Faso \u00e0 Brazzaville","datePublished":"2021-04-15T13:32:23+00:00","dateModified":"2021-04-15T14:30:46+00:00","mainEntityOfPage":{"@id":"https:\/\/www.africa-press.net\/burkina-faso\/politique\/investiture-de-denis-sassou-nguesso-le-president-du-faso-a-brazzaville"},"wordCount":89,"commentCount":0,"image":{"@id":"https:\/\/www.africa-press.net\/burkina-faso\/politique\/investiture-de-denis-sassou-nguesso-le-president-du-faso-a-brazzaville#primaryimage"},"thumbnailUrl":"https:\/\/static.africa-press.net\/burkina\/sites\/42\/2021\/04\/img-60783af308a4b.jpg","keywords":["Africa Press","Africa Press-Burkina Faso","Burkina Faso"],"articleSection":["homepage-french","Politique","Toutes les actualit\u00e9s"],"inLanguage":"fr-FR","potentialAction":[{"@type":"CommentAction","name":"Comment","target":["https:\/\/www.africa-press.net\/burkina-faso\/politique\/investiture-de-denis-sassou-nguesso-le-president-du-faso-a-brazzaville#respond"]}]},{"@type":"WebPage","@id":"https:\/\/www.africa-press.net\/burkina-faso\/politique\/investiture-de-denis-sassou-nguesso-le-president-du-faso-a-brazzaville","url":"https:\/\/www.africa-press.net\/burkina-faso\/politique\/investiture-de-denis-sassou-nguesso-le-president-du-faso-a-brazzaville","name":"Investiture de Denis Sassou Nguesso : le pr\u00e9sident du Faso \u00e0 Brazzaville - Burkina Faso","isPartOf":{"@id":"https:\/\/www.africa-press.net\/burkina-faso\/#website"},"primaryImageOfPage":{"@id":"https:\/\/www.africa-press.net\/burkina-faso\/politique\/investiture-de-denis-sassou-nguesso-le-president-du-faso-a-brazzaville#primaryimage"},"image":{"@id":"https:\/\/www.africa-press.net\/burkina-faso\/politique\/investiture-de-denis-sassou-nguesso-le-president-du-faso-a-brazzaville#primaryimage"},"thumbnailUrl":"https:\/\/static.africa-press.net\/burkina\/sites\/42\/2021\/04\/img-60783af308a4b.jpg","datePublished":"2021-04-15T13:32:23+00:00","dateModified":"2021-04-15T14:30:46+00:00","author":{"@id":"https:\/\/www.africa-press.net\/burkina-faso\/#\/schema\/person\/2b1cf3cd81a31e3cd26889ca66d677f1"},"description":"(Ouagadougou, 15 avril 2021). Le pr\u00e9sident du Faso, Roch Marc Christian Kabor\u00e9 a quitt\u00e9 Ouagadougou ce matin pour Brazza ...","breadcrumb":{"@id":"https:\/\/www.africa-press.net\/burkina-faso\/politique\/investiture-de-denis-sassou-nguesso-le-president-du-faso-a-brazzaville#breadcrumb"},"inLanguage":"fr-FR","potentialAction":[{"@type":"ReadAction","target":["https:\/\/www.africa-press.net\/burkina-faso\/politique\/investiture-de-denis-sassou-nguesso-le-president-du-faso-a-brazzaville"]}]},{"@type":"ImageObject","inLanguage":"fr-FR","@id":"https:\/\/www.africa-press.net\/burkina-faso\/politique\/investiture-de-denis-sassou-nguesso-le-president-du-faso-a-brazzaville#primaryimage","url":"https:\/\/static.africa-press.net\/burkina\/sites\/42\/2021\/04\/img-60783af308a4b.jpg","contentUrl":"https:\/\/static.africa-press.net\/burkina\/sites\/42\/2021\/04\/img-60783af308a4b.jpg","width":720,"height":503,"caption":"Investiture de Denis Sassou Nguesso : le pr\u00e9sident du Faso \u00e0 Brazzaville"},{"@type":"BreadcrumbList","@id":"https:\/\/www.africa-press.net\/burkina-faso\/politique\/investiture-de-denis-sassou-nguesso-le-president-du-faso-a-brazzaville#breadcrumb","itemListElement":[{"@type":"ListItem","position":1,"name":"Accueil","item":"https:\/\/www.africa-press.net\/burkina-faso\/"},{"@type":"ListItem","position":2,"name":"Investiture de Denis Sassou Nguesso : le pr\u00e9sident du Faso \u00e0 Brazzaville"}]},{"@type":"WebSite","@id":"https:\/\/www.africa-press.net\/burkina-faso\/#website","url":"https:\/\/www.africa-press.net\/burkina-faso\/","name":"Burkina Faso","description":"Just another Africa News Agency Sites site","potentialAction":[{"@type":"SearchAction","target":{"@type":"EntryPoint","urlTemplate":"https:\/\/www.africa-press.net\/burkina-faso\/?s={search_term_string}"},"query-input":{"@type":"PropertyValueSpecification","valueRequired":true,"valueName":"search_term_string"}}],"inLanguage":"fr-FR"},{"@type":"Person","@id":"https:\/\/www.africa-press.net\/burkina-faso\/#\/schema\/person\/2b1cf3cd81a31e3cd26889ca66d677f1","name":"cfeditorfr"}]}},"_links":{"self":[{"href":"https:\/\/www.africa-press.net\/burkina-faso\/wp-json\/wp\/v2\/posts\/10005","targetHints":{"allow":["GET"]}}],"collection":[{"href":"https:\/\/www.africa-press.net\/burkina-faso\/wp-json\/wp\/v2\/posts"}],"about":[{"href":"https:\/\/www.africa-press.net\/burkina-faso\/wp-json\/wp\/v2\/types\/post"}],"author":[{"embeddable":true,"href":"https:\/\/www.africa-press.net\/burkina-faso\/wp-json\/wp\/v2\/users\/82"}],"replies":[{"embeddable":true,"href":"https:\/\/www.africa-press.net\/burkina-faso\/wp-json\/wp\/v2\/comments?post=10005"}],"version-history":[{"count":0,"href":"https:\/\/www.africa-press.net\/burkina-faso\/wp-json\/wp\/v2\/posts\/10005\/revisions"}],"wp:featuredmedia":[{"embeddable":true,"href":"https:\/\/www.africa-press.net\/burkina-faso\/wp-json\/wp\/v2\/media\/10004"}],"wp:attachment":[{"href":"https:\/\/www.africa-press.net\/burkina-faso\/wp-json\/wp\/v2\/media?parent=10005"}],"wp:term":[{"taxonomy":"category","embeddable":true,"href":"https:\/\/www.africa-press.net\/burkina-faso\/wp-json\/wp\/v2\/categories?post=10005"},{"taxonomy":"post_tag","embeddable":true,"href":"https:\/\/www.africa-press.net\/burkina-faso\/wp-json\/wp\/v2\/tags?post=10005"}],"curies":[{"name":"wp","href":"https:\/\/api.w.org\/{rel}","templated":true}]}}