{"id":10023,"date":"2021-04-16T10:53:55","date_gmt":"2021-04-16T10:53:55","guid":{"rendered":"https:\/\/www.africa-press.net\/burkina-faso\/?p=10023"},"modified":"2021-04-16T12:02:03","modified_gmt":"2021-04-16T12:02:03","slug":"millennium-challenge-account-burkina-faso-ii-le-premier-ministre-installe-les-membres-du-comite-dorientation-et-de-suivi","status":"publish","type":"post","link":"https:\/\/www.africa-press.net\/burkina-faso\/politique\/millennium-challenge-account-burkina-faso-ii-le-premier-ministre-installe-les-membres-du-comite-dorientation-et-de-suivi","title":{"rendered":"Millennium Challenge Account \u2013 Burkina Faso II : Le Premier ministre installe les membres du Comit\u00e9 d\u2019Orientation et de Suivi"},"content":{"rendered":"<p><span style=\"color: #ff6600\"><strong><a href=\"https:\/\/www.africa-press.net\/\">Africa-Press<\/a> &#8211; <a href=\"https:\/\/www.africa-press.net\/burkina-faso\">Burkina Faso<\/a>. <\/strong><\/span><b>Le Premier ministre, Christophe Joseph Marie Dabir\u00e9, a proc\u00e9d\u00e9 ce jeudi 15 avril 2021, \u00e0 l\u2018installation des membres du Comit\u00e9 d\u2019Orientation et de Suivi du Millennium Challenge Account \u2013 Burkina Faso II. La mise en place de cet organe de pilotage qui compte 11 membres, est une phase importante dans la mise en \u0153uvre du second compact.<\/b><\/p>\n<p>Le d\u00e9cret portant cr\u00e9ation, attributions, organisation et fonctionnement de l\u2019entit\u00e9 \u00ab Millennium Challenge Account &#8211; Burkina Faso Il \u00bb, du 9 mars 2021, souligne que le MCA-Burkina Faso Il, est administr\u00e9 et g\u00e9r\u00e9 par trois organes, notamment le Comit\u00e9 d\u2019Orientation et de Suivi, la Direction g\u00e9n\u00e9rale et le Comit\u00e9 National des Parties Prenantes.<\/p>\n<p>Avec l\u2019installation des membres du COS, ce premier organe est maintenant pr\u00eat \u00e0 remplir ses missions, telles que d\u00e9finies par le d\u00e9cret sus-cit\u00e9, qui \u00e0 son article 6, alin\u00e9a 2, les investis \u00ab des pouvoirs les plus \u00e9tendus pour agir, en toutes circonstances, \u00e0 l\u2019effet de prendre des d\u00e9cisions relatives \u00e0 la d\u00e9finition des objectifs, \u00e0 l\u2019orientation, \u00e0 l\u2019administration et au contr\u00f4le de la gestion assur\u00e9e par la Direction G\u00e9n\u00e9rale, en conformit\u00e9 avec les Directives du MCC \u00bb.<\/p>\n<p>Le Premier ministre qui a proc\u00e9d\u00e9 \u00e0 cette installation, a soulign\u00e9 l\u2019importance des investissements qui doivent \u00eatre r\u00e9alis\u00e9s pour le d\u00e9veloppement socio-\u00e9conomique du pays, et invit\u00e9 les membres \u00e0 avoir un sens \u00e9lev\u00e9 de la bonne gouvernance. \u00ab Vous \u00eates les garants de ce Second Compact dont la mise en \u0153uvre comporte des exigences \u00e9lev\u00e9es d\u2019\u00e9thique et de bonne gouvernance, notamment en termes de confidentialit\u00e9, de transparence, de lutte contre la fraude et la corruption \u00bb, a indiqu\u00e9 Christophe Joseph Marie Dabir\u00e9.<\/p>\n<p>Le chef du gouvernement a par ailleurs exprim\u00e9 la reconnaissance du peuple burkinab\u00e8 au peuple am\u00e9ricain, pour le financement de cet important programme. \u00ab Je voudrais au nom du Pr\u00e9sident du Faso, du Gouvernement et du peuple burkinab\u00e8, renouveler nos sinc\u00e8res remerciements aux Gouvernement et au peuple am\u00e9ricains, pour la consolidation continue de l\u2019axe Ouagadougou-Washington. Je saisis \u00e9galement cette opportunit\u00e9, pour les rassurer de notre engagement r\u00e9solu \u00e0 faire de ce second compact, une r\u00e9ussite \u00bb, a-t-il dit.<\/p>\n<p>Dans la foul\u00e9e, les membres du COS ont tenu leur premi\u00e8re session statutaire. Ils ont proc\u00e9d\u00e9 au choix de leurs premiers responsables. C\u2019est Monsieur Mamady SANOH (de la CCI-BF) repr\u00e9sentant du secteur priv\u00e9 qui a \u00e9t\u00e9 \u00e9lu pr\u00e9sident. Il est second\u00e9 par Monsieur Mwin-nog-ti Luc HIEN, Directeur de cabinet du Premier et repr\u00e9sentant les pouvoirs publics.<\/p>\n<p>En rappel, le Second compact du MCC est ax\u00e9 principalement sur le secteur de l\u2019\u00e9nergie et s\u2019articule autour de trois projets inter-reli\u00e9s que sont : le Projet de renforcement de l\u2019efficacit\u00e9 du domaine de l\u2019\u00e9lectricit\u00e9 (PREDEL) ; le Projet d\u2019accroissement de l\u2019offre d\u2019\u00e9lectricit\u00e9 moins co\u00fbteuse (PADOEL) et le Projet R\u00e9seaux et Acc\u00e8s \u00e0 l\u2019\u00e9lectricit\u00e9 (PRAEL).<\/p>\n<p>Ce programme \u00e9nerg\u00e9tique d\u2019un montant de plus de 500 millions de dollars am\u00e9ricains sera mis en \u0153uvre sur cinq ans, et permettra, \u00e0 c\u00f4t\u00e9 des efforts entrepris par le Gouvernement, d\u2019am\u00e9liorer le taux d\u2019acc\u00e8s \u00e0 l\u2019\u00e9lectricit\u00e9 au Burkina Faso, mais aussi et surtout, de cr\u00e9er de nouvelles opportunit\u00e9s pour les entreprises et les m\u00e9nages.<\/p>\n<p><b>DCRP\/Primature<\/b><\/p>\n","protected":false},"excerpt":{"rendered":"<p>Africa-Press &#8211; Burkina Faso. Le Premier ministre, Christophe Joseph Marie Dabir\u00e9, a proc\u00e9d\u00e9 ce jeudi 15 avril 2021, \u00e0 l\u2018installation des membres du Comit\u00e9 d\u2019Orientation et de Suivi du Millennium Challenge Account \u2013 Burkina Faso II. La mise en place de cet organe de pilotage qui compte 11 membres, est une phase importante dans la [&hellip;]<\/p>\n","protected":false},"author":82,"featured_media":10022,"comment_status":"open","ping_status":"closed","sticky":false,"template":"","format":"standard","meta":{"footnotes":""},"categories":[11,2,10],"tags":[111,725,29],"class_list":["post-10023","post","type-post","status-publish","format-standard","has-post-thumbnail","hentry","category-homepage-french","category-politique","category-toutes-les-actualites","tag-africa-press","tag-africa-press-burkina-faso","tag-burkina-faso"],"yoast_head":"<!-- This site is optimized with the Yoast SEO Premium plugin v26.1 (Yoast SEO v27.0) - https:\/\/yoast.com\/product\/yoast-seo-premium-wordpress\/ -->\n<title>Millennium Challenge Account \u2013 Burkina Faso II : Le Premier ministre installe les membres du Comit\u00e9 d\u2019Orientation et de Suivi - Burkina Faso<\/title>\n<meta name=\"description\" content=\"Le Premier ministre, Christophe Joseph Marie Dabir\u00e9, a proc\u00e9d\u00e9 ce jeudi 15 avril 2021, \u00e0 l\u2018installation des membres d ...\" \/>\n<meta name=\"robots\" content=\"index, follow, max-snippet:-1, max-image-preview:large, max-video-preview:-1\" \/>\n<link rel=\"canonical\" href=\"https:\/\/www.africa-press.net\/burkina-faso\/politique\/millennium-challenge-account-burkina-faso-ii-le-premier-ministre-installe-les-membres-du-comite-dorientation-et-de-suivi\" \/>\n<meta property=\"og:locale\" content=\"fr_FR\" \/>\n<meta property=\"og:type\" content=\"article\" \/>\n<meta property=\"og:title\" content=\"Millennium Challenge Account \u2013 Burkina Faso II : Le Premier ministre installe les membres du Comit\u00e9 d\u2019Orientation et de Suivi\" \/>\n<meta property=\"og:description\" content=\"Le Premier ministre, Christophe Joseph Marie Dabir\u00e9, a proc\u00e9d\u00e9 ce jeudi 15 avril 2021, \u00e0 l\u2018installation des membres d ...\" \/>\n<meta property=\"og:url\" content=\"https:\/\/www.africa-press.net\/burkina-faso\/politique\/millennium-challenge-account-burkina-faso-ii-le-premier-ministre-installe-les-membres-du-comite-dorientation-et-de-suivi\" \/>\n<meta property=\"og:site_name\" content=\"Burkina Faso\" \/>\n<meta property=\"article:published_time\" content=\"2021-04-16T10:53:55+00:00\" \/>\n<meta property=\"article:modified_time\" content=\"2021-04-16T12:02:03+00:00\" \/>\n<meta property=\"og:image\" content=\"https:\/\/static.africa-press.net\/burkina\/sites\/42\/2021\/04\/img-60796a1fdc47a.jpg\" \/>\n\t<meta property=\"og:image:width\" content=\"720\" \/>\n\t<meta property=\"og:image:height\" content=\"534\" \/>\n\t<meta property=\"og:image:type\" content=\"image\/jpeg\" \/>\n<meta name=\"author\" content=\"cfeditorfr\" \/>\n<meta name=\"twitter:card\" content=\"summary_large_image\" \/>\n<meta name=\"twitter:label1\" content=\"\u00c9crit par\" \/>\n\t<meta name=\"twitter:data1\" content=\"cfeditorfr\" \/>\n\t<meta name=\"twitter:label2\" content=\"Dur\u00e9e de lecture estim\u00e9e\" \/>\n\t<meta name=\"twitter:data2\" content=\"3 minutes\" \/>\n<script type=\"application\/ld+json\" class=\"yoast-schema-graph\">{\"@context\":\"https:\/\/schema.org\",\"@graph\":[{\"@type\":\"Article\",\"@id\":\"https:\/\/www.africa-press.net\/burkina-faso\/politique\/millennium-challenge-account-burkina-faso-ii-le-premier-ministre-installe-les-membres-du-comite-dorientation-et-de-suivi#article\",\"isPartOf\":{\"@id\":\"https:\/\/www.africa-press.net\/burkina-faso\/politique\/millennium-challenge-account-burkina-faso-ii-le-premier-ministre-installe-les-membres-du-comite-dorientation-et-de-suivi\"},\"author\":{\"name\":\"cfeditorfr\",\"@id\":\"https:\/\/www.africa-press.net\/burkina-faso\/#\/schema\/person\/2b1cf3cd81a31e3cd26889ca66d677f1\"},\"headline\":\"Millennium Challenge Account \u2013 Burkina Faso II : Le Premier ministre installe les membres du Comit\u00e9 d\u2019Orientation et de Suivi\",\"datePublished\":\"2021-04-16T10:53:55+00:00\",\"dateModified\":\"2021-04-16T12:02:03+00:00\",\"mainEntityOfPage\":{\"@id\":\"https:\/\/www.africa-press.net\/burkina-faso\/politique\/millennium-challenge-account-burkina-faso-ii-le-premier-ministre-installe-les-membres-du-comite-dorientation-et-de-suivi\"},\"wordCount\":576,\"commentCount\":0,\"image\":{\"@id\":\"https:\/\/www.africa-press.net\/burkina-faso\/politique\/millennium-challenge-account-burkina-faso-ii-le-premier-ministre-installe-les-membres-du-comite-dorientation-et-de-suivi#primaryimage\"},\"thumbnailUrl\":\"https:\/\/static.africa-press.net\/burkina\/sites\/42\/2021\/04\/img-60796a1fdc47a.jpg\",\"keywords\":[\"Africa Press\",\"Africa Press-Burkina Faso\",\"Burkina Faso\"],\"articleSection\":[\"homepage-french\",\"Politique\",\"Toutes les actualit\u00e9s\"],\"inLanguage\":\"fr-FR\",\"potentialAction\":[{\"@type\":\"CommentAction\",\"name\":\"Comment\",\"target\":[\"https:\/\/www.africa-press.net\/burkina-faso\/politique\/millennium-challenge-account-burkina-faso-ii-le-premier-ministre-installe-les-membres-du-comite-dorientation-et-de-suivi#respond\"]}]},{\"@type\":\"WebPage\",\"@id\":\"https:\/\/www.africa-press.net\/burkina-faso\/politique\/millennium-challenge-account-burkina-faso-ii-le-premier-ministre-installe-les-membres-du-comite-dorientation-et-de-suivi\",\"url\":\"https:\/\/www.africa-press.net\/burkina-faso\/politique\/millennium-challenge-account-burkina-faso-ii-le-premier-ministre-installe-les-membres-du-comite-dorientation-et-de-suivi\",\"name\":\"Millennium Challenge Account \u2013 Burkina Faso II : Le Premier ministre installe les membres du Comit\u00e9 d\u2019Orientation et de Suivi - Burkina Faso\",\"isPartOf\":{\"@id\":\"https:\/\/www.africa-press.net\/burkina-faso\/#website\"},\"primaryImageOfPage\":{\"@id\":\"https:\/\/www.africa-press.net\/burkina-faso\/politique\/millennium-challenge-account-burkina-faso-ii-le-premier-ministre-installe-les-membres-du-comite-dorientation-et-de-suivi#primaryimage\"},\"image\":{\"@id\":\"https:\/\/www.africa-press.net\/burkina-faso\/politique\/millennium-challenge-account-burkina-faso-ii-le-premier-ministre-installe-les-membres-du-comite-dorientation-et-de-suivi#primaryimage\"},\"thumbnailUrl\":\"https:\/\/static.africa-press.net\/burkina\/sites\/42\/2021\/04\/img-60796a1fdc47a.jpg\",\"datePublished\":\"2021-04-16T10:53:55+00:00\",\"dateModified\":\"2021-04-16T12:02:03+00:00\",\"author\":{\"@id\":\"https:\/\/www.africa-press.net\/burkina-faso\/#\/schema\/person\/2b1cf3cd81a31e3cd26889ca66d677f1\"},\"description\":\"Le Premier ministre, Christophe Joseph Marie Dabir\u00e9, a proc\u00e9d\u00e9 ce jeudi 15 avril 2021, \u00e0 l\u2018installation des membres d ...\",\"breadcrumb\":{\"@id\":\"https:\/\/www.africa-press.net\/burkina-faso\/politique\/millennium-challenge-account-burkina-faso-ii-le-premier-ministre-installe-les-membres-du-comite-dorientation-et-de-suivi#breadcrumb\"},\"inLanguage\":\"fr-FR\",\"potentialAction\":[{\"@type\":\"ReadAction\",\"target\":[\"https:\/\/www.africa-press.net\/burkina-faso\/politique\/millennium-challenge-account-burkina-faso-ii-le-premier-ministre-installe-les-membres-du-comite-dorientation-et-de-suivi\"]}]},{\"@type\":\"ImageObject\",\"inLanguage\":\"fr-FR\",\"@id\":\"https:\/\/www.africa-press.net\/burkina-faso\/politique\/millennium-challenge-account-burkina-faso-ii-le-premier-ministre-installe-les-membres-du-comite-dorientation-et-de-suivi#primaryimage\",\"url\":\"https:\/\/static.africa-press.net\/burkina\/sites\/42\/2021\/04\/img-60796a1fdc47a.jpg\",\"contentUrl\":\"https:\/\/static.africa-press.net\/burkina\/sites\/42\/2021\/04\/img-60796a1fdc47a.jpg\",\"width\":720,\"height\":534,\"caption\":\"Millennium Challenge Account \u2013 Burkina Faso II : Le Premier ministre installe les membres du Comit\u00e9 d\u2019Orientation et de Suivi\"},{\"@type\":\"BreadcrumbList\",\"@id\":\"https:\/\/www.africa-press.net\/burkina-faso\/politique\/millennium-challenge-account-burkina-faso-ii-le-premier-ministre-installe-les-membres-du-comite-dorientation-et-de-suivi#breadcrumb\",\"itemListElement\":[{\"@type\":\"ListItem\",\"position\":1,\"name\":\"Accueil\",\"item\":\"https:\/\/www.africa-press.net\/burkina-faso\/\"},{\"@type\":\"ListItem\",\"position\":2,\"name\":\"Millennium Challenge Account \u2013 Burkina Faso II : Le Premier ministre installe les membres du Comit\u00e9 d\u2019Orientation et de Suivi\"}]},{\"@type\":\"WebSite\",\"@id\":\"https:\/\/www.africa-press.net\/burkina-faso\/#website\",\"url\":\"https:\/\/www.africa-press.net\/burkina-faso\/\",\"name\":\"Burkina Faso\",\"description\":\"Just another Africa News Agency Sites site\",\"potentialAction\":[{\"@type\":\"SearchAction\",\"target\":{\"@type\":\"EntryPoint\",\"urlTemplate\":\"https:\/\/www.africa-press.net\/burkina-faso\/?s={search_term_string}\"},\"query-input\":{\"@type\":\"PropertyValueSpecification\",\"valueRequired\":true,\"valueName\":\"search_term_string\"}}],\"inLanguage\":\"fr-FR\"},{\"@type\":\"Person\",\"@id\":\"https:\/\/www.africa-press.net\/burkina-faso\/#\/schema\/person\/2b1cf3cd81a31e3cd26889ca66d677f1\",\"name\":\"cfeditorfr\"}]}<\/script>\n<!-- \/ Yoast SEO Premium plugin. -->","yoast_head_json":{"title":"Millennium Challenge Account \u2013 Burkina Faso II : Le Premier ministre installe les membres du Comit\u00e9 d\u2019Orientation et de Suivi - Burkina Faso","description":"Le Premier ministre, Christophe Joseph Marie Dabir\u00e9, a proc\u00e9d\u00e9 ce jeudi 15 avril 2021, \u00e0 l\u2018installation des membres d ...","robots":{"index":"index","follow":"follow","max-snippet":"max-snippet:-1","max-image-preview":"max-image-preview:large","max-video-preview":"max-video-preview:-1"},"canonical":"https:\/\/www.africa-press.net\/burkina-faso\/politique\/millennium-challenge-account-burkina-faso-ii-le-premier-ministre-installe-les-membres-du-comite-dorientation-et-de-suivi","og_locale":"fr_FR","og_type":"article","og_title":"Millennium Challenge Account \u2013 Burkina Faso II : Le Premier ministre installe les membres du Comit\u00e9 d\u2019Orientation et de Suivi","og_description":"Le Premier ministre, Christophe Joseph Marie Dabir\u00e9, a proc\u00e9d\u00e9 ce jeudi 15 avril 2021, \u00e0 l\u2018installation des membres d ...","og_url":"https:\/\/www.africa-press.net\/burkina-faso\/politique\/millennium-challenge-account-burkina-faso-ii-le-premier-ministre-installe-les-membres-du-comite-dorientation-et-de-suivi","og_site_name":"Burkina Faso","article_published_time":"2021-04-16T10:53:55+00:00","article_modified_time":"2021-04-16T12:02:03+00:00","og_image":[{"width":720,"height":534,"url":"https:\/\/static.africa-press.net\/burkina\/sites\/42\/2021\/04\/img-60796a1fdc47a.jpg","type":"image\/jpeg"}],"author":"cfeditorfr","twitter_card":"summary_large_image","twitter_misc":{"\u00c9crit par":"cfeditorfr","Dur\u00e9e de lecture estim\u00e9e":"3 minutes"},"schema":{"@context":"https:\/\/schema.org","@graph":[{"@type":"Article","@id":"https:\/\/www.africa-press.net\/burkina-faso\/politique\/millennium-challenge-account-burkina-faso-ii-le-premier-ministre-installe-les-membres-du-comite-dorientation-et-de-suivi#article","isPartOf":{"@id":"https:\/\/www.africa-press.net\/burkina-faso\/politique\/millennium-challenge-account-burkina-faso-ii-le-premier-ministre-installe-les-membres-du-comite-dorientation-et-de-suivi"},"author":{"name":"cfeditorfr","@id":"https:\/\/www.africa-press.net\/burkina-faso\/#\/schema\/person\/2b1cf3cd81a31e3cd26889ca66d677f1"},"headline":"Millennium Challenge Account \u2013 Burkina Faso II : Le Premier ministre installe les membres du Comit\u00e9 d\u2019Orientation et de Suivi","datePublished":"2021-04-16T10:53:55+00:00","dateModified":"2021-04-16T12:02:03+00:00","mainEntityOfPage":{"@id":"https:\/\/www.africa-press.net\/burkina-faso\/politique\/millennium-challenge-account-burkina-faso-ii-le-premier-ministre-installe-les-membres-du-comite-dorientation-et-de-suivi"},"wordCount":576,"commentCount":0,"image":{"@id":"https:\/\/www.africa-press.net\/burkina-faso\/politique\/millennium-challenge-account-burkina-faso-ii-le-premier-ministre-installe-les-membres-du-comite-dorientation-et-de-suivi#primaryimage"},"thumbnailUrl":"https:\/\/static.africa-press.net\/burkina\/sites\/42\/2021\/04\/img-60796a1fdc47a.jpg","keywords":["Africa Press","Africa Press-Burkina Faso","Burkina Faso"],"articleSection":["homepage-french","Politique","Toutes les actualit\u00e9s"],"inLanguage":"fr-FR","potentialAction":[{"@type":"CommentAction","name":"Comment","target":["https:\/\/www.africa-press.net\/burkina-faso\/politique\/millennium-challenge-account-burkina-faso-ii-le-premier-ministre-installe-les-membres-du-comite-dorientation-et-de-suivi#respond"]}]},{"@type":"WebPage","@id":"https:\/\/www.africa-press.net\/burkina-faso\/politique\/millennium-challenge-account-burkina-faso-ii-le-premier-ministre-installe-les-membres-du-comite-dorientation-et-de-suivi","url":"https:\/\/www.africa-press.net\/burkina-faso\/politique\/millennium-challenge-account-burkina-faso-ii-le-premier-ministre-installe-les-membres-du-comite-dorientation-et-de-suivi","name":"Millennium Challenge Account \u2013 Burkina Faso II : Le Premier ministre installe les membres du Comit\u00e9 d\u2019Orientation et de Suivi - Burkina Faso","isPartOf":{"@id":"https:\/\/www.africa-press.net\/burkina-faso\/#website"},"primaryImageOfPage":{"@id":"https:\/\/www.africa-press.net\/burkina-faso\/politique\/millennium-challenge-account-burkina-faso-ii-le-premier-ministre-installe-les-membres-du-comite-dorientation-et-de-suivi#primaryimage"},"image":{"@id":"https:\/\/www.africa-press.net\/burkina-faso\/politique\/millennium-challenge-account-burkina-faso-ii-le-premier-ministre-installe-les-membres-du-comite-dorientation-et-de-suivi#primaryimage"},"thumbnailUrl":"https:\/\/static.africa-press.net\/burkina\/sites\/42\/2021\/04\/img-60796a1fdc47a.jpg","datePublished":"2021-04-16T10:53:55+00:00","dateModified":"2021-04-16T12:02:03+00:00","author":{"@id":"https:\/\/www.africa-press.net\/burkina-faso\/#\/schema\/person\/2b1cf3cd81a31e3cd26889ca66d677f1"},"description":"Le Premier ministre, Christophe Joseph Marie Dabir\u00e9, a proc\u00e9d\u00e9 ce jeudi 15 avril 2021, \u00e0 l\u2018installation des membres d ...","breadcrumb":{"@id":"https:\/\/www.africa-press.net\/burkina-faso\/politique\/millennium-challenge-account-burkina-faso-ii-le-premier-ministre-installe-les-membres-du-comite-dorientation-et-de-suivi#breadcrumb"},"inLanguage":"fr-FR","potentialAction":[{"@type":"ReadAction","target":["https:\/\/www.africa-press.net\/burkina-faso\/politique\/millennium-challenge-account-burkina-faso-ii-le-premier-ministre-installe-les-membres-du-comite-dorientation-et-de-suivi"]}]},{"@type":"ImageObject","inLanguage":"fr-FR","@id":"https:\/\/www.africa-press.net\/burkina-faso\/politique\/millennium-challenge-account-burkina-faso-ii-le-premier-ministre-installe-les-membres-du-comite-dorientation-et-de-suivi#primaryimage","url":"https:\/\/static.africa-press.net\/burkina\/sites\/42\/2021\/04\/img-60796a1fdc47a.jpg","contentUrl":"https:\/\/static.africa-press.net\/burkina\/sites\/42\/2021\/04\/img-60796a1fdc47a.jpg","width":720,"height":534,"caption":"Millennium Challenge Account \u2013 Burkina Faso II : Le Premier ministre installe les membres du Comit\u00e9 d\u2019Orientation et de Suivi"},{"@type":"BreadcrumbList","@id":"https:\/\/www.africa-press.net\/burkina-faso\/politique\/millennium-challenge-account-burkina-faso-ii-le-premier-ministre-installe-les-membres-du-comite-dorientation-et-de-suivi#breadcrumb","itemListElement":[{"@type":"ListItem","position":1,"name":"Accueil","item":"https:\/\/www.africa-press.net\/burkina-faso\/"},{"@type":"ListItem","position":2,"name":"Millennium Challenge Account \u2013 Burkina Faso II : Le Premier ministre installe les membres du Comit\u00e9 d\u2019Orientation et de Suivi"}]},{"@type":"WebSite","@id":"https:\/\/www.africa-press.net\/burkina-faso\/#website","url":"https:\/\/www.africa-press.net\/burkina-faso\/","name":"Burkina Faso","description":"Just another Africa News Agency Sites site","potentialAction":[{"@type":"SearchAction","target":{"@type":"EntryPoint","urlTemplate":"https:\/\/www.africa-press.net\/burkina-faso\/?s={search_term_string}"},"query-input":{"@type":"PropertyValueSpecification","valueRequired":true,"valueName":"search_term_string"}}],"inLanguage":"fr-FR"},{"@type":"Person","@id":"https:\/\/www.africa-press.net\/burkina-faso\/#\/schema\/person\/2b1cf3cd81a31e3cd26889ca66d677f1","name":"cfeditorfr"}]}},"_links":{"self":[{"href":"https:\/\/www.africa-press.net\/burkina-faso\/wp-json\/wp\/v2\/posts\/10023","targetHints":{"allow":["GET"]}}],"collection":[{"href":"https:\/\/www.africa-press.net\/burkina-faso\/wp-json\/wp\/v2\/posts"}],"about":[{"href":"https:\/\/www.africa-press.net\/burkina-faso\/wp-json\/wp\/v2\/types\/post"}],"author":[{"embeddable":true,"href":"https:\/\/www.africa-press.net\/burkina-faso\/wp-json\/wp\/v2\/users\/82"}],"replies":[{"embeddable":true,"href":"https:\/\/www.africa-press.net\/burkina-faso\/wp-json\/wp\/v2\/comments?post=10023"}],"version-history":[{"count":0,"href":"https:\/\/www.africa-press.net\/burkina-faso\/wp-json\/wp\/v2\/posts\/10023\/revisions"}],"wp:featuredmedia":[{"embeddable":true,"href":"https:\/\/www.africa-press.net\/burkina-faso\/wp-json\/wp\/v2\/media\/10022"}],"wp:attachment":[{"href":"https:\/\/www.africa-press.net\/burkina-faso\/wp-json\/wp\/v2\/media?parent=10023"}],"wp:term":[{"taxonomy":"category","embeddable":true,"href":"https:\/\/www.africa-press.net\/burkina-faso\/wp-json\/wp\/v2\/categories?post=10023"},{"taxonomy":"post_tag","embeddable":true,"href":"https:\/\/www.africa-press.net\/burkina-faso\/wp-json\/wp\/v2\/tags?post=10023"}],"curies":[{"name":"wp","href":"https:\/\/api.w.org\/{rel}","templated":true}]}}