{"id":10026,"date":"2021-04-16T10:58:38","date_gmt":"2021-04-16T10:58:38","guid":{"rendered":"https:\/\/www.africa-press.net\/burkina-faso\/?p=10026"},"modified":"2021-04-16T12:02:11","modified_gmt":"2021-04-16T12:02:11","slug":"burkina-faso-un-concours-de-conception-de-la-nouvelle-identite-visuelle-du-musee-national","status":"publish","type":"post","link":"https:\/\/www.africa-press.net\/burkina-faso\/culture-et-art\/burkina-faso-un-concours-de-conception-de-la-nouvelle-identite-visuelle-du-musee-national","title":{"rendered":"Un concours de conception de la nouvelle identit\u00e9 visuelle du Mus\u00e9e national"},"content":{"rendered":"<p><span style=\"color: #ff6600\"><strong><a href=\"https:\/\/www.africa-press.net\/\">Africa-Press<\/a> &#8211; <a href=\"https:\/\/www.africa-press.net\/burkina-faso\">Burkina Faso<\/a>. <\/strong><\/span><b>La directrice g\u00e9n\u00e9rale du Mus\u00e9e national, Rasmata Ma\u00efga \/ Sawadogo, a proc\u00e9d\u00e9 le jeudi 15 avril 2021, au lancement officiel du concours de logo et de slogan du Mus\u00e9e national. C\u2019\u00e9tait au cours d\u2019une conf\u00e9rence de presse o\u00f9 elle a annonc\u00e9 les grands axes de ce concours et l\u2019objectif recherch\u00e9 qui est le renforcement de la visibilit\u00e9 et de l\u2019attractivit\u00e9 de ce lieu culturel.<\/b><\/p>\n<p>Un concours de conception de logotype et la proposition d\u2019un slogan pour le Mus\u00e9e national du Burkina Faso. C\u2019\u00e9tait l\u2019objet de la conf\u00e9rence de presse anim\u00e9e par la directrice g\u00e9n\u00e9rale du Mus\u00e9e national, Rasmata Ma\u00efga \/Sawadogo. Selon elle, le lancement de ce concours rentre dans le cadre de la mise en \u0153uvre de l\u2019axe 3 du plan strat\u00e9gique de d\u00e9veloppement du Mus\u00e9e national qui indique le renforcement de la visibilit\u00e9 et de l\u2019attractivit\u00e9 de l\u2019institution.<\/p>\n<p>Il trouve son fondement dans l\u2019objectif sp\u00e9cifique 2.1 de la strat\u00e9gie nationale de la culture et du tourisme (SNCT) \u00ab Renforcer la sauvegarde, la protection et la valorisation du patrimoine culturel et immat\u00e9riel et la diversit\u00e9 culturelle, notamment en favorisant le dialogue entre patrimoine et cr\u00e9ation \u00bb.<\/p>\n<p>Ainsi, le pr\u00e9sent concours a pour objectif de d\u00e9finir l\u2019identit\u00e9 visuelle du Mus\u00e9e national du Burkina Faso \u00e0 travers ses missions et de susciter l\u2019int\u00e9r\u00eat autour d\u2019elle. Les diff\u00e9rentes \u0153uvres en comp\u00e9tition devront refl\u00e9ter les principales missions du Mus\u00e9e national qui sont entre autres, conserver les t\u00e9moins mat\u00e9riels et immat\u00e9riels les plus repr\u00e9sentatifs de l\u2019identit\u00e9 culturelle des diff\u00e9rentes composantes de la nation burkinab\u00e8 ; entreprendre des recherches sur les t\u00e9moins mat\u00e9riels les plus repr\u00e9sentatifs de l\u2019identit\u00e9 culturelle des diff\u00e9rentes composantes de la nation burkinab\u00e8 ; contribuer au d\u00e9veloppement du mus\u00e9e, \u00e0 la connaissance et \u00e0 la promotion des valeurs culturelles des autres peuples.<\/p>\n<p><b>Les candidatures<\/b><\/p>\n<p>Les candidatures sont attendues du 15 avril au 14 mai 2021 en ligne (par email) ou en pr\u00e9sentiel (dans les locaux du Mus\u00e9e national). Peut faire acte de candidature, toute personne physique ou morale ayant des comp\u00e9tences dans le domaine de l\u2019art graphique ou tout domaine similaire. Le directeur de communication et du marketing du mus\u00e9e, Sabari Christian Dao, de pr\u00e9ciser qu\u2019un candidat ne peut pr\u00e9senter qu\u2019une seule \u0153uvre, soit un logo, soit un slogan ou un logo avec un slogan.<\/p>\n<p>Les propositions de logo et de slogan seront soumises \u00e0 un jury compos\u00e9 de communicateurs, de graphistes, de journalistes, de professionnels de mus\u00e9e et de personnes ressources. En plus des attestions de participation, les laur\u00e9ats recevront, \u00e0 titre indicatif, pour le meilleur logo la somme de 350 000 FCFA et pour le slogan 150 000 FCFA.<\/p>\n<p><b>Faire peau neuve et attirer davantage les visiteurs<\/b><\/p>\n<p>A en croire la directrice g\u00e9n\u00e9rale Rasmata Ma\u00efga \/Sawadogo et le directeur des expositions et de la m\u00e9diation, Sinaly Djibo, le Mus\u00e9e national a perdu de son affluence avec les crises s\u00e9curitaire et sanitaire que le pays rencontre ces derni\u00e8res ann\u00e9es. Lui donner un nouveau visage avec un logo et un slogan permettra d\u2019attirer plus l\u2019attention des visiteurs. \u00ab Actuellement le mus\u00e9e enregistre 519 visites et les expositions d\u2019art que nous faisons le plus souvent constituent un travail de d\u00e9mystification pour amener les populations \u00e0 \u00eatre plus proches du mus\u00e9e et de leur culture \u00bb, a d\u00e9clar\u00e9 Sinaly Djibo.<\/p>\n<p>L\u2019autre aspect de cette comp\u00e9tition \u00e9voqu\u00e9 par la directrice g\u00e9n\u00e9rale est l\u2019av\u00e8nement du 60e anniversaire du mus\u00e9e en 2022. Ainsi, cette comp\u00e9tition permettra au mus\u00e9e de faire peau neuve d\u2019ici le grand jour.<\/p>\n<p><b>Judith SANOU<br \/>\n<\/b><\/p>\n","protected":false},"excerpt":{"rendered":"<p>Africa-Press &#8211; Burkina Faso. La directrice g\u00e9n\u00e9rale du Mus\u00e9e national, Rasmata Ma\u00efga \/ Sawadogo, a proc\u00e9d\u00e9 le jeudi 15 avril 2021, au lancement officiel du concours de logo et de slogan du Mus\u00e9e national. C\u2019\u00e9tait au cours d\u2019une conf\u00e9rence de presse o\u00f9 elle a annonc\u00e9 les grands axes de ce concours et l\u2019objectif recherch\u00e9 qui [&hellip;]<\/p>\n","protected":false},"author":82,"featured_media":10025,"comment_status":"open","ping_status":"closed","sticky":false,"template":"","format":"standard","meta":{"footnotes":""},"categories":[5,11,10],"tags":[111,725,29],"class_list":["post-10026","post","type-post","status-publish","format-standard","has-post-thumbnail","hentry","category-culture-et-art","category-homepage-french","category-toutes-les-actualites","tag-africa-press","tag-africa-press-burkina-faso","tag-burkina-faso"],"yoast_head":"<!-- This site is optimized with the Yoast SEO Premium plugin v26.1 (Yoast SEO v27.0) - https:\/\/yoast.com\/product\/yoast-seo-premium-wordpress\/ -->\n<title>Un concours de conception de la nouvelle identit\u00e9 visuelle du Mus\u00e9e national - Burkina Faso<\/title>\n<meta name=\"description\" content=\"La directrice g\u00e9n\u00e9rale du Mus\u00e9e national, Rasmata Ma\u00efga \/ Sawadogo, a proc\u00e9d\u00e9 le jeudi 15 avril 2021, au lancement of ...\" \/>\n<meta name=\"robots\" content=\"index, follow, max-snippet:-1, max-image-preview:large, max-video-preview:-1\" \/>\n<link rel=\"canonical\" href=\"https:\/\/www.africa-press.net\/burkina-faso\/culture-et-art\/burkina-faso-un-concours-de-conception-de-la-nouvelle-identite-visuelle-du-musee-national\" \/>\n<meta property=\"og:locale\" content=\"fr_FR\" \/>\n<meta property=\"og:type\" content=\"article\" \/>\n<meta property=\"og:title\" content=\"Un concours de conception de la nouvelle identit\u00e9 visuelle du Mus\u00e9e national\" \/>\n<meta property=\"og:description\" content=\"La directrice g\u00e9n\u00e9rale du Mus\u00e9e national, Rasmata Ma\u00efga \/ Sawadogo, a proc\u00e9d\u00e9 le jeudi 15 avril 2021, au lancement of ...\" \/>\n<meta property=\"og:url\" content=\"https:\/\/www.africa-press.net\/burkina-faso\/culture-et-art\/burkina-faso-un-concours-de-conception-de-la-nouvelle-identite-visuelle-du-musee-national\" \/>\n<meta property=\"og:site_name\" content=\"Burkina Faso\" \/>\n<meta property=\"article:published_time\" content=\"2021-04-16T10:58:38+00:00\" \/>\n<meta property=\"article:modified_time\" content=\"2021-04-16T12:02:11+00:00\" \/>\n<meta property=\"og:image\" content=\"https:\/\/static.africa-press.net\/burkina\/sites\/42\/2021\/04\/img-60796a49450da.jpg\" \/>\n\t<meta property=\"og:image:width\" content=\"720\" \/>\n\t<meta property=\"og:image:height\" content=\"537\" \/>\n\t<meta property=\"og:image:type\" content=\"image\/jpeg\" \/>\n<meta name=\"author\" content=\"cfeditorfr\" \/>\n<meta name=\"twitter:card\" content=\"summary_large_image\" \/>\n<meta name=\"twitter:label1\" content=\"\u00c9crit par\" \/>\n\t<meta name=\"twitter:data1\" content=\"cfeditorfr\" \/>\n\t<meta name=\"twitter:label2\" content=\"Dur\u00e9e de lecture estim\u00e9e\" \/>\n\t<meta name=\"twitter:data2\" content=\"3 minutes\" \/>\n<script type=\"application\/ld+json\" class=\"yoast-schema-graph\">{\"@context\":\"https:\/\/schema.org\",\"@graph\":[{\"@type\":\"Article\",\"@id\":\"https:\/\/www.africa-press.net\/burkina-faso\/culture-et-art\/burkina-faso-un-concours-de-conception-de-la-nouvelle-identite-visuelle-du-musee-national#article\",\"isPartOf\":{\"@id\":\"https:\/\/www.africa-press.net\/burkina-faso\/culture-et-art\/burkina-faso-un-concours-de-conception-de-la-nouvelle-identite-visuelle-du-musee-national\"},\"author\":{\"name\":\"cfeditorfr\",\"@id\":\"https:\/\/www.africa-press.net\/burkina-faso\/#\/schema\/person\/2b1cf3cd81a31e3cd26889ca66d677f1\"},\"headline\":\"Un concours de conception de la nouvelle identit\u00e9 visuelle du Mus\u00e9e national\",\"datePublished\":\"2021-04-16T10:58:38+00:00\",\"dateModified\":\"2021-04-16T12:02:11+00:00\",\"mainEntityOfPage\":{\"@id\":\"https:\/\/www.africa-press.net\/burkina-faso\/culture-et-art\/burkina-faso-un-concours-de-conception-de-la-nouvelle-identite-visuelle-du-musee-national\"},\"wordCount\":654,\"commentCount\":0,\"image\":{\"@id\":\"https:\/\/www.africa-press.net\/burkina-faso\/culture-et-art\/burkina-faso-un-concours-de-conception-de-la-nouvelle-identite-visuelle-du-musee-national#primaryimage\"},\"thumbnailUrl\":\"https:\/\/static.africa-press.net\/burkina\/sites\/42\/2021\/04\/img-60796a49450da.jpg\",\"keywords\":[\"Africa Press\",\"Africa Press-Burkina Faso\",\"Burkina Faso\"],\"articleSection\":[\"Culture et Art\",\"homepage-french\",\"Toutes les actualit\u00e9s\"],\"inLanguage\":\"fr-FR\",\"potentialAction\":[{\"@type\":\"CommentAction\",\"name\":\"Comment\",\"target\":[\"https:\/\/www.africa-press.net\/burkina-faso\/culture-et-art\/burkina-faso-un-concours-de-conception-de-la-nouvelle-identite-visuelle-du-musee-national#respond\"]}]},{\"@type\":\"WebPage\",\"@id\":\"https:\/\/www.africa-press.net\/burkina-faso\/culture-et-art\/burkina-faso-un-concours-de-conception-de-la-nouvelle-identite-visuelle-du-musee-national\",\"url\":\"https:\/\/www.africa-press.net\/burkina-faso\/culture-et-art\/burkina-faso-un-concours-de-conception-de-la-nouvelle-identite-visuelle-du-musee-national\",\"name\":\"Un concours de conception de la nouvelle identit\u00e9 visuelle du Mus\u00e9e national - Burkina Faso\",\"isPartOf\":{\"@id\":\"https:\/\/www.africa-press.net\/burkina-faso\/#website\"},\"primaryImageOfPage\":{\"@id\":\"https:\/\/www.africa-press.net\/burkina-faso\/culture-et-art\/burkina-faso-un-concours-de-conception-de-la-nouvelle-identite-visuelle-du-musee-national#primaryimage\"},\"image\":{\"@id\":\"https:\/\/www.africa-press.net\/burkina-faso\/culture-et-art\/burkina-faso-un-concours-de-conception-de-la-nouvelle-identite-visuelle-du-musee-national#primaryimage\"},\"thumbnailUrl\":\"https:\/\/static.africa-press.net\/burkina\/sites\/42\/2021\/04\/img-60796a49450da.jpg\",\"datePublished\":\"2021-04-16T10:58:38+00:00\",\"dateModified\":\"2021-04-16T12:02:11+00:00\",\"author\":{\"@id\":\"https:\/\/www.africa-press.net\/burkina-faso\/#\/schema\/person\/2b1cf3cd81a31e3cd26889ca66d677f1\"},\"description\":\"La directrice g\u00e9n\u00e9rale du Mus\u00e9e national, Rasmata Ma\u00efga \/ Sawadogo, a proc\u00e9d\u00e9 le jeudi 15 avril 2021, au lancement of ...\",\"breadcrumb\":{\"@id\":\"https:\/\/www.africa-press.net\/burkina-faso\/culture-et-art\/burkina-faso-un-concours-de-conception-de-la-nouvelle-identite-visuelle-du-musee-national#breadcrumb\"},\"inLanguage\":\"fr-FR\",\"potentialAction\":[{\"@type\":\"ReadAction\",\"target\":[\"https:\/\/www.africa-press.net\/burkina-faso\/culture-et-art\/burkina-faso-un-concours-de-conception-de-la-nouvelle-identite-visuelle-du-musee-national\"]}]},{\"@type\":\"ImageObject\",\"inLanguage\":\"fr-FR\",\"@id\":\"https:\/\/www.africa-press.net\/burkina-faso\/culture-et-art\/burkina-faso-un-concours-de-conception-de-la-nouvelle-identite-visuelle-du-musee-national#primaryimage\",\"url\":\"https:\/\/static.africa-press.net\/burkina\/sites\/42\/2021\/04\/img-60796a49450da.jpg\",\"contentUrl\":\"https:\/\/static.africa-press.net\/burkina\/sites\/42\/2021\/04\/img-60796a49450da.jpg\",\"width\":720,\"height\":537,\"caption\":\"Burkina Faso : Un concours de conception de la nouvelle identit\u00e9 visuelle du Mus\u00e9e national\"},{\"@type\":\"BreadcrumbList\",\"@id\":\"https:\/\/www.africa-press.net\/burkina-faso\/culture-et-art\/burkina-faso-un-concours-de-conception-de-la-nouvelle-identite-visuelle-du-musee-national#breadcrumb\",\"itemListElement\":[{\"@type\":\"ListItem\",\"position\":1,\"name\":\"Accueil\",\"item\":\"https:\/\/www.africa-press.net\/burkina-faso\/\"},{\"@type\":\"ListItem\",\"position\":2,\"name\":\"Un concours de conception de la nouvelle identit\u00e9 visuelle du Mus\u00e9e national\"}]},{\"@type\":\"WebSite\",\"@id\":\"https:\/\/www.africa-press.net\/burkina-faso\/#website\",\"url\":\"https:\/\/www.africa-press.net\/burkina-faso\/\",\"name\":\"Burkina Faso\",\"description\":\"Just another Africa News Agency Sites site\",\"potentialAction\":[{\"@type\":\"SearchAction\",\"target\":{\"@type\":\"EntryPoint\",\"urlTemplate\":\"https:\/\/www.africa-press.net\/burkina-faso\/?s={search_term_string}\"},\"query-input\":{\"@type\":\"PropertyValueSpecification\",\"valueRequired\":true,\"valueName\":\"search_term_string\"}}],\"inLanguage\":\"fr-FR\"},{\"@type\":\"Person\",\"@id\":\"https:\/\/www.africa-press.net\/burkina-faso\/#\/schema\/person\/2b1cf3cd81a31e3cd26889ca66d677f1\",\"name\":\"cfeditorfr\"}]}<\/script>\n<!-- \/ Yoast SEO Premium plugin. -->","yoast_head_json":{"title":"Un concours de conception de la nouvelle identit\u00e9 visuelle du Mus\u00e9e national - Burkina Faso","description":"La directrice g\u00e9n\u00e9rale du Mus\u00e9e national, Rasmata Ma\u00efga \/ Sawadogo, a proc\u00e9d\u00e9 le jeudi 15 avril 2021, au lancement of ...","robots":{"index":"index","follow":"follow","max-snippet":"max-snippet:-1","max-image-preview":"max-image-preview:large","max-video-preview":"max-video-preview:-1"},"canonical":"https:\/\/www.africa-press.net\/burkina-faso\/culture-et-art\/burkina-faso-un-concours-de-conception-de-la-nouvelle-identite-visuelle-du-musee-national","og_locale":"fr_FR","og_type":"article","og_title":"Un concours de conception de la nouvelle identit\u00e9 visuelle du Mus\u00e9e national","og_description":"La directrice g\u00e9n\u00e9rale du Mus\u00e9e national, Rasmata Ma\u00efga \/ Sawadogo, a proc\u00e9d\u00e9 le jeudi 15 avril 2021, au lancement of ...","og_url":"https:\/\/www.africa-press.net\/burkina-faso\/culture-et-art\/burkina-faso-un-concours-de-conception-de-la-nouvelle-identite-visuelle-du-musee-national","og_site_name":"Burkina Faso","article_published_time":"2021-04-16T10:58:38+00:00","article_modified_time":"2021-04-16T12:02:11+00:00","og_image":[{"width":720,"height":537,"url":"https:\/\/static.africa-press.net\/burkina\/sites\/42\/2021\/04\/img-60796a49450da.jpg","type":"image\/jpeg"}],"author":"cfeditorfr","twitter_card":"summary_large_image","twitter_misc":{"\u00c9crit par":"cfeditorfr","Dur\u00e9e de lecture estim\u00e9e":"3 minutes"},"schema":{"@context":"https:\/\/schema.org","@graph":[{"@type":"Article","@id":"https:\/\/www.africa-press.net\/burkina-faso\/culture-et-art\/burkina-faso-un-concours-de-conception-de-la-nouvelle-identite-visuelle-du-musee-national#article","isPartOf":{"@id":"https:\/\/www.africa-press.net\/burkina-faso\/culture-et-art\/burkina-faso-un-concours-de-conception-de-la-nouvelle-identite-visuelle-du-musee-national"},"author":{"name":"cfeditorfr","@id":"https:\/\/www.africa-press.net\/burkina-faso\/#\/schema\/person\/2b1cf3cd81a31e3cd26889ca66d677f1"},"headline":"Un concours de conception de la nouvelle identit\u00e9 visuelle du Mus\u00e9e national","datePublished":"2021-04-16T10:58:38+00:00","dateModified":"2021-04-16T12:02:11+00:00","mainEntityOfPage":{"@id":"https:\/\/www.africa-press.net\/burkina-faso\/culture-et-art\/burkina-faso-un-concours-de-conception-de-la-nouvelle-identite-visuelle-du-musee-national"},"wordCount":654,"commentCount":0,"image":{"@id":"https:\/\/www.africa-press.net\/burkina-faso\/culture-et-art\/burkina-faso-un-concours-de-conception-de-la-nouvelle-identite-visuelle-du-musee-national#primaryimage"},"thumbnailUrl":"https:\/\/static.africa-press.net\/burkina\/sites\/42\/2021\/04\/img-60796a49450da.jpg","keywords":["Africa Press","Africa Press-Burkina Faso","Burkina Faso"],"articleSection":["Culture et Art","homepage-french","Toutes les actualit\u00e9s"],"inLanguage":"fr-FR","potentialAction":[{"@type":"CommentAction","name":"Comment","target":["https:\/\/www.africa-press.net\/burkina-faso\/culture-et-art\/burkina-faso-un-concours-de-conception-de-la-nouvelle-identite-visuelle-du-musee-national#respond"]}]},{"@type":"WebPage","@id":"https:\/\/www.africa-press.net\/burkina-faso\/culture-et-art\/burkina-faso-un-concours-de-conception-de-la-nouvelle-identite-visuelle-du-musee-national","url":"https:\/\/www.africa-press.net\/burkina-faso\/culture-et-art\/burkina-faso-un-concours-de-conception-de-la-nouvelle-identite-visuelle-du-musee-national","name":"Un concours de conception de la nouvelle identit\u00e9 visuelle du Mus\u00e9e national - Burkina Faso","isPartOf":{"@id":"https:\/\/www.africa-press.net\/burkina-faso\/#website"},"primaryImageOfPage":{"@id":"https:\/\/www.africa-press.net\/burkina-faso\/culture-et-art\/burkina-faso-un-concours-de-conception-de-la-nouvelle-identite-visuelle-du-musee-national#primaryimage"},"image":{"@id":"https:\/\/www.africa-press.net\/burkina-faso\/culture-et-art\/burkina-faso-un-concours-de-conception-de-la-nouvelle-identite-visuelle-du-musee-national#primaryimage"},"thumbnailUrl":"https:\/\/static.africa-press.net\/burkina\/sites\/42\/2021\/04\/img-60796a49450da.jpg","datePublished":"2021-04-16T10:58:38+00:00","dateModified":"2021-04-16T12:02:11+00:00","author":{"@id":"https:\/\/www.africa-press.net\/burkina-faso\/#\/schema\/person\/2b1cf3cd81a31e3cd26889ca66d677f1"},"description":"La directrice g\u00e9n\u00e9rale du Mus\u00e9e national, Rasmata Ma\u00efga \/ Sawadogo, a proc\u00e9d\u00e9 le jeudi 15 avril 2021, au lancement of ...","breadcrumb":{"@id":"https:\/\/www.africa-press.net\/burkina-faso\/culture-et-art\/burkina-faso-un-concours-de-conception-de-la-nouvelle-identite-visuelle-du-musee-national#breadcrumb"},"inLanguage":"fr-FR","potentialAction":[{"@type":"ReadAction","target":["https:\/\/www.africa-press.net\/burkina-faso\/culture-et-art\/burkina-faso-un-concours-de-conception-de-la-nouvelle-identite-visuelle-du-musee-national"]}]},{"@type":"ImageObject","inLanguage":"fr-FR","@id":"https:\/\/www.africa-press.net\/burkina-faso\/culture-et-art\/burkina-faso-un-concours-de-conception-de-la-nouvelle-identite-visuelle-du-musee-national#primaryimage","url":"https:\/\/static.africa-press.net\/burkina\/sites\/42\/2021\/04\/img-60796a49450da.jpg","contentUrl":"https:\/\/static.africa-press.net\/burkina\/sites\/42\/2021\/04\/img-60796a49450da.jpg","width":720,"height":537,"caption":"Burkina Faso : Un concours de conception de la nouvelle identit\u00e9 visuelle du Mus\u00e9e national"},{"@type":"BreadcrumbList","@id":"https:\/\/www.africa-press.net\/burkina-faso\/culture-et-art\/burkina-faso-un-concours-de-conception-de-la-nouvelle-identite-visuelle-du-musee-national#breadcrumb","itemListElement":[{"@type":"ListItem","position":1,"name":"Accueil","item":"https:\/\/www.africa-press.net\/burkina-faso\/"},{"@type":"ListItem","position":2,"name":"Un concours de conception de la nouvelle identit\u00e9 visuelle du Mus\u00e9e national"}]},{"@type":"WebSite","@id":"https:\/\/www.africa-press.net\/burkina-faso\/#website","url":"https:\/\/www.africa-press.net\/burkina-faso\/","name":"Burkina Faso","description":"Just another Africa News Agency Sites site","potentialAction":[{"@type":"SearchAction","target":{"@type":"EntryPoint","urlTemplate":"https:\/\/www.africa-press.net\/burkina-faso\/?s={search_term_string}"},"query-input":{"@type":"PropertyValueSpecification","valueRequired":true,"valueName":"search_term_string"}}],"inLanguage":"fr-FR"},{"@type":"Person","@id":"https:\/\/www.africa-press.net\/burkina-faso\/#\/schema\/person\/2b1cf3cd81a31e3cd26889ca66d677f1","name":"cfeditorfr"}]}},"_links":{"self":[{"href":"https:\/\/www.africa-press.net\/burkina-faso\/wp-json\/wp\/v2\/posts\/10026","targetHints":{"allow":["GET"]}}],"collection":[{"href":"https:\/\/www.africa-press.net\/burkina-faso\/wp-json\/wp\/v2\/posts"}],"about":[{"href":"https:\/\/www.africa-press.net\/burkina-faso\/wp-json\/wp\/v2\/types\/post"}],"author":[{"embeddable":true,"href":"https:\/\/www.africa-press.net\/burkina-faso\/wp-json\/wp\/v2\/users\/82"}],"replies":[{"embeddable":true,"href":"https:\/\/www.africa-press.net\/burkina-faso\/wp-json\/wp\/v2\/comments?post=10026"}],"version-history":[{"count":0,"href":"https:\/\/www.africa-press.net\/burkina-faso\/wp-json\/wp\/v2\/posts\/10026\/revisions"}],"wp:featuredmedia":[{"embeddable":true,"href":"https:\/\/www.africa-press.net\/burkina-faso\/wp-json\/wp\/v2\/media\/10025"}],"wp:attachment":[{"href":"https:\/\/www.africa-press.net\/burkina-faso\/wp-json\/wp\/v2\/media?parent=10026"}],"wp:term":[{"taxonomy":"category","embeddable":true,"href":"https:\/\/www.africa-press.net\/burkina-faso\/wp-json\/wp\/v2\/categories?post=10026"},{"taxonomy":"post_tag","embeddable":true,"href":"https:\/\/www.africa-press.net\/burkina-faso\/wp-json\/wp\/v2\/tags?post=10026"}],"curies":[{"name":"wp","href":"https:\/\/api.w.org\/{rel}","templated":true}]}}