{"id":10029,"date":"2021-04-16T11:06:19","date_gmt":"2021-04-16T11:06:19","guid":{"rendered":"https:\/\/www.africa-press.net\/burkina-faso\/?p=10029"},"modified":"2021-04-16T12:02:18","modified_gmt":"2021-04-16T12:02:18","slug":"zone-de-libre-echange-continentale-africaine-bientot-une-strategie-de-mise-en-oeuvre-pour-le-burkina","status":"publish","type":"post","link":"https:\/\/www.africa-press.net\/burkina-faso\/economie\/zone-de-libre-echange-continentale-africaine-bientot-une-strategie-de-mise-en-oeuvre-pour-le-burkina","title":{"rendered":"Zone de libre-\u00e9change continentale Africaine\u00a0: Bient\u00f4t une strat\u00e9gie de mise en \u0153uvre pour le Burkina"},"content":{"rendered":"<p><span style=\"color: #ff6600\"><strong><a href=\"https:\/\/www.africa-press.net\/\">Africa-Press<\/a> &#8211; <a href=\"https:\/\/www.africa-press.net\/burkina-faso\">Burkina Faso<\/a>. <\/strong><\/span>Les acteurs du monde du commerce se sont r\u00e9unis ce jeudi 15 avril 2021 \u00e0 Ouagadougou. La rencontre a eu pour objectif l\u2019examen et la validation de la strat\u00e9gie nationale de mise en \u0153uvre de la Zone de libre-\u00e9change continentale Africaine (ZLECAF) du Burkina Faso.<\/p>\n<p>Le minist\u00e8re de l\u2019industrie, du commerce et de l\u2019artisanat avec l\u2019appui de ses partenaires techniques a initi\u00e9 un atelier national d\u2019examen et de validation de la strat\u00e9gie nationale de mise en \u0153uvre de la ZLECAF du Burkina Faso. Sur les objectifs dudit atelier, le secr\u00e9taire g\u00e9n\u00e9ral du minist\u00e8re en charge du commerce, Boubacar Traor\u00e9, a indiqu\u00e9 qu\u2019il s\u2019agit de se pencher sur les documents afin de proc\u00e9der \u00e0 leur adoption.<\/p>\n<p>\u00ab L\u2019objectif de cet atelier, c\u2019est de valider un certain nombre de documents que nous avons \u00e9labor\u00e9s. Il s\u2019agit d\u2019abord du document de diagnostic. Ensuite, les consultations ont permis de proposer des documents strat\u00e9giques pour la mise en \u0153uvre du ZLECAF au niveau du Burkina Faso et enfin, il y a le plan d\u2019action \u00bb, a-t-il laiss\u00e9 entendre.<\/p>\n<p>Durant 48 heures, les acteurs du secteur du commerce vont \u00e9changer sur l\u2019\u00e9tat d\u2019avancement du processus. Aussi, ils feront le point des actions d\u00e9j\u00e0 men\u00e9es. L\u2019\u00e9laboration d\u2019une feuille de route est \u00e9galement dans le programme.<\/p>\n<p>Une fois adopt\u00e9e, la strat\u00e9gie de mise en \u0153uvre de la ZLECAF permettra au Burkina Faso de se hisser parmi les 10 premiers pays africains \u00e0 disposer d\u2019une strat\u00e9gie nationale. Dans la poursuite de cet objectif, la Commission \u00c9conomique des Nations Unies pour l\u2019Afrique (CEA) a apport\u00e9 son appui \u00e0 cette strat\u00e9gie nationale qui est envisag\u00e9e.<\/p>\n<p>Selon Mahamoudou Sebogo, \u00e9conomiste \u00e0 la CEA, c\u2019est \u00e0 la commission de d\u2019amener les pays \u00e0 adh\u00e9rer \u00e0 l\u2019accord. Aussi, il a soulign\u00e9 que la CEA a un leadership au sein du syst\u00e8me des Nations Unies. Le secr\u00e9taire g\u00e9n\u00e9ral du minist\u00e8re du commerce nourrit alors l\u2019espoir de voir un document consensuel sortir de cette rencontre. Sanata GANSAGNE Burkina24<\/p>\n","protected":false},"excerpt":{"rendered":"<p>Africa-Press &#8211; Burkina Faso. Les acteurs du monde du commerce se sont r\u00e9unis ce jeudi 15 avril 2021 \u00e0 Ouagadougou. La rencontre a eu pour objectif l\u2019examen et la validation de la strat\u00e9gie nationale de mise en \u0153uvre de la Zone de libre-\u00e9change continentale Africaine (ZLECAF) du Burkina Faso. Le minist\u00e8re de l\u2019industrie, du commerce [&hellip;]<\/p>\n","protected":false},"author":82,"featured_media":10028,"comment_status":"open","ping_status":"closed","sticky":false,"template":"","format":"standard","meta":{"footnotes":""},"categories":[3,11,10],"tags":[111,725,29],"class_list":["post-10029","post","type-post","status-publish","format-standard","has-post-thumbnail","hentry","category-economie","category-homepage-french","category-toutes-les-actualites","tag-africa-press","tag-africa-press-burkina-faso","tag-burkina-faso"],"yoast_head":"<!-- This site is optimized with the Yoast SEO Premium plugin v26.1 (Yoast SEO v27.0) - https:\/\/yoast.com\/product\/yoast-seo-premium-wordpress\/ -->\n<title>Zone de libre-\u00e9change continentale Africaine\u00a0: Bient\u00f4t une strat\u00e9gie de mise en \u0153uvre pour le Burkina - Burkina Faso<\/title>\n<meta name=\"description\" content=\"Les acteurs du monde du commerce se sont r\u00e9unis ce jeudi 15 avril 2021 \u00e0 Ouagadougou. La rencontre a eu pour objectif l\u2019 ...\" \/>\n<meta name=\"robots\" content=\"index, follow, max-snippet:-1, max-image-preview:large, max-video-preview:-1\" \/>\n<link rel=\"canonical\" href=\"https:\/\/www.africa-press.net\/burkina-faso\/economie\/zone-de-libre-echange-continentale-africaine-bientot-une-strategie-de-mise-en-oeuvre-pour-le-burkina\" \/>\n<meta property=\"og:locale\" content=\"fr_FR\" \/>\n<meta property=\"og:type\" content=\"article\" \/>\n<meta property=\"og:title\" content=\"Zone de libre-\u00e9change continentale Africaine\u00a0: Bient\u00f4t une strat\u00e9gie de mise en \u0153uvre pour le Burkina\" \/>\n<meta property=\"og:description\" content=\"Les acteurs du monde du commerce se sont r\u00e9unis ce jeudi 15 avril 2021 \u00e0 Ouagadougou. La rencontre a eu pour objectif l\u2019 ...\" \/>\n<meta property=\"og:url\" content=\"https:\/\/www.africa-press.net\/burkina-faso\/economie\/zone-de-libre-echange-continentale-africaine-bientot-une-strategie-de-mise-en-oeuvre-pour-le-burkina\" \/>\n<meta property=\"og:site_name\" content=\"Burkina Faso\" \/>\n<meta property=\"article:published_time\" content=\"2021-04-16T11:06:19+00:00\" \/>\n<meta property=\"article:modified_time\" content=\"2021-04-16T12:02:18+00:00\" \/>\n<meta property=\"og:image\" content=\"https:\/\/static.africa-press.net\/burkina\/sites\/42\/2021\/04\/img-60796a721c3ca.jpg\" \/>\n\t<meta property=\"og:image:width\" content=\"1024\" \/>\n\t<meta property=\"og:image:height\" content=\"512\" \/>\n\t<meta property=\"og:image:type\" content=\"image\/jpeg\" \/>\n<meta name=\"author\" content=\"cfeditorfr\" \/>\n<meta name=\"twitter:card\" content=\"summary_large_image\" \/>\n<meta name=\"twitter:label1\" content=\"\u00c9crit par\" \/>\n\t<meta name=\"twitter:data1\" content=\"cfeditorfr\" \/>\n\t<meta name=\"twitter:label2\" content=\"Dur\u00e9e de lecture estim\u00e9e\" \/>\n\t<meta name=\"twitter:data2\" content=\"2 minutes\" \/>\n<script type=\"application\/ld+json\" class=\"yoast-schema-graph\">{\"@context\":\"https:\/\/schema.org\",\"@graph\":[{\"@type\":\"Article\",\"@id\":\"https:\/\/www.africa-press.net\/burkina-faso\/economie\/zone-de-libre-echange-continentale-africaine-bientot-une-strategie-de-mise-en-oeuvre-pour-le-burkina#article\",\"isPartOf\":{\"@id\":\"https:\/\/www.africa-press.net\/burkina-faso\/economie\/zone-de-libre-echange-continentale-africaine-bientot-une-strategie-de-mise-en-oeuvre-pour-le-burkina\"},\"author\":{\"name\":\"cfeditorfr\",\"@id\":\"https:\/\/www.africa-press.net\/burkina-faso\/#\/schema\/person\/2b1cf3cd81a31e3cd26889ca66d677f1\"},\"headline\":\"Zone de libre-\u00e9change continentale Africaine\u00a0: Bient\u00f4t une strat\u00e9gie de mise en \u0153uvre pour le Burkina\",\"datePublished\":\"2021-04-16T11:06:19+00:00\",\"dateModified\":\"2021-04-16T12:02:18+00:00\",\"mainEntityOfPage\":{\"@id\":\"https:\/\/www.africa-press.net\/burkina-faso\/economie\/zone-de-libre-echange-continentale-africaine-bientot-une-strategie-de-mise-en-oeuvre-pour-le-burkina\"},\"wordCount\":377,\"commentCount\":0,\"image\":{\"@id\":\"https:\/\/www.africa-press.net\/burkina-faso\/economie\/zone-de-libre-echange-continentale-africaine-bientot-une-strategie-de-mise-en-oeuvre-pour-le-burkina#primaryimage\"},\"thumbnailUrl\":\"https:\/\/static.africa-press.net\/burkina\/sites\/42\/2021\/04\/img-60796a721c3ca.jpg\",\"keywords\":[\"Africa Press\",\"Africa Press-Burkina Faso\",\"Burkina Faso\"],\"articleSection\":[\"\u00c9conomie\",\"homepage-french\",\"Toutes les actualit\u00e9s\"],\"inLanguage\":\"fr-FR\",\"potentialAction\":[{\"@type\":\"CommentAction\",\"name\":\"Comment\",\"target\":[\"https:\/\/www.africa-press.net\/burkina-faso\/economie\/zone-de-libre-echange-continentale-africaine-bientot-une-strategie-de-mise-en-oeuvre-pour-le-burkina#respond\"]}]},{\"@type\":\"WebPage\",\"@id\":\"https:\/\/www.africa-press.net\/burkina-faso\/economie\/zone-de-libre-echange-continentale-africaine-bientot-une-strategie-de-mise-en-oeuvre-pour-le-burkina\",\"url\":\"https:\/\/www.africa-press.net\/burkina-faso\/economie\/zone-de-libre-echange-continentale-africaine-bientot-une-strategie-de-mise-en-oeuvre-pour-le-burkina\",\"name\":\"Zone de libre-\u00e9change continentale Africaine\u00a0: Bient\u00f4t une strat\u00e9gie de mise en \u0153uvre pour le Burkina - Burkina Faso\",\"isPartOf\":{\"@id\":\"https:\/\/www.africa-press.net\/burkina-faso\/#website\"},\"primaryImageOfPage\":{\"@id\":\"https:\/\/www.africa-press.net\/burkina-faso\/economie\/zone-de-libre-echange-continentale-africaine-bientot-une-strategie-de-mise-en-oeuvre-pour-le-burkina#primaryimage\"},\"image\":{\"@id\":\"https:\/\/www.africa-press.net\/burkina-faso\/economie\/zone-de-libre-echange-continentale-africaine-bientot-une-strategie-de-mise-en-oeuvre-pour-le-burkina#primaryimage\"},\"thumbnailUrl\":\"https:\/\/static.africa-press.net\/burkina\/sites\/42\/2021\/04\/img-60796a721c3ca.jpg\",\"datePublished\":\"2021-04-16T11:06:19+00:00\",\"dateModified\":\"2021-04-16T12:02:18+00:00\",\"author\":{\"@id\":\"https:\/\/www.africa-press.net\/burkina-faso\/#\/schema\/person\/2b1cf3cd81a31e3cd26889ca66d677f1\"},\"description\":\"Les acteurs du monde du commerce se sont r\u00e9unis ce jeudi 15 avril 2021 \u00e0 Ouagadougou. La rencontre a eu pour objectif l\u2019 ...\",\"breadcrumb\":{\"@id\":\"https:\/\/www.africa-press.net\/burkina-faso\/economie\/zone-de-libre-echange-continentale-africaine-bientot-une-strategie-de-mise-en-oeuvre-pour-le-burkina#breadcrumb\"},\"inLanguage\":\"fr-FR\",\"potentialAction\":[{\"@type\":\"ReadAction\",\"target\":[\"https:\/\/www.africa-press.net\/burkina-faso\/economie\/zone-de-libre-echange-continentale-africaine-bientot-une-strategie-de-mise-en-oeuvre-pour-le-burkina\"]}]},{\"@type\":\"ImageObject\",\"inLanguage\":\"fr-FR\",\"@id\":\"https:\/\/www.africa-press.net\/burkina-faso\/economie\/zone-de-libre-echange-continentale-africaine-bientot-une-strategie-de-mise-en-oeuvre-pour-le-burkina#primaryimage\",\"url\":\"https:\/\/static.africa-press.net\/burkina\/sites\/42\/2021\/04\/img-60796a721c3ca.jpg\",\"contentUrl\":\"https:\/\/static.africa-press.net\/burkina\/sites\/42\/2021\/04\/img-60796a721c3ca.jpg\",\"width\":1024,\"height\":512,\"caption\":\"Zone de libre-\u00e9change continentale Africaine\u00a0: Bient\u00f4t une strat\u00e9gie de mise en \u0153uvre pour le Burkina\"},{\"@type\":\"BreadcrumbList\",\"@id\":\"https:\/\/www.africa-press.net\/burkina-faso\/economie\/zone-de-libre-echange-continentale-africaine-bientot-une-strategie-de-mise-en-oeuvre-pour-le-burkina#breadcrumb\",\"itemListElement\":[{\"@type\":\"ListItem\",\"position\":1,\"name\":\"Accueil\",\"item\":\"https:\/\/www.africa-press.net\/burkina-faso\/\"},{\"@type\":\"ListItem\",\"position\":2,\"name\":\"Zone de libre-\u00e9change continentale Africaine\u00a0: Bient\u00f4t une strat\u00e9gie de mise en \u0153uvre pour le Burkina\"}]},{\"@type\":\"WebSite\",\"@id\":\"https:\/\/www.africa-press.net\/burkina-faso\/#website\",\"url\":\"https:\/\/www.africa-press.net\/burkina-faso\/\",\"name\":\"Burkina Faso\",\"description\":\"Just another Africa News Agency Sites site\",\"potentialAction\":[{\"@type\":\"SearchAction\",\"target\":{\"@type\":\"EntryPoint\",\"urlTemplate\":\"https:\/\/www.africa-press.net\/burkina-faso\/?s={search_term_string}\"},\"query-input\":{\"@type\":\"PropertyValueSpecification\",\"valueRequired\":true,\"valueName\":\"search_term_string\"}}],\"inLanguage\":\"fr-FR\"},{\"@type\":\"Person\",\"@id\":\"https:\/\/www.africa-press.net\/burkina-faso\/#\/schema\/person\/2b1cf3cd81a31e3cd26889ca66d677f1\",\"name\":\"cfeditorfr\"}]}<\/script>\n<!-- \/ Yoast SEO Premium plugin. -->","yoast_head_json":{"title":"Zone de libre-\u00e9change continentale Africaine\u00a0: Bient\u00f4t une strat\u00e9gie de mise en \u0153uvre pour le Burkina - Burkina Faso","description":"Les acteurs du monde du commerce se sont r\u00e9unis ce jeudi 15 avril 2021 \u00e0 Ouagadougou. La rencontre a eu pour objectif l\u2019 ...","robots":{"index":"index","follow":"follow","max-snippet":"max-snippet:-1","max-image-preview":"max-image-preview:large","max-video-preview":"max-video-preview:-1"},"canonical":"https:\/\/www.africa-press.net\/burkina-faso\/economie\/zone-de-libre-echange-continentale-africaine-bientot-une-strategie-de-mise-en-oeuvre-pour-le-burkina","og_locale":"fr_FR","og_type":"article","og_title":"Zone de libre-\u00e9change continentale Africaine\u00a0: Bient\u00f4t une strat\u00e9gie de mise en \u0153uvre pour le Burkina","og_description":"Les acteurs du monde du commerce se sont r\u00e9unis ce jeudi 15 avril 2021 \u00e0 Ouagadougou. La rencontre a eu pour objectif l\u2019 ...","og_url":"https:\/\/www.africa-press.net\/burkina-faso\/economie\/zone-de-libre-echange-continentale-africaine-bientot-une-strategie-de-mise-en-oeuvre-pour-le-burkina","og_site_name":"Burkina Faso","article_published_time":"2021-04-16T11:06:19+00:00","article_modified_time":"2021-04-16T12:02:18+00:00","og_image":[{"width":1024,"height":512,"url":"https:\/\/static.africa-press.net\/burkina\/sites\/42\/2021\/04\/img-60796a721c3ca.jpg","type":"image\/jpeg"}],"author":"cfeditorfr","twitter_card":"summary_large_image","twitter_misc":{"\u00c9crit par":"cfeditorfr","Dur\u00e9e de lecture estim\u00e9e":"2 minutes"},"schema":{"@context":"https:\/\/schema.org","@graph":[{"@type":"Article","@id":"https:\/\/www.africa-press.net\/burkina-faso\/economie\/zone-de-libre-echange-continentale-africaine-bientot-une-strategie-de-mise-en-oeuvre-pour-le-burkina#article","isPartOf":{"@id":"https:\/\/www.africa-press.net\/burkina-faso\/economie\/zone-de-libre-echange-continentale-africaine-bientot-une-strategie-de-mise-en-oeuvre-pour-le-burkina"},"author":{"name":"cfeditorfr","@id":"https:\/\/www.africa-press.net\/burkina-faso\/#\/schema\/person\/2b1cf3cd81a31e3cd26889ca66d677f1"},"headline":"Zone de libre-\u00e9change continentale Africaine\u00a0: Bient\u00f4t une strat\u00e9gie de mise en \u0153uvre pour le Burkina","datePublished":"2021-04-16T11:06:19+00:00","dateModified":"2021-04-16T12:02:18+00:00","mainEntityOfPage":{"@id":"https:\/\/www.africa-press.net\/burkina-faso\/economie\/zone-de-libre-echange-continentale-africaine-bientot-une-strategie-de-mise-en-oeuvre-pour-le-burkina"},"wordCount":377,"commentCount":0,"image":{"@id":"https:\/\/www.africa-press.net\/burkina-faso\/economie\/zone-de-libre-echange-continentale-africaine-bientot-une-strategie-de-mise-en-oeuvre-pour-le-burkina#primaryimage"},"thumbnailUrl":"https:\/\/static.africa-press.net\/burkina\/sites\/42\/2021\/04\/img-60796a721c3ca.jpg","keywords":["Africa Press","Africa Press-Burkina Faso","Burkina Faso"],"articleSection":["\u00c9conomie","homepage-french","Toutes les actualit\u00e9s"],"inLanguage":"fr-FR","potentialAction":[{"@type":"CommentAction","name":"Comment","target":["https:\/\/www.africa-press.net\/burkina-faso\/economie\/zone-de-libre-echange-continentale-africaine-bientot-une-strategie-de-mise-en-oeuvre-pour-le-burkina#respond"]}]},{"@type":"WebPage","@id":"https:\/\/www.africa-press.net\/burkina-faso\/economie\/zone-de-libre-echange-continentale-africaine-bientot-une-strategie-de-mise-en-oeuvre-pour-le-burkina","url":"https:\/\/www.africa-press.net\/burkina-faso\/economie\/zone-de-libre-echange-continentale-africaine-bientot-une-strategie-de-mise-en-oeuvre-pour-le-burkina","name":"Zone de libre-\u00e9change continentale Africaine\u00a0: Bient\u00f4t une strat\u00e9gie de mise en \u0153uvre pour le Burkina - Burkina Faso","isPartOf":{"@id":"https:\/\/www.africa-press.net\/burkina-faso\/#website"},"primaryImageOfPage":{"@id":"https:\/\/www.africa-press.net\/burkina-faso\/economie\/zone-de-libre-echange-continentale-africaine-bientot-une-strategie-de-mise-en-oeuvre-pour-le-burkina#primaryimage"},"image":{"@id":"https:\/\/www.africa-press.net\/burkina-faso\/economie\/zone-de-libre-echange-continentale-africaine-bientot-une-strategie-de-mise-en-oeuvre-pour-le-burkina#primaryimage"},"thumbnailUrl":"https:\/\/static.africa-press.net\/burkina\/sites\/42\/2021\/04\/img-60796a721c3ca.jpg","datePublished":"2021-04-16T11:06:19+00:00","dateModified":"2021-04-16T12:02:18+00:00","author":{"@id":"https:\/\/www.africa-press.net\/burkina-faso\/#\/schema\/person\/2b1cf3cd81a31e3cd26889ca66d677f1"},"description":"Les acteurs du monde du commerce se sont r\u00e9unis ce jeudi 15 avril 2021 \u00e0 Ouagadougou. La rencontre a eu pour objectif l\u2019 ...","breadcrumb":{"@id":"https:\/\/www.africa-press.net\/burkina-faso\/economie\/zone-de-libre-echange-continentale-africaine-bientot-une-strategie-de-mise-en-oeuvre-pour-le-burkina#breadcrumb"},"inLanguage":"fr-FR","potentialAction":[{"@type":"ReadAction","target":["https:\/\/www.africa-press.net\/burkina-faso\/economie\/zone-de-libre-echange-continentale-africaine-bientot-une-strategie-de-mise-en-oeuvre-pour-le-burkina"]}]},{"@type":"ImageObject","inLanguage":"fr-FR","@id":"https:\/\/www.africa-press.net\/burkina-faso\/economie\/zone-de-libre-echange-continentale-africaine-bientot-une-strategie-de-mise-en-oeuvre-pour-le-burkina#primaryimage","url":"https:\/\/static.africa-press.net\/burkina\/sites\/42\/2021\/04\/img-60796a721c3ca.jpg","contentUrl":"https:\/\/static.africa-press.net\/burkina\/sites\/42\/2021\/04\/img-60796a721c3ca.jpg","width":1024,"height":512,"caption":"Zone de libre-\u00e9change continentale Africaine\u00a0: Bient\u00f4t une strat\u00e9gie de mise en \u0153uvre pour le Burkina"},{"@type":"BreadcrumbList","@id":"https:\/\/www.africa-press.net\/burkina-faso\/economie\/zone-de-libre-echange-continentale-africaine-bientot-une-strategie-de-mise-en-oeuvre-pour-le-burkina#breadcrumb","itemListElement":[{"@type":"ListItem","position":1,"name":"Accueil","item":"https:\/\/www.africa-press.net\/burkina-faso\/"},{"@type":"ListItem","position":2,"name":"Zone de libre-\u00e9change continentale Africaine\u00a0: Bient\u00f4t une strat\u00e9gie de mise en \u0153uvre pour le Burkina"}]},{"@type":"WebSite","@id":"https:\/\/www.africa-press.net\/burkina-faso\/#website","url":"https:\/\/www.africa-press.net\/burkina-faso\/","name":"Burkina Faso","description":"Just another Africa News Agency Sites site","potentialAction":[{"@type":"SearchAction","target":{"@type":"EntryPoint","urlTemplate":"https:\/\/www.africa-press.net\/burkina-faso\/?s={search_term_string}"},"query-input":{"@type":"PropertyValueSpecification","valueRequired":true,"valueName":"search_term_string"}}],"inLanguage":"fr-FR"},{"@type":"Person","@id":"https:\/\/www.africa-press.net\/burkina-faso\/#\/schema\/person\/2b1cf3cd81a31e3cd26889ca66d677f1","name":"cfeditorfr"}]}},"_links":{"self":[{"href":"https:\/\/www.africa-press.net\/burkina-faso\/wp-json\/wp\/v2\/posts\/10029","targetHints":{"allow":["GET"]}}],"collection":[{"href":"https:\/\/www.africa-press.net\/burkina-faso\/wp-json\/wp\/v2\/posts"}],"about":[{"href":"https:\/\/www.africa-press.net\/burkina-faso\/wp-json\/wp\/v2\/types\/post"}],"author":[{"embeddable":true,"href":"https:\/\/www.africa-press.net\/burkina-faso\/wp-json\/wp\/v2\/users\/82"}],"replies":[{"embeddable":true,"href":"https:\/\/www.africa-press.net\/burkina-faso\/wp-json\/wp\/v2\/comments?post=10029"}],"version-history":[{"count":0,"href":"https:\/\/www.africa-press.net\/burkina-faso\/wp-json\/wp\/v2\/posts\/10029\/revisions"}],"wp:featuredmedia":[{"embeddable":true,"href":"https:\/\/www.africa-press.net\/burkina-faso\/wp-json\/wp\/v2\/media\/10028"}],"wp:attachment":[{"href":"https:\/\/www.africa-press.net\/burkina-faso\/wp-json\/wp\/v2\/media?parent=10029"}],"wp:term":[{"taxonomy":"category","embeddable":true,"href":"https:\/\/www.africa-press.net\/burkina-faso\/wp-json\/wp\/v2\/categories?post=10029"},{"taxonomy":"post_tag","embeddable":true,"href":"https:\/\/www.africa-press.net\/burkina-faso\/wp-json\/wp\/v2\/tags?post=10029"}],"curies":[{"name":"wp","href":"https:\/\/api.w.org\/{rel}","templated":true}]}}