{"id":10035,"date":"2021-04-16T11:21:45","date_gmt":"2021-04-16T11:21:45","guid":{"rendered":"https:\/\/www.africa-press.net\/burkina-faso\/?p=10035"},"modified":"2021-04-16T12:02:36","modified_gmt":"2021-04-16T12:02:36","slug":"projet-biostar-une-innovation-pour-accroitre-lacces-a-lenergie-dans-les-zones-rurales","status":"publish","type":"post","link":"https:\/\/www.africa-press.net\/burkina-faso\/toutes-les-actualites\/projet-biostar-une-innovation-pour-accroitre-lacces-a-lenergie-dans-les-zones-rurales","title":{"rendered":"Projet BioStar : Une innovation pour accro\u00eetre l&rsquo;acc\u00e8s \u00e0 l&rsquo;\u00e9nergie dans les zones rurales"},"content":{"rendered":"<p><span style=\"color: #ff6600\"><strong><a href=\"https:\/\/www.africa-press.net\/\">Africa-Press<\/a> &#8211; <a href=\"https:\/\/www.africa-press.net\/burkina-faso\">Burkina Faso<\/a>. <\/strong><\/span><b>Sous la coordination du Centre de coop\u00e9ration internationale en recherche agronomique pour le d\u00e9veloppement (CIRAD, France), un consortium de partenaires d\u2019Afrique de l\u2019Ouest et d\u2019Europe a officiellement lanc\u00e9 dans la matin\u00e9e de ce jeudi 15 avril 2021 \u00e0 Ouagadougou, le projet d\u00e9nomm\u00e9 \u00ab BioStar \u00bb. Il a pour vocation de contribuer \u00e0 la s\u00e9curit\u00e9 \u00e9nerg\u00e9tique et alimentaire par le d\u00e9veloppement d\u2019un secteur bio-\u00e9nergie r\u00e9pondant aux besoins des petites et moyennes entreprises (PME) de transformation agro-alimentaire. La c\u00e9r\u00e9monie \u00e9tait plac\u00e9e sous la pr\u00e9sidence du minist\u00e8re de l\u2019Enseignement sup\u00e9rieur, de la Recherche scientifique et de l\u2019Innovation du Burkina.<\/b><\/p>\n<p>\u00ab BioStar vise \u00e0 am\u00e9liorer l\u2019approvisionnement \u00e9nerg\u00e9tique des petites et moyennes entreprises agro-alimentaires d\u2019Afrique de l\u2019ouest, en convertissant leurs r\u00e9sidus en chaleur, force motrice ou \u00e9lectricit\u00e9 \u00bb, explique le coordinateur du projet, Jo\u00ebl Blin.<br \/>\nA l\u2019en croire, il va contribuer \u00e0 l\u2019implantation des petites et moyennes entreprises (PME) en zones rurales, au plus pr\u00e8s des productions agricoles pour limiter les transports de mati\u00e8re premi\u00e8re, et, ainsi, les pertes post-r\u00e9coltes et g\u00e9n\u00e9rer de l\u2019emploi.<\/p>\n<p>Cinq fili\u00e8res agro-alimentaires ont \u00e9t\u00e9 retenues pour promouvoir l\u2019\u00e9mergence d\u2019un secteur bio-\u00e9nergie en milieu rural. Il s\u2019agit de l\u2019anacarde, du karit\u00e9, du riz, de la mangue et de l\u2019arachide.<\/p>\n<p>\u00ab Elles ont \u00e9t\u00e9 choisies en fonction de leur importance \u00e9conomique dans les pays cibles, de l\u2019implication massive des femmes au sein de ces fili\u00e8res et \u00e9galement parce qu\u2019elles font l\u2019objet de strat\u00e9gies nationales pour leur d\u00e9veloppement durable. En outre, pour toutes ces fili\u00e8res, la transformation du produit agricole en produit alimentaire requiert de l\u2019\u00e9nergie et g\u00e9n\u00e8re des r\u00e9sidus qui sont peu ou pas valoris\u00e9s aujourd\u2019hui. Ainsi, des PME de transformation agro-alimentaire de ces cinq fili\u00e8res vont \u00eatre s\u00e9lectionn\u00e9es en d\u00e9but de projet pour y introduire une technologie bio-\u00e9nergie qui permette de valoriser leurs r\u00e9sidus agro-alimentaires en \u00e9nergie \u00bb, lit-on dans le dossier de presse.<\/p>\n<p>L\u2019introduction de ces innovations en bio-\u00e9nergie au sein de ces PME devrait permettre de s\u00e9curiser leurs approvisionnements \u00e9nerg\u00e9tiques et, ainsi, de les rendre autonomes pour faire fonctionner leurs proc\u00e9d\u00e9s de d\u00e9corticage, s\u00e9chage, extraction, \u00e9tuvage, etc.<\/p>\n<p>BioStar pr\u00e9voit donc de promouvoir un d\u00e9veloppement durable des PME de transformation agro-alimentaire dans les zones rurales et ce, gr\u00e2ce \u00e0 l\u2019innovation dans la production de bio-\u00e9nergie durable, l\u2019optimisation de la transformation des aliments, l\u2019\u00e9mergence d\u2019un secteur bio-\u00e9nergie.<\/p>\n<p>La r\u00e9alisation du projet est structur\u00e9e autour de trois \u00e9tapes cl\u00e9s que sont, l\u2019identification et la mobilisation de PME exp\u00e9rimentatrices dans les fili\u00e8res s\u00e9lectionn\u00e9es, l\u2019adaptation et l\u2019exp\u00e9rimentation avec seize PME s\u00e9lectionn\u00e9es de diff\u00e9rents prototypes d\u2019\u00e9quipements de production d\u2019\u00e9nergie \u00e0 partir de r\u00e9sidus agro-alimentaires, l\u2019identification et la promotion de conditions favorables \u00e0 l\u2019appropriation de ces solutions innovantes par les PME concern\u00e9es et les entreprises du secteur bio-\u00e9nergie.<\/p>\n<p>Selon le d\u00e9l\u00e9gu\u00e9 g\u00e9n\u00e9ral du Centre national de la Recherche scientifique et technologique (CNRST), Pr Roger N\u00e9bi\u00e9, qui a pr\u00e9sid\u00e9 la c\u00e9r\u00e9monie officielle de lancement, le constat est que beaucoup de r\u00e9sidus ne sont pas utilis\u00e9s, alors qu\u2019ils ont un potentiel \u00e9nerg\u00e9tique. Le projet s\u2019attaque \u00e0 un des maillons essentiels dans l\u2019industrie, \u00e0 savoir le secteur de l\u2019\u00e9nergie, poursuit-il. \u00ab Travailler \u00e0 lever les contraintes li\u00e9es \u00e0 l\u2019\u00e9nergie, en utilisant tout ce qu\u2019il y a comme rejets de cette industrie pour produire de la bio-\u00e9nergie, qui va \u00eatre r\u00e9inject\u00e9e dans cette industrie. Sachant le co\u00fbt \u00e9nerg\u00e9tique d\u2019une PME ou d\u2019une industrie, s\u2019attaquer \u00e0 ce verrou et proposer des solutions innovantes apportera v\u00e9ritablement un plus aux PME au Burkina \u00bb, ausculte Pr N\u00e9bi\u00e9.<\/p>\n<p><b>\u00ab Apporter v\u00e9ritablement un plus aux PME au Burkina \u00bb<\/b><\/p>\n<p>\u00ab Ce projet est une parfaite illustration d\u2019une recherche scientifique qui veut avoir un impact sur le d\u00e9veloppement \u00e9conomique et social au b\u00e9n\u00e9fice des populations. Une recherche qui est bas\u00e9e sur des partenariats de qualit\u00e9 inscrits dans la dur\u00e9e entre tous les acteurs concern\u00e9s. Les cl\u00e9s de r\u00e9ussite d\u2019un tel projet reposent en effet sur la confiance entre institutions, la compl\u00e9mentarit\u00e9 des comp\u00e9tences et les synergies fortes entre partenaires africains et europ\u00e9ens regroup\u00e9s au sein du consortium BioStar \u00bb, se r\u00e9jouit le pr\u00e9sident-directeur g\u00e9n\u00e9ral du Centre de coop\u00e9ration internationale en recherche agronomique pour le d\u00e9veloppement (CIRAD), Michel Eddi.<\/p>\n<p>A l\u2019en croire, c\u2019est un projet qui va mobiliser beaucoup d\u2019acteurs, avec son ambition r\u00e9gionale forte. \u00ab C\u2019est une mont\u00e9e en puissance \u00e0 la fois technique, scientifique et organisationnelle, qu\u2019il nous faut r\u00e9ussir. Ce projet a les caract\u00e9ristiques propres \u00e0 la situation que nous vivons, me semble-t-il, dans la r\u00e9gion et dans la zone, avec une capacit\u00e9 de la recherche du CNRST, ISRA au S\u00e9n\u00e9gal (Institut s\u00e9n\u00e9galais de recherches agricoles), l\u2019Universit\u00e9 Thomas Sankara, les 2iE, le CIRAD de la coop\u00e9ration europ\u00e9enne de monter des projets de grande taille, avec de gros financements ; parce que les probl\u00e8mes que nous abordons sont de grands et gros probl\u00e8mes. Donc, il faut changer de cha\u00eene. C\u2019est le m\u00eame m\u00e9tier que nous faisons, mais avec un niveau d\u2019ambition et d\u2019organisation encore plus fort. C\u2019est cela qui va changer la donne sur le terrain au b\u00e9n\u00e9fice des populations \u00bb, soutient Michel Eddi.<\/p>\n<p>Pour le charg\u00e9 d\u2019affaires de la d\u00e9l\u00e9gation de l\u2019Union europ\u00e9enne, Jos\u00e9 Luis Sanchez Alegr\u00e9, cette d\u00e9marche innovante est en phase avec les domaines prioritaires de l\u2019Union europ\u00e9enne au Burkina, notamment celui de l\u2019\u00ab \u00e9conomie verte et r\u00e9siliente \u00bb.<\/p>\n<p>\u00ab En effet, l\u2019objectif de ce domaine prioritaire est de contribuer \u00e0 une croissance verte durable, inclusive et g\u00e9n\u00e9ratrice d\u2019emploi pour les jeunes et les femmes au travers d\u2019un d\u00e9veloppement int\u00e9gr\u00e9 harmonieux d\u2019activit\u00e9s \u00e9conomiques durables, particuli\u00e8rement au niveau agro-alimentaire, \u00e0 l\u2019\u00e9chelle de territoires \u00bb, note Jos\u00e9 Luis Sanchez Alegr\u00e9, repr\u00e9sentant l\u2019ambassadeur de l\u2019Union europ\u00e9enne au Burkina.<br \/>\nLe directeur de l\u2019Agence fran\u00e7aise de d\u00e9veloppement, Gilles Chausse, lui, souligne que ce projet est \u00e0 la crois\u00e9e des grandes ambitions que son institution porte partout dans le monde, en mati\u00e8re de climat et de lien social, o\u00f9 la recherche est vraiment au service du d\u00e9veloppement durable.<\/p>\n<p>Coordonn\u00e9 par le Centre de coop\u00e9ration internationale en recherche agronomique pour le d\u00e9veloppement (CIRAD, France), le projet r\u00e9unit un consortium de partenaires d\u2019Afrique de l\u2019ouest et d\u2019Europe. Il s\u2019agit de l\u2019Institut international d\u2019ing\u00e9nierie de l\u2019eau et de l\u2019environnement (2iE), l\u2019Institut de recherche en sciences appliqu\u00e9es et technologies (IRSAT), l\u2019Universit\u00e9 Thomas Sankara (UTS), l\u2019organisation non-gouvernementale fran\u00e7aise Nitidae, l\u2019Institut s\u00e9n\u00e9galais de recherches agricoles (ISRA), l\u2019Universit\u00e9 Gaston Berger (UGB, S\u00e9n\u00e9gal), l\u2019Universit\u00e9 d\u2019Hohenheim (Stuttgart, Allemagne), l\u2019Universit\u00e9 catholique de Louvain (Belgique), l\u2019Universit\u00e9 Roma Tre (Italie).<\/p>\n<p>Le projet BioStar a une vocation r\u00e9gionale : il se d\u00e9roule au Burkina et au S\u00e9n\u00e9gal et des actions de diss\u00e9mination seront men\u00e9es en C\u00f4te d\u2019Ivoire, au Mali et au Niger.<br \/>\nD\u2019un montant de sept milliards de FCFA (dont plus de six milliards de l\u2019Union europ\u00e9enne), le projet s\u2019\u00e9tale sur la p\u00e9riode de 2020-2025.<\/p>\n<p><b>\u00a0<\/b><\/p>\n","protected":false},"excerpt":{"rendered":"<p>Africa-Press &#8211; Burkina Faso. Sous la coordination du Centre de coop\u00e9ration internationale en recherche agronomique pour le d\u00e9veloppement (CIRAD, France), un consortium de partenaires d\u2019Afrique de l\u2019Ouest et d\u2019Europe a officiellement lanc\u00e9 dans la matin\u00e9e de ce jeudi 15 avril 2021 \u00e0 Ouagadougou, le projet d\u00e9nomm\u00e9 \u00ab BioStar \u00bb. Il a pour vocation de contribuer [&hellip;]<\/p>\n","protected":false},"author":82,"featured_media":10034,"comment_status":"open","ping_status":"closed","sticky":false,"template":"","format":"standard","meta":{"footnotes":""},"categories":[21,11,10],"tags":[111,725,29],"class_list":["post-10035","post","type-post","status-publish","format-standard","has-post-thumbnail","hentry","category-communaute","category-homepage-french","category-toutes-les-actualites","tag-africa-press","tag-africa-press-burkina-faso","tag-burkina-faso"],"yoast_head":"<!-- This site is optimized with the Yoast SEO Premium plugin v26.1 (Yoast SEO v27.0) - https:\/\/yoast.com\/product\/yoast-seo-premium-wordpress\/ -->\n<title>Projet BioStar : Une innovation pour accro\u00eetre l&#039;acc\u00e8s \u00e0 l&#039;\u00e9nergie dans les zones rurales - Burkina Faso<\/title>\n<meta name=\"description\" content=\"Sous la coordination du Centre de coop\u00e9ration internationale en recherche agronomique pour le d\u00e9veloppement (CIRAD, F ...\" \/>\n<meta name=\"robots\" content=\"index, follow, max-snippet:-1, max-image-preview:large, max-video-preview:-1\" \/>\n<link rel=\"canonical\" href=\"https:\/\/www.africa-press.net\/burkina-faso\/toutes-les-actualites\/projet-biostar-une-innovation-pour-accroitre-lacces-a-lenergie-dans-les-zones-rurales\" \/>\n<meta property=\"og:locale\" content=\"fr_FR\" \/>\n<meta property=\"og:type\" content=\"article\" \/>\n<meta property=\"og:title\" content=\"Projet BioStar : Une innovation pour accro\u00eetre l&#039;acc\u00e8s \u00e0 l&#039;\u00e9nergie dans les zones rurales\" \/>\n<meta property=\"og:description\" content=\"Sous la coordination du Centre de coop\u00e9ration internationale en recherche agronomique pour le d\u00e9veloppement (CIRAD, F ...\" \/>\n<meta property=\"og:url\" content=\"https:\/\/www.africa-press.net\/burkina-faso\/toutes-les-actualites\/projet-biostar-une-innovation-pour-accroitre-lacces-a-lenergie-dans-les-zones-rurales\" \/>\n<meta property=\"og:site_name\" content=\"Burkina Faso\" \/>\n<meta property=\"article:published_time\" content=\"2021-04-16T11:21:45+00:00\" \/>\n<meta property=\"article:modified_time\" content=\"2021-04-16T12:02:36+00:00\" \/>\n<meta property=\"og:image\" content=\"https:\/\/static.africa-press.net\/burkina\/sites\/42\/2021\/04\/img-60796ac8a5579.jpg\" \/>\n\t<meta property=\"og:image:width\" content=\"720\" \/>\n\t<meta property=\"og:image:height\" content=\"540\" \/>\n\t<meta property=\"og:image:type\" content=\"image\/jpeg\" \/>\n<meta name=\"author\" content=\"cfeditorfr\" \/>\n<meta name=\"twitter:card\" content=\"summary_large_image\" \/>\n<meta name=\"twitter:label1\" content=\"\u00c9crit par\" \/>\n\t<meta name=\"twitter:data1\" content=\"cfeditorfr\" \/>\n\t<meta name=\"twitter:label2\" content=\"Dur\u00e9e de lecture estim\u00e9e\" \/>\n\t<meta name=\"twitter:data2\" content=\"5 minutes\" \/>\n<script type=\"application\/ld+json\" class=\"yoast-schema-graph\">{\"@context\":\"https:\/\/schema.org\",\"@graph\":[{\"@type\":\"Article\",\"@id\":\"https:\/\/www.africa-press.net\/burkina-faso\/toutes-les-actualites\/projet-biostar-une-innovation-pour-accroitre-lacces-a-lenergie-dans-les-zones-rurales#article\",\"isPartOf\":{\"@id\":\"https:\/\/www.africa-press.net\/burkina-faso\/toutes-les-actualites\/projet-biostar-une-innovation-pour-accroitre-lacces-a-lenergie-dans-les-zones-rurales\"},\"author\":{\"name\":\"cfeditorfr\",\"@id\":\"https:\/\/www.africa-press.net\/burkina-faso\/#\/schema\/person\/2b1cf3cd81a31e3cd26889ca66d677f1\"},\"headline\":\"Projet BioStar : Une innovation pour accro\u00eetre l&rsquo;acc\u00e8s \u00e0 l&rsquo;\u00e9nergie dans les zones rurales\",\"datePublished\":\"2021-04-16T11:21:45+00:00\",\"dateModified\":\"2021-04-16T12:02:36+00:00\",\"mainEntityOfPage\":{\"@id\":\"https:\/\/www.africa-press.net\/burkina-faso\/toutes-les-actualites\/projet-biostar-une-innovation-pour-accroitre-lacces-a-lenergie-dans-les-zones-rurales\"},\"wordCount\":1324,\"commentCount\":0,\"image\":{\"@id\":\"https:\/\/www.africa-press.net\/burkina-faso\/toutes-les-actualites\/projet-biostar-une-innovation-pour-accroitre-lacces-a-lenergie-dans-les-zones-rurales#primaryimage\"},\"thumbnailUrl\":\"https:\/\/static.africa-press.net\/burkina\/sites\/42\/2021\/04\/img-60796ac8a5579.jpg\",\"keywords\":[\"Africa Press\",\"Africa Press-Burkina Faso\",\"Burkina Faso\"],\"articleSection\":[\"Communaut\u00e9\",\"homepage-french\",\"Toutes les actualit\u00e9s\"],\"inLanguage\":\"fr-FR\",\"potentialAction\":[{\"@type\":\"CommentAction\",\"name\":\"Comment\",\"target\":[\"https:\/\/www.africa-press.net\/burkina-faso\/toutes-les-actualites\/projet-biostar-une-innovation-pour-accroitre-lacces-a-lenergie-dans-les-zones-rurales#respond\"]}]},{\"@type\":\"WebPage\",\"@id\":\"https:\/\/www.africa-press.net\/burkina-faso\/toutes-les-actualites\/projet-biostar-une-innovation-pour-accroitre-lacces-a-lenergie-dans-les-zones-rurales\",\"url\":\"https:\/\/www.africa-press.net\/burkina-faso\/toutes-les-actualites\/projet-biostar-une-innovation-pour-accroitre-lacces-a-lenergie-dans-les-zones-rurales\",\"name\":\"Projet BioStar : Une innovation pour accro\u00eetre l'acc\u00e8s \u00e0 l'\u00e9nergie dans les zones rurales - Burkina Faso\",\"isPartOf\":{\"@id\":\"https:\/\/www.africa-press.net\/burkina-faso\/#website\"},\"primaryImageOfPage\":{\"@id\":\"https:\/\/www.africa-press.net\/burkina-faso\/toutes-les-actualites\/projet-biostar-une-innovation-pour-accroitre-lacces-a-lenergie-dans-les-zones-rurales#primaryimage\"},\"image\":{\"@id\":\"https:\/\/www.africa-press.net\/burkina-faso\/toutes-les-actualites\/projet-biostar-une-innovation-pour-accroitre-lacces-a-lenergie-dans-les-zones-rurales#primaryimage\"},\"thumbnailUrl\":\"https:\/\/static.africa-press.net\/burkina\/sites\/42\/2021\/04\/img-60796ac8a5579.jpg\",\"datePublished\":\"2021-04-16T11:21:45+00:00\",\"dateModified\":\"2021-04-16T12:02:36+00:00\",\"author\":{\"@id\":\"https:\/\/www.africa-press.net\/burkina-faso\/#\/schema\/person\/2b1cf3cd81a31e3cd26889ca66d677f1\"},\"description\":\"Sous la coordination du Centre de coop\u00e9ration internationale en recherche agronomique pour le d\u00e9veloppement (CIRAD, F ...\",\"breadcrumb\":{\"@id\":\"https:\/\/www.africa-press.net\/burkina-faso\/toutes-les-actualites\/projet-biostar-une-innovation-pour-accroitre-lacces-a-lenergie-dans-les-zones-rurales#breadcrumb\"},\"inLanguage\":\"fr-FR\",\"potentialAction\":[{\"@type\":\"ReadAction\",\"target\":[\"https:\/\/www.africa-press.net\/burkina-faso\/toutes-les-actualites\/projet-biostar-une-innovation-pour-accroitre-lacces-a-lenergie-dans-les-zones-rurales\"]}]},{\"@type\":\"ImageObject\",\"inLanguage\":\"fr-FR\",\"@id\":\"https:\/\/www.africa-press.net\/burkina-faso\/toutes-les-actualites\/projet-biostar-une-innovation-pour-accroitre-lacces-a-lenergie-dans-les-zones-rurales#primaryimage\",\"url\":\"https:\/\/static.africa-press.net\/burkina\/sites\/42\/2021\/04\/img-60796ac8a5579.jpg\",\"contentUrl\":\"https:\/\/static.africa-press.net\/burkina\/sites\/42\/2021\/04\/img-60796ac8a5579.jpg\",\"width\":720,\"height\":540,\"caption\":\"Projet BioStar : Une innovation pour accro\u00eetre l'acc\u00e8s \u00e0 l'\u00e9nergie dans les zones rurales\"},{\"@type\":\"BreadcrumbList\",\"@id\":\"https:\/\/www.africa-press.net\/burkina-faso\/toutes-les-actualites\/projet-biostar-une-innovation-pour-accroitre-lacces-a-lenergie-dans-les-zones-rurales#breadcrumb\",\"itemListElement\":[{\"@type\":\"ListItem\",\"position\":1,\"name\":\"Accueil\",\"item\":\"https:\/\/www.africa-press.net\/burkina-faso\/\"},{\"@type\":\"ListItem\",\"position\":2,\"name\":\"Projet BioStar : Une innovation pour accro\u00eetre l&#8217;acc\u00e8s \u00e0 l&#8217;\u00e9nergie dans les zones rurales\"}]},{\"@type\":\"WebSite\",\"@id\":\"https:\/\/www.africa-press.net\/burkina-faso\/#website\",\"url\":\"https:\/\/www.africa-press.net\/burkina-faso\/\",\"name\":\"Burkina Faso\",\"description\":\"Just another Africa News Agency Sites site\",\"potentialAction\":[{\"@type\":\"SearchAction\",\"target\":{\"@type\":\"EntryPoint\",\"urlTemplate\":\"https:\/\/www.africa-press.net\/burkina-faso\/?s={search_term_string}\"},\"query-input\":{\"@type\":\"PropertyValueSpecification\",\"valueRequired\":true,\"valueName\":\"search_term_string\"}}],\"inLanguage\":\"fr-FR\"},{\"@type\":\"Person\",\"@id\":\"https:\/\/www.africa-press.net\/burkina-faso\/#\/schema\/person\/2b1cf3cd81a31e3cd26889ca66d677f1\",\"name\":\"cfeditorfr\"}]}<\/script>\n<!-- \/ Yoast SEO Premium plugin. -->","yoast_head_json":{"title":"Projet BioStar : Une innovation pour accro\u00eetre l'acc\u00e8s \u00e0 l'\u00e9nergie dans les zones rurales - Burkina Faso","description":"Sous la coordination du Centre de coop\u00e9ration internationale en recherche agronomique pour le d\u00e9veloppement (CIRAD, F ...","robots":{"index":"index","follow":"follow","max-snippet":"max-snippet:-1","max-image-preview":"max-image-preview:large","max-video-preview":"max-video-preview:-1"},"canonical":"https:\/\/www.africa-press.net\/burkina-faso\/toutes-les-actualites\/projet-biostar-une-innovation-pour-accroitre-lacces-a-lenergie-dans-les-zones-rurales","og_locale":"fr_FR","og_type":"article","og_title":"Projet BioStar : Une innovation pour accro\u00eetre l'acc\u00e8s \u00e0 l'\u00e9nergie dans les zones rurales","og_description":"Sous la coordination du Centre de coop\u00e9ration internationale en recherche agronomique pour le d\u00e9veloppement (CIRAD, F ...","og_url":"https:\/\/www.africa-press.net\/burkina-faso\/toutes-les-actualites\/projet-biostar-une-innovation-pour-accroitre-lacces-a-lenergie-dans-les-zones-rurales","og_site_name":"Burkina Faso","article_published_time":"2021-04-16T11:21:45+00:00","article_modified_time":"2021-04-16T12:02:36+00:00","og_image":[{"width":720,"height":540,"url":"https:\/\/static.africa-press.net\/burkina\/sites\/42\/2021\/04\/img-60796ac8a5579.jpg","type":"image\/jpeg"}],"author":"cfeditorfr","twitter_card":"summary_large_image","twitter_misc":{"\u00c9crit par":"cfeditorfr","Dur\u00e9e de lecture estim\u00e9e":"5 minutes"},"schema":{"@context":"https:\/\/schema.org","@graph":[{"@type":"Article","@id":"https:\/\/www.africa-press.net\/burkina-faso\/toutes-les-actualites\/projet-biostar-une-innovation-pour-accroitre-lacces-a-lenergie-dans-les-zones-rurales#article","isPartOf":{"@id":"https:\/\/www.africa-press.net\/burkina-faso\/toutes-les-actualites\/projet-biostar-une-innovation-pour-accroitre-lacces-a-lenergie-dans-les-zones-rurales"},"author":{"name":"cfeditorfr","@id":"https:\/\/www.africa-press.net\/burkina-faso\/#\/schema\/person\/2b1cf3cd81a31e3cd26889ca66d677f1"},"headline":"Projet BioStar : Une innovation pour accro\u00eetre l&rsquo;acc\u00e8s \u00e0 l&rsquo;\u00e9nergie dans les zones rurales","datePublished":"2021-04-16T11:21:45+00:00","dateModified":"2021-04-16T12:02:36+00:00","mainEntityOfPage":{"@id":"https:\/\/www.africa-press.net\/burkina-faso\/toutes-les-actualites\/projet-biostar-une-innovation-pour-accroitre-lacces-a-lenergie-dans-les-zones-rurales"},"wordCount":1324,"commentCount":0,"image":{"@id":"https:\/\/www.africa-press.net\/burkina-faso\/toutes-les-actualites\/projet-biostar-une-innovation-pour-accroitre-lacces-a-lenergie-dans-les-zones-rurales#primaryimage"},"thumbnailUrl":"https:\/\/static.africa-press.net\/burkina\/sites\/42\/2021\/04\/img-60796ac8a5579.jpg","keywords":["Africa Press","Africa Press-Burkina Faso","Burkina Faso"],"articleSection":["Communaut\u00e9","homepage-french","Toutes les actualit\u00e9s"],"inLanguage":"fr-FR","potentialAction":[{"@type":"CommentAction","name":"Comment","target":["https:\/\/www.africa-press.net\/burkina-faso\/toutes-les-actualites\/projet-biostar-une-innovation-pour-accroitre-lacces-a-lenergie-dans-les-zones-rurales#respond"]}]},{"@type":"WebPage","@id":"https:\/\/www.africa-press.net\/burkina-faso\/toutes-les-actualites\/projet-biostar-une-innovation-pour-accroitre-lacces-a-lenergie-dans-les-zones-rurales","url":"https:\/\/www.africa-press.net\/burkina-faso\/toutes-les-actualites\/projet-biostar-une-innovation-pour-accroitre-lacces-a-lenergie-dans-les-zones-rurales","name":"Projet BioStar : Une innovation pour accro\u00eetre l'acc\u00e8s \u00e0 l'\u00e9nergie dans les zones rurales - Burkina Faso","isPartOf":{"@id":"https:\/\/www.africa-press.net\/burkina-faso\/#website"},"primaryImageOfPage":{"@id":"https:\/\/www.africa-press.net\/burkina-faso\/toutes-les-actualites\/projet-biostar-une-innovation-pour-accroitre-lacces-a-lenergie-dans-les-zones-rurales#primaryimage"},"image":{"@id":"https:\/\/www.africa-press.net\/burkina-faso\/toutes-les-actualites\/projet-biostar-une-innovation-pour-accroitre-lacces-a-lenergie-dans-les-zones-rurales#primaryimage"},"thumbnailUrl":"https:\/\/static.africa-press.net\/burkina\/sites\/42\/2021\/04\/img-60796ac8a5579.jpg","datePublished":"2021-04-16T11:21:45+00:00","dateModified":"2021-04-16T12:02:36+00:00","author":{"@id":"https:\/\/www.africa-press.net\/burkina-faso\/#\/schema\/person\/2b1cf3cd81a31e3cd26889ca66d677f1"},"description":"Sous la coordination du Centre de coop\u00e9ration internationale en recherche agronomique pour le d\u00e9veloppement (CIRAD, F ...","breadcrumb":{"@id":"https:\/\/www.africa-press.net\/burkina-faso\/toutes-les-actualites\/projet-biostar-une-innovation-pour-accroitre-lacces-a-lenergie-dans-les-zones-rurales#breadcrumb"},"inLanguage":"fr-FR","potentialAction":[{"@type":"ReadAction","target":["https:\/\/www.africa-press.net\/burkina-faso\/toutes-les-actualites\/projet-biostar-une-innovation-pour-accroitre-lacces-a-lenergie-dans-les-zones-rurales"]}]},{"@type":"ImageObject","inLanguage":"fr-FR","@id":"https:\/\/www.africa-press.net\/burkina-faso\/toutes-les-actualites\/projet-biostar-une-innovation-pour-accroitre-lacces-a-lenergie-dans-les-zones-rurales#primaryimage","url":"https:\/\/static.africa-press.net\/burkina\/sites\/42\/2021\/04\/img-60796ac8a5579.jpg","contentUrl":"https:\/\/static.africa-press.net\/burkina\/sites\/42\/2021\/04\/img-60796ac8a5579.jpg","width":720,"height":540,"caption":"Projet BioStar : Une innovation pour accro\u00eetre l'acc\u00e8s \u00e0 l'\u00e9nergie dans les zones rurales"},{"@type":"BreadcrumbList","@id":"https:\/\/www.africa-press.net\/burkina-faso\/toutes-les-actualites\/projet-biostar-une-innovation-pour-accroitre-lacces-a-lenergie-dans-les-zones-rurales#breadcrumb","itemListElement":[{"@type":"ListItem","position":1,"name":"Accueil","item":"https:\/\/www.africa-press.net\/burkina-faso\/"},{"@type":"ListItem","position":2,"name":"Projet BioStar : Une innovation pour accro\u00eetre l&#8217;acc\u00e8s \u00e0 l&#8217;\u00e9nergie dans les zones rurales"}]},{"@type":"WebSite","@id":"https:\/\/www.africa-press.net\/burkina-faso\/#website","url":"https:\/\/www.africa-press.net\/burkina-faso\/","name":"Burkina Faso","description":"Just another Africa News Agency Sites site","potentialAction":[{"@type":"SearchAction","target":{"@type":"EntryPoint","urlTemplate":"https:\/\/www.africa-press.net\/burkina-faso\/?s={search_term_string}"},"query-input":{"@type":"PropertyValueSpecification","valueRequired":true,"valueName":"search_term_string"}}],"inLanguage":"fr-FR"},{"@type":"Person","@id":"https:\/\/www.africa-press.net\/burkina-faso\/#\/schema\/person\/2b1cf3cd81a31e3cd26889ca66d677f1","name":"cfeditorfr"}]}},"_links":{"self":[{"href":"https:\/\/www.africa-press.net\/burkina-faso\/wp-json\/wp\/v2\/posts\/10035","targetHints":{"allow":["GET"]}}],"collection":[{"href":"https:\/\/www.africa-press.net\/burkina-faso\/wp-json\/wp\/v2\/posts"}],"about":[{"href":"https:\/\/www.africa-press.net\/burkina-faso\/wp-json\/wp\/v2\/types\/post"}],"author":[{"embeddable":true,"href":"https:\/\/www.africa-press.net\/burkina-faso\/wp-json\/wp\/v2\/users\/82"}],"replies":[{"embeddable":true,"href":"https:\/\/www.africa-press.net\/burkina-faso\/wp-json\/wp\/v2\/comments?post=10035"}],"version-history":[{"count":0,"href":"https:\/\/www.africa-press.net\/burkina-faso\/wp-json\/wp\/v2\/posts\/10035\/revisions"}],"wp:featuredmedia":[{"embeddable":true,"href":"https:\/\/www.africa-press.net\/burkina-faso\/wp-json\/wp\/v2\/media\/10034"}],"wp:attachment":[{"href":"https:\/\/www.africa-press.net\/burkina-faso\/wp-json\/wp\/v2\/media?parent=10035"}],"wp:term":[{"taxonomy":"category","embeddable":true,"href":"https:\/\/www.africa-press.net\/burkina-faso\/wp-json\/wp\/v2\/categories?post=10035"},{"taxonomy":"post_tag","embeddable":true,"href":"https:\/\/www.africa-press.net\/burkina-faso\/wp-json\/wp\/v2\/tags?post=10035"}],"curies":[{"name":"wp","href":"https:\/\/api.w.org\/{rel}","templated":true}]}}