{"id":10053,"date":"2021-04-16T12:11:56","date_gmt":"2021-04-16T12:11:56","guid":{"rendered":"https:\/\/www.africa-press.net\/burkina-faso\/?p=10053"},"modified":"2021-04-16T12:03:39","modified_gmt":"2021-04-16T12:03:39","slug":"force-conjointe-du-g5-sahel-un-camp-dentrainement-de-terroristes-demantele-a-torela-vers-la-frontiere-nord-du-burkina","status":"publish","type":"post","link":"https:\/\/www.africa-press.net\/burkina-faso\/politique\/force-conjointe-du-g5-sahel-un-camp-dentrainement-de-terroristes-demantele-a-torela-vers-la-frontiere-nord-du-burkina","title":{"rendered":"Force conjointe du G5-Sahel : Un camp d&rsquo;entra\u00eenement de terroristes d\u00e9mantel\u00e9 \u00e0 Torela, vers la fronti\u00e8re nord du Burkina"},"content":{"rendered":"<p><span style=\"color: #ff6600\"><strong><a href=\"https:\/\/www.africa-press.net\/\">Africa-Press<\/a> &#8211; <a href=\"https:\/\/www.africa-press.net\/burkina-faso\">Burkina Faso<\/a>. <\/strong><\/span><b>Selon un communiqu\u00e9 de la force conjointe du G5-Sahel, en date du jeudi 15 avril 2021, une unit\u00e9 du 8e bataillon a d\u00e9couvert un camp d\u2019entra\u00eenement de terroristes le 11 avril dernier. Les terroristes ont ouvert le feu mais n\u2019ont pas pu tenir face \u00e0 la puissance des armes de \u00e9l\u00e9ments du bataillon. Le bilan fait \u00e9tat de 33 terroristes captur\u00e9s.<\/b><\/p>\n","protected":false},"excerpt":{"rendered":"<p>Africa-Press &#8211; Burkina Faso. Selon un communiqu\u00e9 de la force conjointe du G5-Sahel, en date du jeudi 15 avril 2021, une unit\u00e9 du 8e bataillon a d\u00e9couvert un camp d\u2019entra\u00eenement de terroristes le 11 avril dernier. Les terroristes ont ouvert le feu mais n\u2019ont pas pu tenir face \u00e0 la puissance des armes de \u00e9l\u00e9ments [&hellip;]<\/p>\n","protected":false},"author":82,"featured_media":10052,"comment_status":"open","ping_status":"closed","sticky":false,"template":"","format":"standard","meta":{"footnotes":""},"categories":[11,2,10],"tags":[111,725,29],"class_list":["post-10053","post","type-post","status-publish","format-standard","has-post-thumbnail","hentry","category-homepage-french","category-politique","category-toutes-les-actualites","tag-africa-press","tag-africa-press-burkina-faso","tag-burkina-faso"],"yoast_head":"<!-- This site is optimized with the Yoast SEO Premium plugin v26.1 (Yoast SEO v27.0) - https:\/\/yoast.com\/product\/yoast-seo-premium-wordpress\/ -->\n<title>Force conjointe du G5-Sahel : Un camp d&#039;entra\u00eenement de terroristes d\u00e9mantel\u00e9 \u00e0 Torela, vers la fronti\u00e8re nord du Burkina - Burkina Faso<\/title>\n<meta name=\"description\" content=\"Selon un communiqu\u00e9 de la force conjointe du G5-Sahel, en date du jeudi 15 avril 2021, une unit\u00e9 du 8e bataillon a d\u00e9 ...\" \/>\n<meta name=\"robots\" content=\"index, follow, max-snippet:-1, max-image-preview:large, max-video-preview:-1\" \/>\n<link rel=\"canonical\" href=\"https:\/\/www.africa-press.net\/burkina-faso\/politique\/force-conjointe-du-g5-sahel-un-camp-dentrainement-de-terroristes-demantele-a-torela-vers-la-frontiere-nord-du-burkina\" \/>\n<meta property=\"og:locale\" content=\"fr_FR\" \/>\n<meta property=\"og:type\" content=\"article\" \/>\n<meta property=\"og:title\" content=\"Force conjointe du G5-Sahel : Un camp d&#039;entra\u00eenement de terroristes d\u00e9mantel\u00e9 \u00e0 Torela, vers la fronti\u00e8re nord du Burkina\" \/>\n<meta property=\"og:description\" content=\"Selon un communiqu\u00e9 de la force conjointe du G5-Sahel, en date du jeudi 15 avril 2021, une unit\u00e9 du 8e bataillon a d\u00e9 ...\" \/>\n<meta property=\"og:url\" content=\"https:\/\/www.africa-press.net\/burkina-faso\/politique\/force-conjointe-du-g5-sahel-un-camp-dentrainement-de-terroristes-demantele-a-torela-vers-la-frontiere-nord-du-burkina\" \/>\n<meta property=\"og:site_name\" content=\"Burkina Faso\" \/>\n<meta property=\"article:published_time\" content=\"2021-04-16T12:11:56+00:00\" \/>\n<meta property=\"og:image\" content=\"https:\/\/static.africa-press.net\/burkina\/sites\/42\/2021\/04\/img-60796c3b59826.jpg\" \/>\n\t<meta property=\"og:image:width\" content=\"720\" \/>\n\t<meta property=\"og:image:height\" content=\"288\" \/>\n\t<meta property=\"og:image:type\" content=\"image\/jpeg\" \/>\n<meta name=\"author\" content=\"cfeditorfr\" \/>\n<meta name=\"twitter:card\" content=\"summary_large_image\" \/>\n<meta name=\"twitter:label1\" content=\"\u00c9crit par\" \/>\n\t<meta name=\"twitter:data1\" content=\"cfeditorfr\" \/>\n<script type=\"application\/ld+json\" class=\"yoast-schema-graph\">{\"@context\":\"https:\/\/schema.org\",\"@graph\":[{\"@type\":\"Article\",\"@id\":\"https:\/\/www.africa-press.net\/burkina-faso\/politique\/force-conjointe-du-g5-sahel-un-camp-dentrainement-de-terroristes-demantele-a-torela-vers-la-frontiere-nord-du-burkina#article\",\"isPartOf\":{\"@id\":\"https:\/\/www.africa-press.net\/burkina-faso\/politique\/force-conjointe-du-g5-sahel-un-camp-dentrainement-de-terroristes-demantele-a-torela-vers-la-frontiere-nord-du-burkina\"},\"author\":{\"name\":\"cfeditorfr\",\"@id\":\"https:\/\/www.africa-press.net\/burkina-faso\/#\/schema\/person\/2b1cf3cd81a31e3cd26889ca66d677f1\"},\"headline\":\"Force conjointe du G5-Sahel : Un camp d&rsquo;entra\u00eenement de terroristes d\u00e9mantel\u00e9 \u00e0 Torela, vers la fronti\u00e8re nord du Burkina\",\"datePublished\":\"2021-04-16T12:11:56+00:00\",\"mainEntityOfPage\":{\"@id\":\"https:\/\/www.africa-press.net\/burkina-faso\/politique\/force-conjointe-du-g5-sahel-un-camp-dentrainement-de-terroristes-demantele-a-torela-vers-la-frontiere-nord-du-burkina\"},\"wordCount\":89,\"commentCount\":0,\"image\":{\"@id\":\"https:\/\/www.africa-press.net\/burkina-faso\/politique\/force-conjointe-du-g5-sahel-un-camp-dentrainement-de-terroristes-demantele-a-torela-vers-la-frontiere-nord-du-burkina#primaryimage\"},\"thumbnailUrl\":\"https:\/\/static.africa-press.net\/burkina\/sites\/42\/2021\/04\/img-60796c3b59826.jpg\",\"keywords\":[\"Africa Press\",\"Africa Press-Burkina Faso\",\"Burkina Faso\"],\"articleSection\":[\"homepage-french\",\"Politique\",\"Toutes les actualit\u00e9s\"],\"inLanguage\":\"fr-FR\",\"potentialAction\":[{\"@type\":\"CommentAction\",\"name\":\"Comment\",\"target\":[\"https:\/\/www.africa-press.net\/burkina-faso\/politique\/force-conjointe-du-g5-sahel-un-camp-dentrainement-de-terroristes-demantele-a-torela-vers-la-frontiere-nord-du-burkina#respond\"]}]},{\"@type\":\"WebPage\",\"@id\":\"https:\/\/www.africa-press.net\/burkina-faso\/politique\/force-conjointe-du-g5-sahel-un-camp-dentrainement-de-terroristes-demantele-a-torela-vers-la-frontiere-nord-du-burkina\",\"url\":\"https:\/\/www.africa-press.net\/burkina-faso\/politique\/force-conjointe-du-g5-sahel-un-camp-dentrainement-de-terroristes-demantele-a-torela-vers-la-frontiere-nord-du-burkina\",\"name\":\"Force conjointe du G5-Sahel : Un camp d'entra\u00eenement de terroristes d\u00e9mantel\u00e9 \u00e0 Torela, vers la fronti\u00e8re nord du Burkina - Burkina Faso\",\"isPartOf\":{\"@id\":\"https:\/\/www.africa-press.net\/burkina-faso\/#website\"},\"primaryImageOfPage\":{\"@id\":\"https:\/\/www.africa-press.net\/burkina-faso\/politique\/force-conjointe-du-g5-sahel-un-camp-dentrainement-de-terroristes-demantele-a-torela-vers-la-frontiere-nord-du-burkina#primaryimage\"},\"image\":{\"@id\":\"https:\/\/www.africa-press.net\/burkina-faso\/politique\/force-conjointe-du-g5-sahel-un-camp-dentrainement-de-terroristes-demantele-a-torela-vers-la-frontiere-nord-du-burkina#primaryimage\"},\"thumbnailUrl\":\"https:\/\/static.africa-press.net\/burkina\/sites\/42\/2021\/04\/img-60796c3b59826.jpg\",\"datePublished\":\"2021-04-16T12:11:56+00:00\",\"author\":{\"@id\":\"https:\/\/www.africa-press.net\/burkina-faso\/#\/schema\/person\/2b1cf3cd81a31e3cd26889ca66d677f1\"},\"description\":\"Selon un communiqu\u00e9 de la force conjointe du G5-Sahel, en date du jeudi 15 avril 2021, une unit\u00e9 du 8e bataillon a d\u00e9 ...\",\"breadcrumb\":{\"@id\":\"https:\/\/www.africa-press.net\/burkina-faso\/politique\/force-conjointe-du-g5-sahel-un-camp-dentrainement-de-terroristes-demantele-a-torela-vers-la-frontiere-nord-du-burkina#breadcrumb\"},\"inLanguage\":\"fr-FR\",\"potentialAction\":[{\"@type\":\"ReadAction\",\"target\":[\"https:\/\/www.africa-press.net\/burkina-faso\/politique\/force-conjointe-du-g5-sahel-un-camp-dentrainement-de-terroristes-demantele-a-torela-vers-la-frontiere-nord-du-burkina\"]}]},{\"@type\":\"ImageObject\",\"inLanguage\":\"fr-FR\",\"@id\":\"https:\/\/www.africa-press.net\/burkina-faso\/politique\/force-conjointe-du-g5-sahel-un-camp-dentrainement-de-terroristes-demantele-a-torela-vers-la-frontiere-nord-du-burkina#primaryimage\",\"url\":\"https:\/\/static.africa-press.net\/burkina\/sites\/42\/2021\/04\/img-60796c3b59826.jpg\",\"contentUrl\":\"https:\/\/static.africa-press.net\/burkina\/sites\/42\/2021\/04\/img-60796c3b59826.jpg\",\"width\":720,\"height\":288,\"caption\":\"Force conjointe du G5-Sahel : Un camp d'entra\u00eenement de terroristes d\u00e9mantel\u00e9 \u00e0 Torela, vers la fronti\u00e8re nord du Burkina\"},{\"@type\":\"BreadcrumbList\",\"@id\":\"https:\/\/www.africa-press.net\/burkina-faso\/politique\/force-conjointe-du-g5-sahel-un-camp-dentrainement-de-terroristes-demantele-a-torela-vers-la-frontiere-nord-du-burkina#breadcrumb\",\"itemListElement\":[{\"@type\":\"ListItem\",\"position\":1,\"name\":\"Accueil\",\"item\":\"https:\/\/www.africa-press.net\/burkina-faso\/\"},{\"@type\":\"ListItem\",\"position\":2,\"name\":\"Force conjointe du G5-Sahel : Un camp d&#8217;entra\u00eenement de terroristes d\u00e9mantel\u00e9 \u00e0 Torela, vers la fronti\u00e8re nord du Burkina\"}]},{\"@type\":\"WebSite\",\"@id\":\"https:\/\/www.africa-press.net\/burkina-faso\/#website\",\"url\":\"https:\/\/www.africa-press.net\/burkina-faso\/\",\"name\":\"Burkina Faso\",\"description\":\"Just another Africa News Agency Sites site\",\"potentialAction\":[{\"@type\":\"SearchAction\",\"target\":{\"@type\":\"EntryPoint\",\"urlTemplate\":\"https:\/\/www.africa-press.net\/burkina-faso\/?s={search_term_string}\"},\"query-input\":{\"@type\":\"PropertyValueSpecification\",\"valueRequired\":true,\"valueName\":\"search_term_string\"}}],\"inLanguage\":\"fr-FR\"},{\"@type\":\"Person\",\"@id\":\"https:\/\/www.africa-press.net\/burkina-faso\/#\/schema\/person\/2b1cf3cd81a31e3cd26889ca66d677f1\",\"name\":\"cfeditorfr\"}]}<\/script>\n<!-- \/ Yoast SEO Premium plugin. -->","yoast_head_json":{"title":"Force conjointe du G5-Sahel : Un camp d'entra\u00eenement de terroristes d\u00e9mantel\u00e9 \u00e0 Torela, vers la fronti\u00e8re nord du Burkina - Burkina Faso","description":"Selon un communiqu\u00e9 de la force conjointe du G5-Sahel, en date du jeudi 15 avril 2021, une unit\u00e9 du 8e bataillon a d\u00e9 ...","robots":{"index":"index","follow":"follow","max-snippet":"max-snippet:-1","max-image-preview":"max-image-preview:large","max-video-preview":"max-video-preview:-1"},"canonical":"https:\/\/www.africa-press.net\/burkina-faso\/politique\/force-conjointe-du-g5-sahel-un-camp-dentrainement-de-terroristes-demantele-a-torela-vers-la-frontiere-nord-du-burkina","og_locale":"fr_FR","og_type":"article","og_title":"Force conjointe du G5-Sahel : Un camp d'entra\u00eenement de terroristes d\u00e9mantel\u00e9 \u00e0 Torela, vers la fronti\u00e8re nord du Burkina","og_description":"Selon un communiqu\u00e9 de la force conjointe du G5-Sahel, en date du jeudi 15 avril 2021, une unit\u00e9 du 8e bataillon a d\u00e9 ...","og_url":"https:\/\/www.africa-press.net\/burkina-faso\/politique\/force-conjointe-du-g5-sahel-un-camp-dentrainement-de-terroristes-demantele-a-torela-vers-la-frontiere-nord-du-burkina","og_site_name":"Burkina Faso","article_published_time":"2021-04-16T12:11:56+00:00","og_image":[{"width":720,"height":288,"url":"https:\/\/static.africa-press.net\/burkina\/sites\/42\/2021\/04\/img-60796c3b59826.jpg","type":"image\/jpeg"}],"author":"cfeditorfr","twitter_card":"summary_large_image","twitter_misc":{"\u00c9crit par":"cfeditorfr"},"schema":{"@context":"https:\/\/schema.org","@graph":[{"@type":"Article","@id":"https:\/\/www.africa-press.net\/burkina-faso\/politique\/force-conjointe-du-g5-sahel-un-camp-dentrainement-de-terroristes-demantele-a-torela-vers-la-frontiere-nord-du-burkina#article","isPartOf":{"@id":"https:\/\/www.africa-press.net\/burkina-faso\/politique\/force-conjointe-du-g5-sahel-un-camp-dentrainement-de-terroristes-demantele-a-torela-vers-la-frontiere-nord-du-burkina"},"author":{"name":"cfeditorfr","@id":"https:\/\/www.africa-press.net\/burkina-faso\/#\/schema\/person\/2b1cf3cd81a31e3cd26889ca66d677f1"},"headline":"Force conjointe du G5-Sahel : Un camp d&rsquo;entra\u00eenement de terroristes d\u00e9mantel\u00e9 \u00e0 Torela, vers la fronti\u00e8re nord du Burkina","datePublished":"2021-04-16T12:11:56+00:00","mainEntityOfPage":{"@id":"https:\/\/www.africa-press.net\/burkina-faso\/politique\/force-conjointe-du-g5-sahel-un-camp-dentrainement-de-terroristes-demantele-a-torela-vers-la-frontiere-nord-du-burkina"},"wordCount":89,"commentCount":0,"image":{"@id":"https:\/\/www.africa-press.net\/burkina-faso\/politique\/force-conjointe-du-g5-sahel-un-camp-dentrainement-de-terroristes-demantele-a-torela-vers-la-frontiere-nord-du-burkina#primaryimage"},"thumbnailUrl":"https:\/\/static.africa-press.net\/burkina\/sites\/42\/2021\/04\/img-60796c3b59826.jpg","keywords":["Africa Press","Africa Press-Burkina Faso","Burkina Faso"],"articleSection":["homepage-french","Politique","Toutes les actualit\u00e9s"],"inLanguage":"fr-FR","potentialAction":[{"@type":"CommentAction","name":"Comment","target":["https:\/\/www.africa-press.net\/burkina-faso\/politique\/force-conjointe-du-g5-sahel-un-camp-dentrainement-de-terroristes-demantele-a-torela-vers-la-frontiere-nord-du-burkina#respond"]}]},{"@type":"WebPage","@id":"https:\/\/www.africa-press.net\/burkina-faso\/politique\/force-conjointe-du-g5-sahel-un-camp-dentrainement-de-terroristes-demantele-a-torela-vers-la-frontiere-nord-du-burkina","url":"https:\/\/www.africa-press.net\/burkina-faso\/politique\/force-conjointe-du-g5-sahel-un-camp-dentrainement-de-terroristes-demantele-a-torela-vers-la-frontiere-nord-du-burkina","name":"Force conjointe du G5-Sahel : Un camp d'entra\u00eenement de terroristes d\u00e9mantel\u00e9 \u00e0 Torela, vers la fronti\u00e8re nord du Burkina - Burkina Faso","isPartOf":{"@id":"https:\/\/www.africa-press.net\/burkina-faso\/#website"},"primaryImageOfPage":{"@id":"https:\/\/www.africa-press.net\/burkina-faso\/politique\/force-conjointe-du-g5-sahel-un-camp-dentrainement-de-terroristes-demantele-a-torela-vers-la-frontiere-nord-du-burkina#primaryimage"},"image":{"@id":"https:\/\/www.africa-press.net\/burkina-faso\/politique\/force-conjointe-du-g5-sahel-un-camp-dentrainement-de-terroristes-demantele-a-torela-vers-la-frontiere-nord-du-burkina#primaryimage"},"thumbnailUrl":"https:\/\/static.africa-press.net\/burkina\/sites\/42\/2021\/04\/img-60796c3b59826.jpg","datePublished":"2021-04-16T12:11:56+00:00","author":{"@id":"https:\/\/www.africa-press.net\/burkina-faso\/#\/schema\/person\/2b1cf3cd81a31e3cd26889ca66d677f1"},"description":"Selon un communiqu\u00e9 de la force conjointe du G5-Sahel, en date du jeudi 15 avril 2021, une unit\u00e9 du 8e bataillon a d\u00e9 ...","breadcrumb":{"@id":"https:\/\/www.africa-press.net\/burkina-faso\/politique\/force-conjointe-du-g5-sahel-un-camp-dentrainement-de-terroristes-demantele-a-torela-vers-la-frontiere-nord-du-burkina#breadcrumb"},"inLanguage":"fr-FR","potentialAction":[{"@type":"ReadAction","target":["https:\/\/www.africa-press.net\/burkina-faso\/politique\/force-conjointe-du-g5-sahel-un-camp-dentrainement-de-terroristes-demantele-a-torela-vers-la-frontiere-nord-du-burkina"]}]},{"@type":"ImageObject","inLanguage":"fr-FR","@id":"https:\/\/www.africa-press.net\/burkina-faso\/politique\/force-conjointe-du-g5-sahel-un-camp-dentrainement-de-terroristes-demantele-a-torela-vers-la-frontiere-nord-du-burkina#primaryimage","url":"https:\/\/static.africa-press.net\/burkina\/sites\/42\/2021\/04\/img-60796c3b59826.jpg","contentUrl":"https:\/\/static.africa-press.net\/burkina\/sites\/42\/2021\/04\/img-60796c3b59826.jpg","width":720,"height":288,"caption":"Force conjointe du G5-Sahel : Un camp d'entra\u00eenement de terroristes d\u00e9mantel\u00e9 \u00e0 Torela, vers la fronti\u00e8re nord du Burkina"},{"@type":"BreadcrumbList","@id":"https:\/\/www.africa-press.net\/burkina-faso\/politique\/force-conjointe-du-g5-sahel-un-camp-dentrainement-de-terroristes-demantele-a-torela-vers-la-frontiere-nord-du-burkina#breadcrumb","itemListElement":[{"@type":"ListItem","position":1,"name":"Accueil","item":"https:\/\/www.africa-press.net\/burkina-faso\/"},{"@type":"ListItem","position":2,"name":"Force conjointe du G5-Sahel : Un camp d&#8217;entra\u00eenement de terroristes d\u00e9mantel\u00e9 \u00e0 Torela, vers la fronti\u00e8re nord du Burkina"}]},{"@type":"WebSite","@id":"https:\/\/www.africa-press.net\/burkina-faso\/#website","url":"https:\/\/www.africa-press.net\/burkina-faso\/","name":"Burkina Faso","description":"Just another Africa News Agency Sites site","potentialAction":[{"@type":"SearchAction","target":{"@type":"EntryPoint","urlTemplate":"https:\/\/www.africa-press.net\/burkina-faso\/?s={search_term_string}"},"query-input":{"@type":"PropertyValueSpecification","valueRequired":true,"valueName":"search_term_string"}}],"inLanguage":"fr-FR"},{"@type":"Person","@id":"https:\/\/www.africa-press.net\/burkina-faso\/#\/schema\/person\/2b1cf3cd81a31e3cd26889ca66d677f1","name":"cfeditorfr"}]}},"_links":{"self":[{"href":"https:\/\/www.africa-press.net\/burkina-faso\/wp-json\/wp\/v2\/posts\/10053","targetHints":{"allow":["GET"]}}],"collection":[{"href":"https:\/\/www.africa-press.net\/burkina-faso\/wp-json\/wp\/v2\/posts"}],"about":[{"href":"https:\/\/www.africa-press.net\/burkina-faso\/wp-json\/wp\/v2\/types\/post"}],"author":[{"embeddable":true,"href":"https:\/\/www.africa-press.net\/burkina-faso\/wp-json\/wp\/v2\/users\/82"}],"replies":[{"embeddable":true,"href":"https:\/\/www.africa-press.net\/burkina-faso\/wp-json\/wp\/v2\/comments?post=10053"}],"version-history":[{"count":0,"href":"https:\/\/www.africa-press.net\/burkina-faso\/wp-json\/wp\/v2\/posts\/10053\/revisions"}],"wp:featuredmedia":[{"embeddable":true,"href":"https:\/\/www.africa-press.net\/burkina-faso\/wp-json\/wp\/v2\/media\/10052"}],"wp:attachment":[{"href":"https:\/\/www.africa-press.net\/burkina-faso\/wp-json\/wp\/v2\/media?parent=10053"}],"wp:term":[{"taxonomy":"category","embeddable":true,"href":"https:\/\/www.africa-press.net\/burkina-faso\/wp-json\/wp\/v2\/categories?post=10053"},{"taxonomy":"post_tag","embeddable":true,"href":"https:\/\/www.africa-press.net\/burkina-faso\/wp-json\/wp\/v2\/tags?post=10053"}],"curies":[{"name":"wp","href":"https:\/\/api.w.org\/{rel}","templated":true}]}}