{"id":10059,"date":"2021-04-16T12:25:22","date_gmt":"2021-04-16T12:25:22","guid":{"rendered":"https:\/\/www.africa-press.net\/burkina-faso\/?p=10059"},"modified":"2021-04-16T12:03:56","modified_gmt":"2021-04-16T12:03:56","slug":"ministere-de-la-femme-les-syndicats-manifestent-leur-opposition-a-la-nomination-de-la-secretaire-generale","status":"publish","type":"post","link":"https:\/\/www.africa-press.net\/burkina-faso\/toutes-les-actualites\/ministere-de-la-femme-les-syndicats-manifestent-leur-opposition-a-la-nomination-de-la-secretaire-generale","title":{"rendered":"Minist\u00e8re de la Femme : Les syndicats manifestent leur opposition \u00e0 la nomination de la secr\u00e9taire g\u00e9n\u00e9rale"},"content":{"rendered":"<p><span style=\"color: #ff6600\"><strong><a href=\"https:\/\/www.africa-press.net\/\">Africa-Press<\/a> &#8211; <a href=\"https:\/\/www.africa-press.net\/burkina-faso\">Burkina Faso<\/a>. <\/strong><\/span><b>Les syndicats du minist\u00e8re de la Femme, de la Solidarit\u00e9 nationale, de la Famille et de l\u2019Action humanitaire sont oppos\u00e9s \u00e0 la nomination de Faty Ou\u00e9draogo\/Zizien, nouvellement admise \u00e0 la retraite, au poste de secr\u00e9taire g\u00e9n\u00e9ral du minist\u00e8re. Pour Juste Koumara Logobana et ses camarades, il s\u2019agit d\u2019une violation des textes r\u00e9gissant la fonction publique. Ils l\u2019ont fait savoir ce jeudi 15 avril 2021 au cours d\u2019une conf\u00e9rence de presse.<\/b><\/p>\n<p>Le torchon br\u00fble entre la Ministre Laurence Ilboudo\/Marchal et le consortium de syndicats de son d\u00e9partement. Dans la matin\u00e9e de ce jeudi 15 avril 2021, ils ont dit tout leur m\u00e9contentement au cours d\u2019une rencontre avec la presse. A cet effet, Juste Koumara Logobana, secr\u00e9taire g\u00e9n\u00e9ral du Syndicat des travailleurs de l\u2019action sociale (SYNTAS), \u00e9tait en compagnie de Ludovic Achille Tiemtor\u00e9 du Syndicat autonome du personnel de l\u2019Action sociale (SYNAPAS) et de Tidiani Sawadogo du Comit\u00e9 de la Conf\u00e9d\u00e9ration g\u00e9n\u00e9rale du travail du Burkina (CGT-B).<\/p>\n<p>Ce qui envenime les relations entre les syndicats et les responsables du minist\u00e8re est la nomination de Faty Ou\u00e9draogo\/Zizien au poste de secr\u00e9taire g\u00e9n\u00e9ral du d\u00e9partement minist\u00e9riel alors qu\u2019elle venait d\u2019\u00eatre admise \u00e0 la retraite. \u00ab Nous nous insurgeons contre la violation manifeste des textes par l\u2019autorit\u00e9 \u00bb, a indiqu\u00e9 Juste K. Logobana. Pour les syndicalistes, il existe au sein de l\u2019administration publique des comp\u00e9tences av\u00e9r\u00e9es toujours en activit\u00e9 capables d\u2019assurer les fonctions de secr\u00e9taire g\u00e9n\u00e9ral du minist\u00e8re.<\/p>\n<p>Pour les conf\u00e9renciers, les faits sont encore plus graves parce que la nomination s\u2019apparente plus \u00e0 un contrat paraph\u00e9 avec la n\u00e9o-retrait\u00e9e pour rester \u00e0 ce poste. \u00ab Dans la r\u00e9ponse \u00e0 notre correspondance adress\u00e9e \u00e0 l\u2019autorit\u00e9, elle nous a fait savoir qu\u2019elle n\u2019\u00e9tait pas au courant qu\u2019il s\u2019agissait d\u2019une r\u00e9quisition et nous a dit de nous r\u00e9f\u00e9rer au ministre de la Fonction publique et au Secr\u00e9taire g\u00e9n\u00e9ral du gouvernement pour avoir les actes de r\u00e9quisition que nous lui avons demand\u00e9s \u00bb, a r\u00e9v\u00e9l\u00e9 Achille Ludovic Tiemtor\u00e9 du SYNAPAS .<\/p>\n<p><b>D\u00e9noncer une caporalisation du minist\u00e8re<\/b><\/p>\n<p>Pour les syndicats, la nomination de la secr\u00e9taire g\u00e9n\u00e9rale est la partie visible de l\u2019iceberg caract\u00e9ris\u00e9e par \u00ab une caporalisation du minist\u00e8re par Laurence Ilboudo\/Marchal \u00bb. Ils ont d\u00e9nonc\u00e9 des coupures abusives sur les salaires pour fait de gr\u00e8ve, l\u2019\u00e9criture unilat\u00e9rale des r\u00e9f\u00e9rentiels sans l\u2019implication des syndicats, la non prise en compte des observations des syndicats dans l\u2019\u00e9laboration du Statut particulier du minist\u00e8re, le tout couronn\u00e9 par une absence de dialogue.<\/p>\n<p>Juste K. Logobana et ses camarades ont aussi d\u00e9nonc\u00e9 des affectations arbitraires prises r\u00e9cemment par la secr\u00e9taire g\u00e9n\u00e9rale \u00e0 l\u2019encontre de leurs militants. \u00ab Apr\u00e8s sa prise de service le 8 avril 2021, nos militants ont re\u00e7u des affectations le 13 avril pour n\u00e9cessit\u00e9 de service. Cela est grave \u00bb, s\u2019est exclam\u00e9 Achille Ludovic Tiemtor\u00e9.<\/p>\n<p>Ensemble, ils ont appel\u00e9 les travailleurs du minist\u00e8re \u00e0 rejeter tous les actes administratifs pris par la secr\u00e9taire g\u00e9n\u00e9rale \u00e0 commencer par les affectations.<br \/>\nC\u2019est visiblement un bras de fer qui est engag\u00e9 entre Laurence Ilboudo\/Marchal et les syndicats de son minist\u00e8re. Combien de temps cela durera ? Quel impact n\u00e9gatif cela aura sur les populations cibles du minist\u00e8re ? Difficile d\u2019y r\u00e9pondre\u2026<\/p>\n<p><b>Jacques Th\u00e9odore Balima<br \/>\n<\/b><\/p>\n","protected":false},"excerpt":{"rendered":"<p>Africa-Press &#8211; Burkina Faso. Les syndicats du minist\u00e8re de la Femme, de la Solidarit\u00e9 nationale, de la Famille et de l\u2019Action humanitaire sont oppos\u00e9s \u00e0 la nomination de Faty Ou\u00e9draogo\/Zizien, nouvellement admise \u00e0 la retraite, au poste de secr\u00e9taire g\u00e9n\u00e9ral du minist\u00e8re. Pour Juste Koumara Logobana et ses camarades, il s\u2019agit d\u2019une violation des textes [&hellip;]<\/p>\n","protected":false},"author":82,"featured_media":10058,"comment_status":"open","ping_status":"closed","sticky":false,"template":"","format":"standard","meta":{"footnotes":""},"categories":[21,11,10],"tags":[111,725,29],"class_list":["post-10059","post","type-post","status-publish","format-standard","has-post-thumbnail","hentry","category-communaute","category-homepage-french","category-toutes-les-actualites","tag-africa-press","tag-africa-press-burkina-faso","tag-burkina-faso"],"yoast_head":"<!-- This site is optimized with the Yoast SEO Premium plugin v26.1 (Yoast SEO v27.0) - https:\/\/yoast.com\/product\/yoast-seo-premium-wordpress\/ -->\n<title>Minist\u00e8re de la Femme : Les syndicats manifestent leur opposition \u00e0 la nomination de la secr\u00e9taire g\u00e9n\u00e9rale - Burkina Faso<\/title>\n<meta name=\"description\" content=\"Les syndicats du minist\u00e8re de la Femme, de la Solidarit\u00e9 nationale, de la Famille et de l\u2019Action humanitaire sont opp ...\" \/>\n<meta name=\"robots\" content=\"index, follow, max-snippet:-1, max-image-preview:large, max-video-preview:-1\" \/>\n<link rel=\"canonical\" href=\"https:\/\/www.africa-press.net\/burkina-faso\/toutes-les-actualites\/ministere-de-la-femme-les-syndicats-manifestent-leur-opposition-a-la-nomination-de-la-secretaire-generale\" \/>\n<meta property=\"og:locale\" content=\"fr_FR\" \/>\n<meta property=\"og:type\" content=\"article\" \/>\n<meta property=\"og:title\" content=\"Minist\u00e8re de la Femme : Les syndicats manifestent leur opposition \u00e0 la nomination de la secr\u00e9taire g\u00e9n\u00e9rale\" \/>\n<meta property=\"og:description\" content=\"Les syndicats du minist\u00e8re de la Femme, de la Solidarit\u00e9 nationale, de la Famille et de l\u2019Action humanitaire sont opp ...\" \/>\n<meta property=\"og:url\" content=\"https:\/\/www.africa-press.net\/burkina-faso\/toutes-les-actualites\/ministere-de-la-femme-les-syndicats-manifestent-leur-opposition-a-la-nomination-de-la-secretaire-generale\" \/>\n<meta property=\"og:site_name\" content=\"Burkina Faso\" \/>\n<meta property=\"article:published_time\" content=\"2021-04-16T12:25:22+00:00\" \/>\n<meta property=\"og:image\" content=\"https:\/\/static.africa-press.net\/burkina\/sites\/42\/2021\/04\/img-60796c92d1a11.jpg\" \/>\n\t<meta property=\"og:image:width\" content=\"720\" \/>\n\t<meta property=\"og:image:height\" content=\"385\" \/>\n\t<meta property=\"og:image:type\" content=\"image\/jpeg\" \/>\n<meta name=\"author\" content=\"cfeditorfr\" \/>\n<meta name=\"twitter:card\" content=\"summary_large_image\" \/>\n<meta name=\"twitter:label1\" content=\"\u00c9crit par\" \/>\n\t<meta name=\"twitter:data1\" content=\"cfeditorfr\" \/>\n\t<meta name=\"twitter:label2\" content=\"Dur\u00e9e de lecture estim\u00e9e\" \/>\n\t<meta name=\"twitter:data2\" content=\"3 minutes\" \/>\n<script type=\"application\/ld+json\" class=\"yoast-schema-graph\">{\"@context\":\"https:\/\/schema.org\",\"@graph\":[{\"@type\":\"Article\",\"@id\":\"https:\/\/www.africa-press.net\/burkina-faso\/toutes-les-actualites\/ministere-de-la-femme-les-syndicats-manifestent-leur-opposition-a-la-nomination-de-la-secretaire-generale#article\",\"isPartOf\":{\"@id\":\"https:\/\/www.africa-press.net\/burkina-faso\/toutes-les-actualites\/ministere-de-la-femme-les-syndicats-manifestent-leur-opposition-a-la-nomination-de-la-secretaire-generale\"},\"author\":{\"name\":\"cfeditorfr\",\"@id\":\"https:\/\/www.africa-press.net\/burkina-faso\/#\/schema\/person\/2b1cf3cd81a31e3cd26889ca66d677f1\"},\"headline\":\"Minist\u00e8re de la Femme : Les syndicats manifestent leur opposition \u00e0 la nomination de la secr\u00e9taire g\u00e9n\u00e9rale\",\"datePublished\":\"2021-04-16T12:25:22+00:00\",\"mainEntityOfPage\":{\"@id\":\"https:\/\/www.africa-press.net\/burkina-faso\/toutes-les-actualites\/ministere-de-la-femme-les-syndicats-manifestent-leur-opposition-a-la-nomination-de-la-secretaire-generale\"},\"wordCount\":628,\"commentCount\":0,\"image\":{\"@id\":\"https:\/\/www.africa-press.net\/burkina-faso\/toutes-les-actualites\/ministere-de-la-femme-les-syndicats-manifestent-leur-opposition-a-la-nomination-de-la-secretaire-generale#primaryimage\"},\"thumbnailUrl\":\"https:\/\/static.africa-press.net\/burkina\/sites\/42\/2021\/04\/img-60796c92d1a11.jpg\",\"keywords\":[\"Africa Press\",\"Africa Press-Burkina Faso\",\"Burkina Faso\"],\"articleSection\":[\"Communaut\u00e9\",\"homepage-french\",\"Toutes les actualit\u00e9s\"],\"inLanguage\":\"fr-FR\",\"potentialAction\":[{\"@type\":\"CommentAction\",\"name\":\"Comment\",\"target\":[\"https:\/\/www.africa-press.net\/burkina-faso\/toutes-les-actualites\/ministere-de-la-femme-les-syndicats-manifestent-leur-opposition-a-la-nomination-de-la-secretaire-generale#respond\"]}]},{\"@type\":\"WebPage\",\"@id\":\"https:\/\/www.africa-press.net\/burkina-faso\/toutes-les-actualites\/ministere-de-la-femme-les-syndicats-manifestent-leur-opposition-a-la-nomination-de-la-secretaire-generale\",\"url\":\"https:\/\/www.africa-press.net\/burkina-faso\/toutes-les-actualites\/ministere-de-la-femme-les-syndicats-manifestent-leur-opposition-a-la-nomination-de-la-secretaire-generale\",\"name\":\"Minist\u00e8re de la Femme : Les syndicats manifestent leur opposition \u00e0 la nomination de la secr\u00e9taire g\u00e9n\u00e9rale - Burkina Faso\",\"isPartOf\":{\"@id\":\"https:\/\/www.africa-press.net\/burkina-faso\/#website\"},\"primaryImageOfPage\":{\"@id\":\"https:\/\/www.africa-press.net\/burkina-faso\/toutes-les-actualites\/ministere-de-la-femme-les-syndicats-manifestent-leur-opposition-a-la-nomination-de-la-secretaire-generale#primaryimage\"},\"image\":{\"@id\":\"https:\/\/www.africa-press.net\/burkina-faso\/toutes-les-actualites\/ministere-de-la-femme-les-syndicats-manifestent-leur-opposition-a-la-nomination-de-la-secretaire-generale#primaryimage\"},\"thumbnailUrl\":\"https:\/\/static.africa-press.net\/burkina\/sites\/42\/2021\/04\/img-60796c92d1a11.jpg\",\"datePublished\":\"2021-04-16T12:25:22+00:00\",\"author\":{\"@id\":\"https:\/\/www.africa-press.net\/burkina-faso\/#\/schema\/person\/2b1cf3cd81a31e3cd26889ca66d677f1\"},\"description\":\"Les syndicats du minist\u00e8re de la Femme, de la Solidarit\u00e9 nationale, de la Famille et de l\u2019Action humanitaire sont opp ...\",\"breadcrumb\":{\"@id\":\"https:\/\/www.africa-press.net\/burkina-faso\/toutes-les-actualites\/ministere-de-la-femme-les-syndicats-manifestent-leur-opposition-a-la-nomination-de-la-secretaire-generale#breadcrumb\"},\"inLanguage\":\"fr-FR\",\"potentialAction\":[{\"@type\":\"ReadAction\",\"target\":[\"https:\/\/www.africa-press.net\/burkina-faso\/toutes-les-actualites\/ministere-de-la-femme-les-syndicats-manifestent-leur-opposition-a-la-nomination-de-la-secretaire-generale\"]}]},{\"@type\":\"ImageObject\",\"inLanguage\":\"fr-FR\",\"@id\":\"https:\/\/www.africa-press.net\/burkina-faso\/toutes-les-actualites\/ministere-de-la-femme-les-syndicats-manifestent-leur-opposition-a-la-nomination-de-la-secretaire-generale#primaryimage\",\"url\":\"https:\/\/static.africa-press.net\/burkina\/sites\/42\/2021\/04\/img-60796c92d1a11.jpg\",\"contentUrl\":\"https:\/\/static.africa-press.net\/burkina\/sites\/42\/2021\/04\/img-60796c92d1a11.jpg\",\"width\":720,\"height\":385,\"caption\":\"Minist\u00e8re de la Femme : Les syndicats manifestent leur opposition \u00e0 la nomination de la secr\u00e9taire g\u00e9n\u00e9rale\"},{\"@type\":\"BreadcrumbList\",\"@id\":\"https:\/\/www.africa-press.net\/burkina-faso\/toutes-les-actualites\/ministere-de-la-femme-les-syndicats-manifestent-leur-opposition-a-la-nomination-de-la-secretaire-generale#breadcrumb\",\"itemListElement\":[{\"@type\":\"ListItem\",\"position\":1,\"name\":\"Accueil\",\"item\":\"https:\/\/www.africa-press.net\/burkina-faso\/\"},{\"@type\":\"ListItem\",\"position\":2,\"name\":\"Minist\u00e8re de la Femme : Les syndicats manifestent leur opposition \u00e0 la nomination de la secr\u00e9taire g\u00e9n\u00e9rale\"}]},{\"@type\":\"WebSite\",\"@id\":\"https:\/\/www.africa-press.net\/burkina-faso\/#website\",\"url\":\"https:\/\/www.africa-press.net\/burkina-faso\/\",\"name\":\"Burkina Faso\",\"description\":\"Just another Africa News Agency Sites site\",\"potentialAction\":[{\"@type\":\"SearchAction\",\"target\":{\"@type\":\"EntryPoint\",\"urlTemplate\":\"https:\/\/www.africa-press.net\/burkina-faso\/?s={search_term_string}\"},\"query-input\":{\"@type\":\"PropertyValueSpecification\",\"valueRequired\":true,\"valueName\":\"search_term_string\"}}],\"inLanguage\":\"fr-FR\"},{\"@type\":\"Person\",\"@id\":\"https:\/\/www.africa-press.net\/burkina-faso\/#\/schema\/person\/2b1cf3cd81a31e3cd26889ca66d677f1\",\"name\":\"cfeditorfr\"}]}<\/script>\n<!-- \/ Yoast SEO Premium plugin. -->","yoast_head_json":{"title":"Minist\u00e8re de la Femme : Les syndicats manifestent leur opposition \u00e0 la nomination de la secr\u00e9taire g\u00e9n\u00e9rale - Burkina Faso","description":"Les syndicats du minist\u00e8re de la Femme, de la Solidarit\u00e9 nationale, de la Famille et de l\u2019Action humanitaire sont opp ...","robots":{"index":"index","follow":"follow","max-snippet":"max-snippet:-1","max-image-preview":"max-image-preview:large","max-video-preview":"max-video-preview:-1"},"canonical":"https:\/\/www.africa-press.net\/burkina-faso\/toutes-les-actualites\/ministere-de-la-femme-les-syndicats-manifestent-leur-opposition-a-la-nomination-de-la-secretaire-generale","og_locale":"fr_FR","og_type":"article","og_title":"Minist\u00e8re de la Femme : Les syndicats manifestent leur opposition \u00e0 la nomination de la secr\u00e9taire g\u00e9n\u00e9rale","og_description":"Les syndicats du minist\u00e8re de la Femme, de la Solidarit\u00e9 nationale, de la Famille et de l\u2019Action humanitaire sont opp ...","og_url":"https:\/\/www.africa-press.net\/burkina-faso\/toutes-les-actualites\/ministere-de-la-femme-les-syndicats-manifestent-leur-opposition-a-la-nomination-de-la-secretaire-generale","og_site_name":"Burkina Faso","article_published_time":"2021-04-16T12:25:22+00:00","og_image":[{"width":720,"height":385,"url":"https:\/\/static.africa-press.net\/burkina\/sites\/42\/2021\/04\/img-60796c92d1a11.jpg","type":"image\/jpeg"}],"author":"cfeditorfr","twitter_card":"summary_large_image","twitter_misc":{"\u00c9crit par":"cfeditorfr","Dur\u00e9e de lecture estim\u00e9e":"3 minutes"},"schema":{"@context":"https:\/\/schema.org","@graph":[{"@type":"Article","@id":"https:\/\/www.africa-press.net\/burkina-faso\/toutes-les-actualites\/ministere-de-la-femme-les-syndicats-manifestent-leur-opposition-a-la-nomination-de-la-secretaire-generale#article","isPartOf":{"@id":"https:\/\/www.africa-press.net\/burkina-faso\/toutes-les-actualites\/ministere-de-la-femme-les-syndicats-manifestent-leur-opposition-a-la-nomination-de-la-secretaire-generale"},"author":{"name":"cfeditorfr","@id":"https:\/\/www.africa-press.net\/burkina-faso\/#\/schema\/person\/2b1cf3cd81a31e3cd26889ca66d677f1"},"headline":"Minist\u00e8re de la Femme : Les syndicats manifestent leur opposition \u00e0 la nomination de la secr\u00e9taire g\u00e9n\u00e9rale","datePublished":"2021-04-16T12:25:22+00:00","mainEntityOfPage":{"@id":"https:\/\/www.africa-press.net\/burkina-faso\/toutes-les-actualites\/ministere-de-la-femme-les-syndicats-manifestent-leur-opposition-a-la-nomination-de-la-secretaire-generale"},"wordCount":628,"commentCount":0,"image":{"@id":"https:\/\/www.africa-press.net\/burkina-faso\/toutes-les-actualites\/ministere-de-la-femme-les-syndicats-manifestent-leur-opposition-a-la-nomination-de-la-secretaire-generale#primaryimage"},"thumbnailUrl":"https:\/\/static.africa-press.net\/burkina\/sites\/42\/2021\/04\/img-60796c92d1a11.jpg","keywords":["Africa Press","Africa Press-Burkina Faso","Burkina Faso"],"articleSection":["Communaut\u00e9","homepage-french","Toutes les actualit\u00e9s"],"inLanguage":"fr-FR","potentialAction":[{"@type":"CommentAction","name":"Comment","target":["https:\/\/www.africa-press.net\/burkina-faso\/toutes-les-actualites\/ministere-de-la-femme-les-syndicats-manifestent-leur-opposition-a-la-nomination-de-la-secretaire-generale#respond"]}]},{"@type":"WebPage","@id":"https:\/\/www.africa-press.net\/burkina-faso\/toutes-les-actualites\/ministere-de-la-femme-les-syndicats-manifestent-leur-opposition-a-la-nomination-de-la-secretaire-generale","url":"https:\/\/www.africa-press.net\/burkina-faso\/toutes-les-actualites\/ministere-de-la-femme-les-syndicats-manifestent-leur-opposition-a-la-nomination-de-la-secretaire-generale","name":"Minist\u00e8re de la Femme : Les syndicats manifestent leur opposition \u00e0 la nomination de la secr\u00e9taire g\u00e9n\u00e9rale - Burkina Faso","isPartOf":{"@id":"https:\/\/www.africa-press.net\/burkina-faso\/#website"},"primaryImageOfPage":{"@id":"https:\/\/www.africa-press.net\/burkina-faso\/toutes-les-actualites\/ministere-de-la-femme-les-syndicats-manifestent-leur-opposition-a-la-nomination-de-la-secretaire-generale#primaryimage"},"image":{"@id":"https:\/\/www.africa-press.net\/burkina-faso\/toutes-les-actualites\/ministere-de-la-femme-les-syndicats-manifestent-leur-opposition-a-la-nomination-de-la-secretaire-generale#primaryimage"},"thumbnailUrl":"https:\/\/static.africa-press.net\/burkina\/sites\/42\/2021\/04\/img-60796c92d1a11.jpg","datePublished":"2021-04-16T12:25:22+00:00","author":{"@id":"https:\/\/www.africa-press.net\/burkina-faso\/#\/schema\/person\/2b1cf3cd81a31e3cd26889ca66d677f1"},"description":"Les syndicats du minist\u00e8re de la Femme, de la Solidarit\u00e9 nationale, de la Famille et de l\u2019Action humanitaire sont opp ...","breadcrumb":{"@id":"https:\/\/www.africa-press.net\/burkina-faso\/toutes-les-actualites\/ministere-de-la-femme-les-syndicats-manifestent-leur-opposition-a-la-nomination-de-la-secretaire-generale#breadcrumb"},"inLanguage":"fr-FR","potentialAction":[{"@type":"ReadAction","target":["https:\/\/www.africa-press.net\/burkina-faso\/toutes-les-actualites\/ministere-de-la-femme-les-syndicats-manifestent-leur-opposition-a-la-nomination-de-la-secretaire-generale"]}]},{"@type":"ImageObject","inLanguage":"fr-FR","@id":"https:\/\/www.africa-press.net\/burkina-faso\/toutes-les-actualites\/ministere-de-la-femme-les-syndicats-manifestent-leur-opposition-a-la-nomination-de-la-secretaire-generale#primaryimage","url":"https:\/\/static.africa-press.net\/burkina\/sites\/42\/2021\/04\/img-60796c92d1a11.jpg","contentUrl":"https:\/\/static.africa-press.net\/burkina\/sites\/42\/2021\/04\/img-60796c92d1a11.jpg","width":720,"height":385,"caption":"Minist\u00e8re de la Femme : Les syndicats manifestent leur opposition \u00e0 la nomination de la secr\u00e9taire g\u00e9n\u00e9rale"},{"@type":"BreadcrumbList","@id":"https:\/\/www.africa-press.net\/burkina-faso\/toutes-les-actualites\/ministere-de-la-femme-les-syndicats-manifestent-leur-opposition-a-la-nomination-de-la-secretaire-generale#breadcrumb","itemListElement":[{"@type":"ListItem","position":1,"name":"Accueil","item":"https:\/\/www.africa-press.net\/burkina-faso\/"},{"@type":"ListItem","position":2,"name":"Minist\u00e8re de la Femme : Les syndicats manifestent leur opposition \u00e0 la nomination de la secr\u00e9taire g\u00e9n\u00e9rale"}]},{"@type":"WebSite","@id":"https:\/\/www.africa-press.net\/burkina-faso\/#website","url":"https:\/\/www.africa-press.net\/burkina-faso\/","name":"Burkina Faso","description":"Just another Africa News Agency Sites site","potentialAction":[{"@type":"SearchAction","target":{"@type":"EntryPoint","urlTemplate":"https:\/\/www.africa-press.net\/burkina-faso\/?s={search_term_string}"},"query-input":{"@type":"PropertyValueSpecification","valueRequired":true,"valueName":"search_term_string"}}],"inLanguage":"fr-FR"},{"@type":"Person","@id":"https:\/\/www.africa-press.net\/burkina-faso\/#\/schema\/person\/2b1cf3cd81a31e3cd26889ca66d677f1","name":"cfeditorfr"}]}},"_links":{"self":[{"href":"https:\/\/www.africa-press.net\/burkina-faso\/wp-json\/wp\/v2\/posts\/10059","targetHints":{"allow":["GET"]}}],"collection":[{"href":"https:\/\/www.africa-press.net\/burkina-faso\/wp-json\/wp\/v2\/posts"}],"about":[{"href":"https:\/\/www.africa-press.net\/burkina-faso\/wp-json\/wp\/v2\/types\/post"}],"author":[{"embeddable":true,"href":"https:\/\/www.africa-press.net\/burkina-faso\/wp-json\/wp\/v2\/users\/82"}],"replies":[{"embeddable":true,"href":"https:\/\/www.africa-press.net\/burkina-faso\/wp-json\/wp\/v2\/comments?post=10059"}],"version-history":[{"count":0,"href":"https:\/\/www.africa-press.net\/burkina-faso\/wp-json\/wp\/v2\/posts\/10059\/revisions"}],"wp:featuredmedia":[{"embeddable":true,"href":"https:\/\/www.africa-press.net\/burkina-faso\/wp-json\/wp\/v2\/media\/10058"}],"wp:attachment":[{"href":"https:\/\/www.africa-press.net\/burkina-faso\/wp-json\/wp\/v2\/media?parent=10059"}],"wp:term":[{"taxonomy":"category","embeddable":true,"href":"https:\/\/www.africa-press.net\/burkina-faso\/wp-json\/wp\/v2\/categories?post=10059"},{"taxonomy":"post_tag","embeddable":true,"href":"https:\/\/www.africa-press.net\/burkina-faso\/wp-json\/wp\/v2\/tags?post=10059"}],"curies":[{"name":"wp","href":"https:\/\/api.w.org\/{rel}","templated":true}]}}