{"id":10062,"date":"2021-04-16T12:36:07","date_gmt":"2021-04-16T12:36:07","guid":{"rendered":"https:\/\/www.africa-press.net\/burkina-faso\/?p=10062"},"modified":"2021-04-16T12:04:06","modified_gmt":"2021-04-16T12:04:06","slug":"amelioration-de-la-gratuite-des-soins-au-burkina-faso-save-the-children-lance-un-plaidoyer","status":"publish","type":"post","link":"https:\/\/www.africa-press.net\/burkina-faso\/toutes-les-actualites\/amelioration-de-la-gratuite-des-soins-au-burkina-faso-save-the-children-lance-un-plaidoyer","title":{"rendered":"Am\u00e9lioration de la gratuit\u00e9 des soins au Burkina Faso : Save The Children lance un plaidoyer"},"content":{"rendered":"<p><span style=\"color: #ff6600\"><strong><a href=\"https:\/\/www.africa-press.net\/\">Africa-Press<\/a> &#8211; <a href=\"https:\/\/www.africa-press.net\/burkina-faso\">Burkina Faso<\/a>. <\/strong><\/span>L\u2019ONG Save The Children International a tenu une rencontre, avec ses partenaires, ce jeudi 15 avril 2021 \u00e0 Ouagadougou. L\u2019objectif de cette assise \u00e9tait de trouver des solutions de plaidoyer sur la n\u00e9cessit\u00e9 d\u2019am\u00e9liorer le syst\u00e8me d\u2019acc\u00e8s aux soins de sant\u00e9, des femmes enceintes et les enfants de 0 \u00e0 5 ans.<\/p>\n<p>Dans l\u2019optique d\u2019interpeller les d\u00e9cideurs sur les difficult\u00e9s financi\u00e8res rencontr\u00e9es par la mesure de gratuit\u00e9 des soins prise par le gouvernement, l\u2019Organisation Non Gouvernementale (ONG) Save The Children International a entrepris des initiatives pour apporter sa contribution \u00e0 cette lutte. A cet effet, elle a, avec l\u2019appui de son Projet d\u2019Am\u00e9lioration de la Sant\u00e9 Maternelle et Infantile (PASMI), organis\u00e9 un atelier, ce jeudi 15 avril 2021.<\/p>\n<p>Selon le Repr\u00e9sentant pays de Save The Children International, Hubert Ou\u00e9draogo, cet atelier a \u00e9t\u00e9 un cadre pour l\u2019ONG, de rassembler les acteurs afin de g\u00e9n\u00e9rer des solutions pouvant am\u00e9liorer la mesure sanitaire prise par le gouvernement.<\/p>\n<p>\u00ab Cet atelier pr\u00e9c\u00e8de notre projet PASMI qui \u00e9tait charg\u00e9 de contr\u00f4ler l\u2019effectivit\u00e9 de cette mesure de l\u2019Etat sur la gratuit\u00e9 des soins. Ainsi nous avons par le projet constat\u00e9 que la mesure peine \u00e0 faire ses preuves dues au manque de financements. Nous entendons par cet atelier appeler les d\u00e9cideurs \u00e0 am\u00e9liorer les financements li\u00e9s \u00e0 cette mesure pour permettre le fonctionnement de la CAMEG et les centres de sant\u00e9 \u00bb, a-t-il expliqu\u00e9.<\/p>\n<p>Il a aussi ajout\u00e9 que l\u2019ONG entend trouver des moyens d\u2019int\u00e9grer la mesure de gratuit\u00e9 des soins dans la loi portant R\u00e9gime d\u2019Assurance Maladie Universelle (RAMU). \u00ab Au long terme, on pr\u00e9voit trouver des moyens pour permettre aux personnes vuln\u00e9rables de pouvoir jouir des services de sant\u00e9 publique. Cela, en essayant d\u2019introduire ladite mesure dans la RAMU. Nos cibles sont prioritairement les femmes enceintes et les enfants \u00bb, a-t-il ajout\u00e9.<\/p>\n<p>Dr Idrissa Derra, chef du projet PASMI, a insist\u00e9 sur le fait que l\u2019initiative est due au constat de la rupture de stock, enregistr\u00e9e par la Centrale d\u2019Achat des M\u00e9dicaments Essentiels, G\u00e9n\u00e9riques (CAMEG). \u00ab La rupture au CAMEG est due au fait que les financements ont cess\u00e9 ou \u00e9t\u00e9 orient\u00e9s vers les secteurs dits prioritaires. Cela impacte l\u2019approvisionnement de nos centres de sant\u00e9, donc la mesure de l\u2019Etat peine \u00e0 survivre \u00bb, a-t-il indiqu\u00e9.<\/p>\n<p>Save The Children \u0153uvre pour la d\u00e9fense des droits des enfants au monde. Elle est pr\u00e9sente au Burkina Faso depuis 1982, dans sept r\u00e9gions diff\u00e9rentes. Elle a particip\u00e9 \u00e0 la coalition des ONG ayant plaid\u00e9 pour l\u2019adoption de la gratuit\u00e9 des soins au Burkina Faso en 2016.<\/p>\n","protected":false},"excerpt":{"rendered":"<p>Africa-Press &#8211; Burkina Faso. L\u2019ONG Save The Children International a tenu une rencontre, avec ses partenaires, ce jeudi 15 avril 2021 \u00e0 Ouagadougou. L\u2019objectif de cette assise \u00e9tait de trouver des solutions de plaidoyer sur la n\u00e9cessit\u00e9 d\u2019am\u00e9liorer le syst\u00e8me d\u2019acc\u00e8s aux soins de sant\u00e9, des femmes enceintes et les enfants de 0 \u00e0 5 [&hellip;]<\/p>\n","protected":false},"author":82,"featured_media":10061,"comment_status":"open","ping_status":"closed","sticky":false,"template":"","format":"standard","meta":{"footnotes":""},"categories":[21,11,10],"tags":[111,725,29],"class_list":["post-10062","post","type-post","status-publish","format-standard","has-post-thumbnail","hentry","category-communaute","category-homepage-french","category-toutes-les-actualites","tag-africa-press","tag-africa-press-burkina-faso","tag-burkina-faso"],"yoast_head":"<!-- This site is optimized with the Yoast SEO Premium plugin v26.1 (Yoast SEO v27.0) - https:\/\/yoast.com\/product\/yoast-seo-premium-wordpress\/ -->\n<title>Am\u00e9lioration de la gratuit\u00e9 des soins au Burkina Faso : Save The Children lance un plaidoyer - Burkina Faso<\/title>\n<meta name=\"description\" content=\"L\u2019ONG Save The Children International a tenu une rencontre, avec ses partenaires, ce jeudi 15 avril 2021 \u00e0 Ouagadougou. ...\" \/>\n<meta name=\"robots\" content=\"index, follow, max-snippet:-1, max-image-preview:large, max-video-preview:-1\" \/>\n<link rel=\"canonical\" href=\"https:\/\/www.africa-press.net\/burkina-faso\/toutes-les-actualites\/amelioration-de-la-gratuite-des-soins-au-burkina-faso-save-the-children-lance-un-plaidoyer\" \/>\n<meta property=\"og:locale\" content=\"fr_FR\" \/>\n<meta property=\"og:type\" content=\"article\" \/>\n<meta property=\"og:title\" content=\"Am\u00e9lioration de la gratuit\u00e9 des soins au Burkina Faso : Save The Children lance un plaidoyer\" \/>\n<meta property=\"og:description\" content=\"L\u2019ONG Save The Children International a tenu une rencontre, avec ses partenaires, ce jeudi 15 avril 2021 \u00e0 Ouagadougou. ...\" \/>\n<meta property=\"og:url\" content=\"https:\/\/www.africa-press.net\/burkina-faso\/toutes-les-actualites\/amelioration-de-la-gratuite-des-soins-au-burkina-faso-save-the-children-lance-un-plaidoyer\" \/>\n<meta property=\"og:site_name\" content=\"Burkina Faso\" \/>\n<meta property=\"article:published_time\" content=\"2021-04-16T12:36:07+00:00\" \/>\n<meta property=\"og:image\" content=\"https:\/\/static.africa-press.net\/burkina\/sites\/42\/2021\/04\/img-60796cbe5950d.jpg\" \/>\n\t<meta property=\"og:image:width\" content=\"1024\" \/>\n\t<meta property=\"og:image:height\" content=\"768\" \/>\n\t<meta property=\"og:image:type\" content=\"image\/jpeg\" \/>\n<meta name=\"author\" content=\"cfeditorfr\" \/>\n<meta name=\"twitter:card\" content=\"summary_large_image\" \/>\n<meta name=\"twitter:label1\" content=\"\u00c9crit par\" \/>\n\t<meta name=\"twitter:data1\" content=\"cfeditorfr\" \/>\n\t<meta name=\"twitter:label2\" content=\"Dur\u00e9e de lecture estim\u00e9e\" \/>\n\t<meta name=\"twitter:data2\" content=\"2 minutes\" \/>\n<script type=\"application\/ld+json\" class=\"yoast-schema-graph\">{\"@context\":\"https:\/\/schema.org\",\"@graph\":[{\"@type\":\"Article\",\"@id\":\"https:\/\/www.africa-press.net\/burkina-faso\/toutes-les-actualites\/amelioration-de-la-gratuite-des-soins-au-burkina-faso-save-the-children-lance-un-plaidoyer#article\",\"isPartOf\":{\"@id\":\"https:\/\/www.africa-press.net\/burkina-faso\/toutes-les-actualites\/amelioration-de-la-gratuite-des-soins-au-burkina-faso-save-the-children-lance-un-plaidoyer\"},\"author\":{\"name\":\"cfeditorfr\",\"@id\":\"https:\/\/www.africa-press.net\/burkina-faso\/#\/schema\/person\/2b1cf3cd81a31e3cd26889ca66d677f1\"},\"headline\":\"Am\u00e9lioration de la gratuit\u00e9 des soins au Burkina Faso : Save The Children lance un plaidoyer\",\"datePublished\":\"2021-04-16T12:36:07+00:00\",\"mainEntityOfPage\":{\"@id\":\"https:\/\/www.africa-press.net\/burkina-faso\/toutes-les-actualites\/amelioration-de-la-gratuite-des-soins-au-burkina-faso-save-the-children-lance-un-plaidoyer\"},\"wordCount\":472,\"commentCount\":0,\"image\":{\"@id\":\"https:\/\/www.africa-press.net\/burkina-faso\/toutes-les-actualites\/amelioration-de-la-gratuite-des-soins-au-burkina-faso-save-the-children-lance-un-plaidoyer#primaryimage\"},\"thumbnailUrl\":\"https:\/\/static.africa-press.net\/burkina\/sites\/42\/2021\/04\/img-60796cbe5950d.jpg\",\"keywords\":[\"Africa Press\",\"Africa Press-Burkina Faso\",\"Burkina Faso\"],\"articleSection\":[\"Communaut\u00e9\",\"homepage-french\",\"Toutes les actualit\u00e9s\"],\"inLanguage\":\"fr-FR\",\"potentialAction\":[{\"@type\":\"CommentAction\",\"name\":\"Comment\",\"target\":[\"https:\/\/www.africa-press.net\/burkina-faso\/toutes-les-actualites\/amelioration-de-la-gratuite-des-soins-au-burkina-faso-save-the-children-lance-un-plaidoyer#respond\"]}]},{\"@type\":\"WebPage\",\"@id\":\"https:\/\/www.africa-press.net\/burkina-faso\/toutes-les-actualites\/amelioration-de-la-gratuite-des-soins-au-burkina-faso-save-the-children-lance-un-plaidoyer\",\"url\":\"https:\/\/www.africa-press.net\/burkina-faso\/toutes-les-actualites\/amelioration-de-la-gratuite-des-soins-au-burkina-faso-save-the-children-lance-un-plaidoyer\",\"name\":\"Am\u00e9lioration de la gratuit\u00e9 des soins au Burkina Faso : Save The Children lance un plaidoyer - Burkina Faso\",\"isPartOf\":{\"@id\":\"https:\/\/www.africa-press.net\/burkina-faso\/#website\"},\"primaryImageOfPage\":{\"@id\":\"https:\/\/www.africa-press.net\/burkina-faso\/toutes-les-actualites\/amelioration-de-la-gratuite-des-soins-au-burkina-faso-save-the-children-lance-un-plaidoyer#primaryimage\"},\"image\":{\"@id\":\"https:\/\/www.africa-press.net\/burkina-faso\/toutes-les-actualites\/amelioration-de-la-gratuite-des-soins-au-burkina-faso-save-the-children-lance-un-plaidoyer#primaryimage\"},\"thumbnailUrl\":\"https:\/\/static.africa-press.net\/burkina\/sites\/42\/2021\/04\/img-60796cbe5950d.jpg\",\"datePublished\":\"2021-04-16T12:36:07+00:00\",\"author\":{\"@id\":\"https:\/\/www.africa-press.net\/burkina-faso\/#\/schema\/person\/2b1cf3cd81a31e3cd26889ca66d677f1\"},\"description\":\"L\u2019ONG Save The Children International a tenu une rencontre, avec ses partenaires, ce jeudi 15 avril 2021 \u00e0 Ouagadougou. ...\",\"breadcrumb\":{\"@id\":\"https:\/\/www.africa-press.net\/burkina-faso\/toutes-les-actualites\/amelioration-de-la-gratuite-des-soins-au-burkina-faso-save-the-children-lance-un-plaidoyer#breadcrumb\"},\"inLanguage\":\"fr-FR\",\"potentialAction\":[{\"@type\":\"ReadAction\",\"target\":[\"https:\/\/www.africa-press.net\/burkina-faso\/toutes-les-actualites\/amelioration-de-la-gratuite-des-soins-au-burkina-faso-save-the-children-lance-un-plaidoyer\"]}]},{\"@type\":\"ImageObject\",\"inLanguage\":\"fr-FR\",\"@id\":\"https:\/\/www.africa-press.net\/burkina-faso\/toutes-les-actualites\/amelioration-de-la-gratuite-des-soins-au-burkina-faso-save-the-children-lance-un-plaidoyer#primaryimage\",\"url\":\"https:\/\/static.africa-press.net\/burkina\/sites\/42\/2021\/04\/img-60796cbe5950d.jpg\",\"contentUrl\":\"https:\/\/static.africa-press.net\/burkina\/sites\/42\/2021\/04\/img-60796cbe5950d.jpg\",\"width\":1024,\"height\":768,\"caption\":\"Am\u00e9lioration de la gratuit\u00e9 des soins au Burkina Faso : Save The Children lance un plaidoyer\"},{\"@type\":\"BreadcrumbList\",\"@id\":\"https:\/\/www.africa-press.net\/burkina-faso\/toutes-les-actualites\/amelioration-de-la-gratuite-des-soins-au-burkina-faso-save-the-children-lance-un-plaidoyer#breadcrumb\",\"itemListElement\":[{\"@type\":\"ListItem\",\"position\":1,\"name\":\"Accueil\",\"item\":\"https:\/\/www.africa-press.net\/burkina-faso\/\"},{\"@type\":\"ListItem\",\"position\":2,\"name\":\"Am\u00e9lioration de la gratuit\u00e9 des soins au Burkina Faso : Save The Children lance un plaidoyer\"}]},{\"@type\":\"WebSite\",\"@id\":\"https:\/\/www.africa-press.net\/burkina-faso\/#website\",\"url\":\"https:\/\/www.africa-press.net\/burkina-faso\/\",\"name\":\"Burkina Faso\",\"description\":\"Just another Africa News Agency Sites site\",\"potentialAction\":[{\"@type\":\"SearchAction\",\"target\":{\"@type\":\"EntryPoint\",\"urlTemplate\":\"https:\/\/www.africa-press.net\/burkina-faso\/?s={search_term_string}\"},\"query-input\":{\"@type\":\"PropertyValueSpecification\",\"valueRequired\":true,\"valueName\":\"search_term_string\"}}],\"inLanguage\":\"fr-FR\"},{\"@type\":\"Person\",\"@id\":\"https:\/\/www.africa-press.net\/burkina-faso\/#\/schema\/person\/2b1cf3cd81a31e3cd26889ca66d677f1\",\"name\":\"cfeditorfr\"}]}<\/script>\n<!-- \/ Yoast SEO Premium plugin. -->","yoast_head_json":{"title":"Am\u00e9lioration de la gratuit\u00e9 des soins au Burkina Faso : Save The Children lance un plaidoyer - Burkina Faso","description":"L\u2019ONG Save The Children International a tenu une rencontre, avec ses partenaires, ce jeudi 15 avril 2021 \u00e0 Ouagadougou. ...","robots":{"index":"index","follow":"follow","max-snippet":"max-snippet:-1","max-image-preview":"max-image-preview:large","max-video-preview":"max-video-preview:-1"},"canonical":"https:\/\/www.africa-press.net\/burkina-faso\/toutes-les-actualites\/amelioration-de-la-gratuite-des-soins-au-burkina-faso-save-the-children-lance-un-plaidoyer","og_locale":"fr_FR","og_type":"article","og_title":"Am\u00e9lioration de la gratuit\u00e9 des soins au Burkina Faso : Save The Children lance un plaidoyer","og_description":"L\u2019ONG Save The Children International a tenu une rencontre, avec ses partenaires, ce jeudi 15 avril 2021 \u00e0 Ouagadougou. ...","og_url":"https:\/\/www.africa-press.net\/burkina-faso\/toutes-les-actualites\/amelioration-de-la-gratuite-des-soins-au-burkina-faso-save-the-children-lance-un-plaidoyer","og_site_name":"Burkina Faso","article_published_time":"2021-04-16T12:36:07+00:00","og_image":[{"width":1024,"height":768,"url":"https:\/\/static.africa-press.net\/burkina\/sites\/42\/2021\/04\/img-60796cbe5950d.jpg","type":"image\/jpeg"}],"author":"cfeditorfr","twitter_card":"summary_large_image","twitter_misc":{"\u00c9crit par":"cfeditorfr","Dur\u00e9e de lecture estim\u00e9e":"2 minutes"},"schema":{"@context":"https:\/\/schema.org","@graph":[{"@type":"Article","@id":"https:\/\/www.africa-press.net\/burkina-faso\/toutes-les-actualites\/amelioration-de-la-gratuite-des-soins-au-burkina-faso-save-the-children-lance-un-plaidoyer#article","isPartOf":{"@id":"https:\/\/www.africa-press.net\/burkina-faso\/toutes-les-actualites\/amelioration-de-la-gratuite-des-soins-au-burkina-faso-save-the-children-lance-un-plaidoyer"},"author":{"name":"cfeditorfr","@id":"https:\/\/www.africa-press.net\/burkina-faso\/#\/schema\/person\/2b1cf3cd81a31e3cd26889ca66d677f1"},"headline":"Am\u00e9lioration de la gratuit\u00e9 des soins au Burkina Faso : Save The Children lance un plaidoyer","datePublished":"2021-04-16T12:36:07+00:00","mainEntityOfPage":{"@id":"https:\/\/www.africa-press.net\/burkina-faso\/toutes-les-actualites\/amelioration-de-la-gratuite-des-soins-au-burkina-faso-save-the-children-lance-un-plaidoyer"},"wordCount":472,"commentCount":0,"image":{"@id":"https:\/\/www.africa-press.net\/burkina-faso\/toutes-les-actualites\/amelioration-de-la-gratuite-des-soins-au-burkina-faso-save-the-children-lance-un-plaidoyer#primaryimage"},"thumbnailUrl":"https:\/\/static.africa-press.net\/burkina\/sites\/42\/2021\/04\/img-60796cbe5950d.jpg","keywords":["Africa Press","Africa Press-Burkina Faso","Burkina Faso"],"articleSection":["Communaut\u00e9","homepage-french","Toutes les actualit\u00e9s"],"inLanguage":"fr-FR","potentialAction":[{"@type":"CommentAction","name":"Comment","target":["https:\/\/www.africa-press.net\/burkina-faso\/toutes-les-actualites\/amelioration-de-la-gratuite-des-soins-au-burkina-faso-save-the-children-lance-un-plaidoyer#respond"]}]},{"@type":"WebPage","@id":"https:\/\/www.africa-press.net\/burkina-faso\/toutes-les-actualites\/amelioration-de-la-gratuite-des-soins-au-burkina-faso-save-the-children-lance-un-plaidoyer","url":"https:\/\/www.africa-press.net\/burkina-faso\/toutes-les-actualites\/amelioration-de-la-gratuite-des-soins-au-burkina-faso-save-the-children-lance-un-plaidoyer","name":"Am\u00e9lioration de la gratuit\u00e9 des soins au Burkina Faso : Save The Children lance un plaidoyer - Burkina Faso","isPartOf":{"@id":"https:\/\/www.africa-press.net\/burkina-faso\/#website"},"primaryImageOfPage":{"@id":"https:\/\/www.africa-press.net\/burkina-faso\/toutes-les-actualites\/amelioration-de-la-gratuite-des-soins-au-burkina-faso-save-the-children-lance-un-plaidoyer#primaryimage"},"image":{"@id":"https:\/\/www.africa-press.net\/burkina-faso\/toutes-les-actualites\/amelioration-de-la-gratuite-des-soins-au-burkina-faso-save-the-children-lance-un-plaidoyer#primaryimage"},"thumbnailUrl":"https:\/\/static.africa-press.net\/burkina\/sites\/42\/2021\/04\/img-60796cbe5950d.jpg","datePublished":"2021-04-16T12:36:07+00:00","author":{"@id":"https:\/\/www.africa-press.net\/burkina-faso\/#\/schema\/person\/2b1cf3cd81a31e3cd26889ca66d677f1"},"description":"L\u2019ONG Save The Children International a tenu une rencontre, avec ses partenaires, ce jeudi 15 avril 2021 \u00e0 Ouagadougou. ...","breadcrumb":{"@id":"https:\/\/www.africa-press.net\/burkina-faso\/toutes-les-actualites\/amelioration-de-la-gratuite-des-soins-au-burkina-faso-save-the-children-lance-un-plaidoyer#breadcrumb"},"inLanguage":"fr-FR","potentialAction":[{"@type":"ReadAction","target":["https:\/\/www.africa-press.net\/burkina-faso\/toutes-les-actualites\/amelioration-de-la-gratuite-des-soins-au-burkina-faso-save-the-children-lance-un-plaidoyer"]}]},{"@type":"ImageObject","inLanguage":"fr-FR","@id":"https:\/\/www.africa-press.net\/burkina-faso\/toutes-les-actualites\/amelioration-de-la-gratuite-des-soins-au-burkina-faso-save-the-children-lance-un-plaidoyer#primaryimage","url":"https:\/\/static.africa-press.net\/burkina\/sites\/42\/2021\/04\/img-60796cbe5950d.jpg","contentUrl":"https:\/\/static.africa-press.net\/burkina\/sites\/42\/2021\/04\/img-60796cbe5950d.jpg","width":1024,"height":768,"caption":"Am\u00e9lioration de la gratuit\u00e9 des soins au Burkina Faso : Save The Children lance un plaidoyer"},{"@type":"BreadcrumbList","@id":"https:\/\/www.africa-press.net\/burkina-faso\/toutes-les-actualites\/amelioration-de-la-gratuite-des-soins-au-burkina-faso-save-the-children-lance-un-plaidoyer#breadcrumb","itemListElement":[{"@type":"ListItem","position":1,"name":"Accueil","item":"https:\/\/www.africa-press.net\/burkina-faso\/"},{"@type":"ListItem","position":2,"name":"Am\u00e9lioration de la gratuit\u00e9 des soins au Burkina Faso : Save The Children lance un plaidoyer"}]},{"@type":"WebSite","@id":"https:\/\/www.africa-press.net\/burkina-faso\/#website","url":"https:\/\/www.africa-press.net\/burkina-faso\/","name":"Burkina Faso","description":"Just another Africa News Agency Sites site","potentialAction":[{"@type":"SearchAction","target":{"@type":"EntryPoint","urlTemplate":"https:\/\/www.africa-press.net\/burkina-faso\/?s={search_term_string}"},"query-input":{"@type":"PropertyValueSpecification","valueRequired":true,"valueName":"search_term_string"}}],"inLanguage":"fr-FR"},{"@type":"Person","@id":"https:\/\/www.africa-press.net\/burkina-faso\/#\/schema\/person\/2b1cf3cd81a31e3cd26889ca66d677f1","name":"cfeditorfr"}]}},"_links":{"self":[{"href":"https:\/\/www.africa-press.net\/burkina-faso\/wp-json\/wp\/v2\/posts\/10062","targetHints":{"allow":["GET"]}}],"collection":[{"href":"https:\/\/www.africa-press.net\/burkina-faso\/wp-json\/wp\/v2\/posts"}],"about":[{"href":"https:\/\/www.africa-press.net\/burkina-faso\/wp-json\/wp\/v2\/types\/post"}],"author":[{"embeddable":true,"href":"https:\/\/www.africa-press.net\/burkina-faso\/wp-json\/wp\/v2\/users\/82"}],"replies":[{"embeddable":true,"href":"https:\/\/www.africa-press.net\/burkina-faso\/wp-json\/wp\/v2\/comments?post=10062"}],"version-history":[{"count":0,"href":"https:\/\/www.africa-press.net\/burkina-faso\/wp-json\/wp\/v2\/posts\/10062\/revisions"}],"wp:featuredmedia":[{"embeddable":true,"href":"https:\/\/www.africa-press.net\/burkina-faso\/wp-json\/wp\/v2\/media\/10061"}],"wp:attachment":[{"href":"https:\/\/www.africa-press.net\/burkina-faso\/wp-json\/wp\/v2\/media?parent=10062"}],"wp:term":[{"taxonomy":"category","embeddable":true,"href":"https:\/\/www.africa-press.net\/burkina-faso\/wp-json\/wp\/v2\/categories?post=10062"},{"taxonomy":"post_tag","embeddable":true,"href":"https:\/\/www.africa-press.net\/burkina-faso\/wp-json\/wp\/v2\/tags?post=10062"}],"curies":[{"name":"wp","href":"https:\/\/api.w.org\/{rel}","templated":true}]}}