{"id":10065,"date":"2021-04-16T12:39:50","date_gmt":"2021-04-16T12:39:50","guid":{"rendered":"https:\/\/www.africa-press.net\/burkina-faso\/?p=10065"},"modified":"2021-04-16T12:04:14","modified_gmt":"2021-04-16T12:04:14","slug":"ministere-de-laction-sociale-trois-syndicats-reclament-lannulation-de-la-nomination-de-la-sg-faty-ouedraogo-zizien","status":"publish","type":"post","link":"https:\/\/www.africa-press.net\/burkina-faso\/toutes-les-actualites\/ministere-de-laction-sociale-trois-syndicats-reclament-lannulation-de-la-nomination-de-la-sg-faty-ouedraogo-zizien","title":{"rendered":"Minist\u00e8re de l\u2019action sociale : Trois syndicats r\u00e9clament l\u2019annulation de la nomination de la SG, Faty Ou\u00e9draogo\/Zizien"},"content":{"rendered":"<p><span style=\"color: #ff6600\"><strong><a href=\"https:\/\/www.africa-press.net\/\">Africa-Press<\/a> &#8211; <a href=\"https:\/\/www.africa-press.net\/burkina-faso\">Burkina Faso<\/a>. <\/strong><\/span>Le Syndicat des Travailleurs de l\u2019Action Sociale (SYNTAS), le Comit\u00e9 de la Conf\u00e9d\u00e9ration G\u00e9n\u00e9rale du Travail du Burkina (CGT-B) et le Syndicat Autonome du Personnel de l\u2019Action Sociale (SYNAPAS) \u00e9taient face \u00e0 la presse ce jeudi 15 avril 2021 \u00e0 Ouagadougou. Il s\u2019est agi d\u2019informer l\u2019opinion sur la gouvernance qui pr\u00e9vaut au minist\u00e8re de la Femme, de la Solidarit\u00e9 Nationale, de la Famille et de l\u2019action Humanitaire (MFSNFAH) et de d\u00e9gager des perspectives.<\/p>\n<p>Le Syndicat des Travailleurs de l\u2019Action Sociale (SYNTAS), le Comit\u00e9 de la Conf\u00e9d\u00e9ration G\u00e9n\u00e9rale du Travail du Burkina (CGT-B), et le Syndicat Autonome du Personnel de l\u2019Action Sociale (SYNAPAS) ont tenu une rencontre pour d\u00e9noncer ce qu\u2019ils estiment \u00eatre des \u00ab d\u00e9cisions arbitraires \u00bb.<\/p>\n<p>Les trois syndicats, par la voix de Juste Koumara Logobana, secr\u00e9taire g\u00e9n\u00e9ral du SYNTAS, d\u00e9noncent entre autres, la reconduction de la secr\u00e9taire g\u00e9n\u00e9rale du minist\u00e8re en charge de la Femme, Faty Ou\u00e9draogo\/Zizien, admise \u00e0 la retraite le 18 mars 2021.<\/p>\n<p>Ils exigent \u00e9galement l\u2019annulation imm\u00e9diate et sans condition de sa nomination. Face \u00e0 la presse, ils ont invit\u00e9 les travailleurs \u00e0 rejeter tout acte administratif tels que les affectations, les directives, les circulaires et toute activit\u00e9 administrative sous la pr\u00e9sidence de Faty Ou\u00e9draogo\/Zizien.<\/p>\n<p>Les conf\u00e9renciers ont \u00e9galement d\u00e9nonc\u00e9 une autre affectation. Il s\u2019agit de celle \u00ab pour n\u00e9cessit\u00e9 de service \u00bb de Boureima de Salam Ou\u00e9draogo, administrateur des affaires sociales et par ailleurs Pr\u00e9sident de l\u2019association burkinab\u00e8 des professionnels de l\u2019assistance sociale (ABPAS).<\/p>\n<p>Selon Juste Koumara Logobana, secr\u00e9taire g\u00e9n\u00e9ral du SYNTAS, cette affectation est \u00ab une violation de l\u2019ind\u00e9pendance du travailleur social, de sa libert\u00e9 d\u2019expression et d\u2019association \u00bb. Les conf\u00e9renciers ont exig\u00e9 l\u2019annulation pure et simple de cette affectation.<\/p>\n<p>Aussi, ont-ils d\u00e9nonc\u00e9 la nomination de Bouma Narcisse Bamouni en tant qu\u2019administrateur repr\u00e9sentant du minist\u00e8re en charge de la Solidarit\u00e9 Nationale au Conseil d\u2019administration de la Caisse Nationale de S\u00e9curit\u00e9 Sociale (CNSS) pour porter les probl\u00e9matiques du travail social. Ils n\u2019ont pas non plus h\u00e9sit\u00e9 d\u2019exiger l\u2019annulation de cette nomination \u00e0 ce poste.<\/p>\n<p>Il faut noter que les conf\u00e9renciers avaient d\u2019autres revendications \u00e0 l\u2019ordre du jour telles que le r\u00e9tablissement de salaires coup\u00e9s, l\u2019arr\u00eat des mesures r\u00e9pressives et arbitraires contre les travailleurs, le respect de la nature des emplois et de la pr\u00e9servation des acquis, l\u2019indivisibilit\u00e9 du travail social, l\u2019arr\u00eat des nominations de complaisance et enfin de l\u2019audit sur la gestion des ressources du minist\u00e8re.<\/p>\n<p>Par ailleurs, les trois organisations syndicales pr\u00e9viennent tenir pour responsable l\u2019autorit\u00e9, de la d\u00e9gradation du climat social au sein du minist\u00e8re de la Femme, de la Solidarit\u00e9 Nationale, de la Famille et de l\u2019action Humanitaire (MFSNFAH) dans un bref d\u00e9lai si les pr\u00e9occupations soulev\u00e9es ne sont pas satisfaites. Elle s\u2019engagent \u00e0 animer et organiser la lutte en vue d\u2019une r\u00e9solution cons\u00e9quente des pr\u00e9occupations. Hamadou DIALLO (stagiaire) Burkina24<\/p>\n","protected":false},"excerpt":{"rendered":"<p>Africa-Press &#8211; Burkina Faso. Le Syndicat des Travailleurs de l\u2019Action Sociale (SYNTAS), le Comit\u00e9 de la Conf\u00e9d\u00e9ration G\u00e9n\u00e9rale du Travail du Burkina (CGT-B) et le Syndicat Autonome du Personnel de l\u2019Action Sociale (SYNAPAS) \u00e9taient face \u00e0 la presse ce jeudi 15 avril 2021 \u00e0 Ouagadougou. Il s\u2019est agi d\u2019informer l\u2019opinion sur la gouvernance qui pr\u00e9vaut [&hellip;]<\/p>\n","protected":false},"author":82,"featured_media":10064,"comment_status":"open","ping_status":"closed","sticky":false,"template":"","format":"standard","meta":{"footnotes":""},"categories":[21,11,10],"tags":[111,725,29],"class_list":["post-10065","post","type-post","status-publish","format-standard","has-post-thumbnail","hentry","category-communaute","category-homepage-french","category-toutes-les-actualites","tag-africa-press","tag-africa-press-burkina-faso","tag-burkina-faso"],"yoast_head":"<!-- This site is optimized with the Yoast SEO Premium plugin v26.1 (Yoast SEO v27.0) - https:\/\/yoast.com\/product\/yoast-seo-premium-wordpress\/ -->\n<title>Minist\u00e8re de l\u2019action sociale : Trois syndicats r\u00e9clament l\u2019annulation de la nomination de la SG, Faty Ou\u00e9draogo\/Zizien - Burkina Faso<\/title>\n<meta name=\"description\" content=\"Le Syndicat des Travailleurs de l\u2019Action Sociale (SYNTAS), le Comit\u00e9 de la Conf\u00e9d\u00e9ration G\u00e9n\u00e9rale du Travail du Burkina ...\" \/>\n<meta name=\"robots\" content=\"index, follow, max-snippet:-1, max-image-preview:large, max-video-preview:-1\" \/>\n<link rel=\"canonical\" href=\"https:\/\/www.africa-press.net\/burkina-faso\/toutes-les-actualites\/ministere-de-laction-sociale-trois-syndicats-reclament-lannulation-de-la-nomination-de-la-sg-faty-ouedraogo-zizien\" \/>\n<meta property=\"og:locale\" content=\"fr_FR\" \/>\n<meta property=\"og:type\" content=\"article\" \/>\n<meta property=\"og:title\" content=\"Minist\u00e8re de l\u2019action sociale : Trois syndicats r\u00e9clament l\u2019annulation de la nomination de la SG, Faty Ou\u00e9draogo\/Zizien\" \/>\n<meta property=\"og:description\" content=\"Le Syndicat des Travailleurs de l\u2019Action Sociale (SYNTAS), le Comit\u00e9 de la Conf\u00e9d\u00e9ration G\u00e9n\u00e9rale du Travail du Burkina ...\" \/>\n<meta property=\"og:url\" content=\"https:\/\/www.africa-press.net\/burkina-faso\/toutes-les-actualites\/ministere-de-laction-sociale-trois-syndicats-reclament-lannulation-de-la-nomination-de-la-sg-faty-ouedraogo-zizien\" \/>\n<meta property=\"og:site_name\" content=\"Burkina Faso\" \/>\n<meta property=\"article:published_time\" content=\"2021-04-16T12:39:50+00:00\" \/>\n<meta property=\"og:image\" content=\"https:\/\/static.africa-press.net\/burkina\/sites\/42\/2021\/04\/img-60796cea9aa3b.jpg\" \/>\n\t<meta property=\"og:image:width\" content=\"750\" \/>\n\t<meta property=\"og:image:height\" content=\"375\" \/>\n\t<meta property=\"og:image:type\" content=\"image\/jpeg\" \/>\n<meta name=\"author\" content=\"cfeditorfr\" \/>\n<meta name=\"twitter:card\" content=\"summary_large_image\" \/>\n<meta name=\"twitter:label1\" content=\"\u00c9crit par\" \/>\n\t<meta name=\"twitter:data1\" content=\"cfeditorfr\" \/>\n\t<meta name=\"twitter:label2\" content=\"Dur\u00e9e de lecture estim\u00e9e\" \/>\n\t<meta name=\"twitter:data2\" content=\"3 minutes\" \/>\n<script type=\"application\/ld+json\" class=\"yoast-schema-graph\">{\"@context\":\"https:\/\/schema.org\",\"@graph\":[{\"@type\":\"Article\",\"@id\":\"https:\/\/www.africa-press.net\/burkina-faso\/toutes-les-actualites\/ministere-de-laction-sociale-trois-syndicats-reclament-lannulation-de-la-nomination-de-la-sg-faty-ouedraogo-zizien#article\",\"isPartOf\":{\"@id\":\"https:\/\/www.africa-press.net\/burkina-faso\/toutes-les-actualites\/ministere-de-laction-sociale-trois-syndicats-reclament-lannulation-de-la-nomination-de-la-sg-faty-ouedraogo-zizien\"},\"author\":{\"name\":\"cfeditorfr\",\"@id\":\"https:\/\/www.africa-press.net\/burkina-faso\/#\/schema\/person\/2b1cf3cd81a31e3cd26889ca66d677f1\"},\"headline\":\"Minist\u00e8re de l\u2019action sociale : Trois syndicats r\u00e9clament l\u2019annulation de la nomination de la SG, Faty Ou\u00e9draogo\/Zizien\",\"datePublished\":\"2021-04-16T12:39:50+00:00\",\"mainEntityOfPage\":{\"@id\":\"https:\/\/www.africa-press.net\/burkina-faso\/toutes-les-actualites\/ministere-de-laction-sociale-trois-syndicats-reclament-lannulation-de-la-nomination-de-la-sg-faty-ouedraogo-zizien\"},\"wordCount\":559,\"commentCount\":0,\"image\":{\"@id\":\"https:\/\/www.africa-press.net\/burkina-faso\/toutes-les-actualites\/ministere-de-laction-sociale-trois-syndicats-reclament-lannulation-de-la-nomination-de-la-sg-faty-ouedraogo-zizien#primaryimage\"},\"thumbnailUrl\":\"https:\/\/static.africa-press.net\/burkina\/sites\/42\/2021\/04\/img-60796cea9aa3b.jpg\",\"keywords\":[\"Africa Press\",\"Africa Press-Burkina Faso\",\"Burkina Faso\"],\"articleSection\":[\"Communaut\u00e9\",\"homepage-french\",\"Toutes les actualit\u00e9s\"],\"inLanguage\":\"fr-FR\",\"potentialAction\":[{\"@type\":\"CommentAction\",\"name\":\"Comment\",\"target\":[\"https:\/\/www.africa-press.net\/burkina-faso\/toutes-les-actualites\/ministere-de-laction-sociale-trois-syndicats-reclament-lannulation-de-la-nomination-de-la-sg-faty-ouedraogo-zizien#respond\"]}]},{\"@type\":\"WebPage\",\"@id\":\"https:\/\/www.africa-press.net\/burkina-faso\/toutes-les-actualites\/ministere-de-laction-sociale-trois-syndicats-reclament-lannulation-de-la-nomination-de-la-sg-faty-ouedraogo-zizien\",\"url\":\"https:\/\/www.africa-press.net\/burkina-faso\/toutes-les-actualites\/ministere-de-laction-sociale-trois-syndicats-reclament-lannulation-de-la-nomination-de-la-sg-faty-ouedraogo-zizien\",\"name\":\"Minist\u00e8re de l\u2019action sociale : Trois syndicats r\u00e9clament l\u2019annulation de la nomination de la SG, Faty Ou\u00e9draogo\/Zizien - Burkina Faso\",\"isPartOf\":{\"@id\":\"https:\/\/www.africa-press.net\/burkina-faso\/#website\"},\"primaryImageOfPage\":{\"@id\":\"https:\/\/www.africa-press.net\/burkina-faso\/toutes-les-actualites\/ministere-de-laction-sociale-trois-syndicats-reclament-lannulation-de-la-nomination-de-la-sg-faty-ouedraogo-zizien#primaryimage\"},\"image\":{\"@id\":\"https:\/\/www.africa-press.net\/burkina-faso\/toutes-les-actualites\/ministere-de-laction-sociale-trois-syndicats-reclament-lannulation-de-la-nomination-de-la-sg-faty-ouedraogo-zizien#primaryimage\"},\"thumbnailUrl\":\"https:\/\/static.africa-press.net\/burkina\/sites\/42\/2021\/04\/img-60796cea9aa3b.jpg\",\"datePublished\":\"2021-04-16T12:39:50+00:00\",\"author\":{\"@id\":\"https:\/\/www.africa-press.net\/burkina-faso\/#\/schema\/person\/2b1cf3cd81a31e3cd26889ca66d677f1\"},\"description\":\"Le Syndicat des Travailleurs de l\u2019Action Sociale (SYNTAS), le Comit\u00e9 de la Conf\u00e9d\u00e9ration G\u00e9n\u00e9rale du Travail du Burkina ...\",\"breadcrumb\":{\"@id\":\"https:\/\/www.africa-press.net\/burkina-faso\/toutes-les-actualites\/ministere-de-laction-sociale-trois-syndicats-reclament-lannulation-de-la-nomination-de-la-sg-faty-ouedraogo-zizien#breadcrumb\"},\"inLanguage\":\"fr-FR\",\"potentialAction\":[{\"@type\":\"ReadAction\",\"target\":[\"https:\/\/www.africa-press.net\/burkina-faso\/toutes-les-actualites\/ministere-de-laction-sociale-trois-syndicats-reclament-lannulation-de-la-nomination-de-la-sg-faty-ouedraogo-zizien\"]}]},{\"@type\":\"ImageObject\",\"inLanguage\":\"fr-FR\",\"@id\":\"https:\/\/www.africa-press.net\/burkina-faso\/toutes-les-actualites\/ministere-de-laction-sociale-trois-syndicats-reclament-lannulation-de-la-nomination-de-la-sg-faty-ouedraogo-zizien#primaryimage\",\"url\":\"https:\/\/static.africa-press.net\/burkina\/sites\/42\/2021\/04\/img-60796cea9aa3b.jpg\",\"contentUrl\":\"https:\/\/static.africa-press.net\/burkina\/sites\/42\/2021\/04\/img-60796cea9aa3b.jpg\",\"width\":750,\"height\":375,\"caption\":\"Minist\u00e8re de l\u2019action sociale : Trois syndicats r\u00e9clament l\u2019annulation de la nomination de la SG, Faty Ou\u00e9draogo\/Zizien\"},{\"@type\":\"BreadcrumbList\",\"@id\":\"https:\/\/www.africa-press.net\/burkina-faso\/toutes-les-actualites\/ministere-de-laction-sociale-trois-syndicats-reclament-lannulation-de-la-nomination-de-la-sg-faty-ouedraogo-zizien#breadcrumb\",\"itemListElement\":[{\"@type\":\"ListItem\",\"position\":1,\"name\":\"Accueil\",\"item\":\"https:\/\/www.africa-press.net\/burkina-faso\/\"},{\"@type\":\"ListItem\",\"position\":2,\"name\":\"Minist\u00e8re de l\u2019action sociale : Trois syndicats r\u00e9clament l\u2019annulation de la nomination de la SG, Faty Ou\u00e9draogo\/Zizien\"}]},{\"@type\":\"WebSite\",\"@id\":\"https:\/\/www.africa-press.net\/burkina-faso\/#website\",\"url\":\"https:\/\/www.africa-press.net\/burkina-faso\/\",\"name\":\"Burkina Faso\",\"description\":\"Just another Africa News Agency Sites site\",\"potentialAction\":[{\"@type\":\"SearchAction\",\"target\":{\"@type\":\"EntryPoint\",\"urlTemplate\":\"https:\/\/www.africa-press.net\/burkina-faso\/?s={search_term_string}\"},\"query-input\":{\"@type\":\"PropertyValueSpecification\",\"valueRequired\":true,\"valueName\":\"search_term_string\"}}],\"inLanguage\":\"fr-FR\"},{\"@type\":\"Person\",\"@id\":\"https:\/\/www.africa-press.net\/burkina-faso\/#\/schema\/person\/2b1cf3cd81a31e3cd26889ca66d677f1\",\"name\":\"cfeditorfr\"}]}<\/script>\n<!-- \/ Yoast SEO Premium plugin. -->","yoast_head_json":{"title":"Minist\u00e8re de l\u2019action sociale : Trois syndicats r\u00e9clament l\u2019annulation de la nomination de la SG, Faty Ou\u00e9draogo\/Zizien - Burkina Faso","description":"Le Syndicat des Travailleurs de l\u2019Action Sociale (SYNTAS), le Comit\u00e9 de la Conf\u00e9d\u00e9ration G\u00e9n\u00e9rale du Travail du Burkina ...","robots":{"index":"index","follow":"follow","max-snippet":"max-snippet:-1","max-image-preview":"max-image-preview:large","max-video-preview":"max-video-preview:-1"},"canonical":"https:\/\/www.africa-press.net\/burkina-faso\/toutes-les-actualites\/ministere-de-laction-sociale-trois-syndicats-reclament-lannulation-de-la-nomination-de-la-sg-faty-ouedraogo-zizien","og_locale":"fr_FR","og_type":"article","og_title":"Minist\u00e8re de l\u2019action sociale : Trois syndicats r\u00e9clament l\u2019annulation de la nomination de la SG, Faty Ou\u00e9draogo\/Zizien","og_description":"Le Syndicat des Travailleurs de l\u2019Action Sociale (SYNTAS), le Comit\u00e9 de la Conf\u00e9d\u00e9ration G\u00e9n\u00e9rale du Travail du Burkina ...","og_url":"https:\/\/www.africa-press.net\/burkina-faso\/toutes-les-actualites\/ministere-de-laction-sociale-trois-syndicats-reclament-lannulation-de-la-nomination-de-la-sg-faty-ouedraogo-zizien","og_site_name":"Burkina Faso","article_published_time":"2021-04-16T12:39:50+00:00","og_image":[{"width":750,"height":375,"url":"https:\/\/static.africa-press.net\/burkina\/sites\/42\/2021\/04\/img-60796cea9aa3b.jpg","type":"image\/jpeg"}],"author":"cfeditorfr","twitter_card":"summary_large_image","twitter_misc":{"\u00c9crit par":"cfeditorfr","Dur\u00e9e de lecture estim\u00e9e":"3 minutes"},"schema":{"@context":"https:\/\/schema.org","@graph":[{"@type":"Article","@id":"https:\/\/www.africa-press.net\/burkina-faso\/toutes-les-actualites\/ministere-de-laction-sociale-trois-syndicats-reclament-lannulation-de-la-nomination-de-la-sg-faty-ouedraogo-zizien#article","isPartOf":{"@id":"https:\/\/www.africa-press.net\/burkina-faso\/toutes-les-actualites\/ministere-de-laction-sociale-trois-syndicats-reclament-lannulation-de-la-nomination-de-la-sg-faty-ouedraogo-zizien"},"author":{"name":"cfeditorfr","@id":"https:\/\/www.africa-press.net\/burkina-faso\/#\/schema\/person\/2b1cf3cd81a31e3cd26889ca66d677f1"},"headline":"Minist\u00e8re de l\u2019action sociale : Trois syndicats r\u00e9clament l\u2019annulation de la nomination de la SG, Faty Ou\u00e9draogo\/Zizien","datePublished":"2021-04-16T12:39:50+00:00","mainEntityOfPage":{"@id":"https:\/\/www.africa-press.net\/burkina-faso\/toutes-les-actualites\/ministere-de-laction-sociale-trois-syndicats-reclament-lannulation-de-la-nomination-de-la-sg-faty-ouedraogo-zizien"},"wordCount":559,"commentCount":0,"image":{"@id":"https:\/\/www.africa-press.net\/burkina-faso\/toutes-les-actualites\/ministere-de-laction-sociale-trois-syndicats-reclament-lannulation-de-la-nomination-de-la-sg-faty-ouedraogo-zizien#primaryimage"},"thumbnailUrl":"https:\/\/static.africa-press.net\/burkina\/sites\/42\/2021\/04\/img-60796cea9aa3b.jpg","keywords":["Africa Press","Africa Press-Burkina Faso","Burkina Faso"],"articleSection":["Communaut\u00e9","homepage-french","Toutes les actualit\u00e9s"],"inLanguage":"fr-FR","potentialAction":[{"@type":"CommentAction","name":"Comment","target":["https:\/\/www.africa-press.net\/burkina-faso\/toutes-les-actualites\/ministere-de-laction-sociale-trois-syndicats-reclament-lannulation-de-la-nomination-de-la-sg-faty-ouedraogo-zizien#respond"]}]},{"@type":"WebPage","@id":"https:\/\/www.africa-press.net\/burkina-faso\/toutes-les-actualites\/ministere-de-laction-sociale-trois-syndicats-reclament-lannulation-de-la-nomination-de-la-sg-faty-ouedraogo-zizien","url":"https:\/\/www.africa-press.net\/burkina-faso\/toutes-les-actualites\/ministere-de-laction-sociale-trois-syndicats-reclament-lannulation-de-la-nomination-de-la-sg-faty-ouedraogo-zizien","name":"Minist\u00e8re de l\u2019action sociale : Trois syndicats r\u00e9clament l\u2019annulation de la nomination de la SG, Faty Ou\u00e9draogo\/Zizien - Burkina Faso","isPartOf":{"@id":"https:\/\/www.africa-press.net\/burkina-faso\/#website"},"primaryImageOfPage":{"@id":"https:\/\/www.africa-press.net\/burkina-faso\/toutes-les-actualites\/ministere-de-laction-sociale-trois-syndicats-reclament-lannulation-de-la-nomination-de-la-sg-faty-ouedraogo-zizien#primaryimage"},"image":{"@id":"https:\/\/www.africa-press.net\/burkina-faso\/toutes-les-actualites\/ministere-de-laction-sociale-trois-syndicats-reclament-lannulation-de-la-nomination-de-la-sg-faty-ouedraogo-zizien#primaryimage"},"thumbnailUrl":"https:\/\/static.africa-press.net\/burkina\/sites\/42\/2021\/04\/img-60796cea9aa3b.jpg","datePublished":"2021-04-16T12:39:50+00:00","author":{"@id":"https:\/\/www.africa-press.net\/burkina-faso\/#\/schema\/person\/2b1cf3cd81a31e3cd26889ca66d677f1"},"description":"Le Syndicat des Travailleurs de l\u2019Action Sociale (SYNTAS), le Comit\u00e9 de la Conf\u00e9d\u00e9ration G\u00e9n\u00e9rale du Travail du Burkina ...","breadcrumb":{"@id":"https:\/\/www.africa-press.net\/burkina-faso\/toutes-les-actualites\/ministere-de-laction-sociale-trois-syndicats-reclament-lannulation-de-la-nomination-de-la-sg-faty-ouedraogo-zizien#breadcrumb"},"inLanguage":"fr-FR","potentialAction":[{"@type":"ReadAction","target":["https:\/\/www.africa-press.net\/burkina-faso\/toutes-les-actualites\/ministere-de-laction-sociale-trois-syndicats-reclament-lannulation-de-la-nomination-de-la-sg-faty-ouedraogo-zizien"]}]},{"@type":"ImageObject","inLanguage":"fr-FR","@id":"https:\/\/www.africa-press.net\/burkina-faso\/toutes-les-actualites\/ministere-de-laction-sociale-trois-syndicats-reclament-lannulation-de-la-nomination-de-la-sg-faty-ouedraogo-zizien#primaryimage","url":"https:\/\/static.africa-press.net\/burkina\/sites\/42\/2021\/04\/img-60796cea9aa3b.jpg","contentUrl":"https:\/\/static.africa-press.net\/burkina\/sites\/42\/2021\/04\/img-60796cea9aa3b.jpg","width":750,"height":375,"caption":"Minist\u00e8re de l\u2019action sociale : Trois syndicats r\u00e9clament l\u2019annulation de la nomination de la SG, Faty Ou\u00e9draogo\/Zizien"},{"@type":"BreadcrumbList","@id":"https:\/\/www.africa-press.net\/burkina-faso\/toutes-les-actualites\/ministere-de-laction-sociale-trois-syndicats-reclament-lannulation-de-la-nomination-de-la-sg-faty-ouedraogo-zizien#breadcrumb","itemListElement":[{"@type":"ListItem","position":1,"name":"Accueil","item":"https:\/\/www.africa-press.net\/burkina-faso\/"},{"@type":"ListItem","position":2,"name":"Minist\u00e8re de l\u2019action sociale : Trois syndicats r\u00e9clament l\u2019annulation de la nomination de la SG, Faty Ou\u00e9draogo\/Zizien"}]},{"@type":"WebSite","@id":"https:\/\/www.africa-press.net\/burkina-faso\/#website","url":"https:\/\/www.africa-press.net\/burkina-faso\/","name":"Burkina Faso","description":"Just another Africa News Agency Sites site","potentialAction":[{"@type":"SearchAction","target":{"@type":"EntryPoint","urlTemplate":"https:\/\/www.africa-press.net\/burkina-faso\/?s={search_term_string}"},"query-input":{"@type":"PropertyValueSpecification","valueRequired":true,"valueName":"search_term_string"}}],"inLanguage":"fr-FR"},{"@type":"Person","@id":"https:\/\/www.africa-press.net\/burkina-faso\/#\/schema\/person\/2b1cf3cd81a31e3cd26889ca66d677f1","name":"cfeditorfr"}]}},"_links":{"self":[{"href":"https:\/\/www.africa-press.net\/burkina-faso\/wp-json\/wp\/v2\/posts\/10065","targetHints":{"allow":["GET"]}}],"collection":[{"href":"https:\/\/www.africa-press.net\/burkina-faso\/wp-json\/wp\/v2\/posts"}],"about":[{"href":"https:\/\/www.africa-press.net\/burkina-faso\/wp-json\/wp\/v2\/types\/post"}],"author":[{"embeddable":true,"href":"https:\/\/www.africa-press.net\/burkina-faso\/wp-json\/wp\/v2\/users\/82"}],"replies":[{"embeddable":true,"href":"https:\/\/www.africa-press.net\/burkina-faso\/wp-json\/wp\/v2\/comments?post=10065"}],"version-history":[{"count":0,"href":"https:\/\/www.africa-press.net\/burkina-faso\/wp-json\/wp\/v2\/posts\/10065\/revisions"}],"wp:featuredmedia":[{"embeddable":true,"href":"https:\/\/www.africa-press.net\/burkina-faso\/wp-json\/wp\/v2\/media\/10064"}],"wp:attachment":[{"href":"https:\/\/www.africa-press.net\/burkina-faso\/wp-json\/wp\/v2\/media?parent=10065"}],"wp:term":[{"taxonomy":"category","embeddable":true,"href":"https:\/\/www.africa-press.net\/burkina-faso\/wp-json\/wp\/v2\/categories?post=10065"},{"taxonomy":"post_tag","embeddable":true,"href":"https:\/\/www.africa-press.net\/burkina-faso\/wp-json\/wp\/v2\/tags?post=10065"}],"curies":[{"name":"wp","href":"https:\/\/api.w.org\/{rel}","templated":true}]}}