{"id":10068,"date":"2021-04-16T12:50:35","date_gmt":"2021-04-16T12:50:35","guid":{"rendered":"https:\/\/www.africa-press.net\/burkina-faso\/?p=10068"},"modified":"2021-04-16T12:04:23","modified_gmt":"2021-04-16T12:04:23","slug":"reformes-du-systeme-educatif-les-parents-deleves-sortent-du-silence","status":"publish","type":"post","link":"https:\/\/www.africa-press.net\/burkina-faso\/culture-et-art\/reformes-du-systeme-educatif-les-parents-deleves-sortent-du-silence","title":{"rendered":"Reformes du syst\u00e8me \u00e9ducatif\u00a0: Les parents d\u2019\u00e9l\u00e8ves sortent du silence"},"content":{"rendered":"<p><span style=\"color: #ff6600\"><strong><a href=\"https:\/\/www.africa-press.net\/\">Africa-Press<\/a> &#8211; <a href=\"https:\/\/www.africa-press.net\/burkina-faso\">Burkina Faso<\/a>. <\/strong><\/span>L\u2019Union Nationale des Associations des Parents d\u2019\u00c9l\u00e8ves et d\u2019\u00c9tudiants du Burkina (UNAPES-B) a initi\u00e9 une rencontre ce jeudi 15 avril 2021. L\u2019objectif de cette rencontre a \u00e9t\u00e9 de faire connaitre leur lecture de certains \u00e9v\u00e8nements et exposer leur pr\u00e9occupation en tant que parents d\u2019\u00e9l\u00e8ves et d\u2019\u00e9tudiants quant \u00e0 l\u2019avenir de leurs enfants.<\/p>\n<p>L\u2019Union Nationale des Associations des Parents d\u2019\u00e9l\u00e8ves et d\u2019\u00c9tudiants du Burkina (UNAPES-B) a voulu donner sa voix sur les diff\u00e9rents \u00e9v\u00e8nements qui secouent le monde \u00e9ducatif. Ainsi la fa\u00eeti\u00e8re des parents d\u2019\u00e9l\u00e8ves et d\u2019\u00e9tudiants s\u2019est prononc\u00e9e d\u2019abord sur l\u2019\u00e9lection du pr\u00e9sident de l\u2019UNAPES-B au poste de pr\u00e9sident internationale des parents d\u2019\u00e9l\u00e8ves.<\/p>\n<p>Selon l\u2019UNAPES-B, cette \u00e9lection a pour ambition d\u2019offrir de meilleures conditions d\u2019\u00e9tudes et de formation aux jeunes afin qu\u2019ils puissent s\u2019ins\u00e9rer facilement dans le monde du travail et participer activement au d\u00e9veloppement de leurs pays.<\/p>\n<p>L\u2019association s\u2019est \u00e9galement pench\u00e9e sur les r\u00e9formes en cours sur le BEPC et le Baccalaur\u00e9at. Elle a indiqu\u00e9 que l\u2019arrimage du Baccalaur\u00e9at au minist\u00e8re charg\u00e9 de l\u2019\u00c9ducation comme dipl\u00f4me terminal du secondaire \u00e9tait inscrit dans le programme du pr\u00e9sident Roch Kabor\u00e9. Selon Hector Ardent Rapha\u00ebl Ou\u00e9draogo, pr\u00e9sident de l\u2019UNAPES-B cette r\u00e9forme suit une logique. \u00ab Cela rentre en droite ligne avec une directive qui est celle des pays membres de l\u2019Union \u00c9conomique et mon\u00e9taire Ouest africaine \u00bb, a-t-il expliqu\u00e9. Cependant, le ministre en charge de l\u2019\u00e9ducation, celui de l\u2019enseignement sup\u00e9rieur ont tous indiqu\u00e9 que l\u2019\u00e9dition de 2021 du BAC sera \u00e0 la solde de l\u2019office du Baccalaur\u00e9at.<\/p>\n<p>Sur la question de la gestion des Associations des Parents d\u2019\u00c9l\u00e8ves(APE), l\u2019UNAPES se veut ferme. Ses premiers responsables ont indiqu\u00e9 que l\u2019UNAPES reste attach\u00e9e au strict respect des textes qui r\u00e9gissent le fonctionnement des APE de base. La faiti\u00e8re appelle ainsi \u00e0 la d\u00e9nonciation des cas de dysfonctionnement. Il faut retenir que la cotisation APE est de 5000f\/an et par \u00e9l\u00e8ve dans le public, puis 2000f dans le priv\u00e9 dont 20% est revers\u00e9 au fondateur et 80% \u00e0 l\u2019APE.<\/p>\n<p>\u00ab Les fonds collect\u00e9s doivent \u00eatre d\u00e9pos\u00e9s dans un compte ouvert dans une institution financi\u00e8re avec la Cosignature du pr\u00e9sident et du tr\u00e9sorier. Les 60% servent \u00e0 financer l\u2019appui aux activit\u00e9s de l\u2019\u00e9tablissement et \u00e0 son fonctionnement, aussi aux investissements (construction de salles, biblioth\u00e8que\u2026) et surtout pour la prise en charge des vacations, activit\u00e9s socioculturelles des apprenants, et aux prix d\u2019excellence\u00bb, a ajout\u00e9 Hector Ardent Rapha\u00ebl Ou\u00e9draogo.<\/p>\n","protected":false},"excerpt":{"rendered":"<p>Africa-Press &#8211; Burkina Faso. L\u2019Union Nationale des Associations des Parents d\u2019\u00c9l\u00e8ves et d\u2019\u00c9tudiants du Burkina (UNAPES-B) a initi\u00e9 une rencontre ce jeudi 15 avril 2021. L\u2019objectif de cette rencontre a \u00e9t\u00e9 de faire connaitre leur lecture de certains \u00e9v\u00e8nements et exposer leur pr\u00e9occupation en tant que parents d\u2019\u00e9l\u00e8ves et d\u2019\u00e9tudiants quant \u00e0 l\u2019avenir de leurs [&hellip;]<\/p>\n","protected":false},"author":82,"featured_media":10067,"comment_status":"open","ping_status":"closed","sticky":false,"template":"","format":"standard","meta":{"footnotes":""},"categories":[5,11,10],"tags":[111,725,29],"class_list":["post-10068","post","type-post","status-publish","format-standard","has-post-thumbnail","hentry","category-culture-et-art","category-homepage-french","category-toutes-les-actualites","tag-africa-press","tag-africa-press-burkina-faso","tag-burkina-faso"],"yoast_head":"<!-- This site is optimized with the Yoast SEO Premium plugin v26.1 (Yoast SEO v27.0) - https:\/\/yoast.com\/product\/yoast-seo-premium-wordpress\/ -->\n<title>Reformes du syst\u00e8me \u00e9ducatif\u00a0: Les parents d\u2019\u00e9l\u00e8ves sortent du silence - Burkina Faso<\/title>\n<meta name=\"description\" content=\"L\u2019Union Nationale des Associations des Parents d\u2019\u00c9l\u00e8ves et d\u2019\u00c9tudiants du Burkina (UNAPES-B) a initi\u00e9 une rencontre ce j ...\" \/>\n<meta name=\"robots\" content=\"index, follow, max-snippet:-1, max-image-preview:large, max-video-preview:-1\" \/>\n<link rel=\"canonical\" href=\"https:\/\/www.africa-press.net\/burkina-faso\/culture-et-art\/reformes-du-systeme-educatif-les-parents-deleves-sortent-du-silence\" \/>\n<meta property=\"og:locale\" content=\"fr_FR\" \/>\n<meta property=\"og:type\" content=\"article\" \/>\n<meta property=\"og:title\" content=\"Reformes du syst\u00e8me \u00e9ducatif\u00a0: Les parents d\u2019\u00e9l\u00e8ves sortent du silence\" \/>\n<meta property=\"og:description\" content=\"L\u2019Union Nationale des Associations des Parents d\u2019\u00c9l\u00e8ves et d\u2019\u00c9tudiants du Burkina (UNAPES-B) a initi\u00e9 une rencontre ce j ...\" \/>\n<meta property=\"og:url\" content=\"https:\/\/www.africa-press.net\/burkina-faso\/culture-et-art\/reformes-du-systeme-educatif-les-parents-deleves-sortent-du-silence\" \/>\n<meta property=\"og:site_name\" content=\"Burkina Faso\" \/>\n<meta property=\"article:published_time\" content=\"2021-04-16T12:50:35+00:00\" \/>\n<meta property=\"og:image\" content=\"https:\/\/static.africa-press.net\/burkina\/sites\/42\/2021\/04\/img-60796d1622055.jpg\" \/>\n\t<meta property=\"og:image:width\" content=\"1024\" \/>\n\t<meta property=\"og:image:height\" content=\"461\" \/>\n\t<meta property=\"og:image:type\" content=\"image\/jpeg\" \/>\n<meta name=\"author\" content=\"cfeditorfr\" \/>\n<meta name=\"twitter:card\" content=\"summary_large_image\" \/>\n<meta name=\"twitter:label1\" content=\"\u00c9crit par\" \/>\n\t<meta name=\"twitter:data1\" content=\"cfeditorfr\" \/>\n\t<meta name=\"twitter:label2\" content=\"Dur\u00e9e de lecture estim\u00e9e\" \/>\n\t<meta name=\"twitter:data2\" content=\"2 minutes\" \/>\n<script type=\"application\/ld+json\" class=\"yoast-schema-graph\">{\"@context\":\"https:\/\/schema.org\",\"@graph\":[{\"@type\":\"Article\",\"@id\":\"https:\/\/www.africa-press.net\/burkina-faso\/culture-et-art\/reformes-du-systeme-educatif-les-parents-deleves-sortent-du-silence#article\",\"isPartOf\":{\"@id\":\"https:\/\/www.africa-press.net\/burkina-faso\/culture-et-art\/reformes-du-systeme-educatif-les-parents-deleves-sortent-du-silence\"},\"author\":{\"name\":\"cfeditorfr\",\"@id\":\"https:\/\/www.africa-press.net\/burkina-faso\/#\/schema\/person\/2b1cf3cd81a31e3cd26889ca66d677f1\"},\"headline\":\"Reformes du syst\u00e8me \u00e9ducatif\u00a0: Les parents d\u2019\u00e9l\u00e8ves sortent du silence\",\"datePublished\":\"2021-04-16T12:50:35+00:00\",\"mainEntityOfPage\":{\"@id\":\"https:\/\/www.africa-press.net\/burkina-faso\/culture-et-art\/reformes-du-systeme-educatif-les-parents-deleves-sortent-du-silence\"},\"wordCount\":481,\"commentCount\":0,\"image\":{\"@id\":\"https:\/\/www.africa-press.net\/burkina-faso\/culture-et-art\/reformes-du-systeme-educatif-les-parents-deleves-sortent-du-silence#primaryimage\"},\"thumbnailUrl\":\"https:\/\/static.africa-press.net\/burkina\/sites\/42\/2021\/04\/img-60796d1622055.jpg\",\"keywords\":[\"Africa Press\",\"Africa Press-Burkina Faso\",\"Burkina Faso\"],\"articleSection\":[\"Culture et Art\",\"homepage-french\",\"Toutes les actualit\u00e9s\"],\"inLanguage\":\"fr-FR\",\"potentialAction\":[{\"@type\":\"CommentAction\",\"name\":\"Comment\",\"target\":[\"https:\/\/www.africa-press.net\/burkina-faso\/culture-et-art\/reformes-du-systeme-educatif-les-parents-deleves-sortent-du-silence#respond\"]}]},{\"@type\":\"WebPage\",\"@id\":\"https:\/\/www.africa-press.net\/burkina-faso\/culture-et-art\/reformes-du-systeme-educatif-les-parents-deleves-sortent-du-silence\",\"url\":\"https:\/\/www.africa-press.net\/burkina-faso\/culture-et-art\/reformes-du-systeme-educatif-les-parents-deleves-sortent-du-silence\",\"name\":\"Reformes du syst\u00e8me \u00e9ducatif\u00a0: Les parents d\u2019\u00e9l\u00e8ves sortent du silence - Burkina Faso\",\"isPartOf\":{\"@id\":\"https:\/\/www.africa-press.net\/burkina-faso\/#website\"},\"primaryImageOfPage\":{\"@id\":\"https:\/\/www.africa-press.net\/burkina-faso\/culture-et-art\/reformes-du-systeme-educatif-les-parents-deleves-sortent-du-silence#primaryimage\"},\"image\":{\"@id\":\"https:\/\/www.africa-press.net\/burkina-faso\/culture-et-art\/reformes-du-systeme-educatif-les-parents-deleves-sortent-du-silence#primaryimage\"},\"thumbnailUrl\":\"https:\/\/static.africa-press.net\/burkina\/sites\/42\/2021\/04\/img-60796d1622055.jpg\",\"datePublished\":\"2021-04-16T12:50:35+00:00\",\"author\":{\"@id\":\"https:\/\/www.africa-press.net\/burkina-faso\/#\/schema\/person\/2b1cf3cd81a31e3cd26889ca66d677f1\"},\"description\":\"L\u2019Union Nationale des Associations des Parents d\u2019\u00c9l\u00e8ves et d\u2019\u00c9tudiants du Burkina (UNAPES-B) a initi\u00e9 une rencontre ce j ...\",\"breadcrumb\":{\"@id\":\"https:\/\/www.africa-press.net\/burkina-faso\/culture-et-art\/reformes-du-systeme-educatif-les-parents-deleves-sortent-du-silence#breadcrumb\"},\"inLanguage\":\"fr-FR\",\"potentialAction\":[{\"@type\":\"ReadAction\",\"target\":[\"https:\/\/www.africa-press.net\/burkina-faso\/culture-et-art\/reformes-du-systeme-educatif-les-parents-deleves-sortent-du-silence\"]}]},{\"@type\":\"ImageObject\",\"inLanguage\":\"fr-FR\",\"@id\":\"https:\/\/www.africa-press.net\/burkina-faso\/culture-et-art\/reformes-du-systeme-educatif-les-parents-deleves-sortent-du-silence#primaryimage\",\"url\":\"https:\/\/static.africa-press.net\/burkina\/sites\/42\/2021\/04\/img-60796d1622055.jpg\",\"contentUrl\":\"https:\/\/static.africa-press.net\/burkina\/sites\/42\/2021\/04\/img-60796d1622055.jpg\",\"width\":1024,\"height\":461,\"caption\":\"Reformes du syst\u00e8me \u00e9ducatif\u00a0: Les parents d\u2019\u00e9l\u00e8ves sortent du silence\"},{\"@type\":\"BreadcrumbList\",\"@id\":\"https:\/\/www.africa-press.net\/burkina-faso\/culture-et-art\/reformes-du-systeme-educatif-les-parents-deleves-sortent-du-silence#breadcrumb\",\"itemListElement\":[{\"@type\":\"ListItem\",\"position\":1,\"name\":\"Accueil\",\"item\":\"https:\/\/www.africa-press.net\/burkina-faso\/\"},{\"@type\":\"ListItem\",\"position\":2,\"name\":\"Reformes du syst\u00e8me \u00e9ducatif\u00a0: Les parents d\u2019\u00e9l\u00e8ves sortent du silence\"}]},{\"@type\":\"WebSite\",\"@id\":\"https:\/\/www.africa-press.net\/burkina-faso\/#website\",\"url\":\"https:\/\/www.africa-press.net\/burkina-faso\/\",\"name\":\"Burkina Faso\",\"description\":\"Just another Africa News Agency Sites site\",\"potentialAction\":[{\"@type\":\"SearchAction\",\"target\":{\"@type\":\"EntryPoint\",\"urlTemplate\":\"https:\/\/www.africa-press.net\/burkina-faso\/?s={search_term_string}\"},\"query-input\":{\"@type\":\"PropertyValueSpecification\",\"valueRequired\":true,\"valueName\":\"search_term_string\"}}],\"inLanguage\":\"fr-FR\"},{\"@type\":\"Person\",\"@id\":\"https:\/\/www.africa-press.net\/burkina-faso\/#\/schema\/person\/2b1cf3cd81a31e3cd26889ca66d677f1\",\"name\":\"cfeditorfr\"}]}<\/script>\n<!-- \/ Yoast SEO Premium plugin. -->","yoast_head_json":{"title":"Reformes du syst\u00e8me \u00e9ducatif\u00a0: Les parents d\u2019\u00e9l\u00e8ves sortent du silence - Burkina Faso","description":"L\u2019Union Nationale des Associations des Parents d\u2019\u00c9l\u00e8ves et d\u2019\u00c9tudiants du Burkina (UNAPES-B) a initi\u00e9 une rencontre ce j ...","robots":{"index":"index","follow":"follow","max-snippet":"max-snippet:-1","max-image-preview":"max-image-preview:large","max-video-preview":"max-video-preview:-1"},"canonical":"https:\/\/www.africa-press.net\/burkina-faso\/culture-et-art\/reformes-du-systeme-educatif-les-parents-deleves-sortent-du-silence","og_locale":"fr_FR","og_type":"article","og_title":"Reformes du syst\u00e8me \u00e9ducatif\u00a0: Les parents d\u2019\u00e9l\u00e8ves sortent du silence","og_description":"L\u2019Union Nationale des Associations des Parents d\u2019\u00c9l\u00e8ves et d\u2019\u00c9tudiants du Burkina (UNAPES-B) a initi\u00e9 une rencontre ce j ...","og_url":"https:\/\/www.africa-press.net\/burkina-faso\/culture-et-art\/reformes-du-systeme-educatif-les-parents-deleves-sortent-du-silence","og_site_name":"Burkina Faso","article_published_time":"2021-04-16T12:50:35+00:00","og_image":[{"width":1024,"height":461,"url":"https:\/\/static.africa-press.net\/burkina\/sites\/42\/2021\/04\/img-60796d1622055.jpg","type":"image\/jpeg"}],"author":"cfeditorfr","twitter_card":"summary_large_image","twitter_misc":{"\u00c9crit par":"cfeditorfr","Dur\u00e9e de lecture estim\u00e9e":"2 minutes"},"schema":{"@context":"https:\/\/schema.org","@graph":[{"@type":"Article","@id":"https:\/\/www.africa-press.net\/burkina-faso\/culture-et-art\/reformes-du-systeme-educatif-les-parents-deleves-sortent-du-silence#article","isPartOf":{"@id":"https:\/\/www.africa-press.net\/burkina-faso\/culture-et-art\/reformes-du-systeme-educatif-les-parents-deleves-sortent-du-silence"},"author":{"name":"cfeditorfr","@id":"https:\/\/www.africa-press.net\/burkina-faso\/#\/schema\/person\/2b1cf3cd81a31e3cd26889ca66d677f1"},"headline":"Reformes du syst\u00e8me \u00e9ducatif\u00a0: Les parents d\u2019\u00e9l\u00e8ves sortent du silence","datePublished":"2021-04-16T12:50:35+00:00","mainEntityOfPage":{"@id":"https:\/\/www.africa-press.net\/burkina-faso\/culture-et-art\/reformes-du-systeme-educatif-les-parents-deleves-sortent-du-silence"},"wordCount":481,"commentCount":0,"image":{"@id":"https:\/\/www.africa-press.net\/burkina-faso\/culture-et-art\/reformes-du-systeme-educatif-les-parents-deleves-sortent-du-silence#primaryimage"},"thumbnailUrl":"https:\/\/static.africa-press.net\/burkina\/sites\/42\/2021\/04\/img-60796d1622055.jpg","keywords":["Africa Press","Africa Press-Burkina Faso","Burkina Faso"],"articleSection":["Culture et Art","homepage-french","Toutes les actualit\u00e9s"],"inLanguage":"fr-FR","potentialAction":[{"@type":"CommentAction","name":"Comment","target":["https:\/\/www.africa-press.net\/burkina-faso\/culture-et-art\/reformes-du-systeme-educatif-les-parents-deleves-sortent-du-silence#respond"]}]},{"@type":"WebPage","@id":"https:\/\/www.africa-press.net\/burkina-faso\/culture-et-art\/reformes-du-systeme-educatif-les-parents-deleves-sortent-du-silence","url":"https:\/\/www.africa-press.net\/burkina-faso\/culture-et-art\/reformes-du-systeme-educatif-les-parents-deleves-sortent-du-silence","name":"Reformes du syst\u00e8me \u00e9ducatif\u00a0: Les parents d\u2019\u00e9l\u00e8ves sortent du silence - Burkina Faso","isPartOf":{"@id":"https:\/\/www.africa-press.net\/burkina-faso\/#website"},"primaryImageOfPage":{"@id":"https:\/\/www.africa-press.net\/burkina-faso\/culture-et-art\/reformes-du-systeme-educatif-les-parents-deleves-sortent-du-silence#primaryimage"},"image":{"@id":"https:\/\/www.africa-press.net\/burkina-faso\/culture-et-art\/reformes-du-systeme-educatif-les-parents-deleves-sortent-du-silence#primaryimage"},"thumbnailUrl":"https:\/\/static.africa-press.net\/burkina\/sites\/42\/2021\/04\/img-60796d1622055.jpg","datePublished":"2021-04-16T12:50:35+00:00","author":{"@id":"https:\/\/www.africa-press.net\/burkina-faso\/#\/schema\/person\/2b1cf3cd81a31e3cd26889ca66d677f1"},"description":"L\u2019Union Nationale des Associations des Parents d\u2019\u00c9l\u00e8ves et d\u2019\u00c9tudiants du Burkina (UNAPES-B) a initi\u00e9 une rencontre ce j ...","breadcrumb":{"@id":"https:\/\/www.africa-press.net\/burkina-faso\/culture-et-art\/reformes-du-systeme-educatif-les-parents-deleves-sortent-du-silence#breadcrumb"},"inLanguage":"fr-FR","potentialAction":[{"@type":"ReadAction","target":["https:\/\/www.africa-press.net\/burkina-faso\/culture-et-art\/reformes-du-systeme-educatif-les-parents-deleves-sortent-du-silence"]}]},{"@type":"ImageObject","inLanguage":"fr-FR","@id":"https:\/\/www.africa-press.net\/burkina-faso\/culture-et-art\/reformes-du-systeme-educatif-les-parents-deleves-sortent-du-silence#primaryimage","url":"https:\/\/static.africa-press.net\/burkina\/sites\/42\/2021\/04\/img-60796d1622055.jpg","contentUrl":"https:\/\/static.africa-press.net\/burkina\/sites\/42\/2021\/04\/img-60796d1622055.jpg","width":1024,"height":461,"caption":"Reformes du syst\u00e8me \u00e9ducatif\u00a0: Les parents d\u2019\u00e9l\u00e8ves sortent du silence"},{"@type":"BreadcrumbList","@id":"https:\/\/www.africa-press.net\/burkina-faso\/culture-et-art\/reformes-du-systeme-educatif-les-parents-deleves-sortent-du-silence#breadcrumb","itemListElement":[{"@type":"ListItem","position":1,"name":"Accueil","item":"https:\/\/www.africa-press.net\/burkina-faso\/"},{"@type":"ListItem","position":2,"name":"Reformes du syst\u00e8me \u00e9ducatif\u00a0: Les parents d\u2019\u00e9l\u00e8ves sortent du silence"}]},{"@type":"WebSite","@id":"https:\/\/www.africa-press.net\/burkina-faso\/#website","url":"https:\/\/www.africa-press.net\/burkina-faso\/","name":"Burkina Faso","description":"Just another Africa News Agency Sites site","potentialAction":[{"@type":"SearchAction","target":{"@type":"EntryPoint","urlTemplate":"https:\/\/www.africa-press.net\/burkina-faso\/?s={search_term_string}"},"query-input":{"@type":"PropertyValueSpecification","valueRequired":true,"valueName":"search_term_string"}}],"inLanguage":"fr-FR"},{"@type":"Person","@id":"https:\/\/www.africa-press.net\/burkina-faso\/#\/schema\/person\/2b1cf3cd81a31e3cd26889ca66d677f1","name":"cfeditorfr"}]}},"_links":{"self":[{"href":"https:\/\/www.africa-press.net\/burkina-faso\/wp-json\/wp\/v2\/posts\/10068","targetHints":{"allow":["GET"]}}],"collection":[{"href":"https:\/\/www.africa-press.net\/burkina-faso\/wp-json\/wp\/v2\/posts"}],"about":[{"href":"https:\/\/www.africa-press.net\/burkina-faso\/wp-json\/wp\/v2\/types\/post"}],"author":[{"embeddable":true,"href":"https:\/\/www.africa-press.net\/burkina-faso\/wp-json\/wp\/v2\/users\/82"}],"replies":[{"embeddable":true,"href":"https:\/\/www.africa-press.net\/burkina-faso\/wp-json\/wp\/v2\/comments?post=10068"}],"version-history":[{"count":0,"href":"https:\/\/www.africa-press.net\/burkina-faso\/wp-json\/wp\/v2\/posts\/10068\/revisions"}],"wp:featuredmedia":[{"embeddable":true,"href":"https:\/\/www.africa-press.net\/burkina-faso\/wp-json\/wp\/v2\/media\/10067"}],"wp:attachment":[{"href":"https:\/\/www.africa-press.net\/burkina-faso\/wp-json\/wp\/v2\/media?parent=10068"}],"wp:term":[{"taxonomy":"category","embeddable":true,"href":"https:\/\/www.africa-press.net\/burkina-faso\/wp-json\/wp\/v2\/categories?post=10068"},{"taxonomy":"post_tag","embeddable":true,"href":"https:\/\/www.africa-press.net\/burkina-faso\/wp-json\/wp\/v2\/tags?post=10068"}],"curies":[{"name":"wp","href":"https:\/\/api.w.org\/{rel}","templated":true}]}}