{"id":10104,"date":"2021-04-18T15:43:57","date_gmt":"2021-04-18T15:43:57","guid":{"rendered":"https:\/\/www.africa-press.net\/burkina-faso\/?p=10104"},"modified":"2021-04-18T17:00:45","modified_gmt":"2021-04-18T17:00:45","slug":"renforcement-de-la-stabilite-la-france-fait-un-don-de-plus-de-13-millions-deuros-au-burkina-faso","status":"publish","type":"post","link":"https:\/\/www.africa-press.net\/burkina-faso\/economie\/renforcement-de-la-stabilite-la-france-fait-un-don-de-plus-de-13-millions-deuros-au-burkina-faso","title":{"rendered":"Renforcement de la stabilit\u00e9\u00a0: La France fait un don de plus de 13 millions d\u2019euros \u00a0au Burkina Faso"},"content":{"rendered":"<p><span style=\"color: #ff6600\"><strong><a href=\"https:\/\/www.africa-press.net\/\">Africa-Press<\/a> &#8211; <a href=\"https:\/\/www.africa-press.net\/burkina-faso\">Burkina Faso<\/a>. <\/strong><\/span>Le directeur du centre de crise et de soutien du minist\u00e8re de l\u2019Europe et des affaires \u00e9trang\u00e8res a fait le point de sa visite au Burkina Faso ce jeudi 15 avril 2021. Une visite qui s\u2019inscrit dans le cadre du renforcement de l\u2019aide d\u2019urgence.<\/p>\n<p>Suite \u00e0 l\u2019appel au renforcement d\u2019aide d\u2019urgence des pays en crise lanc\u00e9 par le pr\u00e9sident du Faso lors du sommet de N\u2019djam\u00e9na, la France a r\u00e9pondu pr\u00e9sente. Et pour traduire cette r\u00e9ponse, \u00c9ric Chevalier, directeur du centre de crise et de soutien du minist\u00e8re de l\u2019Europe et des affaires \u00e9trang\u00e8res a effectu\u00e9 une visite au \u00ab Pays des Hommes int\u00e8gres \u00bb. Pour lui, sa pr\u00e9sence au Burkina se justifie. \u00ab C\u2019est de renforcer l\u2019aide urgente avec des programmes \u00e0 effet rapide d\u2019une part au profit de l\u2019Etat et d\u2019autre part, pour la population \u00bb, a-t-il expliqu\u00e9.<\/p>\n<p>C\u2019est alors dans ce cadre que la France a offert plus de 13 millions d\u2019euros au programme d\u2019action rapide pour soutenir les populations et l\u2019\u00c9tat burkinab\u00e8 dans sa lutte pour la stabilit\u00e9 dans les diff\u00e9rentes r\u00e9gions du pays. Pour ce qui est de la s\u00e9curit\u00e9, un budget bien pr\u00e9cis a \u00e9t\u00e9 allou\u00e9 \u00e0 ce secteur. \u00ab En mati\u00e8re de s\u00e9curit\u00e9, nous avons identifi\u00e9 l\u2019axe comme devant \u00eatre soutenu et nous allons mettre 1 million d\u2019euros pour un appui tr\u00e8s rapide aux forces de d\u00e9fense et de s\u00e9curit\u00e9 et de secours sur cet axe \u00bb, a indiqu\u00e9 \u00c9ric Chevalier.<\/p>\n<p>Cette action de programme rapide va toucher divers secteurs dont la s\u00e9curit\u00e9, la sant\u00e9, la s\u00e9curit\u00e9 alimentaire et l\u2019eau. Sa dur\u00e9e s\u2019\u00e9tend jusqu\u2019en fin 2021. Sur son objectif, il faut rappeler que le programme rapide vise le renforcement de l\u2019aide d\u2019urgence avec des programmes \u00e0 effet rapide sur l\u2019axe Ouaga-Kaya et Dori et les zones p\u00e9ri-urbaines.<\/p>\n<p>Selon le directeur du centre de crise et de soutien, la France veut que l\u2019impact soit rapide en fonction des besoins prioritaires. Il a ajout\u00e9 que les autres zones comme fada N\u2019Gourma, Ouahigouya sont en cours de planification. Jo\u00ebl THIOMBIANO et Sanata GANSAGNE (stagiaires)<\/p>\n","protected":false},"excerpt":{"rendered":"<p>Africa-Press &#8211; Burkina Faso. Le directeur du centre de crise et de soutien du minist\u00e8re de l\u2019Europe et des affaires \u00e9trang\u00e8res a fait le point de sa visite au Burkina Faso ce jeudi 15 avril 2021. Une visite qui s\u2019inscrit dans le cadre du renforcement de l\u2019aide d\u2019urgence. Suite \u00e0 l\u2019appel au renforcement d\u2019aide d\u2019urgence [&hellip;]<\/p>\n","protected":false},"author":82,"featured_media":10103,"comment_status":"open","ping_status":"closed","sticky":false,"template":"","format":"standard","meta":{"footnotes":""},"categories":[3,11,10],"tags":[111,725,29],"class_list":["post-10104","post","type-post","status-publish","format-standard","has-post-thumbnail","hentry","category-economie","category-homepage-french","category-toutes-les-actualites","tag-africa-press","tag-africa-press-burkina-faso","tag-burkina-faso"],"yoast_head":"<!-- This site is optimized with the Yoast SEO Premium plugin v26.1 (Yoast SEO v27.0) - https:\/\/yoast.com\/product\/yoast-seo-premium-wordpress\/ -->\n<title>Renforcement de la stabilit\u00e9\u00a0: La France fait un don de plus de 13 millions d\u2019euros \u00a0au Burkina Faso - Burkina Faso<\/title>\n<meta name=\"description\" content=\"Le directeur du centre de crise et de soutien du minist\u00e8re de l\u2019Europe et des affaires \u00e9trang\u00e8res a fait le point de sa ...\" \/>\n<meta name=\"robots\" content=\"index, follow, max-snippet:-1, max-image-preview:large, max-video-preview:-1\" \/>\n<link rel=\"canonical\" href=\"https:\/\/www.africa-press.net\/burkina-faso\/economie\/renforcement-de-la-stabilite-la-france-fait-un-don-de-plus-de-13-millions-deuros-au-burkina-faso\" \/>\n<meta property=\"og:locale\" content=\"fr_FR\" \/>\n<meta property=\"og:type\" content=\"article\" \/>\n<meta property=\"og:title\" content=\"Renforcement de la stabilit\u00e9\u00a0: La France fait un don de plus de 13 millions d\u2019euros \u00a0au Burkina Faso\" \/>\n<meta property=\"og:description\" content=\"Le directeur du centre de crise et de soutien du minist\u00e8re de l\u2019Europe et des affaires \u00e9trang\u00e8res a fait le point de sa ...\" \/>\n<meta property=\"og:url\" content=\"https:\/\/www.africa-press.net\/burkina-faso\/economie\/renforcement-de-la-stabilite-la-france-fait-un-don-de-plus-de-13-millions-deuros-au-burkina-faso\" \/>\n<meta property=\"og:site_name\" content=\"Burkina Faso\" \/>\n<meta property=\"article:published_time\" content=\"2021-04-18T15:43:57+00:00\" \/>\n<meta property=\"article:modified_time\" content=\"2021-04-18T17:00:45+00:00\" \/>\n<meta property=\"og:image\" content=\"https:\/\/static.africa-press.net\/burkina\/sites\/42\/2021\/04\/img-607c52bc333d6.jpg\" \/>\n\t<meta property=\"og:image:width\" content=\"1024\" \/>\n\t<meta property=\"og:image:height\" content=\"461\" \/>\n\t<meta property=\"og:image:type\" content=\"image\/jpeg\" \/>\n<meta name=\"author\" content=\"cfeditorfr\" \/>\n<meta name=\"twitter:card\" content=\"summary_large_image\" \/>\n<meta name=\"twitter:label1\" content=\"\u00c9crit par\" \/>\n\t<meta name=\"twitter:data1\" content=\"cfeditorfr\" \/>\n\t<meta name=\"twitter:label2\" content=\"Dur\u00e9e de lecture estim\u00e9e\" \/>\n\t<meta name=\"twitter:data2\" content=\"2 minutes\" \/>\n<script type=\"application\/ld+json\" class=\"yoast-schema-graph\">{\"@context\":\"https:\/\/schema.org\",\"@graph\":[{\"@type\":\"Article\",\"@id\":\"https:\/\/www.africa-press.net\/burkina-faso\/economie\/renforcement-de-la-stabilite-la-france-fait-un-don-de-plus-de-13-millions-deuros-au-burkina-faso#article\",\"isPartOf\":{\"@id\":\"https:\/\/www.africa-press.net\/burkina-faso\/economie\/renforcement-de-la-stabilite-la-france-fait-un-don-de-plus-de-13-millions-deuros-au-burkina-faso\"},\"author\":{\"name\":\"cfeditorfr\",\"@id\":\"https:\/\/www.africa-press.net\/burkina-faso\/#\/schema\/person\/2b1cf3cd81a31e3cd26889ca66d677f1\"},\"headline\":\"Renforcement de la stabilit\u00e9\u00a0: La France fait un don de plus de 13 millions d\u2019euros \u00a0au Burkina Faso\",\"datePublished\":\"2021-04-18T15:43:57+00:00\",\"dateModified\":\"2021-04-18T17:00:45+00:00\",\"mainEntityOfPage\":{\"@id\":\"https:\/\/www.africa-press.net\/burkina-faso\/economie\/renforcement-de-la-stabilite-la-france-fait-un-don-de-plus-de-13-millions-deuros-au-burkina-faso\"},\"wordCount\":398,\"commentCount\":0,\"image\":{\"@id\":\"https:\/\/www.africa-press.net\/burkina-faso\/economie\/renforcement-de-la-stabilite-la-france-fait-un-don-de-plus-de-13-millions-deuros-au-burkina-faso#primaryimage\"},\"thumbnailUrl\":\"https:\/\/static.africa-press.net\/burkina\/sites\/42\/2021\/04\/img-607c52bc333d6.jpg\",\"keywords\":[\"Africa Press\",\"Africa Press-Burkina Faso\",\"Burkina Faso\"],\"articleSection\":[\"\u00c9conomie\",\"homepage-french\",\"Toutes les actualit\u00e9s\"],\"inLanguage\":\"fr-FR\",\"potentialAction\":[{\"@type\":\"CommentAction\",\"name\":\"Comment\",\"target\":[\"https:\/\/www.africa-press.net\/burkina-faso\/economie\/renforcement-de-la-stabilite-la-france-fait-un-don-de-plus-de-13-millions-deuros-au-burkina-faso#respond\"]}]},{\"@type\":\"WebPage\",\"@id\":\"https:\/\/www.africa-press.net\/burkina-faso\/economie\/renforcement-de-la-stabilite-la-france-fait-un-don-de-plus-de-13-millions-deuros-au-burkina-faso\",\"url\":\"https:\/\/www.africa-press.net\/burkina-faso\/economie\/renforcement-de-la-stabilite-la-france-fait-un-don-de-plus-de-13-millions-deuros-au-burkina-faso\",\"name\":\"Renforcement de la stabilit\u00e9\u00a0: La France fait un don de plus de 13 millions d\u2019euros \u00a0au Burkina Faso - Burkina Faso\",\"isPartOf\":{\"@id\":\"https:\/\/www.africa-press.net\/burkina-faso\/#website\"},\"primaryImageOfPage\":{\"@id\":\"https:\/\/www.africa-press.net\/burkina-faso\/economie\/renforcement-de-la-stabilite-la-france-fait-un-don-de-plus-de-13-millions-deuros-au-burkina-faso#primaryimage\"},\"image\":{\"@id\":\"https:\/\/www.africa-press.net\/burkina-faso\/economie\/renforcement-de-la-stabilite-la-france-fait-un-don-de-plus-de-13-millions-deuros-au-burkina-faso#primaryimage\"},\"thumbnailUrl\":\"https:\/\/static.africa-press.net\/burkina\/sites\/42\/2021\/04\/img-607c52bc333d6.jpg\",\"datePublished\":\"2021-04-18T15:43:57+00:00\",\"dateModified\":\"2021-04-18T17:00:45+00:00\",\"author\":{\"@id\":\"https:\/\/www.africa-press.net\/burkina-faso\/#\/schema\/person\/2b1cf3cd81a31e3cd26889ca66d677f1\"},\"description\":\"Le directeur du centre de crise et de soutien du minist\u00e8re de l\u2019Europe et des affaires \u00e9trang\u00e8res a fait le point de sa ...\",\"breadcrumb\":{\"@id\":\"https:\/\/www.africa-press.net\/burkina-faso\/economie\/renforcement-de-la-stabilite-la-france-fait-un-don-de-plus-de-13-millions-deuros-au-burkina-faso#breadcrumb\"},\"inLanguage\":\"fr-FR\",\"potentialAction\":[{\"@type\":\"ReadAction\",\"target\":[\"https:\/\/www.africa-press.net\/burkina-faso\/economie\/renforcement-de-la-stabilite-la-france-fait-un-don-de-plus-de-13-millions-deuros-au-burkina-faso\"]}]},{\"@type\":\"ImageObject\",\"inLanguage\":\"fr-FR\",\"@id\":\"https:\/\/www.africa-press.net\/burkina-faso\/economie\/renforcement-de-la-stabilite-la-france-fait-un-don-de-plus-de-13-millions-deuros-au-burkina-faso#primaryimage\",\"url\":\"https:\/\/static.africa-press.net\/burkina\/sites\/42\/2021\/04\/img-607c52bc333d6.jpg\",\"contentUrl\":\"https:\/\/static.africa-press.net\/burkina\/sites\/42\/2021\/04\/img-607c52bc333d6.jpg\",\"width\":1024,\"height\":461,\"caption\":\"Renforcement de la stabilit\u00e9\u00a0: La France fait un don de plus de 13 millions d\u2019euros \u00a0au Burkina Faso\"},{\"@type\":\"BreadcrumbList\",\"@id\":\"https:\/\/www.africa-press.net\/burkina-faso\/economie\/renforcement-de-la-stabilite-la-france-fait-un-don-de-plus-de-13-millions-deuros-au-burkina-faso#breadcrumb\",\"itemListElement\":[{\"@type\":\"ListItem\",\"position\":1,\"name\":\"Accueil\",\"item\":\"https:\/\/www.africa-press.net\/burkina-faso\/\"},{\"@type\":\"ListItem\",\"position\":2,\"name\":\"Renforcement de la stabilit\u00e9\u00a0: La France fait un don de plus de 13 millions d\u2019euros \u00a0au Burkina Faso\"}]},{\"@type\":\"WebSite\",\"@id\":\"https:\/\/www.africa-press.net\/burkina-faso\/#website\",\"url\":\"https:\/\/www.africa-press.net\/burkina-faso\/\",\"name\":\"Burkina Faso\",\"description\":\"Just another Africa News Agency Sites site\",\"potentialAction\":[{\"@type\":\"SearchAction\",\"target\":{\"@type\":\"EntryPoint\",\"urlTemplate\":\"https:\/\/www.africa-press.net\/burkina-faso\/?s={search_term_string}\"},\"query-input\":{\"@type\":\"PropertyValueSpecification\",\"valueRequired\":true,\"valueName\":\"search_term_string\"}}],\"inLanguage\":\"fr-FR\"},{\"@type\":\"Person\",\"@id\":\"https:\/\/www.africa-press.net\/burkina-faso\/#\/schema\/person\/2b1cf3cd81a31e3cd26889ca66d677f1\",\"name\":\"cfeditorfr\"}]}<\/script>\n<!-- \/ Yoast SEO Premium plugin. -->","yoast_head_json":{"title":"Renforcement de la stabilit\u00e9\u00a0: La France fait un don de plus de 13 millions d\u2019euros \u00a0au Burkina Faso - Burkina Faso","description":"Le directeur du centre de crise et de soutien du minist\u00e8re de l\u2019Europe et des affaires \u00e9trang\u00e8res a fait le point de sa ...","robots":{"index":"index","follow":"follow","max-snippet":"max-snippet:-1","max-image-preview":"max-image-preview:large","max-video-preview":"max-video-preview:-1"},"canonical":"https:\/\/www.africa-press.net\/burkina-faso\/economie\/renforcement-de-la-stabilite-la-france-fait-un-don-de-plus-de-13-millions-deuros-au-burkina-faso","og_locale":"fr_FR","og_type":"article","og_title":"Renforcement de la stabilit\u00e9\u00a0: La France fait un don de plus de 13 millions d\u2019euros \u00a0au Burkina Faso","og_description":"Le directeur du centre de crise et de soutien du minist\u00e8re de l\u2019Europe et des affaires \u00e9trang\u00e8res a fait le point de sa ...","og_url":"https:\/\/www.africa-press.net\/burkina-faso\/economie\/renforcement-de-la-stabilite-la-france-fait-un-don-de-plus-de-13-millions-deuros-au-burkina-faso","og_site_name":"Burkina Faso","article_published_time":"2021-04-18T15:43:57+00:00","article_modified_time":"2021-04-18T17:00:45+00:00","og_image":[{"width":1024,"height":461,"url":"https:\/\/static.africa-press.net\/burkina\/sites\/42\/2021\/04\/img-607c52bc333d6.jpg","type":"image\/jpeg"}],"author":"cfeditorfr","twitter_card":"summary_large_image","twitter_misc":{"\u00c9crit par":"cfeditorfr","Dur\u00e9e de lecture estim\u00e9e":"2 minutes"},"schema":{"@context":"https:\/\/schema.org","@graph":[{"@type":"Article","@id":"https:\/\/www.africa-press.net\/burkina-faso\/economie\/renforcement-de-la-stabilite-la-france-fait-un-don-de-plus-de-13-millions-deuros-au-burkina-faso#article","isPartOf":{"@id":"https:\/\/www.africa-press.net\/burkina-faso\/economie\/renforcement-de-la-stabilite-la-france-fait-un-don-de-plus-de-13-millions-deuros-au-burkina-faso"},"author":{"name":"cfeditorfr","@id":"https:\/\/www.africa-press.net\/burkina-faso\/#\/schema\/person\/2b1cf3cd81a31e3cd26889ca66d677f1"},"headline":"Renforcement de la stabilit\u00e9\u00a0: La France fait un don de plus de 13 millions d\u2019euros \u00a0au Burkina Faso","datePublished":"2021-04-18T15:43:57+00:00","dateModified":"2021-04-18T17:00:45+00:00","mainEntityOfPage":{"@id":"https:\/\/www.africa-press.net\/burkina-faso\/economie\/renforcement-de-la-stabilite-la-france-fait-un-don-de-plus-de-13-millions-deuros-au-burkina-faso"},"wordCount":398,"commentCount":0,"image":{"@id":"https:\/\/www.africa-press.net\/burkina-faso\/economie\/renforcement-de-la-stabilite-la-france-fait-un-don-de-plus-de-13-millions-deuros-au-burkina-faso#primaryimage"},"thumbnailUrl":"https:\/\/static.africa-press.net\/burkina\/sites\/42\/2021\/04\/img-607c52bc333d6.jpg","keywords":["Africa Press","Africa Press-Burkina Faso","Burkina Faso"],"articleSection":["\u00c9conomie","homepage-french","Toutes les actualit\u00e9s"],"inLanguage":"fr-FR","potentialAction":[{"@type":"CommentAction","name":"Comment","target":["https:\/\/www.africa-press.net\/burkina-faso\/economie\/renforcement-de-la-stabilite-la-france-fait-un-don-de-plus-de-13-millions-deuros-au-burkina-faso#respond"]}]},{"@type":"WebPage","@id":"https:\/\/www.africa-press.net\/burkina-faso\/economie\/renforcement-de-la-stabilite-la-france-fait-un-don-de-plus-de-13-millions-deuros-au-burkina-faso","url":"https:\/\/www.africa-press.net\/burkina-faso\/economie\/renforcement-de-la-stabilite-la-france-fait-un-don-de-plus-de-13-millions-deuros-au-burkina-faso","name":"Renforcement de la stabilit\u00e9\u00a0: La France fait un don de plus de 13 millions d\u2019euros \u00a0au Burkina Faso - Burkina Faso","isPartOf":{"@id":"https:\/\/www.africa-press.net\/burkina-faso\/#website"},"primaryImageOfPage":{"@id":"https:\/\/www.africa-press.net\/burkina-faso\/economie\/renforcement-de-la-stabilite-la-france-fait-un-don-de-plus-de-13-millions-deuros-au-burkina-faso#primaryimage"},"image":{"@id":"https:\/\/www.africa-press.net\/burkina-faso\/economie\/renforcement-de-la-stabilite-la-france-fait-un-don-de-plus-de-13-millions-deuros-au-burkina-faso#primaryimage"},"thumbnailUrl":"https:\/\/static.africa-press.net\/burkina\/sites\/42\/2021\/04\/img-607c52bc333d6.jpg","datePublished":"2021-04-18T15:43:57+00:00","dateModified":"2021-04-18T17:00:45+00:00","author":{"@id":"https:\/\/www.africa-press.net\/burkina-faso\/#\/schema\/person\/2b1cf3cd81a31e3cd26889ca66d677f1"},"description":"Le directeur du centre de crise et de soutien du minist\u00e8re de l\u2019Europe et des affaires \u00e9trang\u00e8res a fait le point de sa ...","breadcrumb":{"@id":"https:\/\/www.africa-press.net\/burkina-faso\/economie\/renforcement-de-la-stabilite-la-france-fait-un-don-de-plus-de-13-millions-deuros-au-burkina-faso#breadcrumb"},"inLanguage":"fr-FR","potentialAction":[{"@type":"ReadAction","target":["https:\/\/www.africa-press.net\/burkina-faso\/economie\/renforcement-de-la-stabilite-la-france-fait-un-don-de-plus-de-13-millions-deuros-au-burkina-faso"]}]},{"@type":"ImageObject","inLanguage":"fr-FR","@id":"https:\/\/www.africa-press.net\/burkina-faso\/economie\/renforcement-de-la-stabilite-la-france-fait-un-don-de-plus-de-13-millions-deuros-au-burkina-faso#primaryimage","url":"https:\/\/static.africa-press.net\/burkina\/sites\/42\/2021\/04\/img-607c52bc333d6.jpg","contentUrl":"https:\/\/static.africa-press.net\/burkina\/sites\/42\/2021\/04\/img-607c52bc333d6.jpg","width":1024,"height":461,"caption":"Renforcement de la stabilit\u00e9\u00a0: La France fait un don de plus de 13 millions d\u2019euros \u00a0au Burkina Faso"},{"@type":"BreadcrumbList","@id":"https:\/\/www.africa-press.net\/burkina-faso\/economie\/renforcement-de-la-stabilite-la-france-fait-un-don-de-plus-de-13-millions-deuros-au-burkina-faso#breadcrumb","itemListElement":[{"@type":"ListItem","position":1,"name":"Accueil","item":"https:\/\/www.africa-press.net\/burkina-faso\/"},{"@type":"ListItem","position":2,"name":"Renforcement de la stabilit\u00e9\u00a0: La France fait un don de plus de 13 millions d\u2019euros \u00a0au Burkina Faso"}]},{"@type":"WebSite","@id":"https:\/\/www.africa-press.net\/burkina-faso\/#website","url":"https:\/\/www.africa-press.net\/burkina-faso\/","name":"Burkina Faso","description":"Just another Africa News Agency Sites site","potentialAction":[{"@type":"SearchAction","target":{"@type":"EntryPoint","urlTemplate":"https:\/\/www.africa-press.net\/burkina-faso\/?s={search_term_string}"},"query-input":{"@type":"PropertyValueSpecification","valueRequired":true,"valueName":"search_term_string"}}],"inLanguage":"fr-FR"},{"@type":"Person","@id":"https:\/\/www.africa-press.net\/burkina-faso\/#\/schema\/person\/2b1cf3cd81a31e3cd26889ca66d677f1","name":"cfeditorfr"}]}},"_links":{"self":[{"href":"https:\/\/www.africa-press.net\/burkina-faso\/wp-json\/wp\/v2\/posts\/10104","targetHints":{"allow":["GET"]}}],"collection":[{"href":"https:\/\/www.africa-press.net\/burkina-faso\/wp-json\/wp\/v2\/posts"}],"about":[{"href":"https:\/\/www.africa-press.net\/burkina-faso\/wp-json\/wp\/v2\/types\/post"}],"author":[{"embeddable":true,"href":"https:\/\/www.africa-press.net\/burkina-faso\/wp-json\/wp\/v2\/users\/82"}],"replies":[{"embeddable":true,"href":"https:\/\/www.africa-press.net\/burkina-faso\/wp-json\/wp\/v2\/comments?post=10104"}],"version-history":[{"count":0,"href":"https:\/\/www.africa-press.net\/burkina-faso\/wp-json\/wp\/v2\/posts\/10104\/revisions"}],"wp:featuredmedia":[{"embeddable":true,"href":"https:\/\/www.africa-press.net\/burkina-faso\/wp-json\/wp\/v2\/media\/10103"}],"wp:attachment":[{"href":"https:\/\/www.africa-press.net\/burkina-faso\/wp-json\/wp\/v2\/media?parent=10104"}],"wp:term":[{"taxonomy":"category","embeddable":true,"href":"https:\/\/www.africa-press.net\/burkina-faso\/wp-json\/wp\/v2\/categories?post=10104"},{"taxonomy":"post_tag","embeddable":true,"href":"https:\/\/www.africa-press.net\/burkina-faso\/wp-json\/wp\/v2\/tags?post=10104"}],"curies":[{"name":"wp","href":"https:\/\/api.w.org\/{rel}","templated":true}]}}