{"id":10107,"date":"2021-04-18T15:52:46","date_gmt":"2021-04-18T15:52:46","guid":{"rendered":"https:\/\/www.africa-press.net\/burkina-faso\/?p=10107"},"modified":"2021-04-18T17:00:53","modified_gmt":"2021-04-18T17:00:53","slug":"force-conjointe-du-g5-sahel-un-camp-dentrainement-demantele-et-33-terroristes-captures","status":"publish","type":"post","link":"https:\/\/www.africa-press.net\/burkina-faso\/politique\/force-conjointe-du-g5-sahel-un-camp-dentrainement-demantele-et-33-terroristes-captures","title":{"rendered":"Force conjointe du G5 Sahel : Un camp d\u2019entra\u00eenement d\u00e9mantel\u00e9 et 33 terroristes captur\u00e9s"},"content":{"rendered":"<p><span style=\"color: #ff6600\"><strong><a href=\"https:\/\/www.africa-press.net\/\">Africa-Press<\/a> &#8211; <a href=\"https:\/\/www.africa-press.net\/burkina-faso\">Burkina Faso<\/a>. <\/strong><\/span>Le 8e bataillon de la force conjointe du G5 Sahel a d\u00e9mantel\u00e9 le dimanche 11 avril 2021 un camp d\u2019entra\u00eenement des terroristes \u00e0 proximit\u00e9 de Torela, une localit\u00e9 situ\u00e9e quelques kilom\u00e8tres de la fronti\u00e8re Nord du Burkina Faso, lors d\u2019une op\u00e9ration de ratissage.<\/p>\n<p>Un camp d\u2019entra\u00eenement des terroristes a \u00e9t\u00e9 d\u00e9couvert non loin de la fronti\u00e8re Nord du Burkina Faso. C\u2019est ce que renseigne un communiqu\u00e9 de la force conjointe du G5 Sahel.<\/p>\n<p>\u201cEn effet, lors d\u2019une mission de ratissage, une unit\u00e9 du 8e bataillon a d\u00e9couvert un camp d\u2019entra\u00eenement des terroristes. Les terroristes ont tent\u00e9 de r\u00e9sister en ouvrant le feu sur les militaires puis ont fini par prendre la fuite\u201c, note le communiqu\u00e9.<\/p>\n<p>Le m\u00eame document pr\u00e9cise que 33 terroristes ont \u00e9t\u00e9 captur\u00e9s, deux fusils d\u2019assaut r\u00e9cup\u00e9r\u00e9s et une dizaine de motos d\u00e9truites. A la date du 2 avril 2021, un homme, une femme et un enfant ont \u00e9t\u00e9 appr\u00e9hend\u00e9s. L\u2019homme \u00e9tait en possession d\u2019un mat\u00e9riel de pr\u00e9paration d\u2019engin explosif improvis\u00e9. Le m\u00eame jour deux suspects ont \u00e9t\u00e9 arr\u00eat\u00e9s \u00e0 Bangao.<\/p>\n<p>\u201cEnsuite, le 5 avril 2021, 3 terroristes ont \u00e9t\u00e9 captur\u00e9s. Cette capture a permis de saisir 4 motos et un v\u00e9hicule de type pickup de couleur blanche dans la localit\u00e9 de Bangwala. Le lendemain 6 avril \u00e0 Kacham, 8 pr\u00e9sum\u00e9s terroristes ont \u00e9t\u00e9 appr\u00e9hend\u00e9s\u201d, peut-on lire dans ce document.<\/p>\n<p>Un d\u00e9tachement mixte de deux unit\u00e9s de la force conjointe de Dori et de Bankilare a men\u00e9 une op\u00e9ration de ratissage dans la localit\u00e9 de Sakarewal \u00e0 44 km au Nord de Boulkessi en territoire malien \u00e0 la date du 9 avril 2021.<\/p>\n<p>\u201cLe bilan de cette action s\u2019est sold\u00e9 par l\u2019interpellation de 4 individus d\u00e9tenant ill\u00e9galement 2 armes. Ces derniers ont \u00e9t\u00e9 remis \u00e0 l\u2019unit\u00e9 d\u2019investigation sp\u00e9cialis\u00e9e de Bankilare pour les enqu\u00eates\u201d, rapporte le communiqu\u00e9. Le 13 avril 2021, deux terroristes et trois motos ont \u00e9t\u00e9 saisies.<\/p>\n<p>Sur ce bilan, le commandant de la force conjointe f\u00e9licite et encourage ses hommes en les invitant \u00e0 poursuivre dans la m\u00eame dynamique entam\u00e9e. Pour rappel, la force conjointe du G5 Sahel est un brassage de diff\u00e9rentes unit\u00e9s militaires venues des cinq de la r\u00e9gion sah\u00e9lienne.<\/p>\n","protected":false},"excerpt":{"rendered":"<p>Africa-Press &#8211; Burkina Faso. Le 8e bataillon de la force conjointe du G5 Sahel a d\u00e9mantel\u00e9 le dimanche 11 avril 2021 un camp d\u2019entra\u00eenement des terroristes \u00e0 proximit\u00e9 de Torela, une localit\u00e9 situ\u00e9e quelques kilom\u00e8tres de la fronti\u00e8re Nord du Burkina Faso, lors d\u2019une op\u00e9ration de ratissage. Un camp d\u2019entra\u00eenement des terroristes a \u00e9t\u00e9 d\u00e9couvert [&hellip;]<\/p>\n","protected":false},"author":82,"featured_media":10106,"comment_status":"open","ping_status":"closed","sticky":false,"template":"","format":"standard","meta":{"footnotes":""},"categories":[11,2,10],"tags":[111,725,29],"class_list":["post-10107","post","type-post","status-publish","format-standard","has-post-thumbnail","hentry","category-homepage-french","category-politique","category-toutes-les-actualites","tag-africa-press","tag-africa-press-burkina-faso","tag-burkina-faso"],"yoast_head":"<!-- This site is optimized with the Yoast SEO Premium plugin v26.1 (Yoast SEO v27.0) - https:\/\/yoast.com\/product\/yoast-seo-premium-wordpress\/ -->\n<title>Force conjointe du G5 Sahel : Un camp d\u2019entra\u00eenement d\u00e9mantel\u00e9 et 33 terroristes captur\u00e9s - Burkina Faso<\/title>\n<meta name=\"description\" content=\"Le 8e bataillon de la force conjointe du G5 Sahel a d\u00e9mantel\u00e9 le dimanche 11 avril 2021 un camp d\u2019entra\u00eenement des terro ...\" \/>\n<meta name=\"robots\" content=\"index, follow, max-snippet:-1, max-image-preview:large, max-video-preview:-1\" \/>\n<link rel=\"canonical\" href=\"https:\/\/www.africa-press.net\/burkina-faso\/politique\/force-conjointe-du-g5-sahel-un-camp-dentrainement-demantele-et-33-terroristes-captures\" \/>\n<meta property=\"og:locale\" content=\"fr_FR\" \/>\n<meta property=\"og:type\" content=\"article\" \/>\n<meta property=\"og:title\" content=\"Force conjointe du G5 Sahel : Un camp d\u2019entra\u00eenement d\u00e9mantel\u00e9 et 33 terroristes captur\u00e9s\" \/>\n<meta property=\"og:description\" content=\"Le 8e bataillon de la force conjointe du G5 Sahel a d\u00e9mantel\u00e9 le dimanche 11 avril 2021 un camp d\u2019entra\u00eenement des terro ...\" \/>\n<meta property=\"og:url\" content=\"https:\/\/www.africa-press.net\/burkina-faso\/politique\/force-conjointe-du-g5-sahel-un-camp-dentrainement-demantele-et-33-terroristes-captures\" \/>\n<meta property=\"og:site_name\" content=\"Burkina Faso\" \/>\n<meta property=\"article:published_time\" content=\"2021-04-18T15:52:46+00:00\" \/>\n<meta property=\"article:modified_time\" content=\"2021-04-18T17:00:53+00:00\" \/>\n<meta property=\"og:image\" content=\"https:\/\/static.africa-press.net\/burkina\/sites\/42\/2021\/04\/img-607c52ed367c3.jpg\" \/>\n\t<meta property=\"og:image:width\" content=\"1024\" \/>\n\t<meta property=\"og:image:height\" content=\"683\" \/>\n\t<meta property=\"og:image:type\" content=\"image\/jpeg\" \/>\n<meta name=\"author\" content=\"cfeditorfr\" \/>\n<meta name=\"twitter:card\" content=\"summary_large_image\" \/>\n<meta name=\"twitter:label1\" content=\"\u00c9crit par\" \/>\n\t<meta name=\"twitter:data1\" content=\"cfeditorfr\" \/>\n\t<meta name=\"twitter:label2\" content=\"Dur\u00e9e de lecture estim\u00e9e\" \/>\n\t<meta name=\"twitter:data2\" content=\"2 minutes\" \/>\n<script type=\"application\/ld+json\" class=\"yoast-schema-graph\">{\"@context\":\"https:\/\/schema.org\",\"@graph\":[{\"@type\":\"Article\",\"@id\":\"https:\/\/www.africa-press.net\/burkina-faso\/politique\/force-conjointe-du-g5-sahel-un-camp-dentrainement-demantele-et-33-terroristes-captures#article\",\"isPartOf\":{\"@id\":\"https:\/\/www.africa-press.net\/burkina-faso\/politique\/force-conjointe-du-g5-sahel-un-camp-dentrainement-demantele-et-33-terroristes-captures\"},\"author\":{\"name\":\"cfeditorfr\",\"@id\":\"https:\/\/www.africa-press.net\/burkina-faso\/#\/schema\/person\/2b1cf3cd81a31e3cd26889ca66d677f1\"},\"headline\":\"Force conjointe du G5 Sahel : Un camp d\u2019entra\u00eenement d\u00e9mantel\u00e9 et 33 terroristes captur\u00e9s\",\"datePublished\":\"2021-04-18T15:52:46+00:00\",\"dateModified\":\"2021-04-18T17:00:53+00:00\",\"mainEntityOfPage\":{\"@id\":\"https:\/\/www.africa-press.net\/burkina-faso\/politique\/force-conjointe-du-g5-sahel-un-camp-dentrainement-demantele-et-33-terroristes-captures\"},\"wordCount\":412,\"commentCount\":0,\"image\":{\"@id\":\"https:\/\/www.africa-press.net\/burkina-faso\/politique\/force-conjointe-du-g5-sahel-un-camp-dentrainement-demantele-et-33-terroristes-captures#primaryimage\"},\"thumbnailUrl\":\"https:\/\/static.africa-press.net\/burkina\/sites\/42\/2021\/04\/img-607c52ed367c3.jpg\",\"keywords\":[\"Africa Press\",\"Africa Press-Burkina Faso\",\"Burkina Faso\"],\"articleSection\":[\"homepage-french\",\"Politique\",\"Toutes les actualit\u00e9s\"],\"inLanguage\":\"fr-FR\",\"potentialAction\":[{\"@type\":\"CommentAction\",\"name\":\"Comment\",\"target\":[\"https:\/\/www.africa-press.net\/burkina-faso\/politique\/force-conjointe-du-g5-sahel-un-camp-dentrainement-demantele-et-33-terroristes-captures#respond\"]}]},{\"@type\":\"WebPage\",\"@id\":\"https:\/\/www.africa-press.net\/burkina-faso\/politique\/force-conjointe-du-g5-sahel-un-camp-dentrainement-demantele-et-33-terroristes-captures\",\"url\":\"https:\/\/www.africa-press.net\/burkina-faso\/politique\/force-conjointe-du-g5-sahel-un-camp-dentrainement-demantele-et-33-terroristes-captures\",\"name\":\"Force conjointe du G5 Sahel : Un camp d\u2019entra\u00eenement d\u00e9mantel\u00e9 et 33 terroristes captur\u00e9s - Burkina Faso\",\"isPartOf\":{\"@id\":\"https:\/\/www.africa-press.net\/burkina-faso\/#website\"},\"primaryImageOfPage\":{\"@id\":\"https:\/\/www.africa-press.net\/burkina-faso\/politique\/force-conjointe-du-g5-sahel-un-camp-dentrainement-demantele-et-33-terroristes-captures#primaryimage\"},\"image\":{\"@id\":\"https:\/\/www.africa-press.net\/burkina-faso\/politique\/force-conjointe-du-g5-sahel-un-camp-dentrainement-demantele-et-33-terroristes-captures#primaryimage\"},\"thumbnailUrl\":\"https:\/\/static.africa-press.net\/burkina\/sites\/42\/2021\/04\/img-607c52ed367c3.jpg\",\"datePublished\":\"2021-04-18T15:52:46+00:00\",\"dateModified\":\"2021-04-18T17:00:53+00:00\",\"author\":{\"@id\":\"https:\/\/www.africa-press.net\/burkina-faso\/#\/schema\/person\/2b1cf3cd81a31e3cd26889ca66d677f1\"},\"description\":\"Le 8e bataillon de la force conjointe du G5 Sahel a d\u00e9mantel\u00e9 le dimanche 11 avril 2021 un camp d\u2019entra\u00eenement des terro ...\",\"breadcrumb\":{\"@id\":\"https:\/\/www.africa-press.net\/burkina-faso\/politique\/force-conjointe-du-g5-sahel-un-camp-dentrainement-demantele-et-33-terroristes-captures#breadcrumb\"},\"inLanguage\":\"fr-FR\",\"potentialAction\":[{\"@type\":\"ReadAction\",\"target\":[\"https:\/\/www.africa-press.net\/burkina-faso\/politique\/force-conjointe-du-g5-sahel-un-camp-dentrainement-demantele-et-33-terroristes-captures\"]}]},{\"@type\":\"ImageObject\",\"inLanguage\":\"fr-FR\",\"@id\":\"https:\/\/www.africa-press.net\/burkina-faso\/politique\/force-conjointe-du-g5-sahel-un-camp-dentrainement-demantele-et-33-terroristes-captures#primaryimage\",\"url\":\"https:\/\/static.africa-press.net\/burkina\/sites\/42\/2021\/04\/img-607c52ed367c3.jpg\",\"contentUrl\":\"https:\/\/static.africa-press.net\/burkina\/sites\/42\/2021\/04\/img-607c52ed367c3.jpg\",\"width\":1024,\"height\":683,\"caption\":\"Force conjointe du G5 Sahel : Un camp d\u2019entra\u00eenement d\u00e9mantel\u00e9 et 33 terroristes captur\u00e9s\"},{\"@type\":\"BreadcrumbList\",\"@id\":\"https:\/\/www.africa-press.net\/burkina-faso\/politique\/force-conjointe-du-g5-sahel-un-camp-dentrainement-demantele-et-33-terroristes-captures#breadcrumb\",\"itemListElement\":[{\"@type\":\"ListItem\",\"position\":1,\"name\":\"Accueil\",\"item\":\"https:\/\/www.africa-press.net\/burkina-faso\/\"},{\"@type\":\"ListItem\",\"position\":2,\"name\":\"Force conjointe du G5 Sahel : Un camp d\u2019entra\u00eenement d\u00e9mantel\u00e9 et 33 terroristes captur\u00e9s\"}]},{\"@type\":\"WebSite\",\"@id\":\"https:\/\/www.africa-press.net\/burkina-faso\/#website\",\"url\":\"https:\/\/www.africa-press.net\/burkina-faso\/\",\"name\":\"Burkina Faso\",\"description\":\"Just another Africa News Agency Sites site\",\"potentialAction\":[{\"@type\":\"SearchAction\",\"target\":{\"@type\":\"EntryPoint\",\"urlTemplate\":\"https:\/\/www.africa-press.net\/burkina-faso\/?s={search_term_string}\"},\"query-input\":{\"@type\":\"PropertyValueSpecification\",\"valueRequired\":true,\"valueName\":\"search_term_string\"}}],\"inLanguage\":\"fr-FR\"},{\"@type\":\"Person\",\"@id\":\"https:\/\/www.africa-press.net\/burkina-faso\/#\/schema\/person\/2b1cf3cd81a31e3cd26889ca66d677f1\",\"name\":\"cfeditorfr\"}]}<\/script>\n<!-- \/ Yoast SEO Premium plugin. -->","yoast_head_json":{"title":"Force conjointe du G5 Sahel : Un camp d\u2019entra\u00eenement d\u00e9mantel\u00e9 et 33 terroristes captur\u00e9s - Burkina Faso","description":"Le 8e bataillon de la force conjointe du G5 Sahel a d\u00e9mantel\u00e9 le dimanche 11 avril 2021 un camp d\u2019entra\u00eenement des terro ...","robots":{"index":"index","follow":"follow","max-snippet":"max-snippet:-1","max-image-preview":"max-image-preview:large","max-video-preview":"max-video-preview:-1"},"canonical":"https:\/\/www.africa-press.net\/burkina-faso\/politique\/force-conjointe-du-g5-sahel-un-camp-dentrainement-demantele-et-33-terroristes-captures","og_locale":"fr_FR","og_type":"article","og_title":"Force conjointe du G5 Sahel : Un camp d\u2019entra\u00eenement d\u00e9mantel\u00e9 et 33 terroristes captur\u00e9s","og_description":"Le 8e bataillon de la force conjointe du G5 Sahel a d\u00e9mantel\u00e9 le dimanche 11 avril 2021 un camp d\u2019entra\u00eenement des terro ...","og_url":"https:\/\/www.africa-press.net\/burkina-faso\/politique\/force-conjointe-du-g5-sahel-un-camp-dentrainement-demantele-et-33-terroristes-captures","og_site_name":"Burkina Faso","article_published_time":"2021-04-18T15:52:46+00:00","article_modified_time":"2021-04-18T17:00:53+00:00","og_image":[{"width":1024,"height":683,"url":"https:\/\/static.africa-press.net\/burkina\/sites\/42\/2021\/04\/img-607c52ed367c3.jpg","type":"image\/jpeg"}],"author":"cfeditorfr","twitter_card":"summary_large_image","twitter_misc":{"\u00c9crit par":"cfeditorfr","Dur\u00e9e de lecture estim\u00e9e":"2 minutes"},"schema":{"@context":"https:\/\/schema.org","@graph":[{"@type":"Article","@id":"https:\/\/www.africa-press.net\/burkina-faso\/politique\/force-conjointe-du-g5-sahel-un-camp-dentrainement-demantele-et-33-terroristes-captures#article","isPartOf":{"@id":"https:\/\/www.africa-press.net\/burkina-faso\/politique\/force-conjointe-du-g5-sahel-un-camp-dentrainement-demantele-et-33-terroristes-captures"},"author":{"name":"cfeditorfr","@id":"https:\/\/www.africa-press.net\/burkina-faso\/#\/schema\/person\/2b1cf3cd81a31e3cd26889ca66d677f1"},"headline":"Force conjointe du G5 Sahel : Un camp d\u2019entra\u00eenement d\u00e9mantel\u00e9 et 33 terroristes captur\u00e9s","datePublished":"2021-04-18T15:52:46+00:00","dateModified":"2021-04-18T17:00:53+00:00","mainEntityOfPage":{"@id":"https:\/\/www.africa-press.net\/burkina-faso\/politique\/force-conjointe-du-g5-sahel-un-camp-dentrainement-demantele-et-33-terroristes-captures"},"wordCount":412,"commentCount":0,"image":{"@id":"https:\/\/www.africa-press.net\/burkina-faso\/politique\/force-conjointe-du-g5-sahel-un-camp-dentrainement-demantele-et-33-terroristes-captures#primaryimage"},"thumbnailUrl":"https:\/\/static.africa-press.net\/burkina\/sites\/42\/2021\/04\/img-607c52ed367c3.jpg","keywords":["Africa Press","Africa Press-Burkina Faso","Burkina Faso"],"articleSection":["homepage-french","Politique","Toutes les actualit\u00e9s"],"inLanguage":"fr-FR","potentialAction":[{"@type":"CommentAction","name":"Comment","target":["https:\/\/www.africa-press.net\/burkina-faso\/politique\/force-conjointe-du-g5-sahel-un-camp-dentrainement-demantele-et-33-terroristes-captures#respond"]}]},{"@type":"WebPage","@id":"https:\/\/www.africa-press.net\/burkina-faso\/politique\/force-conjointe-du-g5-sahel-un-camp-dentrainement-demantele-et-33-terroristes-captures","url":"https:\/\/www.africa-press.net\/burkina-faso\/politique\/force-conjointe-du-g5-sahel-un-camp-dentrainement-demantele-et-33-terroristes-captures","name":"Force conjointe du G5 Sahel : Un camp d\u2019entra\u00eenement d\u00e9mantel\u00e9 et 33 terroristes captur\u00e9s - Burkina Faso","isPartOf":{"@id":"https:\/\/www.africa-press.net\/burkina-faso\/#website"},"primaryImageOfPage":{"@id":"https:\/\/www.africa-press.net\/burkina-faso\/politique\/force-conjointe-du-g5-sahel-un-camp-dentrainement-demantele-et-33-terroristes-captures#primaryimage"},"image":{"@id":"https:\/\/www.africa-press.net\/burkina-faso\/politique\/force-conjointe-du-g5-sahel-un-camp-dentrainement-demantele-et-33-terroristes-captures#primaryimage"},"thumbnailUrl":"https:\/\/static.africa-press.net\/burkina\/sites\/42\/2021\/04\/img-607c52ed367c3.jpg","datePublished":"2021-04-18T15:52:46+00:00","dateModified":"2021-04-18T17:00:53+00:00","author":{"@id":"https:\/\/www.africa-press.net\/burkina-faso\/#\/schema\/person\/2b1cf3cd81a31e3cd26889ca66d677f1"},"description":"Le 8e bataillon de la force conjointe du G5 Sahel a d\u00e9mantel\u00e9 le dimanche 11 avril 2021 un camp d\u2019entra\u00eenement des terro ...","breadcrumb":{"@id":"https:\/\/www.africa-press.net\/burkina-faso\/politique\/force-conjointe-du-g5-sahel-un-camp-dentrainement-demantele-et-33-terroristes-captures#breadcrumb"},"inLanguage":"fr-FR","potentialAction":[{"@type":"ReadAction","target":["https:\/\/www.africa-press.net\/burkina-faso\/politique\/force-conjointe-du-g5-sahel-un-camp-dentrainement-demantele-et-33-terroristes-captures"]}]},{"@type":"ImageObject","inLanguage":"fr-FR","@id":"https:\/\/www.africa-press.net\/burkina-faso\/politique\/force-conjointe-du-g5-sahel-un-camp-dentrainement-demantele-et-33-terroristes-captures#primaryimage","url":"https:\/\/static.africa-press.net\/burkina\/sites\/42\/2021\/04\/img-607c52ed367c3.jpg","contentUrl":"https:\/\/static.africa-press.net\/burkina\/sites\/42\/2021\/04\/img-607c52ed367c3.jpg","width":1024,"height":683,"caption":"Force conjointe du G5 Sahel : Un camp d\u2019entra\u00eenement d\u00e9mantel\u00e9 et 33 terroristes captur\u00e9s"},{"@type":"BreadcrumbList","@id":"https:\/\/www.africa-press.net\/burkina-faso\/politique\/force-conjointe-du-g5-sahel-un-camp-dentrainement-demantele-et-33-terroristes-captures#breadcrumb","itemListElement":[{"@type":"ListItem","position":1,"name":"Accueil","item":"https:\/\/www.africa-press.net\/burkina-faso\/"},{"@type":"ListItem","position":2,"name":"Force conjointe du G5 Sahel : Un camp d\u2019entra\u00eenement d\u00e9mantel\u00e9 et 33 terroristes captur\u00e9s"}]},{"@type":"WebSite","@id":"https:\/\/www.africa-press.net\/burkina-faso\/#website","url":"https:\/\/www.africa-press.net\/burkina-faso\/","name":"Burkina Faso","description":"Just another Africa News Agency Sites site","potentialAction":[{"@type":"SearchAction","target":{"@type":"EntryPoint","urlTemplate":"https:\/\/www.africa-press.net\/burkina-faso\/?s={search_term_string}"},"query-input":{"@type":"PropertyValueSpecification","valueRequired":true,"valueName":"search_term_string"}}],"inLanguage":"fr-FR"},{"@type":"Person","@id":"https:\/\/www.africa-press.net\/burkina-faso\/#\/schema\/person\/2b1cf3cd81a31e3cd26889ca66d677f1","name":"cfeditorfr"}]}},"_links":{"self":[{"href":"https:\/\/www.africa-press.net\/burkina-faso\/wp-json\/wp\/v2\/posts\/10107","targetHints":{"allow":["GET"]}}],"collection":[{"href":"https:\/\/www.africa-press.net\/burkina-faso\/wp-json\/wp\/v2\/posts"}],"about":[{"href":"https:\/\/www.africa-press.net\/burkina-faso\/wp-json\/wp\/v2\/types\/post"}],"author":[{"embeddable":true,"href":"https:\/\/www.africa-press.net\/burkina-faso\/wp-json\/wp\/v2\/users\/82"}],"replies":[{"embeddable":true,"href":"https:\/\/www.africa-press.net\/burkina-faso\/wp-json\/wp\/v2\/comments?post=10107"}],"version-history":[{"count":0,"href":"https:\/\/www.africa-press.net\/burkina-faso\/wp-json\/wp\/v2\/posts\/10107\/revisions"}],"wp:featuredmedia":[{"embeddable":true,"href":"https:\/\/www.africa-press.net\/burkina-faso\/wp-json\/wp\/v2\/media\/10106"}],"wp:attachment":[{"href":"https:\/\/www.africa-press.net\/burkina-faso\/wp-json\/wp\/v2\/media?parent=10107"}],"wp:term":[{"taxonomy":"category","embeddable":true,"href":"https:\/\/www.africa-press.net\/burkina-faso\/wp-json\/wp\/v2\/categories?post=10107"},{"taxonomy":"post_tag","embeddable":true,"href":"https:\/\/www.africa-press.net\/burkina-faso\/wp-json\/wp\/v2\/tags?post=10107"}],"curies":[{"name":"wp","href":"https:\/\/api.w.org\/{rel}","templated":true}]}}