{"id":10113,"date":"2021-04-18T16:07:08","date_gmt":"2021-04-18T16:07:08","guid":{"rendered":"https:\/\/www.africa-press.net\/burkina-faso\/?p=10113"},"modified":"2021-04-18T17:01:23","modified_gmt":"2021-04-18T17:01:23","slug":"burkina-faso-la-television-nationale-souvre-au-public","status":"publish","type":"post","link":"https:\/\/www.africa-press.net\/burkina-faso\/culture-et-art\/burkina-faso-la-television-nationale-souvre-au-public","title":{"rendered":"La t\u00e9l\u00e9vision nationale s\u2019ouvre au public"},"content":{"rendered":"<p><span style=\"color: #ff6600\"><strong><a href=\"https:\/\/www.africa-press.net\/\">Africa-Press<\/a> &#8211; <a href=\"https:\/\/www.africa-press.net\/burkina-faso\">Burkina Faso<\/a>. <\/strong><\/span>La Radiodiffusion T\u00e9l\u00e9vision du Burkina (RTB\/T\u00e9l\u00e9vision) tient les 16, 17 et 18 avril 2021, la 1\u00e8re \u00e9dition de ses Journ\u00e9es Portes Ouvertes (JPO) d\u00e9di\u00e9e \u00e0 son public. Le top d\u00e9part de cette \u00e9dition a \u00e9t\u00e9 donn\u00e9 au cours d\u2019une c\u00e9r\u00e9monie tenue ce vendredi 16 avril 2021 dans les locaux de la t\u00e9l\u00e9vision nationale \u00e0 Ouagadougou.<\/p>\n<p>La Radiodiffusion T\u00e9l\u00e9vision du Burkina (RTB\/T\u00e9l\u00e9vision) a proc\u00e9d\u00e9 \u00e0 l\u2019ouverture officielle de ses Journ\u00e9es Portes Ouvertes (JPO), ce vendredi 16 avril 2021. Cet \u00e9v\u00e8nement a \u00e9t\u00e9 initi\u00e9 afin de permettre aux public et autorit\u00e9s de s\u2019impr\u00e9gner des r\u00e9alit\u00e9s de la t\u00e9l\u00e9vision du Burkina.<\/p>\n<p>Selon le Directeur G\u00e9n\u00e9ral de la RTB, Pascal Yemboini Thiombiano, ces JPO constituent une occasion pour le m\u00e9dia de cr\u00e9er un cadre pour permettre \u00e0 son public mais aussi aux membres du gouvernement de s\u2019impr\u00e9gner des r\u00e9alit\u00e9s que vivent ses travailleurs.<\/p>\n<p>\u00ab Nos cibles nous voient tout le temps derri\u00e8re l\u2019\u00e9cran. Alors, ces jours, nous allons permettre au public de visiter nos studios, nos plateaux et les mat\u00e9riels utilis\u00e9s dans le cadre des montages et r\u00e9alisations, rencontrer nos pr\u00e9sentateurs, etc. Cela pour leur permettre de savoir ce que nous vivons ici \u00bb, a-t-il dit.<\/p>\n<p>Il a aussi ajout\u00e9 que ces JPO sont aussi une occasion pour eux de construire un cadre de plaidoyer aupr\u00e8s des autorit\u00e9s afin que les imperfections et insuffisances de la RTB\/T\u00e9l\u00e9vision puissent \u00eatre rel\u00e9gu\u00e9es au pass\u00e9.<\/p>\n<p>\u00ab Les retards enregistr\u00e9s dans les recouvrements des factures nous fatiguent beaucoup. Je souhaite que ce cas puisse \u00eatre r\u00e9gl\u00e9. Nous souhaitons \u00e9galement que le projet de construction du si\u00e8ge de la RTB, qui est d\u00e9j\u00e0 \u00e0 35% d\u2019ex\u00e9cution, puisse avancer rapidement pour notre bonheur \u00bb, a-t-il d\u00e9clar\u00e9.<\/p>\n<p>Le ministre en charge de la communication, parrain de la c\u00e9r\u00e9monie, Ouss\u00e9ni Tamboura, a rassur\u00e9 prendre acte des dol\u00e9ances. Selon lui, ce m\u00e9dia est \u00ab un facteur cl\u00e9 \u00bb pour son d\u00e9partement. Il dit mettre tous les moyens en \u0153uvre pour parvenir \u00e0 la satisfaction des travailleurs.<\/p>\n<p>Nestor Bassi\u00e8re, repr\u00e9sentant du pr\u00e9sident de l\u2019Assembl\u00e9e Nationale, patron de la c\u00e9r\u00e9monie, s\u2019est, quant \u00e0 lui, pench\u00e9 sur l\u2019int\u00e9r\u00eat que les parlementaires portent pour le m\u00e9dia en question. \u00ab Permettre \u00e0 la RTB de v\u00e9hiculer des contenus de qualit\u00e9 est l\u2019un des d\u00e9fis de nous, parlementaires. A cet effet, nous nous engageons \u00e0 l\u2019accompagnement de toutes actions entrant dans le cadre de la revalorisation de celle-ci \u00bb, a-t-il clam\u00e9.<\/p>\n<p>En guise d\u2019information, en 1962, le volta-vision a \u00e9t\u00e9 cr\u00e9\u00e9 et devenu T\u00e9l\u00e9vision Nationale Burkina Faso (TNB). Son d\u00e9marrage effectif a eu lieu le 05 ao\u00fbt 1963. Elle est la toute premi\u00e8re t\u00e9l\u00e9vision publique d\u2019Afrique Francophone. En 1999, la radiodiffusion et la t\u00e9l\u00e9vision ont \u00e9t\u00e9 associ\u00e9es pour cr\u00e9er une m\u00eame entit\u00e9 : RTB. Abdoul Gani BARRY (stagiaire)<\/p>\n","protected":false},"excerpt":{"rendered":"<p>Africa-Press &#8211; Burkina Faso. La Radiodiffusion T\u00e9l\u00e9vision du Burkina (RTB\/T\u00e9l\u00e9vision) tient les 16, 17 et 18 avril 2021, la 1\u00e8re \u00e9dition de ses Journ\u00e9es Portes Ouvertes (JPO) d\u00e9di\u00e9e \u00e0 son public. Le top d\u00e9part de cette \u00e9dition a \u00e9t\u00e9 donn\u00e9 au cours d\u2019une c\u00e9r\u00e9monie tenue ce vendredi 16 avril 2021 dans les locaux de la [&hellip;]<\/p>\n","protected":false},"author":82,"featured_media":10112,"comment_status":"open","ping_status":"closed","sticky":false,"template":"","format":"standard","meta":{"footnotes":""},"categories":[5,11,10],"tags":[111,725,29],"class_list":["post-10113","post","type-post","status-publish","format-standard","has-post-thumbnail","hentry","category-culture-et-art","category-homepage-french","category-toutes-les-actualites","tag-africa-press","tag-africa-press-burkina-faso","tag-burkina-faso"],"yoast_head":"<!-- This site is optimized with the Yoast SEO Premium plugin v26.1 (Yoast SEO v27.0) - https:\/\/yoast.com\/product\/yoast-seo-premium-wordpress\/ -->\n<title>La t\u00e9l\u00e9vision nationale s\u2019ouvre au public - Burkina Faso<\/title>\n<meta name=\"description\" content=\"La Radiodiffusion T\u00e9l\u00e9vision du Burkina (RTB\/T\u00e9l\u00e9vision) tient les 16, 17 et 18 avril 2021, la 1\u00e8re \u00e9dition de ses Journ ...\" \/>\n<meta name=\"robots\" content=\"index, follow, max-snippet:-1, max-image-preview:large, max-video-preview:-1\" \/>\n<link rel=\"canonical\" href=\"https:\/\/www.africa-press.net\/burkina-faso\/culture-et-art\/burkina-faso-la-television-nationale-souvre-au-public\" \/>\n<meta property=\"og:locale\" content=\"fr_FR\" \/>\n<meta property=\"og:type\" content=\"article\" \/>\n<meta property=\"og:title\" content=\"La t\u00e9l\u00e9vision nationale s\u2019ouvre au public\" \/>\n<meta property=\"og:description\" content=\"La Radiodiffusion T\u00e9l\u00e9vision du Burkina (RTB\/T\u00e9l\u00e9vision) tient les 16, 17 et 18 avril 2021, la 1\u00e8re \u00e9dition de ses Journ ...\" \/>\n<meta property=\"og:url\" content=\"https:\/\/www.africa-press.net\/burkina-faso\/culture-et-art\/burkina-faso-la-television-nationale-souvre-au-public\" \/>\n<meta property=\"og:site_name\" content=\"Burkina Faso\" \/>\n<meta property=\"article:published_time\" content=\"2021-04-18T16:07:08+00:00\" \/>\n<meta property=\"article:modified_time\" content=\"2021-04-18T17:01:23+00:00\" \/>\n<meta property=\"og:image\" content=\"https:\/\/static.africa-press.net\/burkina\/sites\/42\/2021\/04\/img-607c533da5d47.jpg\" \/>\n\t<meta property=\"og:image:width\" content=\"1024\" \/>\n\t<meta property=\"og:image:height\" content=\"680\" \/>\n\t<meta property=\"og:image:type\" content=\"image\/jpeg\" \/>\n<meta name=\"author\" content=\"cfeditorfr\" \/>\n<meta name=\"twitter:card\" content=\"summary_large_image\" \/>\n<meta name=\"twitter:label1\" content=\"\u00c9crit par\" \/>\n\t<meta name=\"twitter:data1\" content=\"cfeditorfr\" \/>\n\t<meta name=\"twitter:label2\" content=\"Dur\u00e9e de lecture estim\u00e9e\" \/>\n\t<meta name=\"twitter:data2\" content=\"3 minutes\" \/>\n<script type=\"application\/ld+json\" class=\"yoast-schema-graph\">{\"@context\":\"https:\/\/schema.org\",\"@graph\":[{\"@type\":\"Article\",\"@id\":\"https:\/\/www.africa-press.net\/burkina-faso\/culture-et-art\/burkina-faso-la-television-nationale-souvre-au-public#article\",\"isPartOf\":{\"@id\":\"https:\/\/www.africa-press.net\/burkina-faso\/culture-et-art\/burkina-faso-la-television-nationale-souvre-au-public\"},\"author\":{\"name\":\"cfeditorfr\",\"@id\":\"https:\/\/www.africa-press.net\/burkina-faso\/#\/schema\/person\/2b1cf3cd81a31e3cd26889ca66d677f1\"},\"headline\":\"La t\u00e9l\u00e9vision nationale s\u2019ouvre au public\",\"datePublished\":\"2021-04-18T16:07:08+00:00\",\"dateModified\":\"2021-04-18T17:01:23+00:00\",\"mainEntityOfPage\":{\"@id\":\"https:\/\/www.africa-press.net\/burkina-faso\/culture-et-art\/burkina-faso-la-television-nationale-souvre-au-public\"},\"wordCount\":525,\"commentCount\":0,\"image\":{\"@id\":\"https:\/\/www.africa-press.net\/burkina-faso\/culture-et-art\/burkina-faso-la-television-nationale-souvre-au-public#primaryimage\"},\"thumbnailUrl\":\"https:\/\/static.africa-press.net\/burkina\/sites\/42\/2021\/04\/img-607c533da5d47.jpg\",\"keywords\":[\"Africa Press\",\"Africa Press-Burkina Faso\",\"Burkina Faso\"],\"articleSection\":[\"Culture et Art\",\"homepage-french\",\"Toutes les actualit\u00e9s\"],\"inLanguage\":\"fr-FR\",\"potentialAction\":[{\"@type\":\"CommentAction\",\"name\":\"Comment\",\"target\":[\"https:\/\/www.africa-press.net\/burkina-faso\/culture-et-art\/burkina-faso-la-television-nationale-souvre-au-public#respond\"]}]},{\"@type\":\"WebPage\",\"@id\":\"https:\/\/www.africa-press.net\/burkina-faso\/culture-et-art\/burkina-faso-la-television-nationale-souvre-au-public\",\"url\":\"https:\/\/www.africa-press.net\/burkina-faso\/culture-et-art\/burkina-faso-la-television-nationale-souvre-au-public\",\"name\":\"La t\u00e9l\u00e9vision nationale s\u2019ouvre au public - Burkina Faso\",\"isPartOf\":{\"@id\":\"https:\/\/www.africa-press.net\/burkina-faso\/#website\"},\"primaryImageOfPage\":{\"@id\":\"https:\/\/www.africa-press.net\/burkina-faso\/culture-et-art\/burkina-faso-la-television-nationale-souvre-au-public#primaryimage\"},\"image\":{\"@id\":\"https:\/\/www.africa-press.net\/burkina-faso\/culture-et-art\/burkina-faso-la-television-nationale-souvre-au-public#primaryimage\"},\"thumbnailUrl\":\"https:\/\/static.africa-press.net\/burkina\/sites\/42\/2021\/04\/img-607c533da5d47.jpg\",\"datePublished\":\"2021-04-18T16:07:08+00:00\",\"dateModified\":\"2021-04-18T17:01:23+00:00\",\"author\":{\"@id\":\"https:\/\/www.africa-press.net\/burkina-faso\/#\/schema\/person\/2b1cf3cd81a31e3cd26889ca66d677f1\"},\"description\":\"La Radiodiffusion T\u00e9l\u00e9vision du Burkina (RTB\/T\u00e9l\u00e9vision) tient les 16, 17 et 18 avril 2021, la 1\u00e8re \u00e9dition de ses Journ ...\",\"breadcrumb\":{\"@id\":\"https:\/\/www.africa-press.net\/burkina-faso\/culture-et-art\/burkina-faso-la-television-nationale-souvre-au-public#breadcrumb\"},\"inLanguage\":\"fr-FR\",\"potentialAction\":[{\"@type\":\"ReadAction\",\"target\":[\"https:\/\/www.africa-press.net\/burkina-faso\/culture-et-art\/burkina-faso-la-television-nationale-souvre-au-public\"]}]},{\"@type\":\"ImageObject\",\"inLanguage\":\"fr-FR\",\"@id\":\"https:\/\/www.africa-press.net\/burkina-faso\/culture-et-art\/burkina-faso-la-television-nationale-souvre-au-public#primaryimage\",\"url\":\"https:\/\/static.africa-press.net\/burkina\/sites\/42\/2021\/04\/img-607c533da5d47.jpg\",\"contentUrl\":\"https:\/\/static.africa-press.net\/burkina\/sites\/42\/2021\/04\/img-607c533da5d47.jpg\",\"width\":1024,\"height\":680,\"caption\":\"Burkina Faso : La t\u00e9l\u00e9vision nationale s\u2019ouvre au public\"},{\"@type\":\"BreadcrumbList\",\"@id\":\"https:\/\/www.africa-press.net\/burkina-faso\/culture-et-art\/burkina-faso-la-television-nationale-souvre-au-public#breadcrumb\",\"itemListElement\":[{\"@type\":\"ListItem\",\"position\":1,\"name\":\"Accueil\",\"item\":\"https:\/\/www.africa-press.net\/burkina-faso\/\"},{\"@type\":\"ListItem\",\"position\":2,\"name\":\"La t\u00e9l\u00e9vision nationale s\u2019ouvre au public\"}]},{\"@type\":\"WebSite\",\"@id\":\"https:\/\/www.africa-press.net\/burkina-faso\/#website\",\"url\":\"https:\/\/www.africa-press.net\/burkina-faso\/\",\"name\":\"Burkina Faso\",\"description\":\"Just another Africa News Agency Sites site\",\"potentialAction\":[{\"@type\":\"SearchAction\",\"target\":{\"@type\":\"EntryPoint\",\"urlTemplate\":\"https:\/\/www.africa-press.net\/burkina-faso\/?s={search_term_string}\"},\"query-input\":{\"@type\":\"PropertyValueSpecification\",\"valueRequired\":true,\"valueName\":\"search_term_string\"}}],\"inLanguage\":\"fr-FR\"},{\"@type\":\"Person\",\"@id\":\"https:\/\/www.africa-press.net\/burkina-faso\/#\/schema\/person\/2b1cf3cd81a31e3cd26889ca66d677f1\",\"name\":\"cfeditorfr\"}]}<\/script>\n<!-- \/ Yoast SEO Premium plugin. -->","yoast_head_json":{"title":"La t\u00e9l\u00e9vision nationale s\u2019ouvre au public - Burkina Faso","description":"La Radiodiffusion T\u00e9l\u00e9vision du Burkina (RTB\/T\u00e9l\u00e9vision) tient les 16, 17 et 18 avril 2021, la 1\u00e8re \u00e9dition de ses Journ ...","robots":{"index":"index","follow":"follow","max-snippet":"max-snippet:-1","max-image-preview":"max-image-preview:large","max-video-preview":"max-video-preview:-1"},"canonical":"https:\/\/www.africa-press.net\/burkina-faso\/culture-et-art\/burkina-faso-la-television-nationale-souvre-au-public","og_locale":"fr_FR","og_type":"article","og_title":"La t\u00e9l\u00e9vision nationale s\u2019ouvre au public","og_description":"La Radiodiffusion T\u00e9l\u00e9vision du Burkina (RTB\/T\u00e9l\u00e9vision) tient les 16, 17 et 18 avril 2021, la 1\u00e8re \u00e9dition de ses Journ ...","og_url":"https:\/\/www.africa-press.net\/burkina-faso\/culture-et-art\/burkina-faso-la-television-nationale-souvre-au-public","og_site_name":"Burkina Faso","article_published_time":"2021-04-18T16:07:08+00:00","article_modified_time":"2021-04-18T17:01:23+00:00","og_image":[{"width":1024,"height":680,"url":"https:\/\/static.africa-press.net\/burkina\/sites\/42\/2021\/04\/img-607c533da5d47.jpg","type":"image\/jpeg"}],"author":"cfeditorfr","twitter_card":"summary_large_image","twitter_misc":{"\u00c9crit par":"cfeditorfr","Dur\u00e9e de lecture estim\u00e9e":"3 minutes"},"schema":{"@context":"https:\/\/schema.org","@graph":[{"@type":"Article","@id":"https:\/\/www.africa-press.net\/burkina-faso\/culture-et-art\/burkina-faso-la-television-nationale-souvre-au-public#article","isPartOf":{"@id":"https:\/\/www.africa-press.net\/burkina-faso\/culture-et-art\/burkina-faso-la-television-nationale-souvre-au-public"},"author":{"name":"cfeditorfr","@id":"https:\/\/www.africa-press.net\/burkina-faso\/#\/schema\/person\/2b1cf3cd81a31e3cd26889ca66d677f1"},"headline":"La t\u00e9l\u00e9vision nationale s\u2019ouvre au public","datePublished":"2021-04-18T16:07:08+00:00","dateModified":"2021-04-18T17:01:23+00:00","mainEntityOfPage":{"@id":"https:\/\/www.africa-press.net\/burkina-faso\/culture-et-art\/burkina-faso-la-television-nationale-souvre-au-public"},"wordCount":525,"commentCount":0,"image":{"@id":"https:\/\/www.africa-press.net\/burkina-faso\/culture-et-art\/burkina-faso-la-television-nationale-souvre-au-public#primaryimage"},"thumbnailUrl":"https:\/\/static.africa-press.net\/burkina\/sites\/42\/2021\/04\/img-607c533da5d47.jpg","keywords":["Africa Press","Africa Press-Burkina Faso","Burkina Faso"],"articleSection":["Culture et Art","homepage-french","Toutes les actualit\u00e9s"],"inLanguage":"fr-FR","potentialAction":[{"@type":"CommentAction","name":"Comment","target":["https:\/\/www.africa-press.net\/burkina-faso\/culture-et-art\/burkina-faso-la-television-nationale-souvre-au-public#respond"]}]},{"@type":"WebPage","@id":"https:\/\/www.africa-press.net\/burkina-faso\/culture-et-art\/burkina-faso-la-television-nationale-souvre-au-public","url":"https:\/\/www.africa-press.net\/burkina-faso\/culture-et-art\/burkina-faso-la-television-nationale-souvre-au-public","name":"La t\u00e9l\u00e9vision nationale s\u2019ouvre au public - Burkina Faso","isPartOf":{"@id":"https:\/\/www.africa-press.net\/burkina-faso\/#website"},"primaryImageOfPage":{"@id":"https:\/\/www.africa-press.net\/burkina-faso\/culture-et-art\/burkina-faso-la-television-nationale-souvre-au-public#primaryimage"},"image":{"@id":"https:\/\/www.africa-press.net\/burkina-faso\/culture-et-art\/burkina-faso-la-television-nationale-souvre-au-public#primaryimage"},"thumbnailUrl":"https:\/\/static.africa-press.net\/burkina\/sites\/42\/2021\/04\/img-607c533da5d47.jpg","datePublished":"2021-04-18T16:07:08+00:00","dateModified":"2021-04-18T17:01:23+00:00","author":{"@id":"https:\/\/www.africa-press.net\/burkina-faso\/#\/schema\/person\/2b1cf3cd81a31e3cd26889ca66d677f1"},"description":"La Radiodiffusion T\u00e9l\u00e9vision du Burkina (RTB\/T\u00e9l\u00e9vision) tient les 16, 17 et 18 avril 2021, la 1\u00e8re \u00e9dition de ses Journ ...","breadcrumb":{"@id":"https:\/\/www.africa-press.net\/burkina-faso\/culture-et-art\/burkina-faso-la-television-nationale-souvre-au-public#breadcrumb"},"inLanguage":"fr-FR","potentialAction":[{"@type":"ReadAction","target":["https:\/\/www.africa-press.net\/burkina-faso\/culture-et-art\/burkina-faso-la-television-nationale-souvre-au-public"]}]},{"@type":"ImageObject","inLanguage":"fr-FR","@id":"https:\/\/www.africa-press.net\/burkina-faso\/culture-et-art\/burkina-faso-la-television-nationale-souvre-au-public#primaryimage","url":"https:\/\/static.africa-press.net\/burkina\/sites\/42\/2021\/04\/img-607c533da5d47.jpg","contentUrl":"https:\/\/static.africa-press.net\/burkina\/sites\/42\/2021\/04\/img-607c533da5d47.jpg","width":1024,"height":680,"caption":"Burkina Faso : La t\u00e9l\u00e9vision nationale s\u2019ouvre au public"},{"@type":"BreadcrumbList","@id":"https:\/\/www.africa-press.net\/burkina-faso\/culture-et-art\/burkina-faso-la-television-nationale-souvre-au-public#breadcrumb","itemListElement":[{"@type":"ListItem","position":1,"name":"Accueil","item":"https:\/\/www.africa-press.net\/burkina-faso\/"},{"@type":"ListItem","position":2,"name":"La t\u00e9l\u00e9vision nationale s\u2019ouvre au public"}]},{"@type":"WebSite","@id":"https:\/\/www.africa-press.net\/burkina-faso\/#website","url":"https:\/\/www.africa-press.net\/burkina-faso\/","name":"Burkina Faso","description":"Just another Africa News Agency Sites site","potentialAction":[{"@type":"SearchAction","target":{"@type":"EntryPoint","urlTemplate":"https:\/\/www.africa-press.net\/burkina-faso\/?s={search_term_string}"},"query-input":{"@type":"PropertyValueSpecification","valueRequired":true,"valueName":"search_term_string"}}],"inLanguage":"fr-FR"},{"@type":"Person","@id":"https:\/\/www.africa-press.net\/burkina-faso\/#\/schema\/person\/2b1cf3cd81a31e3cd26889ca66d677f1","name":"cfeditorfr"}]}},"_links":{"self":[{"href":"https:\/\/www.africa-press.net\/burkina-faso\/wp-json\/wp\/v2\/posts\/10113","targetHints":{"allow":["GET"]}}],"collection":[{"href":"https:\/\/www.africa-press.net\/burkina-faso\/wp-json\/wp\/v2\/posts"}],"about":[{"href":"https:\/\/www.africa-press.net\/burkina-faso\/wp-json\/wp\/v2\/types\/post"}],"author":[{"embeddable":true,"href":"https:\/\/www.africa-press.net\/burkina-faso\/wp-json\/wp\/v2\/users\/82"}],"replies":[{"embeddable":true,"href":"https:\/\/www.africa-press.net\/burkina-faso\/wp-json\/wp\/v2\/comments?post=10113"}],"version-history":[{"count":0,"href":"https:\/\/www.africa-press.net\/burkina-faso\/wp-json\/wp\/v2\/posts\/10113\/revisions"}],"wp:featuredmedia":[{"embeddable":true,"href":"https:\/\/www.africa-press.net\/burkina-faso\/wp-json\/wp\/v2\/media\/10112"}],"wp:attachment":[{"href":"https:\/\/www.africa-press.net\/burkina-faso\/wp-json\/wp\/v2\/media?parent=10113"}],"wp:term":[{"taxonomy":"category","embeddable":true,"href":"https:\/\/www.africa-press.net\/burkina-faso\/wp-json\/wp\/v2\/categories?post=10113"},{"taxonomy":"post_tag","embeddable":true,"href":"https:\/\/www.africa-press.net\/burkina-faso\/wp-json\/wp\/v2\/tags?post=10113"}],"curies":[{"name":"wp","href":"https:\/\/api.w.org\/{rel}","templated":true}]}}