{"id":10119,"date":"2021-04-18T16:23:28","date_gmt":"2021-04-18T16:23:28","guid":{"rendered":"https:\/\/www.africa-press.net\/burkina-faso\/?p=10119"},"modified":"2021-04-18T17:01:57","modified_gmt":"2021-04-18T17:01:57","slug":"integration-africaine-le-ministre-maxime-kone-dans-la-dynamique-dune-collaboration-efficace-avec-les-organisations-interafricaines-au-burkina","status":"publish","type":"post","link":"https:\/\/www.africa-press.net\/burkina-faso\/politique\/integration-africaine-le-ministre-maxime-kone-dans-la-dynamique-dune-collaboration-efficace-avec-les-organisations-interafricaines-au-burkina","title":{"rendered":"Int\u00e9gration africaine : Le ministre Maxime Kon\u00e9 dans la dynamique d&rsquo;une collaboration efficace avec les organisations interafricaines au Burkina"},"content":{"rendered":"<p><span style=\"color: #ff6600\"><strong><a href=\"https:\/\/www.africa-press.net\/\">Africa-Press<\/a> &#8211; <a href=\"https:\/\/www.africa-press.net\/burkina-faso\">Burkina Faso<\/a>. <\/strong><\/span><b>Le ministre d\u00e9l\u00e9gu\u00e9 en charge de l\u2019Int\u00e9gration africaine et des Burkinab\u00e8 de l\u2019ext\u00e9rieur, Maxime Kon\u00e9, a effectu\u00e9, le vendredi 16 avril 2021, une tourn\u00e9e dans les diff\u00e9rentes repr\u00e9sentations des organisations interafricaines dans la ville de Ouagadougou. Il s\u2019agissait d\u2019une visite de courtoisie au sein de ces repr\u00e9sentations pour s\u2019impr\u00e9gner de leur \u00e9tat de fonctionnement en vue de d\u00e9gager des pistes de collaboration pour le renforcement de l\u2019Int\u00e9gration africaine.<\/b><\/p>\n<p>Au total, cinq repr\u00e9sentations d\u2019organisations interafricaines ont re\u00e7u la visite du ministre d\u00e9l\u00e9gu\u00e9 en charge de l\u2019Int\u00e9gration africaine et des Burkinab\u00e8 de l\u2019ext\u00e9rieur, Maxime Kon\u00e9. Il s\u2019agit du Centre international pour l\u2019Education des filles et des femmes en Afrique de l\u2019Union africaine (UA\/CIEFFA), du Comit\u00e9 permanent Inter-Etats de lutte contre la s\u00e9cheresse au Sahel (CILSS), du Centre de d\u00e9veloppement de la jeunesse et des sports (CDJS), du Semi-Arid Food Grain research and d\u00e9veloppement (SEFGRAD) et de la repr\u00e9sentation de la Commission de la CEDEAO.<\/p>\n<p>Selon le ministre Kon\u00e9, cette visite avait pour objectif de faire mieux connaissance avec les responsables de ces structures et s\u2019enqu\u00e9rir de leur mode de fonctionnement pour une collaboration efficace dans le cadre de l\u2019Int\u00e9gration africaine. \u00ab Nous avons la conviction que l\u2019int\u00e9gration africaine est une d\u00e9marche qui permettra \u00e0 nos pays de s\u2019en sortir. Parce qu\u2019aujourd\u2019hui \u00eatre un h\u00e9ros solitaire c\u2019est difficile et ne sert \u00e0 rien \u00bb, a- t-il d\u00e9clar\u00e9, tout en indiquant qu\u2019il est n\u00e9cessaire que les pays mutualisent leurs efforts dans la solidarit\u00e9, le partage d\u2019exp\u00e9riences pour construire l\u2019Afrique \u00e0 travers un certain nombre d\u2019engagement pris par les Etats.<\/p>\n<p><b>Tracer les ambitions du Burkina pour l\u2019int\u00e9gration africaine<\/b><\/p>\n<p>Par ailleurs, cette initiative s\u2019inscrit dans une d\u00e9marche d\u2019\u00e9laboration d\u2019une strat\u00e9gie nationale de l\u2019int\u00e9gration africaine par le minist\u00e8re, qui va \u00eatre un document de r\u00e9f\u00e9rence et va tracer les ambitions du pays pour l\u2019int\u00e9gration africaine du continent. Il permettra aussi de d\u00e9cliner les attentes du Burkina Faso et son apport dans la dynamique de l\u2019int\u00e9gration africaine.<\/p>\n<p>A ce propos, le ministre Maxime Kon\u00e9 dit \u00eatre confiant que le pays joue d\u00e9j\u00e0 sa partition dans le processus au regard de l\u2019engagement de ces entit\u00e9s dans l\u2019avanc\u00e9e de l\u2019int\u00e9gration africaine. C\u2019est d\u2019ailleurs avec enthousiasme qu\u2019elles ont accueilli cette visite qui leur a donn\u00e9 l\u2019opportunit\u00e9 de pr\u00e9senter les diff\u00e9rentes repr\u00e9sentations et leur mode de fonctionnement.<\/p>\n<p>Pour l\u2019occasion, le secr\u00e9taire ex\u00e9cutif adjoint du CILSS, Dr Paul Ou\u00e9draogo, est parti de l\u2019historique de la cr\u00e9ation de l\u2019organisation, ses objectifs et ses zones d\u2019intervention pour demander \u00e0 leur h\u00f4te son soutien dans la cr\u00e9ation d\u2019un dialogue entre les diff\u00e9rents pays afin de soutenir les bureaux d\u2019information commerciale et d\u2019assistance aux fronti\u00e8res (BICAF).<\/p>\n<p>C\u2019est le m\u00eame son de cloche au niveau de l\u2019UA\/CIEFFA o\u00f9 la coordonnatrice, Dr Rita Bissoonauth, a appr\u00e9ci\u00e9 la d\u00e9marche du minist\u00e8re qui t\u00e9moigne de leur int\u00e9r\u00eat pour les organisations interafricaines. Du c\u00f4t\u00e9 du repr\u00e9sentant de la Commission de la CEDEAO, Ti\u00e9na Coulibaly, ce fut l\u2019occasion d\u2019\u00e9changer avec le ministre Kon\u00e9 sur l\u2019anniversaire de la CEDEAO le 28 mai prochain, au cours duquel est organis\u00e9e chaque ann\u00e9e la semaine de l\u2019int\u00e9gration. C\u2019est sur une note de satisfaction de part et d\u2019autre que cette visite s\u2019est achev\u00e9e.<\/p>\n<p><b>Judith SANOU<br \/>\n<\/b><\/p>\n","protected":false},"excerpt":{"rendered":"<p>Africa-Press &#8211; Burkina Faso. Le ministre d\u00e9l\u00e9gu\u00e9 en charge de l\u2019Int\u00e9gration africaine et des Burkinab\u00e8 de l\u2019ext\u00e9rieur, Maxime Kon\u00e9, a effectu\u00e9, le vendredi 16 avril 2021, une tourn\u00e9e dans les diff\u00e9rentes repr\u00e9sentations des organisations interafricaines dans la ville de Ouagadougou. Il s\u2019agissait d\u2019une visite de courtoisie au sein de ces repr\u00e9sentations pour s\u2019impr\u00e9gner de leur [&hellip;]<\/p>\n","protected":false},"author":82,"featured_media":10118,"comment_status":"open","ping_status":"closed","sticky":false,"template":"","format":"standard","meta":{"footnotes":""},"categories":[11,2,10],"tags":[111,725,29],"class_list":["post-10119","post","type-post","status-publish","format-standard","has-post-thumbnail","hentry","category-homepage-french","category-politique","category-toutes-les-actualites","tag-africa-press","tag-africa-press-burkina-faso","tag-burkina-faso"],"yoast_head":"<!-- This site is optimized with the Yoast SEO Premium plugin v26.1 (Yoast SEO v27.0) - https:\/\/yoast.com\/product\/yoast-seo-premium-wordpress\/ -->\n<title>Int\u00e9gration africaine : Le ministre Maxime Kon\u00e9 dans la dynamique d&#039;une collaboration efficace avec les organisations interafricaines au Burkina - Burkina Faso<\/title>\n<meta name=\"description\" content=\"Le ministre d\u00e9l\u00e9gu\u00e9 en charge de l\u2019Int\u00e9gration africaine et des Burkinab\u00e8 de l\u2019ext\u00e9rieur, Maxime Kon\u00e9, a effectu\u00e9, le ...\" \/>\n<meta name=\"robots\" content=\"index, follow, max-snippet:-1, max-image-preview:large, max-video-preview:-1\" \/>\n<link rel=\"canonical\" href=\"https:\/\/www.africa-press.net\/burkina-faso\/politique\/integration-africaine-le-ministre-maxime-kone-dans-la-dynamique-dune-collaboration-efficace-avec-les-organisations-interafricaines-au-burkina\" \/>\n<meta property=\"og:locale\" content=\"fr_FR\" \/>\n<meta property=\"og:type\" content=\"article\" \/>\n<meta property=\"og:title\" content=\"Int\u00e9gration africaine : Le ministre Maxime Kon\u00e9 dans la dynamique d&#039;une collaboration efficace avec les organisations interafricaines au Burkina\" \/>\n<meta property=\"og:description\" content=\"Le ministre d\u00e9l\u00e9gu\u00e9 en charge de l\u2019Int\u00e9gration africaine et des Burkinab\u00e8 de l\u2019ext\u00e9rieur, Maxime Kon\u00e9, a effectu\u00e9, le ...\" \/>\n<meta property=\"og:url\" content=\"https:\/\/www.africa-press.net\/burkina-faso\/politique\/integration-africaine-le-ministre-maxime-kone-dans-la-dynamique-dune-collaboration-efficace-avec-les-organisations-interafricaines-au-burkina\" \/>\n<meta property=\"og:site_name\" content=\"Burkina Faso\" \/>\n<meta property=\"article:published_time\" content=\"2021-04-18T16:23:28+00:00\" \/>\n<meta property=\"article:modified_time\" content=\"2021-04-18T17:01:57+00:00\" \/>\n<meta property=\"og:image\" content=\"https:\/\/static.africa-press.net\/burkina\/sites\/42\/2021\/04\/img-607c5390cec12.jpg\" \/>\n\t<meta property=\"og:image:width\" content=\"720\" \/>\n\t<meta property=\"og:image:height\" content=\"537\" \/>\n\t<meta property=\"og:image:type\" content=\"image\/jpeg\" \/>\n<meta name=\"author\" content=\"cfeditorfr\" \/>\n<meta name=\"twitter:card\" content=\"summary_large_image\" \/>\n<meta name=\"twitter:label1\" content=\"\u00c9crit par\" \/>\n\t<meta name=\"twitter:data1\" content=\"cfeditorfr\" \/>\n\t<meta name=\"twitter:label2\" content=\"Dur\u00e9e de lecture estim\u00e9e\" \/>\n\t<meta name=\"twitter:data2\" content=\"3 minutes\" \/>\n<script type=\"application\/ld+json\" class=\"yoast-schema-graph\">{\"@context\":\"https:\/\/schema.org\",\"@graph\":[{\"@type\":\"Article\",\"@id\":\"https:\/\/www.africa-press.net\/burkina-faso\/politique\/integration-africaine-le-ministre-maxime-kone-dans-la-dynamique-dune-collaboration-efficace-avec-les-organisations-interafricaines-au-burkina#article\",\"isPartOf\":{\"@id\":\"https:\/\/www.africa-press.net\/burkina-faso\/politique\/integration-africaine-le-ministre-maxime-kone-dans-la-dynamique-dune-collaboration-efficace-avec-les-organisations-interafricaines-au-burkina\"},\"author\":{\"name\":\"cfeditorfr\",\"@id\":\"https:\/\/www.africa-press.net\/burkina-faso\/#\/schema\/person\/2b1cf3cd81a31e3cd26889ca66d677f1\"},\"headline\":\"Int\u00e9gration africaine : Le ministre Maxime Kon\u00e9 dans la dynamique d&rsquo;une collaboration efficace avec les organisations interafricaines au Burkina\",\"datePublished\":\"2021-04-18T16:23:28+00:00\",\"dateModified\":\"2021-04-18T17:01:57+00:00\",\"mainEntityOfPage\":{\"@id\":\"https:\/\/www.africa-press.net\/burkina-faso\/politique\/integration-africaine-le-ministre-maxime-kone-dans-la-dynamique-dune-collaboration-efficace-avec-les-organisations-interafricaines-au-burkina\"},\"wordCount\":655,\"commentCount\":0,\"image\":{\"@id\":\"https:\/\/www.africa-press.net\/burkina-faso\/politique\/integration-africaine-le-ministre-maxime-kone-dans-la-dynamique-dune-collaboration-efficace-avec-les-organisations-interafricaines-au-burkina#primaryimage\"},\"thumbnailUrl\":\"https:\/\/static.africa-press.net\/burkina\/sites\/42\/2021\/04\/img-607c5390cec12.jpg\",\"keywords\":[\"Africa Press\",\"Africa Press-Burkina Faso\",\"Burkina Faso\"],\"articleSection\":[\"homepage-french\",\"Politique\",\"Toutes les actualit\u00e9s\"],\"inLanguage\":\"fr-FR\",\"potentialAction\":[{\"@type\":\"CommentAction\",\"name\":\"Comment\",\"target\":[\"https:\/\/www.africa-press.net\/burkina-faso\/politique\/integration-africaine-le-ministre-maxime-kone-dans-la-dynamique-dune-collaboration-efficace-avec-les-organisations-interafricaines-au-burkina#respond\"]}]},{\"@type\":\"WebPage\",\"@id\":\"https:\/\/www.africa-press.net\/burkina-faso\/politique\/integration-africaine-le-ministre-maxime-kone-dans-la-dynamique-dune-collaboration-efficace-avec-les-organisations-interafricaines-au-burkina\",\"url\":\"https:\/\/www.africa-press.net\/burkina-faso\/politique\/integration-africaine-le-ministre-maxime-kone-dans-la-dynamique-dune-collaboration-efficace-avec-les-organisations-interafricaines-au-burkina\",\"name\":\"Int\u00e9gration africaine : Le ministre Maxime Kon\u00e9 dans la dynamique d'une collaboration efficace avec les organisations interafricaines au Burkina - Burkina Faso\",\"isPartOf\":{\"@id\":\"https:\/\/www.africa-press.net\/burkina-faso\/#website\"},\"primaryImageOfPage\":{\"@id\":\"https:\/\/www.africa-press.net\/burkina-faso\/politique\/integration-africaine-le-ministre-maxime-kone-dans-la-dynamique-dune-collaboration-efficace-avec-les-organisations-interafricaines-au-burkina#primaryimage\"},\"image\":{\"@id\":\"https:\/\/www.africa-press.net\/burkina-faso\/politique\/integration-africaine-le-ministre-maxime-kone-dans-la-dynamique-dune-collaboration-efficace-avec-les-organisations-interafricaines-au-burkina#primaryimage\"},\"thumbnailUrl\":\"https:\/\/static.africa-press.net\/burkina\/sites\/42\/2021\/04\/img-607c5390cec12.jpg\",\"datePublished\":\"2021-04-18T16:23:28+00:00\",\"dateModified\":\"2021-04-18T17:01:57+00:00\",\"author\":{\"@id\":\"https:\/\/www.africa-press.net\/burkina-faso\/#\/schema\/person\/2b1cf3cd81a31e3cd26889ca66d677f1\"},\"description\":\"Le ministre d\u00e9l\u00e9gu\u00e9 en charge de l\u2019Int\u00e9gration africaine et des Burkinab\u00e8 de l\u2019ext\u00e9rieur, Maxime Kon\u00e9, a effectu\u00e9, le ...\",\"breadcrumb\":{\"@id\":\"https:\/\/www.africa-press.net\/burkina-faso\/politique\/integration-africaine-le-ministre-maxime-kone-dans-la-dynamique-dune-collaboration-efficace-avec-les-organisations-interafricaines-au-burkina#breadcrumb\"},\"inLanguage\":\"fr-FR\",\"potentialAction\":[{\"@type\":\"ReadAction\",\"target\":[\"https:\/\/www.africa-press.net\/burkina-faso\/politique\/integration-africaine-le-ministre-maxime-kone-dans-la-dynamique-dune-collaboration-efficace-avec-les-organisations-interafricaines-au-burkina\"]}]},{\"@type\":\"ImageObject\",\"inLanguage\":\"fr-FR\",\"@id\":\"https:\/\/www.africa-press.net\/burkina-faso\/politique\/integration-africaine-le-ministre-maxime-kone-dans-la-dynamique-dune-collaboration-efficace-avec-les-organisations-interafricaines-au-burkina#primaryimage\",\"url\":\"https:\/\/static.africa-press.net\/burkina\/sites\/42\/2021\/04\/img-607c5390cec12.jpg\",\"contentUrl\":\"https:\/\/static.africa-press.net\/burkina\/sites\/42\/2021\/04\/img-607c5390cec12.jpg\",\"width\":720,\"height\":537,\"caption\":\"Int\u00e9gration africaine : Le ministre Maxime Kon\u00e9 dans la dynamique d'une collaboration efficace avec les organisations interafricaines au Burkina\"},{\"@type\":\"BreadcrumbList\",\"@id\":\"https:\/\/www.africa-press.net\/burkina-faso\/politique\/integration-africaine-le-ministre-maxime-kone-dans-la-dynamique-dune-collaboration-efficace-avec-les-organisations-interafricaines-au-burkina#breadcrumb\",\"itemListElement\":[{\"@type\":\"ListItem\",\"position\":1,\"name\":\"Accueil\",\"item\":\"https:\/\/www.africa-press.net\/burkina-faso\/\"},{\"@type\":\"ListItem\",\"position\":2,\"name\":\"Int\u00e9gration africaine : Le ministre Maxime Kon\u00e9 dans la dynamique d&#8217;une collaboration efficace avec les organisations interafricaines au Burkina\"}]},{\"@type\":\"WebSite\",\"@id\":\"https:\/\/www.africa-press.net\/burkina-faso\/#website\",\"url\":\"https:\/\/www.africa-press.net\/burkina-faso\/\",\"name\":\"Burkina Faso\",\"description\":\"Just another Africa News Agency Sites site\",\"potentialAction\":[{\"@type\":\"SearchAction\",\"target\":{\"@type\":\"EntryPoint\",\"urlTemplate\":\"https:\/\/www.africa-press.net\/burkina-faso\/?s={search_term_string}\"},\"query-input\":{\"@type\":\"PropertyValueSpecification\",\"valueRequired\":true,\"valueName\":\"search_term_string\"}}],\"inLanguage\":\"fr-FR\"},{\"@type\":\"Person\",\"@id\":\"https:\/\/www.africa-press.net\/burkina-faso\/#\/schema\/person\/2b1cf3cd81a31e3cd26889ca66d677f1\",\"name\":\"cfeditorfr\"}]}<\/script>\n<!-- \/ Yoast SEO Premium plugin. -->","yoast_head_json":{"title":"Int\u00e9gration africaine : Le ministre Maxime Kon\u00e9 dans la dynamique d'une collaboration efficace avec les organisations interafricaines au Burkina - Burkina Faso","description":"Le ministre d\u00e9l\u00e9gu\u00e9 en charge de l\u2019Int\u00e9gration africaine et des Burkinab\u00e8 de l\u2019ext\u00e9rieur, Maxime Kon\u00e9, a effectu\u00e9, le ...","robots":{"index":"index","follow":"follow","max-snippet":"max-snippet:-1","max-image-preview":"max-image-preview:large","max-video-preview":"max-video-preview:-1"},"canonical":"https:\/\/www.africa-press.net\/burkina-faso\/politique\/integration-africaine-le-ministre-maxime-kone-dans-la-dynamique-dune-collaboration-efficace-avec-les-organisations-interafricaines-au-burkina","og_locale":"fr_FR","og_type":"article","og_title":"Int\u00e9gration africaine : Le ministre Maxime Kon\u00e9 dans la dynamique d'une collaboration efficace avec les organisations interafricaines au Burkina","og_description":"Le ministre d\u00e9l\u00e9gu\u00e9 en charge de l\u2019Int\u00e9gration africaine et des Burkinab\u00e8 de l\u2019ext\u00e9rieur, Maxime Kon\u00e9, a effectu\u00e9, le ...","og_url":"https:\/\/www.africa-press.net\/burkina-faso\/politique\/integration-africaine-le-ministre-maxime-kone-dans-la-dynamique-dune-collaboration-efficace-avec-les-organisations-interafricaines-au-burkina","og_site_name":"Burkina Faso","article_published_time":"2021-04-18T16:23:28+00:00","article_modified_time":"2021-04-18T17:01:57+00:00","og_image":[{"width":720,"height":537,"url":"https:\/\/static.africa-press.net\/burkina\/sites\/42\/2021\/04\/img-607c5390cec12.jpg","type":"image\/jpeg"}],"author":"cfeditorfr","twitter_card":"summary_large_image","twitter_misc":{"\u00c9crit par":"cfeditorfr","Dur\u00e9e de lecture estim\u00e9e":"3 minutes"},"schema":{"@context":"https:\/\/schema.org","@graph":[{"@type":"Article","@id":"https:\/\/www.africa-press.net\/burkina-faso\/politique\/integration-africaine-le-ministre-maxime-kone-dans-la-dynamique-dune-collaboration-efficace-avec-les-organisations-interafricaines-au-burkina#article","isPartOf":{"@id":"https:\/\/www.africa-press.net\/burkina-faso\/politique\/integration-africaine-le-ministre-maxime-kone-dans-la-dynamique-dune-collaboration-efficace-avec-les-organisations-interafricaines-au-burkina"},"author":{"name":"cfeditorfr","@id":"https:\/\/www.africa-press.net\/burkina-faso\/#\/schema\/person\/2b1cf3cd81a31e3cd26889ca66d677f1"},"headline":"Int\u00e9gration africaine : Le ministre Maxime Kon\u00e9 dans la dynamique d&rsquo;une collaboration efficace avec les organisations interafricaines au Burkina","datePublished":"2021-04-18T16:23:28+00:00","dateModified":"2021-04-18T17:01:57+00:00","mainEntityOfPage":{"@id":"https:\/\/www.africa-press.net\/burkina-faso\/politique\/integration-africaine-le-ministre-maxime-kone-dans-la-dynamique-dune-collaboration-efficace-avec-les-organisations-interafricaines-au-burkina"},"wordCount":655,"commentCount":0,"image":{"@id":"https:\/\/www.africa-press.net\/burkina-faso\/politique\/integration-africaine-le-ministre-maxime-kone-dans-la-dynamique-dune-collaboration-efficace-avec-les-organisations-interafricaines-au-burkina#primaryimage"},"thumbnailUrl":"https:\/\/static.africa-press.net\/burkina\/sites\/42\/2021\/04\/img-607c5390cec12.jpg","keywords":["Africa Press","Africa Press-Burkina Faso","Burkina Faso"],"articleSection":["homepage-french","Politique","Toutes les actualit\u00e9s"],"inLanguage":"fr-FR","potentialAction":[{"@type":"CommentAction","name":"Comment","target":["https:\/\/www.africa-press.net\/burkina-faso\/politique\/integration-africaine-le-ministre-maxime-kone-dans-la-dynamique-dune-collaboration-efficace-avec-les-organisations-interafricaines-au-burkina#respond"]}]},{"@type":"WebPage","@id":"https:\/\/www.africa-press.net\/burkina-faso\/politique\/integration-africaine-le-ministre-maxime-kone-dans-la-dynamique-dune-collaboration-efficace-avec-les-organisations-interafricaines-au-burkina","url":"https:\/\/www.africa-press.net\/burkina-faso\/politique\/integration-africaine-le-ministre-maxime-kone-dans-la-dynamique-dune-collaboration-efficace-avec-les-organisations-interafricaines-au-burkina","name":"Int\u00e9gration africaine : Le ministre Maxime Kon\u00e9 dans la dynamique d'une collaboration efficace avec les organisations interafricaines au Burkina - Burkina Faso","isPartOf":{"@id":"https:\/\/www.africa-press.net\/burkina-faso\/#website"},"primaryImageOfPage":{"@id":"https:\/\/www.africa-press.net\/burkina-faso\/politique\/integration-africaine-le-ministre-maxime-kone-dans-la-dynamique-dune-collaboration-efficace-avec-les-organisations-interafricaines-au-burkina#primaryimage"},"image":{"@id":"https:\/\/www.africa-press.net\/burkina-faso\/politique\/integration-africaine-le-ministre-maxime-kone-dans-la-dynamique-dune-collaboration-efficace-avec-les-organisations-interafricaines-au-burkina#primaryimage"},"thumbnailUrl":"https:\/\/static.africa-press.net\/burkina\/sites\/42\/2021\/04\/img-607c5390cec12.jpg","datePublished":"2021-04-18T16:23:28+00:00","dateModified":"2021-04-18T17:01:57+00:00","author":{"@id":"https:\/\/www.africa-press.net\/burkina-faso\/#\/schema\/person\/2b1cf3cd81a31e3cd26889ca66d677f1"},"description":"Le ministre d\u00e9l\u00e9gu\u00e9 en charge de l\u2019Int\u00e9gration africaine et des Burkinab\u00e8 de l\u2019ext\u00e9rieur, Maxime Kon\u00e9, a effectu\u00e9, le ...","breadcrumb":{"@id":"https:\/\/www.africa-press.net\/burkina-faso\/politique\/integration-africaine-le-ministre-maxime-kone-dans-la-dynamique-dune-collaboration-efficace-avec-les-organisations-interafricaines-au-burkina#breadcrumb"},"inLanguage":"fr-FR","potentialAction":[{"@type":"ReadAction","target":["https:\/\/www.africa-press.net\/burkina-faso\/politique\/integration-africaine-le-ministre-maxime-kone-dans-la-dynamique-dune-collaboration-efficace-avec-les-organisations-interafricaines-au-burkina"]}]},{"@type":"ImageObject","inLanguage":"fr-FR","@id":"https:\/\/www.africa-press.net\/burkina-faso\/politique\/integration-africaine-le-ministre-maxime-kone-dans-la-dynamique-dune-collaboration-efficace-avec-les-organisations-interafricaines-au-burkina#primaryimage","url":"https:\/\/static.africa-press.net\/burkina\/sites\/42\/2021\/04\/img-607c5390cec12.jpg","contentUrl":"https:\/\/static.africa-press.net\/burkina\/sites\/42\/2021\/04\/img-607c5390cec12.jpg","width":720,"height":537,"caption":"Int\u00e9gration africaine : Le ministre Maxime Kon\u00e9 dans la dynamique d'une collaboration efficace avec les organisations interafricaines au Burkina"},{"@type":"BreadcrumbList","@id":"https:\/\/www.africa-press.net\/burkina-faso\/politique\/integration-africaine-le-ministre-maxime-kone-dans-la-dynamique-dune-collaboration-efficace-avec-les-organisations-interafricaines-au-burkina#breadcrumb","itemListElement":[{"@type":"ListItem","position":1,"name":"Accueil","item":"https:\/\/www.africa-press.net\/burkina-faso\/"},{"@type":"ListItem","position":2,"name":"Int\u00e9gration africaine : Le ministre Maxime Kon\u00e9 dans la dynamique d&#8217;une collaboration efficace avec les organisations interafricaines au Burkina"}]},{"@type":"WebSite","@id":"https:\/\/www.africa-press.net\/burkina-faso\/#website","url":"https:\/\/www.africa-press.net\/burkina-faso\/","name":"Burkina Faso","description":"Just another Africa News Agency Sites site","potentialAction":[{"@type":"SearchAction","target":{"@type":"EntryPoint","urlTemplate":"https:\/\/www.africa-press.net\/burkina-faso\/?s={search_term_string}"},"query-input":{"@type":"PropertyValueSpecification","valueRequired":true,"valueName":"search_term_string"}}],"inLanguage":"fr-FR"},{"@type":"Person","@id":"https:\/\/www.africa-press.net\/burkina-faso\/#\/schema\/person\/2b1cf3cd81a31e3cd26889ca66d677f1","name":"cfeditorfr"}]}},"_links":{"self":[{"href":"https:\/\/www.africa-press.net\/burkina-faso\/wp-json\/wp\/v2\/posts\/10119","targetHints":{"allow":["GET"]}}],"collection":[{"href":"https:\/\/www.africa-press.net\/burkina-faso\/wp-json\/wp\/v2\/posts"}],"about":[{"href":"https:\/\/www.africa-press.net\/burkina-faso\/wp-json\/wp\/v2\/types\/post"}],"author":[{"embeddable":true,"href":"https:\/\/www.africa-press.net\/burkina-faso\/wp-json\/wp\/v2\/users\/82"}],"replies":[{"embeddable":true,"href":"https:\/\/www.africa-press.net\/burkina-faso\/wp-json\/wp\/v2\/comments?post=10119"}],"version-history":[{"count":0,"href":"https:\/\/www.africa-press.net\/burkina-faso\/wp-json\/wp\/v2\/posts\/10119\/revisions"}],"wp:featuredmedia":[{"embeddable":true,"href":"https:\/\/www.africa-press.net\/burkina-faso\/wp-json\/wp\/v2\/media\/10118"}],"wp:attachment":[{"href":"https:\/\/www.africa-press.net\/burkina-faso\/wp-json\/wp\/v2\/media?parent=10119"}],"wp:term":[{"taxonomy":"category","embeddable":true,"href":"https:\/\/www.africa-press.net\/burkina-faso\/wp-json\/wp\/v2\/categories?post=10119"},{"taxonomy":"post_tag","embeddable":true,"href":"https:\/\/www.africa-press.net\/burkina-faso\/wp-json\/wp\/v2\/tags?post=10119"}],"curies":[{"name":"wp","href":"https:\/\/api.w.org\/{rel}","templated":true}]}}