{"id":10122,"date":"2021-04-18T16:28:07","date_gmt":"2021-04-18T16:28:07","guid":{"rendered":"https:\/\/www.africa-press.net\/burkina-faso\/?p=10122"},"modified":"2021-04-18T16:56:23","modified_gmt":"2021-04-18T16:56:23","slug":"nutrition-un-nouveau-projet-pour-prevenir-le-retard-de-croissance-chez-les-enfants-au-burkina","status":"publish","type":"post","link":"https:\/\/www.africa-press.net\/burkina-faso\/toutes-les-actualites\/nutrition-un-nouveau-projet-pour-prevenir-le-retard-de-croissance-chez-les-enfants-au-burkina","title":{"rendered":"Nutrition : Un nouveau projet pour pr\u00e9venir le retard de croissance chez les enfants au Burkina"},"content":{"rendered":"<p><span style=\"color: #ff6600\"><strong><a href=\"https:\/\/www.africa-press.net\/\">Africa-Press<\/a> &#8211; <a href=\"https:\/\/www.africa-press.net\/burkina-faso\">Burkina Faso<\/a>. <\/strong><\/span><b>Ce vendredi 16 avril 2021 est intervenu \u00e0 Ouagadougou le lancement du projet \u00ab Approche multisectorielle pour la pr\u00e9vention du retard de croissance dans les districts sanitaires de Fada N\u2019Gourma, Zorgho et Ziniar\u00e9 \u00bb. C\u2019\u00e9tait en pr\u00e9sence de la secr\u00e9taire technique charg\u00e9e de la nutrition, Dr Ella Compaor\u00e9, et du Repr\u00e9sentant r\u00e9sident adjoint de l\u2019UNICEF au Burkina Faso, Dr James Mugaju.<\/b><\/p>\n<p>La malnutrition constitue un r\u00e9el probl\u00e8me de sant\u00e9 publique au Burkina Faso. De nombreux efforts ont \u00e9t\u00e9 consentis pour r\u00e9duire sa pr\u00e9valence sous toutes ses formes. Ainsi selon les r\u00e9sultats de l\u2019enqu\u00eate nutritionnelle nationale, la pr\u00e9valence de la malnutrition aigu\u00eb globale est pass\u00e9e de 11,3% en 2009 \u00e0 9,1 % en 2020, celle du retard de croissance est pass\u00e9e de 35,1% en 2009 \u00e0 24,9% en 2020, toujours au-dessus du seuil de l\u2019OMS qui est de 20%.<\/p>\n<p>La malnutrition s\u2019explique par plusieurs causes comme les maladies, l\u2019ins\u00e9curit\u00e9 alimentaire, les pratiques d\u2019alimentation inappropri\u00e9es, les mauvaises conditions d\u2019hygi\u00e8ne et d\u2019assainissement. Toutes ces causes ont un impact n\u00e9gatif sur la survie et le d\u00e9veloppement des enfants avec un risque \u00e9lev\u00e9 de morbi-mortalit\u00e9. \u00ab Vu le caract\u00e8re multifactoriel de la malnutrition et sur la base d\u2019\u00e9vidences scientifiques, nous sommes d\u00e9sormais conscients que la mise en \u0153uvre des interventions sp\u00e9cifiques de nutrition \u00e0 elles seules ne permettent pas d\u2019am\u00e9liorer durablement la situation nutritionnelle des populations en particulier des groupes vuln\u00e9rables. L\u2019approche multisectorielle s\u2019av\u00e8re donc n\u00e9cessaire pour obtenir de meilleurs r\u00e9sultats en mettant \u00e0 contribution tous les acteurs des diff\u00e9rents secteurs concern\u00e9s \u00bb, foi du secr\u00e9taire g\u00e9n\u00e9ral du minist\u00e8re de la Sant\u00e9 repr\u00e9sent\u00e9 par la secr\u00e9taire technique charg\u00e9e de la nutrition, Dr Ella Compaor\u00e9.<\/p>\n<p>Et c\u2019est ce qui explique l\u2019adoption de la politique nationale multisectorielle de nutrition (2020-2029) et son plan strat\u00e9gique (2020-2024) et le plan de passage \u00e0 l\u2019\u00e9chelle de promotion des pratiques optimales d\u2019alimentation du nourrisson et du jeune enfant (2013-2025).<br \/>\nLe projet \u00ab Approche multisectorielle pour la pr\u00e9vention du retard de croissance dans les districts sanitaires de Fada N\u2019Gourma, Zorgho et Ziniar\u00e9 \u00bb lanc\u00e9 ce 16 avril 2021 est la r\u00e9sultante d\u2019un financement de la Fondation Bill et Melinda Gates d\u2019une dur\u00e9e de quatre ans, qui permettra de renforcer l\u2019accompagnement de l\u2019UNICEF au minist\u00e8re de la Sant\u00e9 pour la mise en \u0153uvre des strat\u00e9gies nationales de nutrition.<\/p>\n<p>A en croire le Repr\u00e9sentant adjoint de l\u2019UNICEF au Burkina Faso, Dr James Mugaju, cet accompagnement de l\u2019UNICEF qui se trouve renforcer par le soutien financier de la Fondation Bill et Melinda Gates se fonde sur quatre \u00e9l\u00e9ments-cl\u00e9s que sont : l\u2019appropriation par le gouvernement, le renforcement des syst\u00e8mes de sant\u00e9, le renforcement de la gouvernance locale et la cocr\u00e9ation des solutions avec les communaut\u00e9s.<\/p>\n<p>\u00ab Les objectifs et les axes d\u2019interventions de ce programme sont align\u00e9s \u00e0 l\u2019accord de partenariat sign\u00e9 en 2019 entre le gouvernement du Burkina Faso et la Fondation Bill et Melinda Gates pour soutenir le d\u00e9veloppement du capital humain en mettant l\u2019accent sur la fen\u00eatre d\u2019opportunit\u00e9s des 1000 jours (p\u00e9riode de la grossesse \u00e0 l\u2019\u00e2ge de 2 ans de l\u2019enfant) \u00bb, indique Dr Mugaju. En effet, selon Dr Compaor\u00e9, \u00ab dans le but d\u2019am\u00e9liorer les conditions de vie des enfants, la pr\u00e9vention du retard de croissance en ciblant la fen\u00eatre d\u2019opportunit\u00e9 des 1000 jours constitue la porte d\u2019entr\u00e9e \u00e0 d\u2019autres interventions de sant\u00e9 communautaire et de promotion d\u2019une bonne hygi\u00e8ne et assainissement \u00bb.<\/p>\n<p>Les interventions pr\u00e9vues dans le cadre du projet contribueront donc \u00e0 atteindre non seulement les r\u00e9sultats de nutrition, mais \u00e9galement de sant\u00e9 et d\u2019eau, hygi\u00e8ne et assainissement en mettant l\u2019accent sur le renforcement de la plateforme communautaire. Les interventions de sant\u00e9, d\u2019eau, hygi\u00e8ne et assainissement seront d\u2019ailleurs int\u00e9gr\u00e9es dans les plans communaux de d\u00e9veloppement.<\/p>\n<p>A l\u2019issue de la mise en \u0153uvre dans ces trois districts sanitaires (Fada N\u2019Gourma, Zorgho et Ziniar\u00e9), la mod\u00e9lisation des interventions sera capitalis\u00e9e en vue d\u2019un passage \u00e0 l\u2019\u00e9chelle au niveau national.<\/p>\n<p><b>Justine Bonkoungou<br \/>\n<\/b><\/p>\n","protected":false},"excerpt":{"rendered":"<p>Africa-Press &#8211; Burkina Faso. Ce vendredi 16 avril 2021 est intervenu \u00e0 Ouagadougou le lancement du projet \u00ab Approche multisectorielle pour la pr\u00e9vention du retard de croissance dans les districts sanitaires de Fada N\u2019Gourma, Zorgho et Ziniar\u00e9 \u00bb. C\u2019\u00e9tait en pr\u00e9sence de la secr\u00e9taire technique charg\u00e9e de la nutrition, Dr Ella Compaor\u00e9, et du Repr\u00e9sentant [&hellip;]<\/p>\n","protected":false},"author":82,"featured_media":10121,"comment_status":"open","ping_status":"closed","sticky":false,"template":"","format":"standard","meta":{"footnotes":""},"categories":[21,11,10],"tags":[111,725,29],"class_list":["post-10122","post","type-post","status-publish","format-standard","has-post-thumbnail","hentry","category-communaute","category-homepage-french","category-toutes-les-actualites","tag-africa-press","tag-africa-press-burkina-faso","tag-burkina-faso"],"yoast_head":"<!-- This site is optimized with the Yoast SEO Premium plugin v26.1 (Yoast SEO v27.0) - https:\/\/yoast.com\/product\/yoast-seo-premium-wordpress\/ -->\n<title>Nutrition : Un nouveau projet pour pr\u00e9venir le retard de croissance chez les enfants au Burkina - Burkina Faso<\/title>\n<meta name=\"description\" content=\"Ce vendredi 16 avril 2021 est intervenu \u00e0 Ouagadougou le lancement du projet \u00ab Approche multisectorielle pour la pr\u00e9v ...\" \/>\n<meta name=\"robots\" content=\"index, follow, max-snippet:-1, max-image-preview:large, max-video-preview:-1\" \/>\n<link rel=\"canonical\" href=\"https:\/\/www.africa-press.net\/burkina-faso\/toutes-les-actualites\/nutrition-un-nouveau-projet-pour-prevenir-le-retard-de-croissance-chez-les-enfants-au-burkina\" \/>\n<meta property=\"og:locale\" content=\"fr_FR\" \/>\n<meta property=\"og:type\" content=\"article\" \/>\n<meta property=\"og:title\" content=\"Nutrition : Un nouveau projet pour pr\u00e9venir le retard de croissance chez les enfants au Burkina\" \/>\n<meta property=\"og:description\" content=\"Ce vendredi 16 avril 2021 est intervenu \u00e0 Ouagadougou le lancement du projet \u00ab Approche multisectorielle pour la pr\u00e9v ...\" \/>\n<meta property=\"og:url\" content=\"https:\/\/www.africa-press.net\/burkina-faso\/toutes-les-actualites\/nutrition-un-nouveau-projet-pour-prevenir-le-retard-de-croissance-chez-les-enfants-au-burkina\" \/>\n<meta property=\"og:site_name\" content=\"Burkina Faso\" \/>\n<meta property=\"article:published_time\" content=\"2021-04-18T16:28:07+00:00\" \/>\n<meta property=\"article:modified_time\" content=\"2021-04-18T16:56:23+00:00\" \/>\n<meta property=\"og:image\" content=\"https:\/\/static.africa-press.net\/burkina\/sites\/42\/2021\/04\/img-607c53b7ca89e.jpg\" \/>\n\t<meta property=\"og:image:width\" content=\"720\" \/>\n\t<meta property=\"og:image:height\" content=\"405\" \/>\n\t<meta property=\"og:image:type\" content=\"image\/jpeg\" \/>\n<meta name=\"author\" content=\"cfeditorfr\" \/>\n<meta name=\"twitter:card\" content=\"summary_large_image\" \/>\n<meta name=\"twitter:label1\" content=\"\u00c9crit par\" \/>\n\t<meta name=\"twitter:data1\" content=\"cfeditorfr\" \/>\n\t<meta name=\"twitter:label2\" content=\"Dur\u00e9e de lecture estim\u00e9e\" \/>\n\t<meta name=\"twitter:data2\" content=\"4 minutes\" \/>\n<script type=\"application\/ld+json\" class=\"yoast-schema-graph\">{\"@context\":\"https:\/\/schema.org\",\"@graph\":[{\"@type\":\"Article\",\"@id\":\"https:\/\/www.africa-press.net\/burkina-faso\/toutes-les-actualites\/nutrition-un-nouveau-projet-pour-prevenir-le-retard-de-croissance-chez-les-enfants-au-burkina#article\",\"isPartOf\":{\"@id\":\"https:\/\/www.africa-press.net\/burkina-faso\/toutes-les-actualites\/nutrition-un-nouveau-projet-pour-prevenir-le-retard-de-croissance-chez-les-enfants-au-burkina\"},\"author\":{\"name\":\"cfeditorfr\",\"@id\":\"https:\/\/www.africa-press.net\/burkina-faso\/#\/schema\/person\/2b1cf3cd81a31e3cd26889ca66d677f1\"},\"headline\":\"Nutrition : Un nouveau projet pour pr\u00e9venir le retard de croissance chez les enfants au Burkina\",\"datePublished\":\"2021-04-18T16:28:07+00:00\",\"dateModified\":\"2021-04-18T16:56:23+00:00\",\"mainEntityOfPage\":{\"@id\":\"https:\/\/www.africa-press.net\/burkina-faso\/toutes-les-actualites\/nutrition-un-nouveau-projet-pour-prevenir-le-retard-de-croissance-chez-les-enfants-au-burkina\"},\"wordCount\":734,\"commentCount\":0,\"image\":{\"@id\":\"https:\/\/www.africa-press.net\/burkina-faso\/toutes-les-actualites\/nutrition-un-nouveau-projet-pour-prevenir-le-retard-de-croissance-chez-les-enfants-au-burkina#primaryimage\"},\"thumbnailUrl\":\"https:\/\/static.africa-press.net\/burkina\/sites\/42\/2021\/04\/img-607c53b7ca89e.jpg\",\"keywords\":[\"Africa Press\",\"Africa Press-Burkina Faso\",\"Burkina Faso\"],\"articleSection\":[\"Communaut\u00e9\",\"homepage-french\",\"Toutes les actualit\u00e9s\"],\"inLanguage\":\"fr-FR\",\"potentialAction\":[{\"@type\":\"CommentAction\",\"name\":\"Comment\",\"target\":[\"https:\/\/www.africa-press.net\/burkina-faso\/toutes-les-actualites\/nutrition-un-nouveau-projet-pour-prevenir-le-retard-de-croissance-chez-les-enfants-au-burkina#respond\"]}]},{\"@type\":\"WebPage\",\"@id\":\"https:\/\/www.africa-press.net\/burkina-faso\/toutes-les-actualites\/nutrition-un-nouveau-projet-pour-prevenir-le-retard-de-croissance-chez-les-enfants-au-burkina\",\"url\":\"https:\/\/www.africa-press.net\/burkina-faso\/toutes-les-actualites\/nutrition-un-nouveau-projet-pour-prevenir-le-retard-de-croissance-chez-les-enfants-au-burkina\",\"name\":\"Nutrition : Un nouveau projet pour pr\u00e9venir le retard de croissance chez les enfants au Burkina - Burkina Faso\",\"isPartOf\":{\"@id\":\"https:\/\/www.africa-press.net\/burkina-faso\/#website\"},\"primaryImageOfPage\":{\"@id\":\"https:\/\/www.africa-press.net\/burkina-faso\/toutes-les-actualites\/nutrition-un-nouveau-projet-pour-prevenir-le-retard-de-croissance-chez-les-enfants-au-burkina#primaryimage\"},\"image\":{\"@id\":\"https:\/\/www.africa-press.net\/burkina-faso\/toutes-les-actualites\/nutrition-un-nouveau-projet-pour-prevenir-le-retard-de-croissance-chez-les-enfants-au-burkina#primaryimage\"},\"thumbnailUrl\":\"https:\/\/static.africa-press.net\/burkina\/sites\/42\/2021\/04\/img-607c53b7ca89e.jpg\",\"datePublished\":\"2021-04-18T16:28:07+00:00\",\"dateModified\":\"2021-04-18T16:56:23+00:00\",\"author\":{\"@id\":\"https:\/\/www.africa-press.net\/burkina-faso\/#\/schema\/person\/2b1cf3cd81a31e3cd26889ca66d677f1\"},\"description\":\"Ce vendredi 16 avril 2021 est intervenu \u00e0 Ouagadougou le lancement du projet \u00ab Approche multisectorielle pour la pr\u00e9v ...\",\"breadcrumb\":{\"@id\":\"https:\/\/www.africa-press.net\/burkina-faso\/toutes-les-actualites\/nutrition-un-nouveau-projet-pour-prevenir-le-retard-de-croissance-chez-les-enfants-au-burkina#breadcrumb\"},\"inLanguage\":\"fr-FR\",\"potentialAction\":[{\"@type\":\"ReadAction\",\"target\":[\"https:\/\/www.africa-press.net\/burkina-faso\/toutes-les-actualites\/nutrition-un-nouveau-projet-pour-prevenir-le-retard-de-croissance-chez-les-enfants-au-burkina\"]}]},{\"@type\":\"ImageObject\",\"inLanguage\":\"fr-FR\",\"@id\":\"https:\/\/www.africa-press.net\/burkina-faso\/toutes-les-actualites\/nutrition-un-nouveau-projet-pour-prevenir-le-retard-de-croissance-chez-les-enfants-au-burkina#primaryimage\",\"url\":\"https:\/\/static.africa-press.net\/burkina\/sites\/42\/2021\/04\/img-607c53b7ca89e.jpg\",\"contentUrl\":\"https:\/\/static.africa-press.net\/burkina\/sites\/42\/2021\/04\/img-607c53b7ca89e.jpg\",\"width\":720,\"height\":405,\"caption\":\"Nutrition : Un nouveau projet pour pr\u00e9venir le retard de croissance chez les enfants au Burkina\"},{\"@type\":\"BreadcrumbList\",\"@id\":\"https:\/\/www.africa-press.net\/burkina-faso\/toutes-les-actualites\/nutrition-un-nouveau-projet-pour-prevenir-le-retard-de-croissance-chez-les-enfants-au-burkina#breadcrumb\",\"itemListElement\":[{\"@type\":\"ListItem\",\"position\":1,\"name\":\"Accueil\",\"item\":\"https:\/\/www.africa-press.net\/burkina-faso\/\"},{\"@type\":\"ListItem\",\"position\":2,\"name\":\"Nutrition : Un nouveau projet pour pr\u00e9venir le retard de croissance chez les enfants au Burkina\"}]},{\"@type\":\"WebSite\",\"@id\":\"https:\/\/www.africa-press.net\/burkina-faso\/#website\",\"url\":\"https:\/\/www.africa-press.net\/burkina-faso\/\",\"name\":\"Burkina Faso\",\"description\":\"Just another Africa News Agency Sites site\",\"potentialAction\":[{\"@type\":\"SearchAction\",\"target\":{\"@type\":\"EntryPoint\",\"urlTemplate\":\"https:\/\/www.africa-press.net\/burkina-faso\/?s={search_term_string}\"},\"query-input\":{\"@type\":\"PropertyValueSpecification\",\"valueRequired\":true,\"valueName\":\"search_term_string\"}}],\"inLanguage\":\"fr-FR\"},{\"@type\":\"Person\",\"@id\":\"https:\/\/www.africa-press.net\/burkina-faso\/#\/schema\/person\/2b1cf3cd81a31e3cd26889ca66d677f1\",\"name\":\"cfeditorfr\"}]}<\/script>\n<!-- \/ Yoast SEO Premium plugin. -->","yoast_head_json":{"title":"Nutrition : Un nouveau projet pour pr\u00e9venir le retard de croissance chez les enfants au Burkina - Burkina Faso","description":"Ce vendredi 16 avril 2021 est intervenu \u00e0 Ouagadougou le lancement du projet \u00ab Approche multisectorielle pour la pr\u00e9v ...","robots":{"index":"index","follow":"follow","max-snippet":"max-snippet:-1","max-image-preview":"max-image-preview:large","max-video-preview":"max-video-preview:-1"},"canonical":"https:\/\/www.africa-press.net\/burkina-faso\/toutes-les-actualites\/nutrition-un-nouveau-projet-pour-prevenir-le-retard-de-croissance-chez-les-enfants-au-burkina","og_locale":"fr_FR","og_type":"article","og_title":"Nutrition : Un nouveau projet pour pr\u00e9venir le retard de croissance chez les enfants au Burkina","og_description":"Ce vendredi 16 avril 2021 est intervenu \u00e0 Ouagadougou le lancement du projet \u00ab Approche multisectorielle pour la pr\u00e9v ...","og_url":"https:\/\/www.africa-press.net\/burkina-faso\/toutes-les-actualites\/nutrition-un-nouveau-projet-pour-prevenir-le-retard-de-croissance-chez-les-enfants-au-burkina","og_site_name":"Burkina Faso","article_published_time":"2021-04-18T16:28:07+00:00","article_modified_time":"2021-04-18T16:56:23+00:00","og_image":[{"width":720,"height":405,"url":"https:\/\/static.africa-press.net\/burkina\/sites\/42\/2021\/04\/img-607c53b7ca89e.jpg","type":"image\/jpeg"}],"author":"cfeditorfr","twitter_card":"summary_large_image","twitter_misc":{"\u00c9crit par":"cfeditorfr","Dur\u00e9e de lecture estim\u00e9e":"4 minutes"},"schema":{"@context":"https:\/\/schema.org","@graph":[{"@type":"Article","@id":"https:\/\/www.africa-press.net\/burkina-faso\/toutes-les-actualites\/nutrition-un-nouveau-projet-pour-prevenir-le-retard-de-croissance-chez-les-enfants-au-burkina#article","isPartOf":{"@id":"https:\/\/www.africa-press.net\/burkina-faso\/toutes-les-actualites\/nutrition-un-nouveau-projet-pour-prevenir-le-retard-de-croissance-chez-les-enfants-au-burkina"},"author":{"name":"cfeditorfr","@id":"https:\/\/www.africa-press.net\/burkina-faso\/#\/schema\/person\/2b1cf3cd81a31e3cd26889ca66d677f1"},"headline":"Nutrition : Un nouveau projet pour pr\u00e9venir le retard de croissance chez les enfants au Burkina","datePublished":"2021-04-18T16:28:07+00:00","dateModified":"2021-04-18T16:56:23+00:00","mainEntityOfPage":{"@id":"https:\/\/www.africa-press.net\/burkina-faso\/toutes-les-actualites\/nutrition-un-nouveau-projet-pour-prevenir-le-retard-de-croissance-chez-les-enfants-au-burkina"},"wordCount":734,"commentCount":0,"image":{"@id":"https:\/\/www.africa-press.net\/burkina-faso\/toutes-les-actualites\/nutrition-un-nouveau-projet-pour-prevenir-le-retard-de-croissance-chez-les-enfants-au-burkina#primaryimage"},"thumbnailUrl":"https:\/\/static.africa-press.net\/burkina\/sites\/42\/2021\/04\/img-607c53b7ca89e.jpg","keywords":["Africa Press","Africa Press-Burkina Faso","Burkina Faso"],"articleSection":["Communaut\u00e9","homepage-french","Toutes les actualit\u00e9s"],"inLanguage":"fr-FR","potentialAction":[{"@type":"CommentAction","name":"Comment","target":["https:\/\/www.africa-press.net\/burkina-faso\/toutes-les-actualites\/nutrition-un-nouveau-projet-pour-prevenir-le-retard-de-croissance-chez-les-enfants-au-burkina#respond"]}]},{"@type":"WebPage","@id":"https:\/\/www.africa-press.net\/burkina-faso\/toutes-les-actualites\/nutrition-un-nouveau-projet-pour-prevenir-le-retard-de-croissance-chez-les-enfants-au-burkina","url":"https:\/\/www.africa-press.net\/burkina-faso\/toutes-les-actualites\/nutrition-un-nouveau-projet-pour-prevenir-le-retard-de-croissance-chez-les-enfants-au-burkina","name":"Nutrition : Un nouveau projet pour pr\u00e9venir le retard de croissance chez les enfants au Burkina - Burkina Faso","isPartOf":{"@id":"https:\/\/www.africa-press.net\/burkina-faso\/#website"},"primaryImageOfPage":{"@id":"https:\/\/www.africa-press.net\/burkina-faso\/toutes-les-actualites\/nutrition-un-nouveau-projet-pour-prevenir-le-retard-de-croissance-chez-les-enfants-au-burkina#primaryimage"},"image":{"@id":"https:\/\/www.africa-press.net\/burkina-faso\/toutes-les-actualites\/nutrition-un-nouveau-projet-pour-prevenir-le-retard-de-croissance-chez-les-enfants-au-burkina#primaryimage"},"thumbnailUrl":"https:\/\/static.africa-press.net\/burkina\/sites\/42\/2021\/04\/img-607c53b7ca89e.jpg","datePublished":"2021-04-18T16:28:07+00:00","dateModified":"2021-04-18T16:56:23+00:00","author":{"@id":"https:\/\/www.africa-press.net\/burkina-faso\/#\/schema\/person\/2b1cf3cd81a31e3cd26889ca66d677f1"},"description":"Ce vendredi 16 avril 2021 est intervenu \u00e0 Ouagadougou le lancement du projet \u00ab Approche multisectorielle pour la pr\u00e9v ...","breadcrumb":{"@id":"https:\/\/www.africa-press.net\/burkina-faso\/toutes-les-actualites\/nutrition-un-nouveau-projet-pour-prevenir-le-retard-de-croissance-chez-les-enfants-au-burkina#breadcrumb"},"inLanguage":"fr-FR","potentialAction":[{"@type":"ReadAction","target":["https:\/\/www.africa-press.net\/burkina-faso\/toutes-les-actualites\/nutrition-un-nouveau-projet-pour-prevenir-le-retard-de-croissance-chez-les-enfants-au-burkina"]}]},{"@type":"ImageObject","inLanguage":"fr-FR","@id":"https:\/\/www.africa-press.net\/burkina-faso\/toutes-les-actualites\/nutrition-un-nouveau-projet-pour-prevenir-le-retard-de-croissance-chez-les-enfants-au-burkina#primaryimage","url":"https:\/\/static.africa-press.net\/burkina\/sites\/42\/2021\/04\/img-607c53b7ca89e.jpg","contentUrl":"https:\/\/static.africa-press.net\/burkina\/sites\/42\/2021\/04\/img-607c53b7ca89e.jpg","width":720,"height":405,"caption":"Nutrition : Un nouveau projet pour pr\u00e9venir le retard de croissance chez les enfants au Burkina"},{"@type":"BreadcrumbList","@id":"https:\/\/www.africa-press.net\/burkina-faso\/toutes-les-actualites\/nutrition-un-nouveau-projet-pour-prevenir-le-retard-de-croissance-chez-les-enfants-au-burkina#breadcrumb","itemListElement":[{"@type":"ListItem","position":1,"name":"Accueil","item":"https:\/\/www.africa-press.net\/burkina-faso\/"},{"@type":"ListItem","position":2,"name":"Nutrition : Un nouveau projet pour pr\u00e9venir le retard de croissance chez les enfants au Burkina"}]},{"@type":"WebSite","@id":"https:\/\/www.africa-press.net\/burkina-faso\/#website","url":"https:\/\/www.africa-press.net\/burkina-faso\/","name":"Burkina Faso","description":"Just another Africa News Agency Sites site","potentialAction":[{"@type":"SearchAction","target":{"@type":"EntryPoint","urlTemplate":"https:\/\/www.africa-press.net\/burkina-faso\/?s={search_term_string}"},"query-input":{"@type":"PropertyValueSpecification","valueRequired":true,"valueName":"search_term_string"}}],"inLanguage":"fr-FR"},{"@type":"Person","@id":"https:\/\/www.africa-press.net\/burkina-faso\/#\/schema\/person\/2b1cf3cd81a31e3cd26889ca66d677f1","name":"cfeditorfr"}]}},"_links":{"self":[{"href":"https:\/\/www.africa-press.net\/burkina-faso\/wp-json\/wp\/v2\/posts\/10122","targetHints":{"allow":["GET"]}}],"collection":[{"href":"https:\/\/www.africa-press.net\/burkina-faso\/wp-json\/wp\/v2\/posts"}],"about":[{"href":"https:\/\/www.africa-press.net\/burkina-faso\/wp-json\/wp\/v2\/types\/post"}],"author":[{"embeddable":true,"href":"https:\/\/www.africa-press.net\/burkina-faso\/wp-json\/wp\/v2\/users\/82"}],"replies":[{"embeddable":true,"href":"https:\/\/www.africa-press.net\/burkina-faso\/wp-json\/wp\/v2\/comments?post=10122"}],"version-history":[{"count":0,"href":"https:\/\/www.africa-press.net\/burkina-faso\/wp-json\/wp\/v2\/posts\/10122\/revisions"}],"wp:featuredmedia":[{"embeddable":true,"href":"https:\/\/www.africa-press.net\/burkina-faso\/wp-json\/wp\/v2\/media\/10121"}],"wp:attachment":[{"href":"https:\/\/www.africa-press.net\/burkina-faso\/wp-json\/wp\/v2\/media?parent=10122"}],"wp:term":[{"taxonomy":"category","embeddable":true,"href":"https:\/\/www.africa-press.net\/burkina-faso\/wp-json\/wp\/v2\/categories?post=10122"},{"taxonomy":"post_tag","embeddable":true,"href":"https:\/\/www.africa-press.net\/burkina-faso\/wp-json\/wp\/v2\/tags?post=10122"}],"curies":[{"name":"wp","href":"https:\/\/api.w.org\/{rel}","templated":true}]}}