{"id":10128,"date":"2021-04-18T16:43:29","date_gmt":"2021-04-18T16:43:29","guid":{"rendered":"https:\/\/www.africa-press.net\/burkina-faso\/?p=10128"},"modified":"2021-04-18T16:56:50","modified_gmt":"2021-04-18T16:56:50","slug":"burkina-faso-loni-se-rapproche-des-populations-dans-la-region-du-centre-nord","status":"publish","type":"post","link":"https:\/\/www.africa-press.net\/burkina-faso\/toutes-les-actualites\/burkina-faso-loni-se-rapproche-des-populations-dans-la-region-du-centre-nord","title":{"rendered":"L\u2019ONI se rapproche des populations dans la r\u00e9gion du \u00a0Centre-Nord"},"content":{"rendered":"<p><span style=\"color: #ff6600\"><strong><a href=\"https:\/\/www.africa-press.net\/\">Africa-Press<\/a> &#8211; <a href=\"https:\/\/www.africa-press.net\/burkina-faso\">Burkina Faso<\/a>. <\/strong><\/span>La r\u00e9gion du Centre-Nord dispose d\u00e9sormais d\u2019une antenne r\u00e9gionale de l\u2019Office National d\u2019Identification (ONI). L\u2019ouverture officielle de l\u2019antenne a eu lieu ce vendredi 16 avril 2021, \u00e0 Kaya, au cours d\u2019une c\u00e9r\u00e9monie pr\u00e9sid\u00e9e par le ministre de la s\u00e9curit\u00e9 et parrain\u00e9e par le ministre l\u2019\u00e9nergie.<\/p>\n<p>Dans le souci de rapprocher les populations des services d\u2019identification, l\u2019Antenne r\u00e9gionale de l\u2019Office National d\u2019Identification (ONI) du Centre-Nord a \u00e9t\u00e9 ouverte ce vendredi 16 avril 2021. En effet, cette antenne s\u2019inscrit dans le processus de d\u00e9concentration de ses services engag\u00e9 par la Direction g\u00e9n\u00e9rale de l\u2019Office National d\u2019Identification, dans cinq r\u00e9gions administratives du Burkina Faso, dont la R\u00e9gion du Centre-Nord.<\/p>\n<p>Selon le ministre la s\u00e9curit\u00e9 et pr\u00e9sident de la c\u00e9r\u00e9monie, Ousseni Compaor\u00e9, la politique du gouvernement est de rapprocher les services des populations.<\/p>\n<p>\u00ab C\u2019est r\u00e9duire les distances entre les prestataires du service du gouvernement et la population. C\u2019est dans ce cadre que l\u2019antenne du Centre-Nord a \u00e9t\u00e9 ouverte. On n\u2019aura pas besoin de prendre le car pour aller \u00e0 Ouagadougou retirer sa carte d\u2019identit\u00e9. C\u2019est sur place ici \u00e0 Kaya que tout sera produit avec la m\u00eame qualit\u00e9 que si c\u2019\u00e9tait \u00e0 Ouagadougou \u00bb, a-t-il affirm\u00e9.<\/p>\n<p>L\u2019implantation de l\u2019antenne permettra de satisfaire avec diligence aux besoins d\u2019un tr\u00e8s grand nombre de demandeurs de CNIB du Centre-Nord (3 millions d\u2019habitants, selon le dernier recensement) et aussi du Sahel.<\/p>\n<p>Le Directeur g\u00e9n\u00e9ral de l\u2019ONI, Aristide B\u00e9r\u00e9 a laiss\u00e9 entendre que deux crit\u00e8res ont conduit \u00e0 l\u2019implantation de cette antenne. Il s\u2019agit de l\u2019\u00e9loignement et de la taille de la population. \u00ab Nous souhaitons que cette r\u00e9gion du Centre-Nord puisse embrasser aussi les demandes venant de la r\u00e9gion du Sahel de fa\u00e7on temporelle, de sorte \u00e0 ce qu\u2019avant que la r\u00e9gion du Sahel n\u2019ait sa propre antenne, qu\u2019elle puisse enregistrer et sortir les cartes des deux r\u00e9gions du Centre-Nord et du Sahel \u00bb, a-t-il affirm\u00e9 en d\u00e9clinant l\u2019ambition du nouveau centre de production, qui est de passer de 1000 cartes par jour \u00e0 au moins 2000 cartes, \u00e0 l\u2019\u00e9ch\u00e9ance de septembre 2021.<\/p>\n<p>L\u2019antenne de la r\u00e9gion du Centre-Nord est install\u00e9e. Cependant, le probl\u00e8me de personnes n\u2019ayant plus de document de base pour l\u2019\u00e9tablissement des CNIB se pose toujours. C\u2019est pourquoi le DG de l\u2019ONI a rassur\u00e9 sur le d\u00e9but d\u2019une concertation entre les structures concern\u00e9es, depuis 2019, et sa poursuite en vue de trouver une solution.<\/p>\n<p>\u00ab Nous avons 14 millions de personnes dans notre base de donn\u00e9es et lorsque vous int\u00e9grez la base de donn\u00e9es de l\u2019ONI, vous ne pouvez plus y entrer avec d\u2019autres donn\u00e9es alpha num\u00e9riques, sauf sur autorisation de la justice.<\/p>\n<p>La question est multidimensionnelle et ne pourra trouver une solution d\u00e9finitive que par une synergie d\u2019action entre le minist\u00e8re de l\u2019administration territoriale, charg\u00e9 des collectivit\u00e9s et de la gestion de l\u2019\u00e9tat civil, le minist\u00e8re de la justice qui chapeaute l\u2019ensemble de l\u2019\u00e9tat civil et bien \u00e9videmment le minist\u00e8re de la s\u00e9curit\u00e9 \u00e0 travers l\u2019ONI. Nous travaillons pour faire en sorte que les populations puissent avoir la carte d\u2019identit\u00e9, mais aussi assurer une unicit\u00e9 de la personne dans la base de donn\u00e9es \u00bb, a expliqu\u00e9 Aristide B\u00e9r\u00e9.<\/p>\n<p>L\u2019ONI a \u00e9t\u00e9 cr\u00e9\u00e9e en 2004 et avait \u00e0 son actif deux centres jusqu\u2019en 2021. Il s\u2019agit de Ouagadougou et de Bobo-Dioulasso. Les perspectives l\u2019ONI sont de poursuivre la d\u00e9concentration de son service en utilisant les crit\u00e8res de la distance et de la taille de la population. Alice Suglimani THIOMBIANO<\/p>\n","protected":false},"excerpt":{"rendered":"<p>Africa-Press &#8211; Burkina Faso. La r\u00e9gion du Centre-Nord dispose d\u00e9sormais d\u2019une antenne r\u00e9gionale de l\u2019Office National d\u2019Identification (ONI). L\u2019ouverture officielle de l\u2019antenne a eu lieu ce vendredi 16 avril 2021, \u00e0 Kaya, au cours d\u2019une c\u00e9r\u00e9monie pr\u00e9sid\u00e9e par le ministre de la s\u00e9curit\u00e9 et parrain\u00e9e par le ministre l\u2019\u00e9nergie. Dans le souci de rapprocher les [&hellip;]<\/p>\n","protected":false},"author":82,"featured_media":10127,"comment_status":"open","ping_status":"closed","sticky":false,"template":"","format":"standard","meta":{"footnotes":""},"categories":[21,11,10],"tags":[111,725,29],"class_list":["post-10128","post","type-post","status-publish","format-standard","has-post-thumbnail","hentry","category-communaute","category-homepage-french","category-toutes-les-actualites","tag-africa-press","tag-africa-press-burkina-faso","tag-burkina-faso"],"yoast_head":"<!-- This site is optimized with the Yoast SEO Premium plugin v26.1 (Yoast SEO v27.0) - https:\/\/yoast.com\/product\/yoast-seo-premium-wordpress\/ -->\n<title>L\u2019ONI se rapproche des populations dans la r\u00e9gion du \u00a0Centre-Nord - Burkina Faso<\/title>\n<meta name=\"description\" content=\"La r\u00e9gion du Centre-Nord dispose d\u00e9sormais d\u2019une antenne r\u00e9gionale de l\u2019Office National d\u2019Identification (ONI). L\u2019ouvert ...\" \/>\n<meta name=\"robots\" content=\"index, follow, max-snippet:-1, max-image-preview:large, max-video-preview:-1\" \/>\n<link rel=\"canonical\" href=\"https:\/\/www.africa-press.net\/burkina-faso\/toutes-les-actualites\/burkina-faso-loni-se-rapproche-des-populations-dans-la-region-du-centre-nord\" \/>\n<meta property=\"og:locale\" content=\"fr_FR\" \/>\n<meta property=\"og:type\" content=\"article\" \/>\n<meta property=\"og:title\" content=\"L\u2019ONI se rapproche des populations dans la r\u00e9gion du \u00a0Centre-Nord\" \/>\n<meta property=\"og:description\" content=\"La r\u00e9gion du Centre-Nord dispose d\u00e9sormais d\u2019une antenne r\u00e9gionale de l\u2019Office National d\u2019Identification (ONI). L\u2019ouvert ...\" \/>\n<meta property=\"og:url\" content=\"https:\/\/www.africa-press.net\/burkina-faso\/toutes-les-actualites\/burkina-faso-loni-se-rapproche-des-populations-dans-la-region-du-centre-nord\" \/>\n<meta property=\"og:site_name\" content=\"Burkina Faso\" \/>\n<meta property=\"article:published_time\" content=\"2021-04-18T16:43:29+00:00\" \/>\n<meta property=\"article:modified_time\" content=\"2021-04-18T16:56:50+00:00\" \/>\n<meta property=\"og:image\" content=\"https:\/\/static.africa-press.net\/burkina\/sites\/42\/2021\/04\/img-607c54083fd6b.jpg\" \/>\n\t<meta property=\"og:image:width\" content=\"750\" \/>\n\t<meta property=\"og:image:height\" content=\"458\" \/>\n\t<meta property=\"og:image:type\" content=\"image\/jpeg\" \/>\n<meta name=\"author\" content=\"cfeditorfr\" \/>\n<meta name=\"twitter:card\" content=\"summary_large_image\" \/>\n<meta name=\"twitter:label1\" content=\"\u00c9crit par\" \/>\n\t<meta name=\"twitter:data1\" content=\"cfeditorfr\" \/>\n\t<meta name=\"twitter:label2\" content=\"Dur\u00e9e de lecture estim\u00e9e\" \/>\n\t<meta name=\"twitter:data2\" content=\"3 minutes\" \/>\n<script type=\"application\/ld+json\" class=\"yoast-schema-graph\">{\"@context\":\"https:\/\/schema.org\",\"@graph\":[{\"@type\":\"Article\",\"@id\":\"https:\/\/www.africa-press.net\/burkina-faso\/toutes-les-actualites\/burkina-faso-loni-se-rapproche-des-populations-dans-la-region-du-centre-nord#article\",\"isPartOf\":{\"@id\":\"https:\/\/www.africa-press.net\/burkina-faso\/toutes-les-actualites\/burkina-faso-loni-se-rapproche-des-populations-dans-la-region-du-centre-nord\"},\"author\":{\"name\":\"cfeditorfr\",\"@id\":\"https:\/\/www.africa-press.net\/burkina-faso\/#\/schema\/person\/2b1cf3cd81a31e3cd26889ca66d677f1\"},\"headline\":\"L\u2019ONI se rapproche des populations dans la r\u00e9gion du \u00a0Centre-Nord\",\"datePublished\":\"2021-04-18T16:43:29+00:00\",\"dateModified\":\"2021-04-18T16:56:50+00:00\",\"mainEntityOfPage\":{\"@id\":\"https:\/\/www.africa-press.net\/burkina-faso\/toutes-les-actualites\/burkina-faso-loni-se-rapproche-des-populations-dans-la-region-du-centre-nord\"},\"wordCount\":660,\"commentCount\":0,\"image\":{\"@id\":\"https:\/\/www.africa-press.net\/burkina-faso\/toutes-les-actualites\/burkina-faso-loni-se-rapproche-des-populations-dans-la-region-du-centre-nord#primaryimage\"},\"thumbnailUrl\":\"https:\/\/static.africa-press.net\/burkina\/sites\/42\/2021\/04\/img-607c54083fd6b.jpg\",\"keywords\":[\"Africa Press\",\"Africa Press-Burkina Faso\",\"Burkina Faso\"],\"articleSection\":[\"Communaut\u00e9\",\"homepage-french\",\"Toutes les actualit\u00e9s\"],\"inLanguage\":\"fr-FR\",\"potentialAction\":[{\"@type\":\"CommentAction\",\"name\":\"Comment\",\"target\":[\"https:\/\/www.africa-press.net\/burkina-faso\/toutes-les-actualites\/burkina-faso-loni-se-rapproche-des-populations-dans-la-region-du-centre-nord#respond\"]}]},{\"@type\":\"WebPage\",\"@id\":\"https:\/\/www.africa-press.net\/burkina-faso\/toutes-les-actualites\/burkina-faso-loni-se-rapproche-des-populations-dans-la-region-du-centre-nord\",\"url\":\"https:\/\/www.africa-press.net\/burkina-faso\/toutes-les-actualites\/burkina-faso-loni-se-rapproche-des-populations-dans-la-region-du-centre-nord\",\"name\":\"L\u2019ONI se rapproche des populations dans la r\u00e9gion du \u00a0Centre-Nord - Burkina Faso\",\"isPartOf\":{\"@id\":\"https:\/\/www.africa-press.net\/burkina-faso\/#website\"},\"primaryImageOfPage\":{\"@id\":\"https:\/\/www.africa-press.net\/burkina-faso\/toutes-les-actualites\/burkina-faso-loni-se-rapproche-des-populations-dans-la-region-du-centre-nord#primaryimage\"},\"image\":{\"@id\":\"https:\/\/www.africa-press.net\/burkina-faso\/toutes-les-actualites\/burkina-faso-loni-se-rapproche-des-populations-dans-la-region-du-centre-nord#primaryimage\"},\"thumbnailUrl\":\"https:\/\/static.africa-press.net\/burkina\/sites\/42\/2021\/04\/img-607c54083fd6b.jpg\",\"datePublished\":\"2021-04-18T16:43:29+00:00\",\"dateModified\":\"2021-04-18T16:56:50+00:00\",\"author\":{\"@id\":\"https:\/\/www.africa-press.net\/burkina-faso\/#\/schema\/person\/2b1cf3cd81a31e3cd26889ca66d677f1\"},\"description\":\"La r\u00e9gion du Centre-Nord dispose d\u00e9sormais d\u2019une antenne r\u00e9gionale de l\u2019Office National d\u2019Identification (ONI). L\u2019ouvert ...\",\"breadcrumb\":{\"@id\":\"https:\/\/www.africa-press.net\/burkina-faso\/toutes-les-actualites\/burkina-faso-loni-se-rapproche-des-populations-dans-la-region-du-centre-nord#breadcrumb\"},\"inLanguage\":\"fr-FR\",\"potentialAction\":[{\"@type\":\"ReadAction\",\"target\":[\"https:\/\/www.africa-press.net\/burkina-faso\/toutes-les-actualites\/burkina-faso-loni-se-rapproche-des-populations-dans-la-region-du-centre-nord\"]}]},{\"@type\":\"ImageObject\",\"inLanguage\":\"fr-FR\",\"@id\":\"https:\/\/www.africa-press.net\/burkina-faso\/toutes-les-actualites\/burkina-faso-loni-se-rapproche-des-populations-dans-la-region-du-centre-nord#primaryimage\",\"url\":\"https:\/\/static.africa-press.net\/burkina\/sites\/42\/2021\/04\/img-607c54083fd6b.jpg\",\"contentUrl\":\"https:\/\/static.africa-press.net\/burkina\/sites\/42\/2021\/04\/img-607c54083fd6b.jpg\",\"width\":750,\"height\":458,\"caption\":\"Burkina\u00a0Faso : L\u2019ONI se rapproche des populations dans la r\u00e9gion du \u00a0Centre-Nord\"},{\"@type\":\"BreadcrumbList\",\"@id\":\"https:\/\/www.africa-press.net\/burkina-faso\/toutes-les-actualites\/burkina-faso-loni-se-rapproche-des-populations-dans-la-region-du-centre-nord#breadcrumb\",\"itemListElement\":[{\"@type\":\"ListItem\",\"position\":1,\"name\":\"Accueil\",\"item\":\"https:\/\/www.africa-press.net\/burkina-faso\/\"},{\"@type\":\"ListItem\",\"position\":2,\"name\":\"L\u2019ONI se rapproche des populations dans la r\u00e9gion du \u00a0Centre-Nord\"}]},{\"@type\":\"WebSite\",\"@id\":\"https:\/\/www.africa-press.net\/burkina-faso\/#website\",\"url\":\"https:\/\/www.africa-press.net\/burkina-faso\/\",\"name\":\"Burkina Faso\",\"description\":\"Just another Africa News Agency Sites site\",\"potentialAction\":[{\"@type\":\"SearchAction\",\"target\":{\"@type\":\"EntryPoint\",\"urlTemplate\":\"https:\/\/www.africa-press.net\/burkina-faso\/?s={search_term_string}\"},\"query-input\":{\"@type\":\"PropertyValueSpecification\",\"valueRequired\":true,\"valueName\":\"search_term_string\"}}],\"inLanguage\":\"fr-FR\"},{\"@type\":\"Person\",\"@id\":\"https:\/\/www.africa-press.net\/burkina-faso\/#\/schema\/person\/2b1cf3cd81a31e3cd26889ca66d677f1\",\"name\":\"cfeditorfr\"}]}<\/script>\n<!-- \/ Yoast SEO Premium plugin. -->","yoast_head_json":{"title":"L\u2019ONI se rapproche des populations dans la r\u00e9gion du \u00a0Centre-Nord - Burkina Faso","description":"La r\u00e9gion du Centre-Nord dispose d\u00e9sormais d\u2019une antenne r\u00e9gionale de l\u2019Office National d\u2019Identification (ONI). L\u2019ouvert ...","robots":{"index":"index","follow":"follow","max-snippet":"max-snippet:-1","max-image-preview":"max-image-preview:large","max-video-preview":"max-video-preview:-1"},"canonical":"https:\/\/www.africa-press.net\/burkina-faso\/toutes-les-actualites\/burkina-faso-loni-se-rapproche-des-populations-dans-la-region-du-centre-nord","og_locale":"fr_FR","og_type":"article","og_title":"L\u2019ONI se rapproche des populations dans la r\u00e9gion du \u00a0Centre-Nord","og_description":"La r\u00e9gion du Centre-Nord dispose d\u00e9sormais d\u2019une antenne r\u00e9gionale de l\u2019Office National d\u2019Identification (ONI). L\u2019ouvert ...","og_url":"https:\/\/www.africa-press.net\/burkina-faso\/toutes-les-actualites\/burkina-faso-loni-se-rapproche-des-populations-dans-la-region-du-centre-nord","og_site_name":"Burkina Faso","article_published_time":"2021-04-18T16:43:29+00:00","article_modified_time":"2021-04-18T16:56:50+00:00","og_image":[{"width":750,"height":458,"url":"https:\/\/static.africa-press.net\/burkina\/sites\/42\/2021\/04\/img-607c54083fd6b.jpg","type":"image\/jpeg"}],"author":"cfeditorfr","twitter_card":"summary_large_image","twitter_misc":{"\u00c9crit par":"cfeditorfr","Dur\u00e9e de lecture estim\u00e9e":"3 minutes"},"schema":{"@context":"https:\/\/schema.org","@graph":[{"@type":"Article","@id":"https:\/\/www.africa-press.net\/burkina-faso\/toutes-les-actualites\/burkina-faso-loni-se-rapproche-des-populations-dans-la-region-du-centre-nord#article","isPartOf":{"@id":"https:\/\/www.africa-press.net\/burkina-faso\/toutes-les-actualites\/burkina-faso-loni-se-rapproche-des-populations-dans-la-region-du-centre-nord"},"author":{"name":"cfeditorfr","@id":"https:\/\/www.africa-press.net\/burkina-faso\/#\/schema\/person\/2b1cf3cd81a31e3cd26889ca66d677f1"},"headline":"L\u2019ONI se rapproche des populations dans la r\u00e9gion du \u00a0Centre-Nord","datePublished":"2021-04-18T16:43:29+00:00","dateModified":"2021-04-18T16:56:50+00:00","mainEntityOfPage":{"@id":"https:\/\/www.africa-press.net\/burkina-faso\/toutes-les-actualites\/burkina-faso-loni-se-rapproche-des-populations-dans-la-region-du-centre-nord"},"wordCount":660,"commentCount":0,"image":{"@id":"https:\/\/www.africa-press.net\/burkina-faso\/toutes-les-actualites\/burkina-faso-loni-se-rapproche-des-populations-dans-la-region-du-centre-nord#primaryimage"},"thumbnailUrl":"https:\/\/static.africa-press.net\/burkina\/sites\/42\/2021\/04\/img-607c54083fd6b.jpg","keywords":["Africa Press","Africa Press-Burkina Faso","Burkina Faso"],"articleSection":["Communaut\u00e9","homepage-french","Toutes les actualit\u00e9s"],"inLanguage":"fr-FR","potentialAction":[{"@type":"CommentAction","name":"Comment","target":["https:\/\/www.africa-press.net\/burkina-faso\/toutes-les-actualites\/burkina-faso-loni-se-rapproche-des-populations-dans-la-region-du-centre-nord#respond"]}]},{"@type":"WebPage","@id":"https:\/\/www.africa-press.net\/burkina-faso\/toutes-les-actualites\/burkina-faso-loni-se-rapproche-des-populations-dans-la-region-du-centre-nord","url":"https:\/\/www.africa-press.net\/burkina-faso\/toutes-les-actualites\/burkina-faso-loni-se-rapproche-des-populations-dans-la-region-du-centre-nord","name":"L\u2019ONI se rapproche des populations dans la r\u00e9gion du \u00a0Centre-Nord - Burkina Faso","isPartOf":{"@id":"https:\/\/www.africa-press.net\/burkina-faso\/#website"},"primaryImageOfPage":{"@id":"https:\/\/www.africa-press.net\/burkina-faso\/toutes-les-actualites\/burkina-faso-loni-se-rapproche-des-populations-dans-la-region-du-centre-nord#primaryimage"},"image":{"@id":"https:\/\/www.africa-press.net\/burkina-faso\/toutes-les-actualites\/burkina-faso-loni-se-rapproche-des-populations-dans-la-region-du-centre-nord#primaryimage"},"thumbnailUrl":"https:\/\/static.africa-press.net\/burkina\/sites\/42\/2021\/04\/img-607c54083fd6b.jpg","datePublished":"2021-04-18T16:43:29+00:00","dateModified":"2021-04-18T16:56:50+00:00","author":{"@id":"https:\/\/www.africa-press.net\/burkina-faso\/#\/schema\/person\/2b1cf3cd81a31e3cd26889ca66d677f1"},"description":"La r\u00e9gion du Centre-Nord dispose d\u00e9sormais d\u2019une antenne r\u00e9gionale de l\u2019Office National d\u2019Identification (ONI). L\u2019ouvert ...","breadcrumb":{"@id":"https:\/\/www.africa-press.net\/burkina-faso\/toutes-les-actualites\/burkina-faso-loni-se-rapproche-des-populations-dans-la-region-du-centre-nord#breadcrumb"},"inLanguage":"fr-FR","potentialAction":[{"@type":"ReadAction","target":["https:\/\/www.africa-press.net\/burkina-faso\/toutes-les-actualites\/burkina-faso-loni-se-rapproche-des-populations-dans-la-region-du-centre-nord"]}]},{"@type":"ImageObject","inLanguage":"fr-FR","@id":"https:\/\/www.africa-press.net\/burkina-faso\/toutes-les-actualites\/burkina-faso-loni-se-rapproche-des-populations-dans-la-region-du-centre-nord#primaryimage","url":"https:\/\/static.africa-press.net\/burkina\/sites\/42\/2021\/04\/img-607c54083fd6b.jpg","contentUrl":"https:\/\/static.africa-press.net\/burkina\/sites\/42\/2021\/04\/img-607c54083fd6b.jpg","width":750,"height":458,"caption":"Burkina\u00a0Faso : L\u2019ONI se rapproche des populations dans la r\u00e9gion du \u00a0Centre-Nord"},{"@type":"BreadcrumbList","@id":"https:\/\/www.africa-press.net\/burkina-faso\/toutes-les-actualites\/burkina-faso-loni-se-rapproche-des-populations-dans-la-region-du-centre-nord#breadcrumb","itemListElement":[{"@type":"ListItem","position":1,"name":"Accueil","item":"https:\/\/www.africa-press.net\/burkina-faso\/"},{"@type":"ListItem","position":2,"name":"L\u2019ONI se rapproche des populations dans la r\u00e9gion du \u00a0Centre-Nord"}]},{"@type":"WebSite","@id":"https:\/\/www.africa-press.net\/burkina-faso\/#website","url":"https:\/\/www.africa-press.net\/burkina-faso\/","name":"Burkina Faso","description":"Just another Africa News Agency Sites site","potentialAction":[{"@type":"SearchAction","target":{"@type":"EntryPoint","urlTemplate":"https:\/\/www.africa-press.net\/burkina-faso\/?s={search_term_string}"},"query-input":{"@type":"PropertyValueSpecification","valueRequired":true,"valueName":"search_term_string"}}],"inLanguage":"fr-FR"},{"@type":"Person","@id":"https:\/\/www.africa-press.net\/burkina-faso\/#\/schema\/person\/2b1cf3cd81a31e3cd26889ca66d677f1","name":"cfeditorfr"}]}},"_links":{"self":[{"href":"https:\/\/www.africa-press.net\/burkina-faso\/wp-json\/wp\/v2\/posts\/10128","targetHints":{"allow":["GET"]}}],"collection":[{"href":"https:\/\/www.africa-press.net\/burkina-faso\/wp-json\/wp\/v2\/posts"}],"about":[{"href":"https:\/\/www.africa-press.net\/burkina-faso\/wp-json\/wp\/v2\/types\/post"}],"author":[{"embeddable":true,"href":"https:\/\/www.africa-press.net\/burkina-faso\/wp-json\/wp\/v2\/users\/82"}],"replies":[{"embeddable":true,"href":"https:\/\/www.africa-press.net\/burkina-faso\/wp-json\/wp\/v2\/comments?post=10128"}],"version-history":[{"count":0,"href":"https:\/\/www.africa-press.net\/burkina-faso\/wp-json\/wp\/v2\/posts\/10128\/revisions"}],"wp:featuredmedia":[{"embeddable":true,"href":"https:\/\/www.africa-press.net\/burkina-faso\/wp-json\/wp\/v2\/media\/10127"}],"wp:attachment":[{"href":"https:\/\/www.africa-press.net\/burkina-faso\/wp-json\/wp\/v2\/media?parent=10128"}],"wp:term":[{"taxonomy":"category","embeddable":true,"href":"https:\/\/www.africa-press.net\/burkina-faso\/wp-json\/wp\/v2\/categories?post=10128"},{"taxonomy":"post_tag","embeddable":true,"href":"https:\/\/www.africa-press.net\/burkina-faso\/wp-json\/wp\/v2\/tags?post=10128"}],"curies":[{"name":"wp","href":"https:\/\/api.w.org\/{rel}","templated":true}]}}