{"id":10143,"date":"2021-04-18T17:25:08","date_gmt":"2021-04-18T17:25:08","guid":{"rendered":"https:\/\/www.africa-press.net\/burkina-faso\/?p=10143"},"modified":"2021-04-18T16:57:45","modified_gmt":"2021-04-18T16:57:45","slug":"dossier-thomas-sankara-34-ans-apres-enfin-le-proces","status":"publish","type":"post","link":"https:\/\/www.africa-press.net\/burkina-faso\/politique\/dossier-thomas-sankara-34-ans-apres-enfin-le-proces","title":{"rendered":"Dossier Thomas Sankara : 34 ans apr\u00e8s, enfin le proc\u00e8s ?"},"content":{"rendered":"<p><span style=\"color: #ff6600\"><strong><a href=\"https:\/\/www.africa-press.net\/\">Africa-Press<\/a> &#8211; <a href=\"https:\/\/www.africa-press.net\/burkina-faso\">Burkina Faso<\/a>. <\/strong><\/span><b>Le mardi 13 avril 2021, la chambre d\u2019accusation du tribunal militaire a rendu public son d\u00e9lib\u00e9r\u00e9 qui met en accusation 14 personnes dans le dossier Thomas Sankara et ses douze collaborateurs tu\u00e9s au sein du conseil de l\u2019Entente. Les appr\u00e9ciations sont diverses sur ce proc\u00e8s \u00e0 venir dont la date n\u2019a pas \u00e9t\u00e9 communiqu\u00e9e, qui vient sur le tard et qui bouleverse le calendrier politique par le renforcement d\u2019une option que certains \u00e9cartaient du volet de la r\u00e9conciliation.<\/b><\/p>\n<p>Le temps a \u00e9t\u00e9 long, les plus sceptiques n\u2019y croyaient plus, mais l\u2019horizon semble enfin s\u2019\u00e9claircir pour que justice soit faite. Et c\u2019est une bonne chose, pour les parents des victimes, pour notre pays et pour l\u2019humanit\u00e9. Depuis que des jeunes trentenaires ont pris le pouvoir dans la nuit du 4 ao\u00fbt 1983, un certain nombre de comportements contraires au respect de la vie se sont install\u00e9s dans les m\u0153urs politiques de notre pays.<\/p>\n<p>La prise du pouvoir du capitaine Blaise Compaor\u00e9 le 15 octobre 1987 dans un bain de sang a depuis fait du pays, le royaume de spectres, de disparus, d\u2019assassin\u00e9s, et du Conseil de l\u2019entente, l\u00e0 o\u00f9 se trouve le M\u00e9morial Thomas Sankara, un endroit sinistre o\u00f9 beaucoup de braves fils du pays sont entr\u00e9s dans le monde des ombres. Des morts qui n\u2019ont pas encore eu une s\u00e9pulture digne.<\/p>\n<p>Des personnes d\u00e9c\u00e9d\u00e9es dont les d\u00e9pouilles n\u2019ont pas \u00e9t\u00e9 remises \u00e0 leurs familles. Lesquelles familles ne connaissent pas les tombes des d\u00e9funts. Des morts, dont on n\u2019a pas encore fait le deuil, parce que les parents, les amis, la famille, la soci\u00e9t\u00e9 burkinab\u00e8 ignorent les conditions de leur d\u00e9part de notre monde. Ces \u00ab morts ne sont pas morts \u00bb, \u00ab ils sont parmi nous \u00bb et ont hant\u00e9 nos vies et la politique de notre pays.<\/p>\n<p>Nos croyances ancestrales, nos valeurs exigent la v\u00e9rit\u00e9 sur ces crimes, pour qu\u2019on leur dise adieu, et qu\u2019ils puissent enfin reposer en paix. Le futur proc\u00e8s sera un moment douloureux, o\u00f9 le deuil pourra se faire par l\u2019annonce de la v\u00e9rit\u00e9. La justice militaire devrait pr\u00e9voir une \u00e9quipe de soutien psychologique pour les familles des victimes du 15 octobre 1987 qui assisteront au proc\u00e8s.<\/p>\n<p><b>\u00c9crire au fronton des palais pr\u00e9sidentiels la valeur sacr\u00e9e de la vie<\/b><\/p>\n<p>Cette mise en accusation est une bonne nouvelle. La justice de notre pays, avec notre peuple vient de faire un pas important dans la lutte contre l\u2019impunit\u00e9. C\u2019est un sursaut contre le slogan des tueurs de l\u2019\u00e9poque qui disaient \u00ab tu fais, on te fait \u00bb, traduit en fran\u00e7ais facile, on te fait, c\u2019est on te tue, et ils ajoutaient pariant sur l\u2019avenir, et il n\u2019y a rien. C\u2019est l\u00e0 qu\u2019ils se sont tromp\u00e9s, m\u00eame, si c\u2019est 34 ans apr\u00e8s, le pays refuse de laisser ces crimes impunis, il faut saluer cet effort.<\/p>\n<p>Ce jugement \u00e0 venir sera une catharsis pour tous. La justice a plusieurs fonctions et juger les crimes du 15 octobre 1987 est une le\u00e7on et un h\u00e9ritage que l\u2019on va donner \u00e0 notre jeunesse. Les le\u00e7ons sur la valeur sacr\u00e9e de la vie, sur l\u2019importance de l\u2019amiti\u00e9, et la relativit\u00e9 des opinions politiques entre autres sortiront de ce proc\u00e8s. On ne devrait pas prendre la vie de quelqu\u2019un pour des divergences de vue politique.<\/p>\n<p>\u00c9teindre les lampes de la vie de treize camarades pour prendre le pouvoir ne devrait plus se faire dans ce pays. Et comment comprendre que ce n\u2019est pas l\u00e9gitime et juste de le faire, si ceux qui l\u2019ont fait ne sont pas jug\u00e9s ? R\u00e9clamer justice n\u2019est pas un cri de vengeance, c\u2019est un devoir moral et \u00e9thique auquel notre peuple ne s\u2019est pas soustrait. C\u2019est la justice qui sauve la soci\u00e9t\u00e9 et la pr\u00e9serve. C\u2019est elle qui sanctionne les comportements interdits, et ce faisant, enseigne et dissuade de les faire, pour prot\u00e9ger la soci\u00e9t\u00e9.<\/p>\n<p><b>Des accus\u00e9s absents du pays<\/b><\/p>\n<p>Hyacinthe Kafando, et l\u2019ancien pr\u00e9sident Blaise Compaor\u00e9 seront probablement les grands absents du proc\u00e8s. L\u2019un a dirig\u00e9 l\u2019\u00e9quipe meurtri\u00e8re du conseil de l\u2019Entente, l\u2019autre est le cerveau et le principal b\u00e9n\u00e9ficiaire de l\u2019assassinat de son pr\u00e9d\u00e9cesseur. Ils peuvent choisir de ne pas faire face \u00e0 leurs responsabilit\u00e9s, sous pr\u00e9texte qu\u2019ils ne font pas confiance \u00e0 la justice de leur pays.<\/p>\n<p>Et pourtant le tribunal militaire offre des conditions d\u2019un proc\u00e8s \u00e9quitable par le respect du contradictoire, la pr\u00e9sence d\u2019avocats, la pr\u00e9somption d\u2019innocence, la possibilit\u00e9 de recours et la proportionnalit\u00e9 des peines, etc. Gilbert Diend\u00e9r\u00e9 qui est un ancien client de ce tribunal et qui fait partie des mis en accusation peut en t\u00e9moigner.<\/p>\n<p>Mais en refusant de venir s\u2019expliquer et de r\u00e9futer les \u00e9l\u00e9ments qui les accusent, nos deux exil\u00e9s perdent non seulement une chance de prouver leur innocence, mais ils sont coupables de l\u00e2chet\u00e9, surtout pour celui qui a exerc\u00e9 les plus hautes fonctions \u00e0 la t\u00eate du pays. Accepter de venir dire publiquement la v\u00e9rit\u00e9, est une des conditions qui peut ouvrir la porte de la r\u00e9conciliation. Mais comment convaincre de sa bonne foi, de son innocence et de sa sinc\u00e9rit\u00e9, si on refuse de dire ce que l\u2019on a fait et de demander pardon ?<\/p>\n<p><b>Juger les crimes du 15 octobre 87 et la r\u00e9conciliation<\/b><\/p>\n<p>Ce travail de mise en accusation de l\u2019ancien pr\u00e9sident Blaise Compaor\u00e9 vient \u00e9clairer ce que certains esp\u00e9raient de la r\u00e9conciliation nationale. Ceux qui s\u2019\u00e9tonnent que la justice avance, alors qu\u2019on parle de r\u00e9conciliation, \u00e9taient les m\u00eames qui nous disaient que la r\u00e9conciliation n\u2019\u00e9tait pas une entente entre politiciens pour \u00e9chapper \u00e0 la justice. Veut-on d\u2019un arrangement entre vivants au d\u00e9triment de ceux qui sont partis, sous pr\u00e9texte qu\u2019ils sont morts, qu\u2019ils ne peuvent b\u00e9n\u00e9ficier d\u2019une justice commutative, ou d\u2019une r\u00e9paration quelconque ?<\/p>\n<p>C\u2019est le lieu pour nous de r\u00e9fl\u00e9chir sur notre conception de la justice, de mettre des balises sur le chemin des hommes politiques dans leur action envers leurs concitoyens quand ils sont au pouvoir. Juger le dossier Thomas Sankara, c\u2019est offrir \u00e0 notre jeunesse et au monde, ce que la communaut\u00e9 politique de notre pays a fait de laid, d\u2019immonde et d\u2019injuste. Par le proc\u00e8s, par la justice, nous exposerons aussi \u00e0 la face du monde que nous pouvons produire et donner du bonheur aux diff\u00e9rents membres de la soci\u00e9t\u00e9. En ce sens que la soci\u00e9t\u00e9, le pays tout entier aura d\u00e9clar\u00e9 que ce n\u2019est pas juste et bien de prendre la vie de son prochain par l\u2019interm\u00e9diaire des juges, qui examinent et prononcent leur sentence au nom du peuple.<\/p>\n<p><b>Le sang de l\u2019ic\u00f4ne africaine ne sera plus sur les mains de tous les Burkinab\u00e8<\/b><\/p>\n<p>Apr\u00e8s la mort de Thomas Sankara, voyager \u00e0 l\u2019\u00e9tranger avec le passeport burkinab\u00e8 vous attirait la vindicte langagi\u00e8re de vos h\u00f4tes. Le pays \u00e9tait trait\u00e9 de criminel et tous ses habitants avec. Des Burkinab\u00e8 se sont vus chass\u00e9s de bars \u00e0 Harlem (New York) par le tenancier et les clients. Le proc\u00e8s va laver cette opprobre imm\u00e9rit\u00e9e en jugeant les assassins.<\/p>\n<p>Si Thomas Sankara \u00e9tait c\u00e9l\u00e8bre par son action, sa mort a d\u00e9cupl\u00e9 son pouvoir de fascination. Les circonstances de cette mise \u00e0 mort rest\u00e9es longtemps inconnues, racont\u00e9es \u00e0 voix basse, ou par des t\u00e9moins qui se cachaient, en ont fait une \u00ab sc\u00e8ne historique \u00bb plus intense, plus dramatique qu\u2019une fiction, que des dramaturges et des sc\u00e9naristes auraient pu inventer. Un jeune et beau pr\u00e9sident charismatique tu\u00e9 par des soldats \u00e0 la solde de son \u00ab fr\u00e8re et ami \u00bb, qui plus est, \u00e9tait son second, celui par qui, il est arriv\u00e9 au pouvoir. \u00c9limin\u00e9 seulement quatre ans apr\u00e8s avoir pris le pouvoir et voulu tout changer comme le roi Christophe (d\u2019Aim\u00e9 C\u00e9saire). L\u2019histoire reste \u00e0 \u00e9crire, le proc\u00e8s devrait \u00e9tablir la v\u00e9rit\u00e9 sur les circonstances, les r\u00f4les et attributions des diff\u00e9rents protagonistes dans cette page sombre de l\u2019histoire du pays.<\/p>\n<p><b>Sana Guy<br \/>\n<\/b><\/p>\n","protected":false},"excerpt":{"rendered":"<p>Africa-Press &#8211; Burkina Faso. Le mardi 13 avril 2021, la chambre d\u2019accusation du tribunal militaire a rendu public son d\u00e9lib\u00e9r\u00e9 qui met en accusation 14 personnes dans le dossier Thomas Sankara et ses douze collaborateurs tu\u00e9s au sein du conseil de l\u2019Entente. Les appr\u00e9ciations sont diverses sur ce proc\u00e8s \u00e0 venir dont la date n\u2019a [&hellip;]<\/p>\n","protected":false},"author":82,"featured_media":10142,"comment_status":"open","ping_status":"closed","sticky":false,"template":"","format":"standard","meta":{"footnotes":""},"categories":[11,2,10],"tags":[111,725,29],"class_list":["post-10143","post","type-post","status-publish","format-standard","has-post-thumbnail","hentry","category-homepage-french","category-politique","category-toutes-les-actualites","tag-africa-press","tag-africa-press-burkina-faso","tag-burkina-faso"],"yoast_head":"<!-- This site is optimized with the Yoast SEO Premium plugin v26.1 (Yoast SEO v27.0) - https:\/\/yoast.com\/product\/yoast-seo-premium-wordpress\/ -->\n<title>Dossier Thomas Sankara : 34 ans apr\u00e8s, enfin le proc\u00e8s ? - Burkina Faso<\/title>\n<meta name=\"description\" content=\"Le mardi 13 avril 2021, la chambre d\u2019accusation du tribunal militaire a rendu public son d\u00e9lib\u00e9r\u00e9 qui met en accusati ...\" \/>\n<meta name=\"robots\" content=\"index, follow, max-snippet:-1, max-image-preview:large, max-video-preview:-1\" \/>\n<link rel=\"canonical\" href=\"https:\/\/www.africa-press.net\/burkina-faso\/politique\/dossier-thomas-sankara-34-ans-apres-enfin-le-proces\" \/>\n<meta property=\"og:locale\" content=\"fr_FR\" \/>\n<meta property=\"og:type\" content=\"article\" \/>\n<meta property=\"og:title\" content=\"Dossier Thomas Sankara : 34 ans apr\u00e8s, enfin le proc\u00e8s ?\" \/>\n<meta property=\"og:description\" content=\"Le mardi 13 avril 2021, la chambre d\u2019accusation du tribunal militaire a rendu public son d\u00e9lib\u00e9r\u00e9 qui met en accusati ...\" \/>\n<meta property=\"og:url\" content=\"https:\/\/www.africa-press.net\/burkina-faso\/politique\/dossier-thomas-sankara-34-ans-apres-enfin-le-proces\" \/>\n<meta property=\"og:site_name\" content=\"Burkina Faso\" \/>\n<meta property=\"article:published_time\" content=\"2021-04-18T17:25:08+00:00\" \/>\n<meta property=\"og:image\" content=\"https:\/\/static.africa-press.net\/burkina\/sites\/42\/2021\/04\/img-607c54e59446a.jpg\" \/>\n\t<meta property=\"og:image:width\" content=\"720\" \/>\n\t<meta property=\"og:image:height\" content=\"479\" \/>\n\t<meta property=\"og:image:type\" content=\"image\/jpeg\" \/>\n<meta name=\"author\" content=\"cfeditorfr\" \/>\n<meta name=\"twitter:card\" content=\"summary_large_image\" \/>\n<meta name=\"twitter:label1\" content=\"\u00c9crit par\" \/>\n\t<meta name=\"twitter:data1\" content=\"cfeditorfr\" \/>\n\t<meta name=\"twitter:label2\" content=\"Dur\u00e9e de lecture estim\u00e9e\" \/>\n\t<meta name=\"twitter:data2\" content=\"7 minutes\" \/>\n<script type=\"application\/ld+json\" class=\"yoast-schema-graph\">{\"@context\":\"https:\/\/schema.org\",\"@graph\":[{\"@type\":\"Article\",\"@id\":\"https:\/\/www.africa-press.net\/burkina-faso\/politique\/dossier-thomas-sankara-34-ans-apres-enfin-le-proces#article\",\"isPartOf\":{\"@id\":\"https:\/\/www.africa-press.net\/burkina-faso\/politique\/dossier-thomas-sankara-34-ans-apres-enfin-le-proces\"},\"author\":{\"name\":\"cfeditorfr\",\"@id\":\"https:\/\/www.africa-press.net\/burkina-faso\/#\/schema\/person\/2b1cf3cd81a31e3cd26889ca66d677f1\"},\"headline\":\"Dossier Thomas Sankara : 34 ans apr\u00e8s, enfin le proc\u00e8s ?\",\"datePublished\":\"2021-04-18T17:25:08+00:00\",\"mainEntityOfPage\":{\"@id\":\"https:\/\/www.africa-press.net\/burkina-faso\/politique\/dossier-thomas-sankara-34-ans-apres-enfin-le-proces\"},\"wordCount\":1443,\"commentCount\":0,\"image\":{\"@id\":\"https:\/\/www.africa-press.net\/burkina-faso\/politique\/dossier-thomas-sankara-34-ans-apres-enfin-le-proces#primaryimage\"},\"thumbnailUrl\":\"https:\/\/static.africa-press.net\/burkina\/sites\/42\/2021\/04\/img-607c54e59446a.jpg\",\"keywords\":[\"Africa Press\",\"Africa Press-Burkina Faso\",\"Burkina Faso\"],\"articleSection\":[\"homepage-french\",\"Politique\",\"Toutes les actualit\u00e9s\"],\"inLanguage\":\"fr-FR\",\"potentialAction\":[{\"@type\":\"CommentAction\",\"name\":\"Comment\",\"target\":[\"https:\/\/www.africa-press.net\/burkina-faso\/politique\/dossier-thomas-sankara-34-ans-apres-enfin-le-proces#respond\"]}]},{\"@type\":\"WebPage\",\"@id\":\"https:\/\/www.africa-press.net\/burkina-faso\/politique\/dossier-thomas-sankara-34-ans-apres-enfin-le-proces\",\"url\":\"https:\/\/www.africa-press.net\/burkina-faso\/politique\/dossier-thomas-sankara-34-ans-apres-enfin-le-proces\",\"name\":\"Dossier Thomas Sankara : 34 ans apr\u00e8s, enfin le proc\u00e8s ? - Burkina Faso\",\"isPartOf\":{\"@id\":\"https:\/\/www.africa-press.net\/burkina-faso\/#website\"},\"primaryImageOfPage\":{\"@id\":\"https:\/\/www.africa-press.net\/burkina-faso\/politique\/dossier-thomas-sankara-34-ans-apres-enfin-le-proces#primaryimage\"},\"image\":{\"@id\":\"https:\/\/www.africa-press.net\/burkina-faso\/politique\/dossier-thomas-sankara-34-ans-apres-enfin-le-proces#primaryimage\"},\"thumbnailUrl\":\"https:\/\/static.africa-press.net\/burkina\/sites\/42\/2021\/04\/img-607c54e59446a.jpg\",\"datePublished\":\"2021-04-18T17:25:08+00:00\",\"author\":{\"@id\":\"https:\/\/www.africa-press.net\/burkina-faso\/#\/schema\/person\/2b1cf3cd81a31e3cd26889ca66d677f1\"},\"description\":\"Le mardi 13 avril 2021, la chambre d\u2019accusation du tribunal militaire a rendu public son d\u00e9lib\u00e9r\u00e9 qui met en accusati ...\",\"breadcrumb\":{\"@id\":\"https:\/\/www.africa-press.net\/burkina-faso\/politique\/dossier-thomas-sankara-34-ans-apres-enfin-le-proces#breadcrumb\"},\"inLanguage\":\"fr-FR\",\"potentialAction\":[{\"@type\":\"ReadAction\",\"target\":[\"https:\/\/www.africa-press.net\/burkina-faso\/politique\/dossier-thomas-sankara-34-ans-apres-enfin-le-proces\"]}]},{\"@type\":\"ImageObject\",\"inLanguage\":\"fr-FR\",\"@id\":\"https:\/\/www.africa-press.net\/burkina-faso\/politique\/dossier-thomas-sankara-34-ans-apres-enfin-le-proces#primaryimage\",\"url\":\"https:\/\/static.africa-press.net\/burkina\/sites\/42\/2021\/04\/img-607c54e59446a.jpg\",\"contentUrl\":\"https:\/\/static.africa-press.net\/burkina\/sites\/42\/2021\/04\/img-607c54e59446a.jpg\",\"width\":720,\"height\":479,\"caption\":\"Dossier Thomas Sankara : 34 ans apr\u00e8s, enfin le proc\u00e8s ?\"},{\"@type\":\"BreadcrumbList\",\"@id\":\"https:\/\/www.africa-press.net\/burkina-faso\/politique\/dossier-thomas-sankara-34-ans-apres-enfin-le-proces#breadcrumb\",\"itemListElement\":[{\"@type\":\"ListItem\",\"position\":1,\"name\":\"Accueil\",\"item\":\"https:\/\/www.africa-press.net\/burkina-faso\/\"},{\"@type\":\"ListItem\",\"position\":2,\"name\":\"Dossier Thomas Sankara : 34 ans apr\u00e8s, enfin le proc\u00e8s ?\"}]},{\"@type\":\"WebSite\",\"@id\":\"https:\/\/www.africa-press.net\/burkina-faso\/#website\",\"url\":\"https:\/\/www.africa-press.net\/burkina-faso\/\",\"name\":\"Burkina Faso\",\"description\":\"Just another Africa News Agency Sites site\",\"potentialAction\":[{\"@type\":\"SearchAction\",\"target\":{\"@type\":\"EntryPoint\",\"urlTemplate\":\"https:\/\/www.africa-press.net\/burkina-faso\/?s={search_term_string}\"},\"query-input\":{\"@type\":\"PropertyValueSpecification\",\"valueRequired\":true,\"valueName\":\"search_term_string\"}}],\"inLanguage\":\"fr-FR\"},{\"@type\":\"Person\",\"@id\":\"https:\/\/www.africa-press.net\/burkina-faso\/#\/schema\/person\/2b1cf3cd81a31e3cd26889ca66d677f1\",\"name\":\"cfeditorfr\"}]}<\/script>\n<!-- \/ Yoast SEO Premium plugin. -->","yoast_head_json":{"title":"Dossier Thomas Sankara : 34 ans apr\u00e8s, enfin le proc\u00e8s ? - Burkina Faso","description":"Le mardi 13 avril 2021, la chambre d\u2019accusation du tribunal militaire a rendu public son d\u00e9lib\u00e9r\u00e9 qui met en accusati ...","robots":{"index":"index","follow":"follow","max-snippet":"max-snippet:-1","max-image-preview":"max-image-preview:large","max-video-preview":"max-video-preview:-1"},"canonical":"https:\/\/www.africa-press.net\/burkina-faso\/politique\/dossier-thomas-sankara-34-ans-apres-enfin-le-proces","og_locale":"fr_FR","og_type":"article","og_title":"Dossier Thomas Sankara : 34 ans apr\u00e8s, enfin le proc\u00e8s ?","og_description":"Le mardi 13 avril 2021, la chambre d\u2019accusation du tribunal militaire a rendu public son d\u00e9lib\u00e9r\u00e9 qui met en accusati ...","og_url":"https:\/\/www.africa-press.net\/burkina-faso\/politique\/dossier-thomas-sankara-34-ans-apres-enfin-le-proces","og_site_name":"Burkina Faso","article_published_time":"2021-04-18T17:25:08+00:00","og_image":[{"width":720,"height":479,"url":"https:\/\/static.africa-press.net\/burkina\/sites\/42\/2021\/04\/img-607c54e59446a.jpg","type":"image\/jpeg"}],"author":"cfeditorfr","twitter_card":"summary_large_image","twitter_misc":{"\u00c9crit par":"cfeditorfr","Dur\u00e9e de lecture estim\u00e9e":"7 minutes"},"schema":{"@context":"https:\/\/schema.org","@graph":[{"@type":"Article","@id":"https:\/\/www.africa-press.net\/burkina-faso\/politique\/dossier-thomas-sankara-34-ans-apres-enfin-le-proces#article","isPartOf":{"@id":"https:\/\/www.africa-press.net\/burkina-faso\/politique\/dossier-thomas-sankara-34-ans-apres-enfin-le-proces"},"author":{"name":"cfeditorfr","@id":"https:\/\/www.africa-press.net\/burkina-faso\/#\/schema\/person\/2b1cf3cd81a31e3cd26889ca66d677f1"},"headline":"Dossier Thomas Sankara : 34 ans apr\u00e8s, enfin le proc\u00e8s ?","datePublished":"2021-04-18T17:25:08+00:00","mainEntityOfPage":{"@id":"https:\/\/www.africa-press.net\/burkina-faso\/politique\/dossier-thomas-sankara-34-ans-apres-enfin-le-proces"},"wordCount":1443,"commentCount":0,"image":{"@id":"https:\/\/www.africa-press.net\/burkina-faso\/politique\/dossier-thomas-sankara-34-ans-apres-enfin-le-proces#primaryimage"},"thumbnailUrl":"https:\/\/static.africa-press.net\/burkina\/sites\/42\/2021\/04\/img-607c54e59446a.jpg","keywords":["Africa Press","Africa Press-Burkina Faso","Burkina Faso"],"articleSection":["homepage-french","Politique","Toutes les actualit\u00e9s"],"inLanguage":"fr-FR","potentialAction":[{"@type":"CommentAction","name":"Comment","target":["https:\/\/www.africa-press.net\/burkina-faso\/politique\/dossier-thomas-sankara-34-ans-apres-enfin-le-proces#respond"]}]},{"@type":"WebPage","@id":"https:\/\/www.africa-press.net\/burkina-faso\/politique\/dossier-thomas-sankara-34-ans-apres-enfin-le-proces","url":"https:\/\/www.africa-press.net\/burkina-faso\/politique\/dossier-thomas-sankara-34-ans-apres-enfin-le-proces","name":"Dossier Thomas Sankara : 34 ans apr\u00e8s, enfin le proc\u00e8s ? - Burkina Faso","isPartOf":{"@id":"https:\/\/www.africa-press.net\/burkina-faso\/#website"},"primaryImageOfPage":{"@id":"https:\/\/www.africa-press.net\/burkina-faso\/politique\/dossier-thomas-sankara-34-ans-apres-enfin-le-proces#primaryimage"},"image":{"@id":"https:\/\/www.africa-press.net\/burkina-faso\/politique\/dossier-thomas-sankara-34-ans-apres-enfin-le-proces#primaryimage"},"thumbnailUrl":"https:\/\/static.africa-press.net\/burkina\/sites\/42\/2021\/04\/img-607c54e59446a.jpg","datePublished":"2021-04-18T17:25:08+00:00","author":{"@id":"https:\/\/www.africa-press.net\/burkina-faso\/#\/schema\/person\/2b1cf3cd81a31e3cd26889ca66d677f1"},"description":"Le mardi 13 avril 2021, la chambre d\u2019accusation du tribunal militaire a rendu public son d\u00e9lib\u00e9r\u00e9 qui met en accusati ...","breadcrumb":{"@id":"https:\/\/www.africa-press.net\/burkina-faso\/politique\/dossier-thomas-sankara-34-ans-apres-enfin-le-proces#breadcrumb"},"inLanguage":"fr-FR","potentialAction":[{"@type":"ReadAction","target":["https:\/\/www.africa-press.net\/burkina-faso\/politique\/dossier-thomas-sankara-34-ans-apres-enfin-le-proces"]}]},{"@type":"ImageObject","inLanguage":"fr-FR","@id":"https:\/\/www.africa-press.net\/burkina-faso\/politique\/dossier-thomas-sankara-34-ans-apres-enfin-le-proces#primaryimage","url":"https:\/\/static.africa-press.net\/burkina\/sites\/42\/2021\/04\/img-607c54e59446a.jpg","contentUrl":"https:\/\/static.africa-press.net\/burkina\/sites\/42\/2021\/04\/img-607c54e59446a.jpg","width":720,"height":479,"caption":"Dossier Thomas Sankara : 34 ans apr\u00e8s, enfin le proc\u00e8s ?"},{"@type":"BreadcrumbList","@id":"https:\/\/www.africa-press.net\/burkina-faso\/politique\/dossier-thomas-sankara-34-ans-apres-enfin-le-proces#breadcrumb","itemListElement":[{"@type":"ListItem","position":1,"name":"Accueil","item":"https:\/\/www.africa-press.net\/burkina-faso\/"},{"@type":"ListItem","position":2,"name":"Dossier Thomas Sankara : 34 ans apr\u00e8s, enfin le proc\u00e8s ?"}]},{"@type":"WebSite","@id":"https:\/\/www.africa-press.net\/burkina-faso\/#website","url":"https:\/\/www.africa-press.net\/burkina-faso\/","name":"Burkina Faso","description":"Just another Africa News Agency Sites site","potentialAction":[{"@type":"SearchAction","target":{"@type":"EntryPoint","urlTemplate":"https:\/\/www.africa-press.net\/burkina-faso\/?s={search_term_string}"},"query-input":{"@type":"PropertyValueSpecification","valueRequired":true,"valueName":"search_term_string"}}],"inLanguage":"fr-FR"},{"@type":"Person","@id":"https:\/\/www.africa-press.net\/burkina-faso\/#\/schema\/person\/2b1cf3cd81a31e3cd26889ca66d677f1","name":"cfeditorfr"}]}},"_links":{"self":[{"href":"https:\/\/www.africa-press.net\/burkina-faso\/wp-json\/wp\/v2\/posts\/10143","targetHints":{"allow":["GET"]}}],"collection":[{"href":"https:\/\/www.africa-press.net\/burkina-faso\/wp-json\/wp\/v2\/posts"}],"about":[{"href":"https:\/\/www.africa-press.net\/burkina-faso\/wp-json\/wp\/v2\/types\/post"}],"author":[{"embeddable":true,"href":"https:\/\/www.africa-press.net\/burkina-faso\/wp-json\/wp\/v2\/users\/82"}],"replies":[{"embeddable":true,"href":"https:\/\/www.africa-press.net\/burkina-faso\/wp-json\/wp\/v2\/comments?post=10143"}],"version-history":[{"count":0,"href":"https:\/\/www.africa-press.net\/burkina-faso\/wp-json\/wp\/v2\/posts\/10143\/revisions"}],"wp:featuredmedia":[{"embeddable":true,"href":"https:\/\/www.africa-press.net\/burkina-faso\/wp-json\/wp\/v2\/media\/10142"}],"wp:attachment":[{"href":"https:\/\/www.africa-press.net\/burkina-faso\/wp-json\/wp\/v2\/media?parent=10143"}],"wp:term":[{"taxonomy":"category","embeddable":true,"href":"https:\/\/www.africa-press.net\/burkina-faso\/wp-json\/wp\/v2\/categories?post=10143"},{"taxonomy":"post_tag","embeddable":true,"href":"https:\/\/www.africa-press.net\/burkina-faso\/wp-json\/wp\/v2\/tags?post=10143"}],"curies":[{"name":"wp","href":"https:\/\/api.w.org\/{rel}","templated":true}]}}