{"id":10146,"date":"2021-04-18T17:30:49","date_gmt":"2021-04-18T17:30:49","guid":{"rendered":"https:\/\/www.africa-press.net\/burkina-faso\/?p=10146"},"modified":"2021-04-18T16:57:54","modified_gmt":"2021-04-18T16:57:54","slug":"reduction-des-gaz-a-effets-de-serre-le-burkina-faso-se-dote-dun-nouveau-referentiel","status":"publish","type":"post","link":"https:\/\/www.africa-press.net\/burkina-faso\/economie\/reduction-des-gaz-a-effets-de-serre-le-burkina-faso-se-dote-dun-nouveau-referentiel","title":{"rendered":"R\u00e9duction des gaz \u00e0 effets de serre : Le Burkina Faso se dote d&rsquo;un nouveau r\u00e9f\u00e9rentiel"},"content":{"rendered":"<p><span style=\"color: #ff6600\"><strong><a href=\"https:\/\/www.africa-press.net\/\">Africa-Press<\/a> &#8211; <a href=\"https:\/\/www.africa-press.net\/burkina-faso\">Burkina Faso<\/a>. <\/strong><\/span><b>Dans le but de permettre au Burkina Faso de respecter son engagement, de produire en 2020 une nouvelle Contribution d\u00e9termin\u00e9e au niveau national \u00ab CDN \u00bb, et ensuite tous les cinq ans, conform\u00e9ment aux accords sur le climat, il se tient ce vendredi 16 avril 2021 \u00e0 Ouagadougou, un atelier de validation du rapport d\u2019\u00e9valuation de la CDN au Burkina Faso. Pour ce faire, une cinquantaine de participants aura au pr\u00e9alable \u00e0 analyser, \u00e9valuer le niveau de r\u00e9alisation et d\u2019atteinte des objectifs et lacunes de la pr\u00e9c\u00e9dente CDN, avant l\u2019adoption de la nouvelle version.<\/b><\/p>\n<p>Le Burkina Faso, \u00e0 l\u2019instar des autres pays signataires des accords sur le climat, s\u2019est engag\u00e9 \u00e0 contribuer \u00e0 l\u2019atteinte de l\u2019objectif de r\u00e9duction des gaz \u00e0 effets de serre, lors de la 21e conf\u00e9rence des parties (COP21) \u00e0 Paris en 2015. Ainsi chaque \u00c9tat en s\u2019engageant dans la stabilisation du r\u00e9chauffement climatique devrait transmettre ses engagements \u00e0 la convention cadre des Nations-unies sur le changement climatique (CCNUCC) \u00e0 travers un document appel\u00e9 Intended Nationaly Determined Contribution (INDC) ou Contribution Pr\u00e9vue et D\u00e9termin\u00e9e au niveau National (CPDN).<\/p>\n<p>La CPDN Burkina Faso 2015 reprend les ambitions que s\u2019est fix\u00e9es le pays pour limiter ou r\u00e9duire les pollutions en se basant sur trois en fonction des \u00e9missions de gaz \u00e0 effets de serre et les r\u00e9ductions possibles. Ainsi la CPDN qui \u00e9tait une intention du Burkina Faso en 2015 \u00e0 r\u00e9duire ces gaz a \u00e9t\u00e9 soumise \u00e0 la CCNUCC et maintenue en 2016 pour devenir la Contribution d\u00e9termin\u00e9e au niveau national (CDN).<\/p>\n<p>Pour permettre l\u2019\u00e9laboration de la nouvelle CDN, les participants devront tirer les le\u00e7ons et les recommandations de l\u2019\u00e9valuation de la pr\u00e9c\u00e9dente afin de permettre au gouvernement et aux autres partenaires intervenant dans la r\u00e9vision de la CDN d\u2019\u00e9laborer la nouvelle version du Burkina Faso. C\u2019est dans ce sens que le directeur de la coordination des conventions internationales, Ibrahim Lankoand\u00e9, intervenant au nom du secr\u00e9taire permanent du conseil national pour le d\u00e9veloppement durable, dit que les CDN sont porteuses d\u2019un nouvel espoir pour l\u2019att\u00e9nuation des gaz \u00e0 effets de serre \u00e0 l\u2019horizon 2100.<\/p>\n<p>Tout en exprimant sa reconnaissance aux partenaires techniques, notamment la SNV qui a assur\u00e9 le volet technique, il a reconnu que cela avait permis au Burkina Faso d\u2019adh\u00e9rer au NDC partnership, qui a \u00e9t\u00e9 l\u2019\u00e9l\u00e9ment d\u00e9clencheur pour b\u00e9n\u00e9ficier de l\u2019initiative CAEP. Pour Ibrahim Lankoand\u00e9, l\u2019adoption d\u2019une nouvelle version de la CDN n\u00e9cessite de tirer les enseignements de la pr\u00e9c\u00e9dente version. Aussi a-t-il exhort\u00e9 les participants \u00e0 examiner sans complaisance les rapports soumis \u00e0 leur intention.<\/p>\n<p><b>\u00a0<\/b><\/p>\n","protected":false},"excerpt":{"rendered":"<p>Africa-Press &#8211; Burkina Faso. Dans le but de permettre au Burkina Faso de respecter son engagement, de produire en 2020 une nouvelle Contribution d\u00e9termin\u00e9e au niveau national \u00ab CDN \u00bb, et ensuite tous les cinq ans, conform\u00e9ment aux accords sur le climat, il se tient ce vendredi 16 avril 2021 \u00e0 Ouagadougou, un atelier de [&hellip;]<\/p>\n","protected":false},"author":82,"featured_media":10145,"comment_status":"open","ping_status":"closed","sticky":false,"template":"","format":"standard","meta":{"footnotes":""},"categories":[3,11,10],"tags":[111,725,29],"class_list":["post-10146","post","type-post","status-publish","format-standard","has-post-thumbnail","hentry","category-economie","category-homepage-french","category-toutes-les-actualites","tag-africa-press","tag-africa-press-burkina-faso","tag-burkina-faso"],"yoast_head":"<!-- This site is optimized with the Yoast SEO Premium plugin v26.1 (Yoast SEO v27.0) - https:\/\/yoast.com\/product\/yoast-seo-premium-wordpress\/ -->\n<title>R\u00e9duction des gaz \u00e0 effets de serre : Le Burkina Faso se dote d&#039;un nouveau r\u00e9f\u00e9rentiel - Burkina Faso<\/title>\n<meta name=\"description\" content=\"Dans le but de permettre au Burkina Faso de respecter son engagement, de produire en 2020 une nouvelle Contribution d ...\" \/>\n<meta name=\"robots\" content=\"index, follow, max-snippet:-1, max-image-preview:large, max-video-preview:-1\" \/>\n<link rel=\"canonical\" href=\"https:\/\/www.africa-press.net\/burkina-faso\/economie\/reduction-des-gaz-a-effets-de-serre-le-burkina-faso-se-dote-dun-nouveau-referentiel\" \/>\n<meta property=\"og:locale\" content=\"fr_FR\" \/>\n<meta property=\"og:type\" content=\"article\" \/>\n<meta property=\"og:title\" content=\"R\u00e9duction des gaz \u00e0 effets de serre : Le Burkina Faso se dote d&#039;un nouveau r\u00e9f\u00e9rentiel\" \/>\n<meta property=\"og:description\" content=\"Dans le but de permettre au Burkina Faso de respecter son engagement, de produire en 2020 une nouvelle Contribution d ...\" \/>\n<meta property=\"og:url\" content=\"https:\/\/www.africa-press.net\/burkina-faso\/economie\/reduction-des-gaz-a-effets-de-serre-le-burkina-faso-se-dote-dun-nouveau-referentiel\" \/>\n<meta property=\"og:site_name\" content=\"Burkina Faso\" \/>\n<meta property=\"article:published_time\" content=\"2021-04-18T17:30:49+00:00\" \/>\n<meta property=\"og:image\" content=\"https:\/\/static.africa-press.net\/burkina\/sites\/42\/2021\/04\/img-607c550dbbd07.jpg\" \/>\n\t<meta property=\"og:image:width\" content=\"720\" \/>\n\t<meta property=\"og:image:height\" content=\"540\" \/>\n\t<meta property=\"og:image:type\" content=\"image\/jpeg\" \/>\n<meta name=\"author\" content=\"cfeditorfr\" \/>\n<meta name=\"twitter:card\" content=\"summary_large_image\" \/>\n<meta name=\"twitter:label1\" content=\"\u00c9crit par\" \/>\n\t<meta name=\"twitter:data1\" content=\"cfeditorfr\" \/>\n\t<meta name=\"twitter:label2\" content=\"Dur\u00e9e de lecture estim\u00e9e\" \/>\n\t<meta name=\"twitter:data2\" content=\"2 minutes\" \/>\n<script type=\"application\/ld+json\" class=\"yoast-schema-graph\">{\"@context\":\"https:\/\/schema.org\",\"@graph\":[{\"@type\":\"Article\",\"@id\":\"https:\/\/www.africa-press.net\/burkina-faso\/economie\/reduction-des-gaz-a-effets-de-serre-le-burkina-faso-se-dote-dun-nouveau-referentiel#article\",\"isPartOf\":{\"@id\":\"https:\/\/www.africa-press.net\/burkina-faso\/economie\/reduction-des-gaz-a-effets-de-serre-le-burkina-faso-se-dote-dun-nouveau-referentiel\"},\"author\":{\"name\":\"cfeditorfr\",\"@id\":\"https:\/\/www.africa-press.net\/burkina-faso\/#\/schema\/person\/2b1cf3cd81a31e3cd26889ca66d677f1\"},\"headline\":\"R\u00e9duction des gaz \u00e0 effets de serre : Le Burkina Faso se dote d&rsquo;un nouveau r\u00e9f\u00e9rentiel\",\"datePublished\":\"2021-04-18T17:30:49+00:00\",\"mainEntityOfPage\":{\"@id\":\"https:\/\/www.africa-press.net\/burkina-faso\/economie\/reduction-des-gaz-a-effets-de-serre-le-burkina-faso-se-dote-dun-nouveau-referentiel\"},\"wordCount\":472,\"commentCount\":0,\"image\":{\"@id\":\"https:\/\/www.africa-press.net\/burkina-faso\/economie\/reduction-des-gaz-a-effets-de-serre-le-burkina-faso-se-dote-dun-nouveau-referentiel#primaryimage\"},\"thumbnailUrl\":\"https:\/\/static.africa-press.net\/burkina\/sites\/42\/2021\/04\/img-607c550dbbd07.jpg\",\"keywords\":[\"Africa Press\",\"Africa Press-Burkina Faso\",\"Burkina Faso\"],\"articleSection\":[\"\u00c9conomie\",\"homepage-french\",\"Toutes les actualit\u00e9s\"],\"inLanguage\":\"fr-FR\",\"potentialAction\":[{\"@type\":\"CommentAction\",\"name\":\"Comment\",\"target\":[\"https:\/\/www.africa-press.net\/burkina-faso\/economie\/reduction-des-gaz-a-effets-de-serre-le-burkina-faso-se-dote-dun-nouveau-referentiel#respond\"]}]},{\"@type\":\"WebPage\",\"@id\":\"https:\/\/www.africa-press.net\/burkina-faso\/economie\/reduction-des-gaz-a-effets-de-serre-le-burkina-faso-se-dote-dun-nouveau-referentiel\",\"url\":\"https:\/\/www.africa-press.net\/burkina-faso\/economie\/reduction-des-gaz-a-effets-de-serre-le-burkina-faso-se-dote-dun-nouveau-referentiel\",\"name\":\"R\u00e9duction des gaz \u00e0 effets de serre : Le Burkina Faso se dote d'un nouveau r\u00e9f\u00e9rentiel - Burkina Faso\",\"isPartOf\":{\"@id\":\"https:\/\/www.africa-press.net\/burkina-faso\/#website\"},\"primaryImageOfPage\":{\"@id\":\"https:\/\/www.africa-press.net\/burkina-faso\/economie\/reduction-des-gaz-a-effets-de-serre-le-burkina-faso-se-dote-dun-nouveau-referentiel#primaryimage\"},\"image\":{\"@id\":\"https:\/\/www.africa-press.net\/burkina-faso\/economie\/reduction-des-gaz-a-effets-de-serre-le-burkina-faso-se-dote-dun-nouveau-referentiel#primaryimage\"},\"thumbnailUrl\":\"https:\/\/static.africa-press.net\/burkina\/sites\/42\/2021\/04\/img-607c550dbbd07.jpg\",\"datePublished\":\"2021-04-18T17:30:49+00:00\",\"author\":{\"@id\":\"https:\/\/www.africa-press.net\/burkina-faso\/#\/schema\/person\/2b1cf3cd81a31e3cd26889ca66d677f1\"},\"description\":\"Dans le but de permettre au Burkina Faso de respecter son engagement, de produire en 2020 une nouvelle Contribution d ...\",\"breadcrumb\":{\"@id\":\"https:\/\/www.africa-press.net\/burkina-faso\/economie\/reduction-des-gaz-a-effets-de-serre-le-burkina-faso-se-dote-dun-nouveau-referentiel#breadcrumb\"},\"inLanguage\":\"fr-FR\",\"potentialAction\":[{\"@type\":\"ReadAction\",\"target\":[\"https:\/\/www.africa-press.net\/burkina-faso\/economie\/reduction-des-gaz-a-effets-de-serre-le-burkina-faso-se-dote-dun-nouveau-referentiel\"]}]},{\"@type\":\"ImageObject\",\"inLanguage\":\"fr-FR\",\"@id\":\"https:\/\/www.africa-press.net\/burkina-faso\/economie\/reduction-des-gaz-a-effets-de-serre-le-burkina-faso-se-dote-dun-nouveau-referentiel#primaryimage\",\"url\":\"https:\/\/static.africa-press.net\/burkina\/sites\/42\/2021\/04\/img-607c550dbbd07.jpg\",\"contentUrl\":\"https:\/\/static.africa-press.net\/burkina\/sites\/42\/2021\/04\/img-607c550dbbd07.jpg\",\"width\":720,\"height\":540,\"caption\":\"R\u00e9duction des gaz \u00e0 effets de serre : Le Burkina Faso se dote d'un nouveau r\u00e9f\u00e9rentiel\"},{\"@type\":\"BreadcrumbList\",\"@id\":\"https:\/\/www.africa-press.net\/burkina-faso\/economie\/reduction-des-gaz-a-effets-de-serre-le-burkina-faso-se-dote-dun-nouveau-referentiel#breadcrumb\",\"itemListElement\":[{\"@type\":\"ListItem\",\"position\":1,\"name\":\"Accueil\",\"item\":\"https:\/\/www.africa-press.net\/burkina-faso\/\"},{\"@type\":\"ListItem\",\"position\":2,\"name\":\"R\u00e9duction des gaz \u00e0 effets de serre : Le Burkina Faso se dote d&#8217;un nouveau r\u00e9f\u00e9rentiel\"}]},{\"@type\":\"WebSite\",\"@id\":\"https:\/\/www.africa-press.net\/burkina-faso\/#website\",\"url\":\"https:\/\/www.africa-press.net\/burkina-faso\/\",\"name\":\"Burkina Faso\",\"description\":\"Just another Africa News Agency Sites site\",\"potentialAction\":[{\"@type\":\"SearchAction\",\"target\":{\"@type\":\"EntryPoint\",\"urlTemplate\":\"https:\/\/www.africa-press.net\/burkina-faso\/?s={search_term_string}\"},\"query-input\":{\"@type\":\"PropertyValueSpecification\",\"valueRequired\":true,\"valueName\":\"search_term_string\"}}],\"inLanguage\":\"fr-FR\"},{\"@type\":\"Person\",\"@id\":\"https:\/\/www.africa-press.net\/burkina-faso\/#\/schema\/person\/2b1cf3cd81a31e3cd26889ca66d677f1\",\"name\":\"cfeditorfr\"}]}<\/script>\n<!-- \/ Yoast SEO Premium plugin. -->","yoast_head_json":{"title":"R\u00e9duction des gaz \u00e0 effets de serre : Le Burkina Faso se dote d'un nouveau r\u00e9f\u00e9rentiel - Burkina Faso","description":"Dans le but de permettre au Burkina Faso de respecter son engagement, de produire en 2020 une nouvelle Contribution d ...","robots":{"index":"index","follow":"follow","max-snippet":"max-snippet:-1","max-image-preview":"max-image-preview:large","max-video-preview":"max-video-preview:-1"},"canonical":"https:\/\/www.africa-press.net\/burkina-faso\/economie\/reduction-des-gaz-a-effets-de-serre-le-burkina-faso-se-dote-dun-nouveau-referentiel","og_locale":"fr_FR","og_type":"article","og_title":"R\u00e9duction des gaz \u00e0 effets de serre : Le Burkina Faso se dote d'un nouveau r\u00e9f\u00e9rentiel","og_description":"Dans le but de permettre au Burkina Faso de respecter son engagement, de produire en 2020 une nouvelle Contribution d ...","og_url":"https:\/\/www.africa-press.net\/burkina-faso\/economie\/reduction-des-gaz-a-effets-de-serre-le-burkina-faso-se-dote-dun-nouveau-referentiel","og_site_name":"Burkina Faso","article_published_time":"2021-04-18T17:30:49+00:00","og_image":[{"width":720,"height":540,"url":"https:\/\/static.africa-press.net\/burkina\/sites\/42\/2021\/04\/img-607c550dbbd07.jpg","type":"image\/jpeg"}],"author":"cfeditorfr","twitter_card":"summary_large_image","twitter_misc":{"\u00c9crit par":"cfeditorfr","Dur\u00e9e de lecture estim\u00e9e":"2 minutes"},"schema":{"@context":"https:\/\/schema.org","@graph":[{"@type":"Article","@id":"https:\/\/www.africa-press.net\/burkina-faso\/economie\/reduction-des-gaz-a-effets-de-serre-le-burkina-faso-se-dote-dun-nouveau-referentiel#article","isPartOf":{"@id":"https:\/\/www.africa-press.net\/burkina-faso\/economie\/reduction-des-gaz-a-effets-de-serre-le-burkina-faso-se-dote-dun-nouveau-referentiel"},"author":{"name":"cfeditorfr","@id":"https:\/\/www.africa-press.net\/burkina-faso\/#\/schema\/person\/2b1cf3cd81a31e3cd26889ca66d677f1"},"headline":"R\u00e9duction des gaz \u00e0 effets de serre : Le Burkina Faso se dote d&rsquo;un nouveau r\u00e9f\u00e9rentiel","datePublished":"2021-04-18T17:30:49+00:00","mainEntityOfPage":{"@id":"https:\/\/www.africa-press.net\/burkina-faso\/economie\/reduction-des-gaz-a-effets-de-serre-le-burkina-faso-se-dote-dun-nouveau-referentiel"},"wordCount":472,"commentCount":0,"image":{"@id":"https:\/\/www.africa-press.net\/burkina-faso\/economie\/reduction-des-gaz-a-effets-de-serre-le-burkina-faso-se-dote-dun-nouveau-referentiel#primaryimage"},"thumbnailUrl":"https:\/\/static.africa-press.net\/burkina\/sites\/42\/2021\/04\/img-607c550dbbd07.jpg","keywords":["Africa Press","Africa Press-Burkina Faso","Burkina Faso"],"articleSection":["\u00c9conomie","homepage-french","Toutes les actualit\u00e9s"],"inLanguage":"fr-FR","potentialAction":[{"@type":"CommentAction","name":"Comment","target":["https:\/\/www.africa-press.net\/burkina-faso\/economie\/reduction-des-gaz-a-effets-de-serre-le-burkina-faso-se-dote-dun-nouveau-referentiel#respond"]}]},{"@type":"WebPage","@id":"https:\/\/www.africa-press.net\/burkina-faso\/economie\/reduction-des-gaz-a-effets-de-serre-le-burkina-faso-se-dote-dun-nouveau-referentiel","url":"https:\/\/www.africa-press.net\/burkina-faso\/economie\/reduction-des-gaz-a-effets-de-serre-le-burkina-faso-se-dote-dun-nouveau-referentiel","name":"R\u00e9duction des gaz \u00e0 effets de serre : Le Burkina Faso se dote d'un nouveau r\u00e9f\u00e9rentiel - Burkina Faso","isPartOf":{"@id":"https:\/\/www.africa-press.net\/burkina-faso\/#website"},"primaryImageOfPage":{"@id":"https:\/\/www.africa-press.net\/burkina-faso\/economie\/reduction-des-gaz-a-effets-de-serre-le-burkina-faso-se-dote-dun-nouveau-referentiel#primaryimage"},"image":{"@id":"https:\/\/www.africa-press.net\/burkina-faso\/economie\/reduction-des-gaz-a-effets-de-serre-le-burkina-faso-se-dote-dun-nouveau-referentiel#primaryimage"},"thumbnailUrl":"https:\/\/static.africa-press.net\/burkina\/sites\/42\/2021\/04\/img-607c550dbbd07.jpg","datePublished":"2021-04-18T17:30:49+00:00","author":{"@id":"https:\/\/www.africa-press.net\/burkina-faso\/#\/schema\/person\/2b1cf3cd81a31e3cd26889ca66d677f1"},"description":"Dans le but de permettre au Burkina Faso de respecter son engagement, de produire en 2020 une nouvelle Contribution d ...","breadcrumb":{"@id":"https:\/\/www.africa-press.net\/burkina-faso\/economie\/reduction-des-gaz-a-effets-de-serre-le-burkina-faso-se-dote-dun-nouveau-referentiel#breadcrumb"},"inLanguage":"fr-FR","potentialAction":[{"@type":"ReadAction","target":["https:\/\/www.africa-press.net\/burkina-faso\/economie\/reduction-des-gaz-a-effets-de-serre-le-burkina-faso-se-dote-dun-nouveau-referentiel"]}]},{"@type":"ImageObject","inLanguage":"fr-FR","@id":"https:\/\/www.africa-press.net\/burkina-faso\/economie\/reduction-des-gaz-a-effets-de-serre-le-burkina-faso-se-dote-dun-nouveau-referentiel#primaryimage","url":"https:\/\/static.africa-press.net\/burkina\/sites\/42\/2021\/04\/img-607c550dbbd07.jpg","contentUrl":"https:\/\/static.africa-press.net\/burkina\/sites\/42\/2021\/04\/img-607c550dbbd07.jpg","width":720,"height":540,"caption":"R\u00e9duction des gaz \u00e0 effets de serre : Le Burkina Faso se dote d'un nouveau r\u00e9f\u00e9rentiel"},{"@type":"BreadcrumbList","@id":"https:\/\/www.africa-press.net\/burkina-faso\/economie\/reduction-des-gaz-a-effets-de-serre-le-burkina-faso-se-dote-dun-nouveau-referentiel#breadcrumb","itemListElement":[{"@type":"ListItem","position":1,"name":"Accueil","item":"https:\/\/www.africa-press.net\/burkina-faso\/"},{"@type":"ListItem","position":2,"name":"R\u00e9duction des gaz \u00e0 effets de serre : Le Burkina Faso se dote d&#8217;un nouveau r\u00e9f\u00e9rentiel"}]},{"@type":"WebSite","@id":"https:\/\/www.africa-press.net\/burkina-faso\/#website","url":"https:\/\/www.africa-press.net\/burkina-faso\/","name":"Burkina Faso","description":"Just another Africa News Agency Sites site","potentialAction":[{"@type":"SearchAction","target":{"@type":"EntryPoint","urlTemplate":"https:\/\/www.africa-press.net\/burkina-faso\/?s={search_term_string}"},"query-input":{"@type":"PropertyValueSpecification","valueRequired":true,"valueName":"search_term_string"}}],"inLanguage":"fr-FR"},{"@type":"Person","@id":"https:\/\/www.africa-press.net\/burkina-faso\/#\/schema\/person\/2b1cf3cd81a31e3cd26889ca66d677f1","name":"cfeditorfr"}]}},"_links":{"self":[{"href":"https:\/\/www.africa-press.net\/burkina-faso\/wp-json\/wp\/v2\/posts\/10146","targetHints":{"allow":["GET"]}}],"collection":[{"href":"https:\/\/www.africa-press.net\/burkina-faso\/wp-json\/wp\/v2\/posts"}],"about":[{"href":"https:\/\/www.africa-press.net\/burkina-faso\/wp-json\/wp\/v2\/types\/post"}],"author":[{"embeddable":true,"href":"https:\/\/www.africa-press.net\/burkina-faso\/wp-json\/wp\/v2\/users\/82"}],"replies":[{"embeddable":true,"href":"https:\/\/www.africa-press.net\/burkina-faso\/wp-json\/wp\/v2\/comments?post=10146"}],"version-history":[{"count":0,"href":"https:\/\/www.africa-press.net\/burkina-faso\/wp-json\/wp\/v2\/posts\/10146\/revisions"}],"wp:featuredmedia":[{"embeddable":true,"href":"https:\/\/www.africa-press.net\/burkina-faso\/wp-json\/wp\/v2\/media\/10145"}],"wp:attachment":[{"href":"https:\/\/www.africa-press.net\/burkina-faso\/wp-json\/wp\/v2\/media?parent=10146"}],"wp:term":[{"taxonomy":"category","embeddable":true,"href":"https:\/\/www.africa-press.net\/burkina-faso\/wp-json\/wp\/v2\/categories?post=10146"},{"taxonomy":"post_tag","embeddable":true,"href":"https:\/\/www.africa-press.net\/burkina-faso\/wp-json\/wp\/v2\/tags?post=10146"}],"curies":[{"name":"wp","href":"https:\/\/api.w.org\/{rel}","templated":true}]}}