{"id":10149,"date":"2021-04-18T17:39:31","date_gmt":"2021-04-18T17:39:31","guid":{"rendered":"https:\/\/www.africa-press.net\/burkina-faso\/?p=10149"},"modified":"2021-04-18T16:58:12","modified_gmt":"2021-04-18T16:58:12","slug":"marche-du-24-avril-a-fada-sachons-raison-garder","status":"publish","type":"post","link":"https:\/\/www.africa-press.net\/burkina-faso\/politique\/marche-du-24-avril-a-fada-sachons-raison-garder","title":{"rendered":"Marche du 24 avril \u00e0 Fada : Sachons raison garder !"},"content":{"rendered":"<p><span style=\"color: #ff6600\"><strong><a href=\"https:\/\/www.africa-press.net\/\">Africa-Press<\/a> &#8211; <a href=\"https:\/\/www.africa-press.net\/burkina-faso\">Burkina Faso<\/a>. <\/strong><\/span><b>Dans cette correspondance parvenue, ce samedi 17 avril 2021, \u00e0 notre r\u00e9daction, Ousmane Tindano, un citoyen qui s\u2019int\u00e9resse \u00e0 l\u2019\u00e9volution de l\u2019actualit\u00e9 nationale, s\u2019insurge contre l\u2019organisation de la marche du 24 avril prochain \u00e0 Fada pour exiger le bitumage du tron\u00e7on Gounghin-Fada dont l\u2019\u00e9tat de d\u00e9gradation est souvent \u00e0 l\u2019origine des accidents de la circulation. Lisez !<\/b><\/p>\n<p>Depuis que des ressortissants de Ouahigouya ont battu le macadam pour d\u00e9noncer la soi-disante mauvaise qualit\u00e9 de route en bitumage dans leur ville, le virus de l\u2019occupation inopportune de la rue semble avoir contamin\u00e9 certains Burkinab\u00e8. En effet, c\u2019est actuellement des ressortissants de la r\u00e9gion de l\u2019Est qui, contre vents et mar\u00e9es, veulent organiser une marche le 24 avril prochain \u00e0 Fada. Motif invoqu\u00e9 : leur r\u00e9gion de l\u2019Est est d\u00e9laiss\u00e9e par le pouvoir central, notamment en ce qui concerne le domaine routier. Diantre ! J\u2019avoue que je suis tomb\u00e9 des nues en apprenant cette nouvelle et j\u2019ai mes raisons.<\/p>\n<p>Premi\u00e8rement, le ministre des Infrastructures et du d\u00e9senclavement, Eric Bougouma, concern\u00e9 par la question routi\u00e8re, \u00e9tait le 15 avril dernier dans ladite r\u00e9gion. A travers les m\u00e9dias, j\u2019ai un peu suivi cette sortie qui a consist\u00e9 \u00e0 visiter l\u2019\u00e9volution des travaux de bitumage de la route Bogand\u00e9-Fada et \u00e0 constater l\u2019effectivit\u00e9 du d\u00e9marrage des travaux en ce qui concerne la r\u00e9habilitation du tron\u00e7on Gounghin-Fada.<\/p>\n<p>Profitant de l\u2019occasion, le ministre a \u00e9chang\u00e9 \u00e0 Bogand\u00e9 avec des repr\u00e9sentants de la soci\u00e9t\u00e9 civile (Mouvement RN 18) qui lui ont exprim\u00e9 leurs pr\u00e9occupations et des dol\u00e9ances qui ont re\u00e7u des r\u00e9ponses de la part du ministre qui leur a pr\u00eat\u00e9 une oreille attentive. Mais ce que je ne comprends pas dans la volont\u00e9 d\u2019un autre mouvement d\u2019organiser une marche le 24 avril, c\u2019est le fait que ses responsables aient eu l\u2019occasion, le 15 avril dernier, d\u2019\u00e9changer \u00e0 Fada avec le ministre des Infrastructures sans pour autant lui exposer leurs griefs, notamment tout ce qui ne va pas dans le domaine routier.<\/p>\n<p>Pour ma part, je pense que c\u2019\u00e9tait une occasion en or \u00e0 saisir d\u2019autant plus que l\u2019autorit\u00e9 a laiss\u00e9 entendre qu\u2019elle est dispos\u00e9e \u00e0 \u00e9changer avec tous ceux qui s\u2019int\u00e9ressent aux activit\u00e9s de son d\u00e9partement qui se fondent sur la satisfaction de l\u2019int\u00e9r\u00eat g\u00e9n\u00e9ral.<\/p>\n<p>De ce fait, je trouve que les organisateurs de la future marche ont rat\u00e9 l\u2019occasion d\u2019exposer leurs pr\u00e9occupations et qu\u2019ils ne sont pas logiques avec eux-m\u00eames. Le bon sens aurait voulu qu\u2019apr\u00e8s avoir \u00e9cout\u00e9 le ministre lors de la rencontre, ils lui exposent leurs griefs au lieu de se taire pour apr\u00e8s chanter partout que leur marche est maintenue. En agissant ainsi, le mouvement se discr\u00e9dite, dans la mesure o\u00f9 son attitude prouve qu\u2019il n\u2019a pas int\u00e9gr\u00e9 le dialogue dans le cadre de la r\u00e9solution de sa plateforme revendicative s\u2019il en dispose r\u00e9ellement.<\/p>\n<p><b>Eviter de tout peindre en noir<\/b><\/p>\n<p>\u00ab Plus de 160 milliards de F CFA ont \u00e9t\u00e9 inject\u00e9s par le gouvernement, dans la r\u00e9gion de l\u2019Est, uniquement dans le domaine routier. Sans compter les autres domaines, notamment celui s\u00e9curitaire. Aucune autre r\u00e9gion n\u2019a b\u00e9n\u00e9fici\u00e9 autant d\u2019investissement de la part du gouvernement. On ne peut donc pas dire que la r\u00e9gion de l\u2019Est est abandonn\u00e9e \u00bb, a dit le ministre des Infrastructures qui a poursuivi en citant les ponts Coalla et de la Sirba (pont de la mort) construits \u00e0 l\u2019Est sous le r\u00e9gime Kabor\u00e9, les dizaines de pistes rurales am\u00e9nag\u00e9es, les centaines de route ayant b\u00e9n\u00e9fici\u00e9 d\u2019un entretien courant, la route Bogand\u00e9-Fada actuellement en chantier pour son bitumage, la route Kantchari-Diapaga actuellement en bitumage avec un taux d\u2019ex\u00e9cution de 82%, la route Diapaga-Tansarga-fronti\u00e8re du B\u00e9nin dont le contrat a \u00e9t\u00e9 r\u00e9sili\u00e9 et dont l\u2019entreprise Soroubat a \u00e9t\u00e9 choisie pour la suite des travaux, la route Gounghin-Fada-fronti\u00e8re du Niger dont les travaux sont en train de d\u00e9marrer apr\u00e8s un long retard.<\/p>\n<p>Si tout ce que le ministre a dit, est loin de la r\u00e9alit\u00e9 et rel\u00e8ve de la poudre aux yeux, pourquoi les organisateurs de la marche qui ont rencontr\u00e9 le ministre \u00e0 Fada au gouvernorat, n\u2019ont-ils pas d\u00e9menti ses propos ? Tout laisse \u00e0 croire qu\u2019ils n\u2019avaient pas d\u2019arguments convaincants et que leur fameuse marche rel\u00e8ve de l\u2019obsession \u00e0 occuper la voie publique pour se faire voir.<\/p>\n<p>Sinc\u00e8rement, je pense en tant que citoyen concern\u00e9 par le d\u00e9veloppement de notre pays, qu\u2019il faut \u00e9viter de vouloir toujours tout peindre en noir et reconna\u00eetre les efforts d\u00e9j\u00e0 faits dans un Burkina Faso o\u00f9 tout est prioritaire et o\u00f9 toutes les r\u00e9gions appellent en m\u00eame temps pour le d\u00e9senclavement de leurs localit\u00e9s. Il faut tout simplement savoir raison garder.<\/p>\n<p>Ce, d\u2019autant plus que le ministre des Infrastructures a promis qu\u2019il \u00ab prendra ses responsabilit\u00e9s \u00bb pour le bitumage de la section Gounghin-Fada, car il \u00ab ne peut accepter ind\u00e9finiment certaines insuffisances de l\u2019entreprise \u00bb. Sans oublier qu\u2019il a humblement reconnu les limites de l\u2019action de son d\u00e9partement en ces termes : \u00ab On peut dire que nous rencontrons des difficult\u00e9s dans l\u2019ex\u00e9cution de nos projets. On peut aussi dire qu\u2019il y a des retards parfois \u00bb. Et cela n\u2019est nouveau, l\u2019homme \u00e9tant 9 et non 10. Une fois de plus, sachons raison garder comme l\u2019a fait le mouvement RN 18 \u00e0 Bogand\u00e9.<br \/>\nVoici ce que je pense humblement !<\/p>\n<p><b>Tindano Ousmane<\/b><\/p>\n","protected":false},"excerpt":{"rendered":"<p>Africa-Press &#8211; Burkina Faso. Dans cette correspondance parvenue, ce samedi 17 avril 2021, \u00e0 notre r\u00e9daction, Ousmane Tindano, un citoyen qui s\u2019int\u00e9resse \u00e0 l\u2019\u00e9volution de l\u2019actualit\u00e9 nationale, s\u2019insurge contre l\u2019organisation de la marche du 24 avril prochain \u00e0 Fada pour exiger le bitumage du tron\u00e7on Gounghin-Fada dont l\u2019\u00e9tat de d\u00e9gradation est souvent \u00e0 l\u2019origine des [&hellip;]<\/p>\n","protected":false},"author":82,"featured_media":10148,"comment_status":"open","ping_status":"closed","sticky":false,"template":"","format":"standard","meta":{"footnotes":""},"categories":[11,2,10],"tags":[111,725,29],"class_list":["post-10149","post","type-post","status-publish","format-standard","has-post-thumbnail","hentry","category-homepage-french","category-politique","category-toutes-les-actualites","tag-africa-press","tag-africa-press-burkina-faso","tag-burkina-faso"],"yoast_head":"<!-- This site is optimized with the Yoast SEO Premium plugin v26.1 (Yoast SEO v27.0) - https:\/\/yoast.com\/product\/yoast-seo-premium-wordpress\/ -->\n<title>Marche du 24 avril \u00e0 Fada : Sachons raison garder ! - Burkina Faso<\/title>\n<meta name=\"description\" content=\"Dans cette correspondance parvenue, ce samedi 17 avril 2021, \u00e0 notre r\u00e9daction, Ousmane Tindano, un citoyen qui s\u2019int ...\" \/>\n<meta name=\"robots\" content=\"index, follow, max-snippet:-1, max-image-preview:large, max-video-preview:-1\" \/>\n<link rel=\"canonical\" href=\"https:\/\/www.africa-press.net\/burkina-faso\/politique\/marche-du-24-avril-a-fada-sachons-raison-garder\" \/>\n<meta property=\"og:locale\" content=\"fr_FR\" \/>\n<meta property=\"og:type\" content=\"article\" \/>\n<meta property=\"og:title\" content=\"Marche du 24 avril \u00e0 Fada : Sachons raison garder !\" \/>\n<meta property=\"og:description\" content=\"Dans cette correspondance parvenue, ce samedi 17 avril 2021, \u00e0 notre r\u00e9daction, Ousmane Tindano, un citoyen qui s\u2019int ...\" \/>\n<meta property=\"og:url\" content=\"https:\/\/www.africa-press.net\/burkina-faso\/politique\/marche-du-24-avril-a-fada-sachons-raison-garder\" \/>\n<meta property=\"og:site_name\" content=\"Burkina Faso\" \/>\n<meta property=\"article:published_time\" content=\"2021-04-18T17:39:31+00:00\" \/>\n<meta property=\"og:image\" content=\"https:\/\/static.africa-press.net\/burkina\/sites\/42\/2021\/04\/img-607c55370bf02.jpg\" \/>\n\t<meta property=\"og:image:width\" content=\"720\" \/>\n\t<meta property=\"og:image:height\" content=\"334\" \/>\n\t<meta property=\"og:image:type\" content=\"image\/jpeg\" \/>\n<meta name=\"author\" content=\"cfeditorfr\" \/>\n<meta name=\"twitter:card\" content=\"summary_large_image\" \/>\n<meta name=\"twitter:label1\" content=\"\u00c9crit par\" \/>\n\t<meta name=\"twitter:data1\" content=\"cfeditorfr\" \/>\n\t<meta name=\"twitter:label2\" content=\"Dur\u00e9e de lecture estim\u00e9e\" \/>\n\t<meta name=\"twitter:data2\" content=\"5 minutes\" \/>\n<script type=\"application\/ld+json\" class=\"yoast-schema-graph\">{\"@context\":\"https:\/\/schema.org\",\"@graph\":[{\"@type\":\"Article\",\"@id\":\"https:\/\/www.africa-press.net\/burkina-faso\/politique\/marche-du-24-avril-a-fada-sachons-raison-garder#article\",\"isPartOf\":{\"@id\":\"https:\/\/www.africa-press.net\/burkina-faso\/politique\/marche-du-24-avril-a-fada-sachons-raison-garder\"},\"author\":{\"name\":\"cfeditorfr\",\"@id\":\"https:\/\/www.africa-press.net\/burkina-faso\/#\/schema\/person\/2b1cf3cd81a31e3cd26889ca66d677f1\"},\"headline\":\"Marche du 24 avril \u00e0 Fada : Sachons raison garder !\",\"datePublished\":\"2021-04-18T17:39:31+00:00\",\"mainEntityOfPage\":{\"@id\":\"https:\/\/www.africa-press.net\/burkina-faso\/politique\/marche-du-24-avril-a-fada-sachons-raison-garder\"},\"wordCount\":976,\"commentCount\":0,\"image\":{\"@id\":\"https:\/\/www.africa-press.net\/burkina-faso\/politique\/marche-du-24-avril-a-fada-sachons-raison-garder#primaryimage\"},\"thumbnailUrl\":\"https:\/\/static.africa-press.net\/burkina\/sites\/42\/2021\/04\/img-607c55370bf02.jpg\",\"keywords\":[\"Africa Press\",\"Africa Press-Burkina Faso\",\"Burkina Faso\"],\"articleSection\":[\"homepage-french\",\"Politique\",\"Toutes les actualit\u00e9s\"],\"inLanguage\":\"fr-FR\",\"potentialAction\":[{\"@type\":\"CommentAction\",\"name\":\"Comment\",\"target\":[\"https:\/\/www.africa-press.net\/burkina-faso\/politique\/marche-du-24-avril-a-fada-sachons-raison-garder#respond\"]}]},{\"@type\":\"WebPage\",\"@id\":\"https:\/\/www.africa-press.net\/burkina-faso\/politique\/marche-du-24-avril-a-fada-sachons-raison-garder\",\"url\":\"https:\/\/www.africa-press.net\/burkina-faso\/politique\/marche-du-24-avril-a-fada-sachons-raison-garder\",\"name\":\"Marche du 24 avril \u00e0 Fada : Sachons raison garder ! - Burkina Faso\",\"isPartOf\":{\"@id\":\"https:\/\/www.africa-press.net\/burkina-faso\/#website\"},\"primaryImageOfPage\":{\"@id\":\"https:\/\/www.africa-press.net\/burkina-faso\/politique\/marche-du-24-avril-a-fada-sachons-raison-garder#primaryimage\"},\"image\":{\"@id\":\"https:\/\/www.africa-press.net\/burkina-faso\/politique\/marche-du-24-avril-a-fada-sachons-raison-garder#primaryimage\"},\"thumbnailUrl\":\"https:\/\/static.africa-press.net\/burkina\/sites\/42\/2021\/04\/img-607c55370bf02.jpg\",\"datePublished\":\"2021-04-18T17:39:31+00:00\",\"author\":{\"@id\":\"https:\/\/www.africa-press.net\/burkina-faso\/#\/schema\/person\/2b1cf3cd81a31e3cd26889ca66d677f1\"},\"description\":\"Dans cette correspondance parvenue, ce samedi 17 avril 2021, \u00e0 notre r\u00e9daction, Ousmane Tindano, un citoyen qui s\u2019int ...\",\"breadcrumb\":{\"@id\":\"https:\/\/www.africa-press.net\/burkina-faso\/politique\/marche-du-24-avril-a-fada-sachons-raison-garder#breadcrumb\"},\"inLanguage\":\"fr-FR\",\"potentialAction\":[{\"@type\":\"ReadAction\",\"target\":[\"https:\/\/www.africa-press.net\/burkina-faso\/politique\/marche-du-24-avril-a-fada-sachons-raison-garder\"]}]},{\"@type\":\"ImageObject\",\"inLanguage\":\"fr-FR\",\"@id\":\"https:\/\/www.africa-press.net\/burkina-faso\/politique\/marche-du-24-avril-a-fada-sachons-raison-garder#primaryimage\",\"url\":\"https:\/\/static.africa-press.net\/burkina\/sites\/42\/2021\/04\/img-607c55370bf02.jpg\",\"contentUrl\":\"https:\/\/static.africa-press.net\/burkina\/sites\/42\/2021\/04\/img-607c55370bf02.jpg\",\"width\":720,\"height\":334,\"caption\":\"Marche du 24 avril \u00e0 Fada : Sachons raison garder !\"},{\"@type\":\"BreadcrumbList\",\"@id\":\"https:\/\/www.africa-press.net\/burkina-faso\/politique\/marche-du-24-avril-a-fada-sachons-raison-garder#breadcrumb\",\"itemListElement\":[{\"@type\":\"ListItem\",\"position\":1,\"name\":\"Accueil\",\"item\":\"https:\/\/www.africa-press.net\/burkina-faso\/\"},{\"@type\":\"ListItem\",\"position\":2,\"name\":\"Marche du 24 avril \u00e0 Fada : Sachons raison garder !\"}]},{\"@type\":\"WebSite\",\"@id\":\"https:\/\/www.africa-press.net\/burkina-faso\/#website\",\"url\":\"https:\/\/www.africa-press.net\/burkina-faso\/\",\"name\":\"Burkina Faso\",\"description\":\"Just another Africa News Agency Sites site\",\"potentialAction\":[{\"@type\":\"SearchAction\",\"target\":{\"@type\":\"EntryPoint\",\"urlTemplate\":\"https:\/\/www.africa-press.net\/burkina-faso\/?s={search_term_string}\"},\"query-input\":{\"@type\":\"PropertyValueSpecification\",\"valueRequired\":true,\"valueName\":\"search_term_string\"}}],\"inLanguage\":\"fr-FR\"},{\"@type\":\"Person\",\"@id\":\"https:\/\/www.africa-press.net\/burkina-faso\/#\/schema\/person\/2b1cf3cd81a31e3cd26889ca66d677f1\",\"name\":\"cfeditorfr\"}]}<\/script>\n<!-- \/ Yoast SEO Premium plugin. -->","yoast_head_json":{"title":"Marche du 24 avril \u00e0 Fada : Sachons raison garder ! - Burkina Faso","description":"Dans cette correspondance parvenue, ce samedi 17 avril 2021, \u00e0 notre r\u00e9daction, Ousmane Tindano, un citoyen qui s\u2019int ...","robots":{"index":"index","follow":"follow","max-snippet":"max-snippet:-1","max-image-preview":"max-image-preview:large","max-video-preview":"max-video-preview:-1"},"canonical":"https:\/\/www.africa-press.net\/burkina-faso\/politique\/marche-du-24-avril-a-fada-sachons-raison-garder","og_locale":"fr_FR","og_type":"article","og_title":"Marche du 24 avril \u00e0 Fada : Sachons raison garder !","og_description":"Dans cette correspondance parvenue, ce samedi 17 avril 2021, \u00e0 notre r\u00e9daction, Ousmane Tindano, un citoyen qui s\u2019int ...","og_url":"https:\/\/www.africa-press.net\/burkina-faso\/politique\/marche-du-24-avril-a-fada-sachons-raison-garder","og_site_name":"Burkina Faso","article_published_time":"2021-04-18T17:39:31+00:00","og_image":[{"width":720,"height":334,"url":"https:\/\/static.africa-press.net\/burkina\/sites\/42\/2021\/04\/img-607c55370bf02.jpg","type":"image\/jpeg"}],"author":"cfeditorfr","twitter_card":"summary_large_image","twitter_misc":{"\u00c9crit par":"cfeditorfr","Dur\u00e9e de lecture estim\u00e9e":"5 minutes"},"schema":{"@context":"https:\/\/schema.org","@graph":[{"@type":"Article","@id":"https:\/\/www.africa-press.net\/burkina-faso\/politique\/marche-du-24-avril-a-fada-sachons-raison-garder#article","isPartOf":{"@id":"https:\/\/www.africa-press.net\/burkina-faso\/politique\/marche-du-24-avril-a-fada-sachons-raison-garder"},"author":{"name":"cfeditorfr","@id":"https:\/\/www.africa-press.net\/burkina-faso\/#\/schema\/person\/2b1cf3cd81a31e3cd26889ca66d677f1"},"headline":"Marche du 24 avril \u00e0 Fada : Sachons raison garder !","datePublished":"2021-04-18T17:39:31+00:00","mainEntityOfPage":{"@id":"https:\/\/www.africa-press.net\/burkina-faso\/politique\/marche-du-24-avril-a-fada-sachons-raison-garder"},"wordCount":976,"commentCount":0,"image":{"@id":"https:\/\/www.africa-press.net\/burkina-faso\/politique\/marche-du-24-avril-a-fada-sachons-raison-garder#primaryimage"},"thumbnailUrl":"https:\/\/static.africa-press.net\/burkina\/sites\/42\/2021\/04\/img-607c55370bf02.jpg","keywords":["Africa Press","Africa Press-Burkina Faso","Burkina Faso"],"articleSection":["homepage-french","Politique","Toutes les actualit\u00e9s"],"inLanguage":"fr-FR","potentialAction":[{"@type":"CommentAction","name":"Comment","target":["https:\/\/www.africa-press.net\/burkina-faso\/politique\/marche-du-24-avril-a-fada-sachons-raison-garder#respond"]}]},{"@type":"WebPage","@id":"https:\/\/www.africa-press.net\/burkina-faso\/politique\/marche-du-24-avril-a-fada-sachons-raison-garder","url":"https:\/\/www.africa-press.net\/burkina-faso\/politique\/marche-du-24-avril-a-fada-sachons-raison-garder","name":"Marche du 24 avril \u00e0 Fada : Sachons raison garder ! - Burkina Faso","isPartOf":{"@id":"https:\/\/www.africa-press.net\/burkina-faso\/#website"},"primaryImageOfPage":{"@id":"https:\/\/www.africa-press.net\/burkina-faso\/politique\/marche-du-24-avril-a-fada-sachons-raison-garder#primaryimage"},"image":{"@id":"https:\/\/www.africa-press.net\/burkina-faso\/politique\/marche-du-24-avril-a-fada-sachons-raison-garder#primaryimage"},"thumbnailUrl":"https:\/\/static.africa-press.net\/burkina\/sites\/42\/2021\/04\/img-607c55370bf02.jpg","datePublished":"2021-04-18T17:39:31+00:00","author":{"@id":"https:\/\/www.africa-press.net\/burkina-faso\/#\/schema\/person\/2b1cf3cd81a31e3cd26889ca66d677f1"},"description":"Dans cette correspondance parvenue, ce samedi 17 avril 2021, \u00e0 notre r\u00e9daction, Ousmane Tindano, un citoyen qui s\u2019int ...","breadcrumb":{"@id":"https:\/\/www.africa-press.net\/burkina-faso\/politique\/marche-du-24-avril-a-fada-sachons-raison-garder#breadcrumb"},"inLanguage":"fr-FR","potentialAction":[{"@type":"ReadAction","target":["https:\/\/www.africa-press.net\/burkina-faso\/politique\/marche-du-24-avril-a-fada-sachons-raison-garder"]}]},{"@type":"ImageObject","inLanguage":"fr-FR","@id":"https:\/\/www.africa-press.net\/burkina-faso\/politique\/marche-du-24-avril-a-fada-sachons-raison-garder#primaryimage","url":"https:\/\/static.africa-press.net\/burkina\/sites\/42\/2021\/04\/img-607c55370bf02.jpg","contentUrl":"https:\/\/static.africa-press.net\/burkina\/sites\/42\/2021\/04\/img-607c55370bf02.jpg","width":720,"height":334,"caption":"Marche du 24 avril \u00e0 Fada : Sachons raison garder !"},{"@type":"BreadcrumbList","@id":"https:\/\/www.africa-press.net\/burkina-faso\/politique\/marche-du-24-avril-a-fada-sachons-raison-garder#breadcrumb","itemListElement":[{"@type":"ListItem","position":1,"name":"Accueil","item":"https:\/\/www.africa-press.net\/burkina-faso\/"},{"@type":"ListItem","position":2,"name":"Marche du 24 avril \u00e0 Fada : Sachons raison garder !"}]},{"@type":"WebSite","@id":"https:\/\/www.africa-press.net\/burkina-faso\/#website","url":"https:\/\/www.africa-press.net\/burkina-faso\/","name":"Burkina Faso","description":"Just another Africa News Agency Sites site","potentialAction":[{"@type":"SearchAction","target":{"@type":"EntryPoint","urlTemplate":"https:\/\/www.africa-press.net\/burkina-faso\/?s={search_term_string}"},"query-input":{"@type":"PropertyValueSpecification","valueRequired":true,"valueName":"search_term_string"}}],"inLanguage":"fr-FR"},{"@type":"Person","@id":"https:\/\/www.africa-press.net\/burkina-faso\/#\/schema\/person\/2b1cf3cd81a31e3cd26889ca66d677f1","name":"cfeditorfr"}]}},"_links":{"self":[{"href":"https:\/\/www.africa-press.net\/burkina-faso\/wp-json\/wp\/v2\/posts\/10149","targetHints":{"allow":["GET"]}}],"collection":[{"href":"https:\/\/www.africa-press.net\/burkina-faso\/wp-json\/wp\/v2\/posts"}],"about":[{"href":"https:\/\/www.africa-press.net\/burkina-faso\/wp-json\/wp\/v2\/types\/post"}],"author":[{"embeddable":true,"href":"https:\/\/www.africa-press.net\/burkina-faso\/wp-json\/wp\/v2\/users\/82"}],"replies":[{"embeddable":true,"href":"https:\/\/www.africa-press.net\/burkina-faso\/wp-json\/wp\/v2\/comments?post=10149"}],"version-history":[{"count":0,"href":"https:\/\/www.africa-press.net\/burkina-faso\/wp-json\/wp\/v2\/posts\/10149\/revisions"}],"wp:featuredmedia":[{"embeddable":true,"href":"https:\/\/www.africa-press.net\/burkina-faso\/wp-json\/wp\/v2\/media\/10148"}],"wp:attachment":[{"href":"https:\/\/www.africa-press.net\/burkina-faso\/wp-json\/wp\/v2\/media?parent=10149"}],"wp:term":[{"taxonomy":"category","embeddable":true,"href":"https:\/\/www.africa-press.net\/burkina-faso\/wp-json\/wp\/v2\/categories?post=10149"},{"taxonomy":"post_tag","embeddable":true,"href":"https:\/\/www.africa-press.net\/burkina-faso\/wp-json\/wp\/v2\/tags?post=10149"}],"curies":[{"name":"wp","href":"https:\/\/api.w.org\/{rel}","templated":true}]}}