{"id":10155,"date":"2021-04-18T17:55:49","date_gmt":"2021-04-18T17:55:49","guid":{"rendered":"https:\/\/www.africa-press.net\/burkina-faso\/?p=10155"},"modified":"2021-04-18T16:58:43","modified_gmt":"2021-04-18T16:58:43","slug":"force-conjointe-g5-sahel-des-unites-repoussent-une-attaque","status":"publish","type":"post","link":"https:\/\/www.africa-press.net\/burkina-faso\/politique\/force-conjointe-g5-sahel-des-unites-repoussent-une-attaque","title":{"rendered":"Force conjointe G5 Sahel : Des unit\u00e9s repoussent une attaque"},"content":{"rendered":"<p><span style=\"color: #ff6600\"><strong><a href=\"https:\/\/www.africa-press.net\/\">Africa-Press<\/a> &#8211; <a href=\"https:\/\/www.africa-press.net\/burkina-faso\">Burkina Faso<\/a>. <\/strong><\/span><b>Des \u00e9l\u00e9ments du 8e bataillon tchadien et du bataillon malien de Boulikessi ont repouss\u00e9, dans la journ\u00e9e du vendredi 16 avril 2021, une attaque terroriste dans la localit\u00e9 de Boulikessi, rapporte la Force conjointe G5 Sahel dans un communiqu\u00e9.<\/b><\/p>\n<p>Le bilan de l\u2019attaque, au cours de laquelle les FDS ont pris le dessus sur les terroristes, fait \u00e9tat de douze assaillants \u00ab neutralis\u00e9s \u00bb et de huit bless\u00e9s au sein des militaires.<\/p>\n<p>Le Commandant de la Force conjointe G5 Sahel souhaite prompt r\u00e9tablissement aux bless\u00e9s et salue la bravoure, la combativit\u00e9 et le professionnalisme des unit\u00e9s.<\/p>\n<p>En rappel, la Force conjointe G5 Sahel a pour mission de lutter contre les terroristes dans les r\u00e9gions frontali\u00e8res communes aux pays du G5 Sahel en \u00e9troite collaboration avec les forces nationales et la Force Barkhane.<\/p>\n","protected":false},"excerpt":{"rendered":"<p>Africa-Press &#8211; Burkina Faso. Des \u00e9l\u00e9ments du 8e bataillon tchadien et du bataillon malien de Boulikessi ont repouss\u00e9, dans la journ\u00e9e du vendredi 16 avril 2021, une attaque terroriste dans la localit\u00e9 de Boulikessi, rapporte la Force conjointe G5 Sahel dans un communiqu\u00e9. Le bilan de l\u2019attaque, au cours de laquelle les FDS ont pris [&hellip;]<\/p>\n","protected":false},"author":82,"featured_media":10154,"comment_status":"open","ping_status":"closed","sticky":false,"template":"","format":"standard","meta":{"footnotes":""},"categories":[11,2,10],"tags":[111,725,29],"class_list":["post-10155","post","type-post","status-publish","format-standard","has-post-thumbnail","hentry","category-homepage-french","category-politique","category-toutes-les-actualites","tag-africa-press","tag-africa-press-burkina-faso","tag-burkina-faso"],"yoast_head":"<!-- This site is optimized with the Yoast SEO Premium plugin v26.1 (Yoast SEO v27.0) - https:\/\/yoast.com\/product\/yoast-seo-premium-wordpress\/ -->\n<title>Force conjointe G5 Sahel : Des unit\u00e9s repoussent une attaque - Burkina Faso<\/title>\n<meta name=\"description\" content=\"Des \u00e9l\u00e9ments du 8e bataillon tchadien et du bataillon malien de Boulikessi ont repouss\u00e9, dans la journ\u00e9e du vendredi ...\" \/>\n<meta name=\"robots\" content=\"index, follow, max-snippet:-1, max-image-preview:large, max-video-preview:-1\" \/>\n<link rel=\"canonical\" href=\"https:\/\/www.africa-press.net\/burkina-faso\/politique\/force-conjointe-g5-sahel-des-unites-repoussent-une-attaque\" \/>\n<meta property=\"og:locale\" content=\"fr_FR\" \/>\n<meta property=\"og:type\" content=\"article\" \/>\n<meta property=\"og:title\" content=\"Force conjointe G5 Sahel : Des unit\u00e9s repoussent une attaque\" \/>\n<meta property=\"og:description\" content=\"Des \u00e9l\u00e9ments du 8e bataillon tchadien et du bataillon malien de Boulikessi ont repouss\u00e9, dans la journ\u00e9e du vendredi ...\" \/>\n<meta property=\"og:url\" content=\"https:\/\/www.africa-press.net\/burkina-faso\/politique\/force-conjointe-g5-sahel-des-unites-repoussent-une-attaque\" \/>\n<meta property=\"og:site_name\" content=\"Burkina Faso\" \/>\n<meta property=\"article:published_time\" content=\"2021-04-18T17:55:49+00:00\" \/>\n<meta property=\"og:image\" content=\"https:\/\/static.africa-press.net\/burkina\/sites\/42\/2021\/04\/img-607c5586b8053.jpg\" \/>\n\t<meta property=\"og:image:width\" content=\"720\" \/>\n\t<meta property=\"og:image:height\" content=\"288\" \/>\n\t<meta property=\"og:image:type\" content=\"image\/jpeg\" \/>\n<meta name=\"author\" content=\"cfeditorfr\" \/>\n<meta name=\"twitter:card\" content=\"summary_large_image\" \/>\n<meta name=\"twitter:label1\" content=\"\u00c9crit par\" \/>\n\t<meta name=\"twitter:data1\" content=\"cfeditorfr\" \/>\n\t<meta name=\"twitter:label2\" content=\"Dur\u00e9e de lecture estim\u00e9e\" \/>\n\t<meta name=\"twitter:data2\" content=\"1 minute\" \/>\n<script type=\"application\/ld+json\" class=\"yoast-schema-graph\">{\"@context\":\"https:\/\/schema.org\",\"@graph\":[{\"@type\":\"Article\",\"@id\":\"https:\/\/www.africa-press.net\/burkina-faso\/politique\/force-conjointe-g5-sahel-des-unites-repoussent-une-attaque#article\",\"isPartOf\":{\"@id\":\"https:\/\/www.africa-press.net\/burkina-faso\/politique\/force-conjointe-g5-sahel-des-unites-repoussent-une-attaque\"},\"author\":{\"name\":\"cfeditorfr\",\"@id\":\"https:\/\/www.africa-press.net\/burkina-faso\/#\/schema\/person\/2b1cf3cd81a31e3cd26889ca66d677f1\"},\"headline\":\"Force conjointe G5 Sahel : Des unit\u00e9s repoussent une attaque\",\"datePublished\":\"2021-04-18T17:55:49+00:00\",\"mainEntityOfPage\":{\"@id\":\"https:\/\/www.africa-press.net\/burkina-faso\/politique\/force-conjointe-g5-sahel-des-unites-repoussent-une-attaque\"},\"wordCount\":152,\"commentCount\":0,\"image\":{\"@id\":\"https:\/\/www.africa-press.net\/burkina-faso\/politique\/force-conjointe-g5-sahel-des-unites-repoussent-une-attaque#primaryimage\"},\"thumbnailUrl\":\"https:\/\/static.africa-press.net\/burkina\/sites\/42\/2021\/04\/img-607c5586b8053.jpg\",\"keywords\":[\"Africa Press\",\"Africa Press-Burkina Faso\",\"Burkina Faso\"],\"articleSection\":[\"homepage-french\",\"Politique\",\"Toutes les actualit\u00e9s\"],\"inLanguage\":\"fr-FR\",\"potentialAction\":[{\"@type\":\"CommentAction\",\"name\":\"Comment\",\"target\":[\"https:\/\/www.africa-press.net\/burkina-faso\/politique\/force-conjointe-g5-sahel-des-unites-repoussent-une-attaque#respond\"]}]},{\"@type\":\"WebPage\",\"@id\":\"https:\/\/www.africa-press.net\/burkina-faso\/politique\/force-conjointe-g5-sahel-des-unites-repoussent-une-attaque\",\"url\":\"https:\/\/www.africa-press.net\/burkina-faso\/politique\/force-conjointe-g5-sahel-des-unites-repoussent-une-attaque\",\"name\":\"Force conjointe G5 Sahel : Des unit\u00e9s repoussent une attaque - Burkina Faso\",\"isPartOf\":{\"@id\":\"https:\/\/www.africa-press.net\/burkina-faso\/#website\"},\"primaryImageOfPage\":{\"@id\":\"https:\/\/www.africa-press.net\/burkina-faso\/politique\/force-conjointe-g5-sahel-des-unites-repoussent-une-attaque#primaryimage\"},\"image\":{\"@id\":\"https:\/\/www.africa-press.net\/burkina-faso\/politique\/force-conjointe-g5-sahel-des-unites-repoussent-une-attaque#primaryimage\"},\"thumbnailUrl\":\"https:\/\/static.africa-press.net\/burkina\/sites\/42\/2021\/04\/img-607c5586b8053.jpg\",\"datePublished\":\"2021-04-18T17:55:49+00:00\",\"author\":{\"@id\":\"https:\/\/www.africa-press.net\/burkina-faso\/#\/schema\/person\/2b1cf3cd81a31e3cd26889ca66d677f1\"},\"description\":\"Des \u00e9l\u00e9ments du 8e bataillon tchadien et du bataillon malien de Boulikessi ont repouss\u00e9, dans la journ\u00e9e du vendredi ...\",\"breadcrumb\":{\"@id\":\"https:\/\/www.africa-press.net\/burkina-faso\/politique\/force-conjointe-g5-sahel-des-unites-repoussent-une-attaque#breadcrumb\"},\"inLanguage\":\"fr-FR\",\"potentialAction\":[{\"@type\":\"ReadAction\",\"target\":[\"https:\/\/www.africa-press.net\/burkina-faso\/politique\/force-conjointe-g5-sahel-des-unites-repoussent-une-attaque\"]}]},{\"@type\":\"ImageObject\",\"inLanguage\":\"fr-FR\",\"@id\":\"https:\/\/www.africa-press.net\/burkina-faso\/politique\/force-conjointe-g5-sahel-des-unites-repoussent-une-attaque#primaryimage\",\"url\":\"https:\/\/static.africa-press.net\/burkina\/sites\/42\/2021\/04\/img-607c5586b8053.jpg\",\"contentUrl\":\"https:\/\/static.africa-press.net\/burkina\/sites\/42\/2021\/04\/img-607c5586b8053.jpg\",\"width\":720,\"height\":288,\"caption\":\"Force conjointe G5 Sahel : Des unit\u00e9s repoussent une attaque\"},{\"@type\":\"BreadcrumbList\",\"@id\":\"https:\/\/www.africa-press.net\/burkina-faso\/politique\/force-conjointe-g5-sahel-des-unites-repoussent-une-attaque#breadcrumb\",\"itemListElement\":[{\"@type\":\"ListItem\",\"position\":1,\"name\":\"Accueil\",\"item\":\"https:\/\/www.africa-press.net\/burkina-faso\/\"},{\"@type\":\"ListItem\",\"position\":2,\"name\":\"Force conjointe G5 Sahel : Des unit\u00e9s repoussent une attaque\"}]},{\"@type\":\"WebSite\",\"@id\":\"https:\/\/www.africa-press.net\/burkina-faso\/#website\",\"url\":\"https:\/\/www.africa-press.net\/burkina-faso\/\",\"name\":\"Burkina Faso\",\"description\":\"Just another Africa News Agency Sites site\",\"potentialAction\":[{\"@type\":\"SearchAction\",\"target\":{\"@type\":\"EntryPoint\",\"urlTemplate\":\"https:\/\/www.africa-press.net\/burkina-faso\/?s={search_term_string}\"},\"query-input\":{\"@type\":\"PropertyValueSpecification\",\"valueRequired\":true,\"valueName\":\"search_term_string\"}}],\"inLanguage\":\"fr-FR\"},{\"@type\":\"Person\",\"@id\":\"https:\/\/www.africa-press.net\/burkina-faso\/#\/schema\/person\/2b1cf3cd81a31e3cd26889ca66d677f1\",\"name\":\"cfeditorfr\"}]}<\/script>\n<!-- \/ Yoast SEO Premium plugin. -->","yoast_head_json":{"title":"Force conjointe G5 Sahel : Des unit\u00e9s repoussent une attaque - Burkina Faso","description":"Des \u00e9l\u00e9ments du 8e bataillon tchadien et du bataillon malien de Boulikessi ont repouss\u00e9, dans la journ\u00e9e du vendredi ...","robots":{"index":"index","follow":"follow","max-snippet":"max-snippet:-1","max-image-preview":"max-image-preview:large","max-video-preview":"max-video-preview:-1"},"canonical":"https:\/\/www.africa-press.net\/burkina-faso\/politique\/force-conjointe-g5-sahel-des-unites-repoussent-une-attaque","og_locale":"fr_FR","og_type":"article","og_title":"Force conjointe G5 Sahel : Des unit\u00e9s repoussent une attaque","og_description":"Des \u00e9l\u00e9ments du 8e bataillon tchadien et du bataillon malien de Boulikessi ont repouss\u00e9, dans la journ\u00e9e du vendredi ...","og_url":"https:\/\/www.africa-press.net\/burkina-faso\/politique\/force-conjointe-g5-sahel-des-unites-repoussent-une-attaque","og_site_name":"Burkina Faso","article_published_time":"2021-04-18T17:55:49+00:00","og_image":[{"width":720,"height":288,"url":"https:\/\/static.africa-press.net\/burkina\/sites\/42\/2021\/04\/img-607c5586b8053.jpg","type":"image\/jpeg"}],"author":"cfeditorfr","twitter_card":"summary_large_image","twitter_misc":{"\u00c9crit par":"cfeditorfr","Dur\u00e9e de lecture estim\u00e9e":"1 minute"},"schema":{"@context":"https:\/\/schema.org","@graph":[{"@type":"Article","@id":"https:\/\/www.africa-press.net\/burkina-faso\/politique\/force-conjointe-g5-sahel-des-unites-repoussent-une-attaque#article","isPartOf":{"@id":"https:\/\/www.africa-press.net\/burkina-faso\/politique\/force-conjointe-g5-sahel-des-unites-repoussent-une-attaque"},"author":{"name":"cfeditorfr","@id":"https:\/\/www.africa-press.net\/burkina-faso\/#\/schema\/person\/2b1cf3cd81a31e3cd26889ca66d677f1"},"headline":"Force conjointe G5 Sahel : Des unit\u00e9s repoussent une attaque","datePublished":"2021-04-18T17:55:49+00:00","mainEntityOfPage":{"@id":"https:\/\/www.africa-press.net\/burkina-faso\/politique\/force-conjointe-g5-sahel-des-unites-repoussent-une-attaque"},"wordCount":152,"commentCount":0,"image":{"@id":"https:\/\/www.africa-press.net\/burkina-faso\/politique\/force-conjointe-g5-sahel-des-unites-repoussent-une-attaque#primaryimage"},"thumbnailUrl":"https:\/\/static.africa-press.net\/burkina\/sites\/42\/2021\/04\/img-607c5586b8053.jpg","keywords":["Africa Press","Africa Press-Burkina Faso","Burkina Faso"],"articleSection":["homepage-french","Politique","Toutes les actualit\u00e9s"],"inLanguage":"fr-FR","potentialAction":[{"@type":"CommentAction","name":"Comment","target":["https:\/\/www.africa-press.net\/burkina-faso\/politique\/force-conjointe-g5-sahel-des-unites-repoussent-une-attaque#respond"]}]},{"@type":"WebPage","@id":"https:\/\/www.africa-press.net\/burkina-faso\/politique\/force-conjointe-g5-sahel-des-unites-repoussent-une-attaque","url":"https:\/\/www.africa-press.net\/burkina-faso\/politique\/force-conjointe-g5-sahel-des-unites-repoussent-une-attaque","name":"Force conjointe G5 Sahel : Des unit\u00e9s repoussent une attaque - Burkina Faso","isPartOf":{"@id":"https:\/\/www.africa-press.net\/burkina-faso\/#website"},"primaryImageOfPage":{"@id":"https:\/\/www.africa-press.net\/burkina-faso\/politique\/force-conjointe-g5-sahel-des-unites-repoussent-une-attaque#primaryimage"},"image":{"@id":"https:\/\/www.africa-press.net\/burkina-faso\/politique\/force-conjointe-g5-sahel-des-unites-repoussent-une-attaque#primaryimage"},"thumbnailUrl":"https:\/\/static.africa-press.net\/burkina\/sites\/42\/2021\/04\/img-607c5586b8053.jpg","datePublished":"2021-04-18T17:55:49+00:00","author":{"@id":"https:\/\/www.africa-press.net\/burkina-faso\/#\/schema\/person\/2b1cf3cd81a31e3cd26889ca66d677f1"},"description":"Des \u00e9l\u00e9ments du 8e bataillon tchadien et du bataillon malien de Boulikessi ont repouss\u00e9, dans la journ\u00e9e du vendredi ...","breadcrumb":{"@id":"https:\/\/www.africa-press.net\/burkina-faso\/politique\/force-conjointe-g5-sahel-des-unites-repoussent-une-attaque#breadcrumb"},"inLanguage":"fr-FR","potentialAction":[{"@type":"ReadAction","target":["https:\/\/www.africa-press.net\/burkina-faso\/politique\/force-conjointe-g5-sahel-des-unites-repoussent-une-attaque"]}]},{"@type":"ImageObject","inLanguage":"fr-FR","@id":"https:\/\/www.africa-press.net\/burkina-faso\/politique\/force-conjointe-g5-sahel-des-unites-repoussent-une-attaque#primaryimage","url":"https:\/\/static.africa-press.net\/burkina\/sites\/42\/2021\/04\/img-607c5586b8053.jpg","contentUrl":"https:\/\/static.africa-press.net\/burkina\/sites\/42\/2021\/04\/img-607c5586b8053.jpg","width":720,"height":288,"caption":"Force conjointe G5 Sahel : Des unit\u00e9s repoussent une attaque"},{"@type":"BreadcrumbList","@id":"https:\/\/www.africa-press.net\/burkina-faso\/politique\/force-conjointe-g5-sahel-des-unites-repoussent-une-attaque#breadcrumb","itemListElement":[{"@type":"ListItem","position":1,"name":"Accueil","item":"https:\/\/www.africa-press.net\/burkina-faso\/"},{"@type":"ListItem","position":2,"name":"Force conjointe G5 Sahel : Des unit\u00e9s repoussent une attaque"}]},{"@type":"WebSite","@id":"https:\/\/www.africa-press.net\/burkina-faso\/#website","url":"https:\/\/www.africa-press.net\/burkina-faso\/","name":"Burkina Faso","description":"Just another Africa News Agency Sites site","potentialAction":[{"@type":"SearchAction","target":{"@type":"EntryPoint","urlTemplate":"https:\/\/www.africa-press.net\/burkina-faso\/?s={search_term_string}"},"query-input":{"@type":"PropertyValueSpecification","valueRequired":true,"valueName":"search_term_string"}}],"inLanguage":"fr-FR"},{"@type":"Person","@id":"https:\/\/www.africa-press.net\/burkina-faso\/#\/schema\/person\/2b1cf3cd81a31e3cd26889ca66d677f1","name":"cfeditorfr"}]}},"_links":{"self":[{"href":"https:\/\/www.africa-press.net\/burkina-faso\/wp-json\/wp\/v2\/posts\/10155","targetHints":{"allow":["GET"]}}],"collection":[{"href":"https:\/\/www.africa-press.net\/burkina-faso\/wp-json\/wp\/v2\/posts"}],"about":[{"href":"https:\/\/www.africa-press.net\/burkina-faso\/wp-json\/wp\/v2\/types\/post"}],"author":[{"embeddable":true,"href":"https:\/\/www.africa-press.net\/burkina-faso\/wp-json\/wp\/v2\/users\/82"}],"replies":[{"embeddable":true,"href":"https:\/\/www.africa-press.net\/burkina-faso\/wp-json\/wp\/v2\/comments?post=10155"}],"version-history":[{"count":0,"href":"https:\/\/www.africa-press.net\/burkina-faso\/wp-json\/wp\/v2\/posts\/10155\/revisions"}],"wp:featuredmedia":[{"embeddable":true,"href":"https:\/\/www.africa-press.net\/burkina-faso\/wp-json\/wp\/v2\/media\/10154"}],"wp:attachment":[{"href":"https:\/\/www.africa-press.net\/burkina-faso\/wp-json\/wp\/v2\/media?parent=10155"}],"wp:term":[{"taxonomy":"category","embeddable":true,"href":"https:\/\/www.africa-press.net\/burkina-faso\/wp-json\/wp\/v2\/categories?post=10155"},{"taxonomy":"post_tag","embeddable":true,"href":"https:\/\/www.africa-press.net\/burkina-faso\/wp-json\/wp\/v2\/tags?post=10155"}],"curies":[{"name":"wp","href":"https:\/\/api.w.org\/{rel}","templated":true}]}}