{"id":10158,"date":"2021-04-18T18:01:29","date_gmt":"2021-04-18T18:01:29","guid":{"rendered":"https:\/\/www.africa-press.net\/burkina-faso\/?p=10158"},"modified":"2021-04-18T16:58:46","modified_gmt":"2021-04-18T16:58:46","slug":"politique-jerome-bougouma-et-92-autres-militants-quittent-le-cdp","status":"publish","type":"post","link":"https:\/\/www.africa-press.net\/burkina-faso\/politique\/politique-jerome-bougouma-et-92-autres-militants-quittent-le-cdp","title":{"rendered":"Politique : J\u00e9r\u00f4me Bougouma et 92 autres militants quittent le CDP"},"content":{"rendered":"<p><span style=\"color: #ff6600\"><strong><a href=\"https:\/\/www.africa-press.net\/\">Africa-Press<\/a> &#8211; <a href=\"https:\/\/www.africa-press.net\/burkina-faso\">Burkina Faso<\/a>. <\/strong><\/span>Le Congr\u00e8s pour la d\u00e9mocratie et le progr\u00e8s, ancien parti au pouvoir, a enregistr\u00e9, le vendredi 16 avril 2021, la d\u00e9mission de 93 militants. Parmi les d\u00e9missionnaires, on note la pr\u00e9sence de J\u00e9r\u00f4me Bougouma, ministre du travail et de la s\u00e9curit\u00e9 sociale sous Blaise Compaor\u00e9, Issaka Congo, ancien d\u00e9put\u00e9, et d\u2019autres cadres du parti. Pour l\u2019instant, les motifs de ces d\u00e9missions ne sont pas connus, de m\u00eame que l\u2019avenir politique des d\u00e9missionnaires.<\/p>\n","protected":false},"excerpt":{"rendered":"<p>Africa-Press &#8211; Burkina Faso. Le Congr\u00e8s pour la d\u00e9mocratie et le progr\u00e8s, ancien parti au pouvoir, a enregistr\u00e9, le vendredi 16 avril 2021, la d\u00e9mission de 93 militants. Parmi les d\u00e9missionnaires, on note la pr\u00e9sence de J\u00e9r\u00f4me Bougouma, ministre du travail et de la s\u00e9curit\u00e9 sociale sous Blaise Compaor\u00e9, Issaka Congo, ancien d\u00e9put\u00e9, et d\u2019autres [&hellip;]<\/p>\n","protected":false},"author":82,"featured_media":10157,"comment_status":"open","ping_status":"closed","sticky":false,"template":"","format":"standard","meta":{"footnotes":""},"categories":[11,2,10],"tags":[111,725,29],"class_list":["post-10158","post","type-post","status-publish","format-standard","has-post-thumbnail","hentry","category-homepage-french","category-politique","category-toutes-les-actualites","tag-africa-press","tag-africa-press-burkina-faso","tag-burkina-faso"],"yoast_head":"<!-- This site is optimized with the Yoast SEO Premium plugin v26.1 (Yoast SEO v27.0) - https:\/\/yoast.com\/product\/yoast-seo-premium-wordpress\/ -->\n<title>Politique : J\u00e9r\u00f4me Bougouma et 92 autres militants quittent le CDP - Burkina Faso<\/title>\n<meta name=\"description\" content=\"Le Congr\u00e8s pour la d\u00e9mocratie et le progr\u00e8s, ancien parti au pouvoir, a enregistr\u00e9, le vendredi 16 avril 2021, la d\u00e9miss ...\" \/>\n<meta name=\"robots\" content=\"index, follow, max-snippet:-1, max-image-preview:large, max-video-preview:-1\" \/>\n<link rel=\"canonical\" href=\"https:\/\/www.africa-press.net\/burkina-faso\/politique\/politique-jerome-bougouma-et-92-autres-militants-quittent-le-cdp\" \/>\n<meta property=\"og:locale\" content=\"fr_FR\" \/>\n<meta property=\"og:type\" content=\"article\" \/>\n<meta property=\"og:title\" content=\"Politique : J\u00e9r\u00f4me Bougouma et 92 autres militants quittent le CDP\" \/>\n<meta property=\"og:description\" content=\"Le Congr\u00e8s pour la d\u00e9mocratie et le progr\u00e8s, ancien parti au pouvoir, a enregistr\u00e9, le vendredi 16 avril 2021, la d\u00e9miss ...\" \/>\n<meta property=\"og:url\" content=\"https:\/\/www.africa-press.net\/burkina-faso\/politique\/politique-jerome-bougouma-et-92-autres-militants-quittent-le-cdp\" \/>\n<meta property=\"og:site_name\" content=\"Burkina Faso\" \/>\n<meta property=\"article:published_time\" content=\"2021-04-18T18:01:29+00:00\" \/>\n<meta property=\"og:image\" content=\"https:\/\/static.africa-press.net\/burkina\/sites\/42\/2021\/04\/img-607c55af099da.jpg\" \/>\n\t<meta property=\"og:image:width\" content=\"720\" \/>\n\t<meta property=\"og:image:height\" content=\"427\" \/>\n\t<meta property=\"og:image:type\" content=\"image\/jpeg\" \/>\n<meta name=\"author\" content=\"cfeditorfr\" \/>\n<meta name=\"twitter:card\" content=\"summary_large_image\" \/>\n<meta name=\"twitter:label1\" content=\"\u00c9crit par\" \/>\n\t<meta name=\"twitter:data1\" content=\"cfeditorfr\" \/>\n<script type=\"application\/ld+json\" class=\"yoast-schema-graph\">{\"@context\":\"https:\/\/schema.org\",\"@graph\":[{\"@type\":\"Article\",\"@id\":\"https:\/\/www.africa-press.net\/burkina-faso\/politique\/politique-jerome-bougouma-et-92-autres-militants-quittent-le-cdp#article\",\"isPartOf\":{\"@id\":\"https:\/\/www.africa-press.net\/burkina-faso\/politique\/politique-jerome-bougouma-et-92-autres-militants-quittent-le-cdp\"},\"author\":{\"name\":\"cfeditorfr\",\"@id\":\"https:\/\/www.africa-press.net\/burkina-faso\/#\/schema\/person\/2b1cf3cd81a31e3cd26889ca66d677f1\"},\"headline\":\"Politique : J\u00e9r\u00f4me Bougouma et 92 autres militants quittent le CDP\",\"datePublished\":\"2021-04-18T18:01:29+00:00\",\"mainEntityOfPage\":{\"@id\":\"https:\/\/www.africa-press.net\/burkina-faso\/politique\/politique-jerome-bougouma-et-92-autres-militants-quittent-le-cdp\"},\"wordCount\":100,\"commentCount\":0,\"image\":{\"@id\":\"https:\/\/www.africa-press.net\/burkina-faso\/politique\/politique-jerome-bougouma-et-92-autres-militants-quittent-le-cdp#primaryimage\"},\"thumbnailUrl\":\"https:\/\/static.africa-press.net\/burkina\/sites\/42\/2021\/04\/img-607c55af099da.jpg\",\"keywords\":[\"Africa Press\",\"Africa Press-Burkina Faso\",\"Burkina Faso\"],\"articleSection\":[\"homepage-french\",\"Politique\",\"Toutes les actualit\u00e9s\"],\"inLanguage\":\"fr-FR\",\"potentialAction\":[{\"@type\":\"CommentAction\",\"name\":\"Comment\",\"target\":[\"https:\/\/www.africa-press.net\/burkina-faso\/politique\/politique-jerome-bougouma-et-92-autres-militants-quittent-le-cdp#respond\"]}]},{\"@type\":\"WebPage\",\"@id\":\"https:\/\/www.africa-press.net\/burkina-faso\/politique\/politique-jerome-bougouma-et-92-autres-militants-quittent-le-cdp\",\"url\":\"https:\/\/www.africa-press.net\/burkina-faso\/politique\/politique-jerome-bougouma-et-92-autres-militants-quittent-le-cdp\",\"name\":\"Politique : J\u00e9r\u00f4me Bougouma et 92 autres militants quittent le CDP - Burkina Faso\",\"isPartOf\":{\"@id\":\"https:\/\/www.africa-press.net\/burkina-faso\/#website\"},\"primaryImageOfPage\":{\"@id\":\"https:\/\/www.africa-press.net\/burkina-faso\/politique\/politique-jerome-bougouma-et-92-autres-militants-quittent-le-cdp#primaryimage\"},\"image\":{\"@id\":\"https:\/\/www.africa-press.net\/burkina-faso\/politique\/politique-jerome-bougouma-et-92-autres-militants-quittent-le-cdp#primaryimage\"},\"thumbnailUrl\":\"https:\/\/static.africa-press.net\/burkina\/sites\/42\/2021\/04\/img-607c55af099da.jpg\",\"datePublished\":\"2021-04-18T18:01:29+00:00\",\"author\":{\"@id\":\"https:\/\/www.africa-press.net\/burkina-faso\/#\/schema\/person\/2b1cf3cd81a31e3cd26889ca66d677f1\"},\"description\":\"Le Congr\u00e8s pour la d\u00e9mocratie et le progr\u00e8s, ancien parti au pouvoir, a enregistr\u00e9, le vendredi 16 avril 2021, la d\u00e9miss ...\",\"breadcrumb\":{\"@id\":\"https:\/\/www.africa-press.net\/burkina-faso\/politique\/politique-jerome-bougouma-et-92-autres-militants-quittent-le-cdp#breadcrumb\"},\"inLanguage\":\"fr-FR\",\"potentialAction\":[{\"@type\":\"ReadAction\",\"target\":[\"https:\/\/www.africa-press.net\/burkina-faso\/politique\/politique-jerome-bougouma-et-92-autres-militants-quittent-le-cdp\"]}]},{\"@type\":\"ImageObject\",\"inLanguage\":\"fr-FR\",\"@id\":\"https:\/\/www.africa-press.net\/burkina-faso\/politique\/politique-jerome-bougouma-et-92-autres-militants-quittent-le-cdp#primaryimage\",\"url\":\"https:\/\/static.africa-press.net\/burkina\/sites\/42\/2021\/04\/img-607c55af099da.jpg\",\"contentUrl\":\"https:\/\/static.africa-press.net\/burkina\/sites\/42\/2021\/04\/img-607c55af099da.jpg\",\"width\":720,\"height\":427,\"caption\":\"Politique : J\u00e9r\u00f4me Bougouma et 92 autres militants quittent le CDP\"},{\"@type\":\"BreadcrumbList\",\"@id\":\"https:\/\/www.africa-press.net\/burkina-faso\/politique\/politique-jerome-bougouma-et-92-autres-militants-quittent-le-cdp#breadcrumb\",\"itemListElement\":[{\"@type\":\"ListItem\",\"position\":1,\"name\":\"Accueil\",\"item\":\"https:\/\/www.africa-press.net\/burkina-faso\/\"},{\"@type\":\"ListItem\",\"position\":2,\"name\":\"Politique : J\u00e9r\u00f4me Bougouma et 92 autres militants quittent le CDP\"}]},{\"@type\":\"WebSite\",\"@id\":\"https:\/\/www.africa-press.net\/burkina-faso\/#website\",\"url\":\"https:\/\/www.africa-press.net\/burkina-faso\/\",\"name\":\"Burkina Faso\",\"description\":\"Just another Africa News Agency Sites site\",\"potentialAction\":[{\"@type\":\"SearchAction\",\"target\":{\"@type\":\"EntryPoint\",\"urlTemplate\":\"https:\/\/www.africa-press.net\/burkina-faso\/?s={search_term_string}\"},\"query-input\":{\"@type\":\"PropertyValueSpecification\",\"valueRequired\":true,\"valueName\":\"search_term_string\"}}],\"inLanguage\":\"fr-FR\"},{\"@type\":\"Person\",\"@id\":\"https:\/\/www.africa-press.net\/burkina-faso\/#\/schema\/person\/2b1cf3cd81a31e3cd26889ca66d677f1\",\"name\":\"cfeditorfr\"}]}<\/script>\n<!-- \/ Yoast SEO Premium plugin. -->","yoast_head_json":{"title":"Politique : J\u00e9r\u00f4me Bougouma et 92 autres militants quittent le CDP - Burkina Faso","description":"Le Congr\u00e8s pour la d\u00e9mocratie et le progr\u00e8s, ancien parti au pouvoir, a enregistr\u00e9, le vendredi 16 avril 2021, la d\u00e9miss ...","robots":{"index":"index","follow":"follow","max-snippet":"max-snippet:-1","max-image-preview":"max-image-preview:large","max-video-preview":"max-video-preview:-1"},"canonical":"https:\/\/www.africa-press.net\/burkina-faso\/politique\/politique-jerome-bougouma-et-92-autres-militants-quittent-le-cdp","og_locale":"fr_FR","og_type":"article","og_title":"Politique : J\u00e9r\u00f4me Bougouma et 92 autres militants quittent le CDP","og_description":"Le Congr\u00e8s pour la d\u00e9mocratie et le progr\u00e8s, ancien parti au pouvoir, a enregistr\u00e9, le vendredi 16 avril 2021, la d\u00e9miss ...","og_url":"https:\/\/www.africa-press.net\/burkina-faso\/politique\/politique-jerome-bougouma-et-92-autres-militants-quittent-le-cdp","og_site_name":"Burkina Faso","article_published_time":"2021-04-18T18:01:29+00:00","og_image":[{"width":720,"height":427,"url":"https:\/\/static.africa-press.net\/burkina\/sites\/42\/2021\/04\/img-607c55af099da.jpg","type":"image\/jpeg"}],"author":"cfeditorfr","twitter_card":"summary_large_image","twitter_misc":{"\u00c9crit par":"cfeditorfr"},"schema":{"@context":"https:\/\/schema.org","@graph":[{"@type":"Article","@id":"https:\/\/www.africa-press.net\/burkina-faso\/politique\/politique-jerome-bougouma-et-92-autres-militants-quittent-le-cdp#article","isPartOf":{"@id":"https:\/\/www.africa-press.net\/burkina-faso\/politique\/politique-jerome-bougouma-et-92-autres-militants-quittent-le-cdp"},"author":{"name":"cfeditorfr","@id":"https:\/\/www.africa-press.net\/burkina-faso\/#\/schema\/person\/2b1cf3cd81a31e3cd26889ca66d677f1"},"headline":"Politique : J\u00e9r\u00f4me Bougouma et 92 autres militants quittent le CDP","datePublished":"2021-04-18T18:01:29+00:00","mainEntityOfPage":{"@id":"https:\/\/www.africa-press.net\/burkina-faso\/politique\/politique-jerome-bougouma-et-92-autres-militants-quittent-le-cdp"},"wordCount":100,"commentCount":0,"image":{"@id":"https:\/\/www.africa-press.net\/burkina-faso\/politique\/politique-jerome-bougouma-et-92-autres-militants-quittent-le-cdp#primaryimage"},"thumbnailUrl":"https:\/\/static.africa-press.net\/burkina\/sites\/42\/2021\/04\/img-607c55af099da.jpg","keywords":["Africa Press","Africa Press-Burkina Faso","Burkina Faso"],"articleSection":["homepage-french","Politique","Toutes les actualit\u00e9s"],"inLanguage":"fr-FR","potentialAction":[{"@type":"CommentAction","name":"Comment","target":["https:\/\/www.africa-press.net\/burkina-faso\/politique\/politique-jerome-bougouma-et-92-autres-militants-quittent-le-cdp#respond"]}]},{"@type":"WebPage","@id":"https:\/\/www.africa-press.net\/burkina-faso\/politique\/politique-jerome-bougouma-et-92-autres-militants-quittent-le-cdp","url":"https:\/\/www.africa-press.net\/burkina-faso\/politique\/politique-jerome-bougouma-et-92-autres-militants-quittent-le-cdp","name":"Politique : J\u00e9r\u00f4me Bougouma et 92 autres militants quittent le CDP - Burkina Faso","isPartOf":{"@id":"https:\/\/www.africa-press.net\/burkina-faso\/#website"},"primaryImageOfPage":{"@id":"https:\/\/www.africa-press.net\/burkina-faso\/politique\/politique-jerome-bougouma-et-92-autres-militants-quittent-le-cdp#primaryimage"},"image":{"@id":"https:\/\/www.africa-press.net\/burkina-faso\/politique\/politique-jerome-bougouma-et-92-autres-militants-quittent-le-cdp#primaryimage"},"thumbnailUrl":"https:\/\/static.africa-press.net\/burkina\/sites\/42\/2021\/04\/img-607c55af099da.jpg","datePublished":"2021-04-18T18:01:29+00:00","author":{"@id":"https:\/\/www.africa-press.net\/burkina-faso\/#\/schema\/person\/2b1cf3cd81a31e3cd26889ca66d677f1"},"description":"Le Congr\u00e8s pour la d\u00e9mocratie et le progr\u00e8s, ancien parti au pouvoir, a enregistr\u00e9, le vendredi 16 avril 2021, la d\u00e9miss ...","breadcrumb":{"@id":"https:\/\/www.africa-press.net\/burkina-faso\/politique\/politique-jerome-bougouma-et-92-autres-militants-quittent-le-cdp#breadcrumb"},"inLanguage":"fr-FR","potentialAction":[{"@type":"ReadAction","target":["https:\/\/www.africa-press.net\/burkina-faso\/politique\/politique-jerome-bougouma-et-92-autres-militants-quittent-le-cdp"]}]},{"@type":"ImageObject","inLanguage":"fr-FR","@id":"https:\/\/www.africa-press.net\/burkina-faso\/politique\/politique-jerome-bougouma-et-92-autres-militants-quittent-le-cdp#primaryimage","url":"https:\/\/static.africa-press.net\/burkina\/sites\/42\/2021\/04\/img-607c55af099da.jpg","contentUrl":"https:\/\/static.africa-press.net\/burkina\/sites\/42\/2021\/04\/img-607c55af099da.jpg","width":720,"height":427,"caption":"Politique : J\u00e9r\u00f4me Bougouma et 92 autres militants quittent le CDP"},{"@type":"BreadcrumbList","@id":"https:\/\/www.africa-press.net\/burkina-faso\/politique\/politique-jerome-bougouma-et-92-autres-militants-quittent-le-cdp#breadcrumb","itemListElement":[{"@type":"ListItem","position":1,"name":"Accueil","item":"https:\/\/www.africa-press.net\/burkina-faso\/"},{"@type":"ListItem","position":2,"name":"Politique : J\u00e9r\u00f4me Bougouma et 92 autres militants quittent le CDP"}]},{"@type":"WebSite","@id":"https:\/\/www.africa-press.net\/burkina-faso\/#website","url":"https:\/\/www.africa-press.net\/burkina-faso\/","name":"Burkina Faso","description":"Just another Africa News Agency Sites site","potentialAction":[{"@type":"SearchAction","target":{"@type":"EntryPoint","urlTemplate":"https:\/\/www.africa-press.net\/burkina-faso\/?s={search_term_string}"},"query-input":{"@type":"PropertyValueSpecification","valueRequired":true,"valueName":"search_term_string"}}],"inLanguage":"fr-FR"},{"@type":"Person","@id":"https:\/\/www.africa-press.net\/burkina-faso\/#\/schema\/person\/2b1cf3cd81a31e3cd26889ca66d677f1","name":"cfeditorfr"}]}},"_links":{"self":[{"href":"https:\/\/www.africa-press.net\/burkina-faso\/wp-json\/wp\/v2\/posts\/10158","targetHints":{"allow":["GET"]}}],"collection":[{"href":"https:\/\/www.africa-press.net\/burkina-faso\/wp-json\/wp\/v2\/posts"}],"about":[{"href":"https:\/\/www.africa-press.net\/burkina-faso\/wp-json\/wp\/v2\/types\/post"}],"author":[{"embeddable":true,"href":"https:\/\/www.africa-press.net\/burkina-faso\/wp-json\/wp\/v2\/users\/82"}],"replies":[{"embeddable":true,"href":"https:\/\/www.africa-press.net\/burkina-faso\/wp-json\/wp\/v2\/comments?post=10158"}],"version-history":[{"count":0,"href":"https:\/\/www.africa-press.net\/burkina-faso\/wp-json\/wp\/v2\/posts\/10158\/revisions"}],"wp:featuredmedia":[{"embeddable":true,"href":"https:\/\/www.africa-press.net\/burkina-faso\/wp-json\/wp\/v2\/media\/10157"}],"wp:attachment":[{"href":"https:\/\/www.africa-press.net\/burkina-faso\/wp-json\/wp\/v2\/media?parent=10158"}],"wp:term":[{"taxonomy":"category","embeddable":true,"href":"https:\/\/www.africa-press.net\/burkina-faso\/wp-json\/wp\/v2\/categories?post=10158"},{"taxonomy":"post_tag","embeddable":true,"href":"https:\/\/www.africa-press.net\/burkina-faso\/wp-json\/wp\/v2\/tags?post=10158"}],"curies":[{"name":"wp","href":"https:\/\/api.w.org\/{rel}","templated":true}]}}