{"id":10161,"date":"2021-04-18T18:07:12","date_gmt":"2021-04-18T18:07:12","guid":{"rendered":"https:\/\/www.africa-press.net\/burkina-faso\/?p=10161"},"modified":"2021-04-18T16:58:58","modified_gmt":"2021-04-18T16:58:58","slug":"affaire-thomas-sankara-le-dernier-lot-darchives-de-la-france-transmis-au-burkina-faso","status":"publish","type":"post","link":"https:\/\/www.africa-press.net\/burkina-faso\/politique\/affaire-thomas-sankara-le-dernier-lot-darchives-de-la-france-transmis-au-burkina-faso","title":{"rendered":"Affaire Thomas Sankara\u00a0: Le dernier lot d\u2019archives de la France transmis au Burkina Faso"},"content":{"rendered":"<p><span style=\"color: #ff6600\"><strong><a href=\"https:\/\/www.africa-press.net\/\">Africa-Press<\/a> &#8211; <a href=\"https:\/\/www.africa-press.net\/burkina-faso\">Burkina Faso<\/a>. <\/strong><\/span><b>Suite \u00e0 la requ\u00eate du tribunal militaire du Burkina sur la d\u00e9classification des dossiers sur l\u2019affaire Thomas Sankara, l\u2019ambassadeur de France au Burkina a proc\u00e9d\u00e9 ce samedi 17 avril 2021 \u00e0 la remise du dernier lot d\u2019archives au ministre d\u00e9l\u00e9gu\u00e9 charg\u00e9 de l\u2019int\u00e9gration et des Burkinab\u00e8 de l\u2019ext\u00e9rieur.<\/b><\/p>\n<p>C\u2019est une autre \u00e9tape franchie dans l\u2019affaire Thomas Sankara. En effet, l\u2019ambassadeur de France Luc Hallade a remis le troisi\u00e8me et dernier lot de dossiers sur ladite affaire.<\/p>\n<p>Selon les propos du ministre d\u00e9l\u00e9gu\u00e9 charg\u00e9 de l\u2019int\u00e9gration africaine et des Burkinab\u00e8 de l\u2019ext\u00e9rieur, Maxime Kon\u00e9, cette remise traduit \u201cles bonnes relations\u201d entre les deux pays.<\/p>\n<p>De son c\u00f4t\u00e9, l\u2019ambassadeur a rappel\u00e9 que c\u2019est lors de sa visite au Burkina que le pr\u00e9sident fran\u00e7ais Emmanuel Macron avait pris l\u2019engagement de d\u00e9classifier les dossiers relatifs \u00e0 l\u2019assassinat du p\u00e8re de la r\u00e9volution burkinab\u00e8.<\/p>\n<p>Des deux c\u00f4t\u00e9s, l\u2019on nourrit des espoirs de voir ces dossiers contribuer \u00e0 \u00ab la manifestation de la v\u00e9rit\u00e9 \u00bb. A noter que le tribunal militaire burkinab\u00e8 a mis en accusation l\u2019ancien pr\u00e9sident Blaise Compaor\u00e9 et 13 autres personnes dans le cadre de l\u2019instruction de cette affaire.<\/p>\n","protected":false},"excerpt":{"rendered":"<p>Africa-Press &#8211; Burkina Faso. Suite \u00e0 la requ\u00eate du tribunal militaire du Burkina sur la d\u00e9classification des dossiers sur l\u2019affaire Thomas Sankara, l\u2019ambassadeur de France au Burkina a proc\u00e9d\u00e9 ce samedi 17 avril 2021 \u00e0 la remise du dernier lot d\u2019archives au ministre d\u00e9l\u00e9gu\u00e9 charg\u00e9 de l\u2019int\u00e9gration et des Burkinab\u00e8 de l\u2019ext\u00e9rieur. C\u2019est une autre [&hellip;]<\/p>\n","protected":false},"author":82,"featured_media":10160,"comment_status":"open","ping_status":"closed","sticky":false,"template":"","format":"standard","meta":{"footnotes":""},"categories":[11,2,10],"tags":[111,725,29],"class_list":["post-10161","post","type-post","status-publish","format-standard","has-post-thumbnail","hentry","category-homepage-french","category-politique","category-toutes-les-actualites","tag-africa-press","tag-africa-press-burkina-faso","tag-burkina-faso"],"yoast_head":"<!-- This site is optimized with the Yoast SEO Premium plugin v26.1 (Yoast SEO v27.0) - https:\/\/yoast.com\/product\/yoast-seo-premium-wordpress\/ -->\n<title>Affaire Thomas Sankara\u00a0: Le dernier lot d\u2019archives de la France transmis au Burkina Faso - Burkina Faso<\/title>\n<meta name=\"description\" content=\"Suite \u00e0 la requ\u00eate du tribunal militaire du Burkina sur la d\u00e9classification des dossiers sur l\u2019affaire Thomas Sankara ...\" \/>\n<meta name=\"robots\" content=\"index, follow, max-snippet:-1, max-image-preview:large, max-video-preview:-1\" \/>\n<link rel=\"canonical\" href=\"https:\/\/www.africa-press.net\/burkina-faso\/politique\/affaire-thomas-sankara-le-dernier-lot-darchives-de-la-france-transmis-au-burkina-faso\" \/>\n<meta property=\"og:locale\" content=\"fr_FR\" \/>\n<meta property=\"og:type\" content=\"article\" \/>\n<meta property=\"og:title\" content=\"Affaire Thomas Sankara\u00a0: Le dernier lot d\u2019archives de la France transmis au Burkina Faso\" \/>\n<meta property=\"og:description\" content=\"Suite \u00e0 la requ\u00eate du tribunal militaire du Burkina sur la d\u00e9classification des dossiers sur l\u2019affaire Thomas Sankara ...\" \/>\n<meta property=\"og:url\" content=\"https:\/\/www.africa-press.net\/burkina-faso\/politique\/affaire-thomas-sankara-le-dernier-lot-darchives-de-la-france-transmis-au-burkina-faso\" \/>\n<meta property=\"og:site_name\" content=\"Burkina Faso\" \/>\n<meta property=\"article:published_time\" content=\"2021-04-18T18:07:12+00:00\" \/>\n<meta property=\"og:image\" content=\"https:\/\/static.africa-press.net\/burkina\/sites\/42\/2021\/04\/img-607c55d92966d.jpg\" \/>\n\t<meta property=\"og:image:width\" content=\"720\" \/>\n\t<meta property=\"og:image:height\" content=\"540\" \/>\n\t<meta property=\"og:image:type\" content=\"image\/jpeg\" \/>\n<meta name=\"author\" content=\"cfeditorfr\" \/>\n<meta name=\"twitter:card\" content=\"summary_large_image\" \/>\n<meta name=\"twitter:label1\" content=\"\u00c9crit par\" \/>\n\t<meta name=\"twitter:data1\" content=\"cfeditorfr\" \/>\n\t<meta name=\"twitter:label2\" content=\"Dur\u00e9e de lecture estim\u00e9e\" \/>\n\t<meta name=\"twitter:data2\" content=\"1 minute\" \/>\n<script type=\"application\/ld+json\" class=\"yoast-schema-graph\">{\"@context\":\"https:\/\/schema.org\",\"@graph\":[{\"@type\":\"Article\",\"@id\":\"https:\/\/www.africa-press.net\/burkina-faso\/politique\/affaire-thomas-sankara-le-dernier-lot-darchives-de-la-france-transmis-au-burkina-faso#article\",\"isPartOf\":{\"@id\":\"https:\/\/www.africa-press.net\/burkina-faso\/politique\/affaire-thomas-sankara-le-dernier-lot-darchives-de-la-france-transmis-au-burkina-faso\"},\"author\":{\"name\":\"cfeditorfr\",\"@id\":\"https:\/\/www.africa-press.net\/burkina-faso\/#\/schema\/person\/2b1cf3cd81a31e3cd26889ca66d677f1\"},\"headline\":\"Affaire Thomas Sankara\u00a0: Le dernier lot d\u2019archives de la France transmis au Burkina Faso\",\"datePublished\":\"2021-04-18T18:07:12+00:00\",\"mainEntityOfPage\":{\"@id\":\"https:\/\/www.africa-press.net\/burkina-faso\/politique\/affaire-thomas-sankara-le-dernier-lot-darchives-de-la-france-transmis-au-burkina-faso\"},\"wordCount\":235,\"commentCount\":0,\"image\":{\"@id\":\"https:\/\/www.africa-press.net\/burkina-faso\/politique\/affaire-thomas-sankara-le-dernier-lot-darchives-de-la-france-transmis-au-burkina-faso#primaryimage\"},\"thumbnailUrl\":\"https:\/\/static.africa-press.net\/burkina\/sites\/42\/2021\/04\/img-607c55d92966d.jpg\",\"keywords\":[\"Africa Press\",\"Africa Press-Burkina Faso\",\"Burkina Faso\"],\"articleSection\":[\"homepage-french\",\"Politique\",\"Toutes les actualit\u00e9s\"],\"inLanguage\":\"fr-FR\",\"potentialAction\":[{\"@type\":\"CommentAction\",\"name\":\"Comment\",\"target\":[\"https:\/\/www.africa-press.net\/burkina-faso\/politique\/affaire-thomas-sankara-le-dernier-lot-darchives-de-la-france-transmis-au-burkina-faso#respond\"]}]},{\"@type\":\"WebPage\",\"@id\":\"https:\/\/www.africa-press.net\/burkina-faso\/politique\/affaire-thomas-sankara-le-dernier-lot-darchives-de-la-france-transmis-au-burkina-faso\",\"url\":\"https:\/\/www.africa-press.net\/burkina-faso\/politique\/affaire-thomas-sankara-le-dernier-lot-darchives-de-la-france-transmis-au-burkina-faso\",\"name\":\"Affaire Thomas Sankara\u00a0: Le dernier lot d\u2019archives de la France transmis au Burkina Faso - Burkina Faso\",\"isPartOf\":{\"@id\":\"https:\/\/www.africa-press.net\/burkina-faso\/#website\"},\"primaryImageOfPage\":{\"@id\":\"https:\/\/www.africa-press.net\/burkina-faso\/politique\/affaire-thomas-sankara-le-dernier-lot-darchives-de-la-france-transmis-au-burkina-faso#primaryimage\"},\"image\":{\"@id\":\"https:\/\/www.africa-press.net\/burkina-faso\/politique\/affaire-thomas-sankara-le-dernier-lot-darchives-de-la-france-transmis-au-burkina-faso#primaryimage\"},\"thumbnailUrl\":\"https:\/\/static.africa-press.net\/burkina\/sites\/42\/2021\/04\/img-607c55d92966d.jpg\",\"datePublished\":\"2021-04-18T18:07:12+00:00\",\"author\":{\"@id\":\"https:\/\/www.africa-press.net\/burkina-faso\/#\/schema\/person\/2b1cf3cd81a31e3cd26889ca66d677f1\"},\"description\":\"Suite \u00e0 la requ\u00eate du tribunal militaire du Burkina sur la d\u00e9classification des dossiers sur l\u2019affaire Thomas Sankara ...\",\"breadcrumb\":{\"@id\":\"https:\/\/www.africa-press.net\/burkina-faso\/politique\/affaire-thomas-sankara-le-dernier-lot-darchives-de-la-france-transmis-au-burkina-faso#breadcrumb\"},\"inLanguage\":\"fr-FR\",\"potentialAction\":[{\"@type\":\"ReadAction\",\"target\":[\"https:\/\/www.africa-press.net\/burkina-faso\/politique\/affaire-thomas-sankara-le-dernier-lot-darchives-de-la-france-transmis-au-burkina-faso\"]}]},{\"@type\":\"ImageObject\",\"inLanguage\":\"fr-FR\",\"@id\":\"https:\/\/www.africa-press.net\/burkina-faso\/politique\/affaire-thomas-sankara-le-dernier-lot-darchives-de-la-france-transmis-au-burkina-faso#primaryimage\",\"url\":\"https:\/\/static.africa-press.net\/burkina\/sites\/42\/2021\/04\/img-607c55d92966d.jpg\",\"contentUrl\":\"https:\/\/static.africa-press.net\/burkina\/sites\/42\/2021\/04\/img-607c55d92966d.jpg\",\"width\":720,\"height\":540,\"caption\":\"Affaire Thomas Sankara\u00a0: Le dernier lot d\u2019archives de la France transmis au Burkina Faso\"},{\"@type\":\"BreadcrumbList\",\"@id\":\"https:\/\/www.africa-press.net\/burkina-faso\/politique\/affaire-thomas-sankara-le-dernier-lot-darchives-de-la-france-transmis-au-burkina-faso#breadcrumb\",\"itemListElement\":[{\"@type\":\"ListItem\",\"position\":1,\"name\":\"Accueil\",\"item\":\"https:\/\/www.africa-press.net\/burkina-faso\/\"},{\"@type\":\"ListItem\",\"position\":2,\"name\":\"Affaire Thomas Sankara\u00a0: Le dernier lot d\u2019archives de la France transmis au Burkina Faso\"}]},{\"@type\":\"WebSite\",\"@id\":\"https:\/\/www.africa-press.net\/burkina-faso\/#website\",\"url\":\"https:\/\/www.africa-press.net\/burkina-faso\/\",\"name\":\"Burkina Faso\",\"description\":\"Just another Africa News Agency Sites site\",\"potentialAction\":[{\"@type\":\"SearchAction\",\"target\":{\"@type\":\"EntryPoint\",\"urlTemplate\":\"https:\/\/www.africa-press.net\/burkina-faso\/?s={search_term_string}\"},\"query-input\":{\"@type\":\"PropertyValueSpecification\",\"valueRequired\":true,\"valueName\":\"search_term_string\"}}],\"inLanguage\":\"fr-FR\"},{\"@type\":\"Person\",\"@id\":\"https:\/\/www.africa-press.net\/burkina-faso\/#\/schema\/person\/2b1cf3cd81a31e3cd26889ca66d677f1\",\"name\":\"cfeditorfr\"}]}<\/script>\n<!-- \/ Yoast SEO Premium plugin. -->","yoast_head_json":{"title":"Affaire Thomas Sankara\u00a0: Le dernier lot d\u2019archives de la France transmis au Burkina Faso - Burkina Faso","description":"Suite \u00e0 la requ\u00eate du tribunal militaire du Burkina sur la d\u00e9classification des dossiers sur l\u2019affaire Thomas Sankara ...","robots":{"index":"index","follow":"follow","max-snippet":"max-snippet:-1","max-image-preview":"max-image-preview:large","max-video-preview":"max-video-preview:-1"},"canonical":"https:\/\/www.africa-press.net\/burkina-faso\/politique\/affaire-thomas-sankara-le-dernier-lot-darchives-de-la-france-transmis-au-burkina-faso","og_locale":"fr_FR","og_type":"article","og_title":"Affaire Thomas Sankara\u00a0: Le dernier lot d\u2019archives de la France transmis au Burkina Faso","og_description":"Suite \u00e0 la requ\u00eate du tribunal militaire du Burkina sur la d\u00e9classification des dossiers sur l\u2019affaire Thomas Sankara ...","og_url":"https:\/\/www.africa-press.net\/burkina-faso\/politique\/affaire-thomas-sankara-le-dernier-lot-darchives-de-la-france-transmis-au-burkina-faso","og_site_name":"Burkina Faso","article_published_time":"2021-04-18T18:07:12+00:00","og_image":[{"width":720,"height":540,"url":"https:\/\/static.africa-press.net\/burkina\/sites\/42\/2021\/04\/img-607c55d92966d.jpg","type":"image\/jpeg"}],"author":"cfeditorfr","twitter_card":"summary_large_image","twitter_misc":{"\u00c9crit par":"cfeditorfr","Dur\u00e9e de lecture estim\u00e9e":"1 minute"},"schema":{"@context":"https:\/\/schema.org","@graph":[{"@type":"Article","@id":"https:\/\/www.africa-press.net\/burkina-faso\/politique\/affaire-thomas-sankara-le-dernier-lot-darchives-de-la-france-transmis-au-burkina-faso#article","isPartOf":{"@id":"https:\/\/www.africa-press.net\/burkina-faso\/politique\/affaire-thomas-sankara-le-dernier-lot-darchives-de-la-france-transmis-au-burkina-faso"},"author":{"name":"cfeditorfr","@id":"https:\/\/www.africa-press.net\/burkina-faso\/#\/schema\/person\/2b1cf3cd81a31e3cd26889ca66d677f1"},"headline":"Affaire Thomas Sankara\u00a0: Le dernier lot d\u2019archives de la France transmis au Burkina Faso","datePublished":"2021-04-18T18:07:12+00:00","mainEntityOfPage":{"@id":"https:\/\/www.africa-press.net\/burkina-faso\/politique\/affaire-thomas-sankara-le-dernier-lot-darchives-de-la-france-transmis-au-burkina-faso"},"wordCount":235,"commentCount":0,"image":{"@id":"https:\/\/www.africa-press.net\/burkina-faso\/politique\/affaire-thomas-sankara-le-dernier-lot-darchives-de-la-france-transmis-au-burkina-faso#primaryimage"},"thumbnailUrl":"https:\/\/static.africa-press.net\/burkina\/sites\/42\/2021\/04\/img-607c55d92966d.jpg","keywords":["Africa Press","Africa Press-Burkina Faso","Burkina Faso"],"articleSection":["homepage-french","Politique","Toutes les actualit\u00e9s"],"inLanguage":"fr-FR","potentialAction":[{"@type":"CommentAction","name":"Comment","target":["https:\/\/www.africa-press.net\/burkina-faso\/politique\/affaire-thomas-sankara-le-dernier-lot-darchives-de-la-france-transmis-au-burkina-faso#respond"]}]},{"@type":"WebPage","@id":"https:\/\/www.africa-press.net\/burkina-faso\/politique\/affaire-thomas-sankara-le-dernier-lot-darchives-de-la-france-transmis-au-burkina-faso","url":"https:\/\/www.africa-press.net\/burkina-faso\/politique\/affaire-thomas-sankara-le-dernier-lot-darchives-de-la-france-transmis-au-burkina-faso","name":"Affaire Thomas Sankara\u00a0: Le dernier lot d\u2019archives de la France transmis au Burkina Faso - Burkina Faso","isPartOf":{"@id":"https:\/\/www.africa-press.net\/burkina-faso\/#website"},"primaryImageOfPage":{"@id":"https:\/\/www.africa-press.net\/burkina-faso\/politique\/affaire-thomas-sankara-le-dernier-lot-darchives-de-la-france-transmis-au-burkina-faso#primaryimage"},"image":{"@id":"https:\/\/www.africa-press.net\/burkina-faso\/politique\/affaire-thomas-sankara-le-dernier-lot-darchives-de-la-france-transmis-au-burkina-faso#primaryimage"},"thumbnailUrl":"https:\/\/static.africa-press.net\/burkina\/sites\/42\/2021\/04\/img-607c55d92966d.jpg","datePublished":"2021-04-18T18:07:12+00:00","author":{"@id":"https:\/\/www.africa-press.net\/burkina-faso\/#\/schema\/person\/2b1cf3cd81a31e3cd26889ca66d677f1"},"description":"Suite \u00e0 la requ\u00eate du tribunal militaire du Burkina sur la d\u00e9classification des dossiers sur l\u2019affaire Thomas Sankara ...","breadcrumb":{"@id":"https:\/\/www.africa-press.net\/burkina-faso\/politique\/affaire-thomas-sankara-le-dernier-lot-darchives-de-la-france-transmis-au-burkina-faso#breadcrumb"},"inLanguage":"fr-FR","potentialAction":[{"@type":"ReadAction","target":["https:\/\/www.africa-press.net\/burkina-faso\/politique\/affaire-thomas-sankara-le-dernier-lot-darchives-de-la-france-transmis-au-burkina-faso"]}]},{"@type":"ImageObject","inLanguage":"fr-FR","@id":"https:\/\/www.africa-press.net\/burkina-faso\/politique\/affaire-thomas-sankara-le-dernier-lot-darchives-de-la-france-transmis-au-burkina-faso#primaryimage","url":"https:\/\/static.africa-press.net\/burkina\/sites\/42\/2021\/04\/img-607c55d92966d.jpg","contentUrl":"https:\/\/static.africa-press.net\/burkina\/sites\/42\/2021\/04\/img-607c55d92966d.jpg","width":720,"height":540,"caption":"Affaire Thomas Sankara\u00a0: Le dernier lot d\u2019archives de la France transmis au Burkina Faso"},{"@type":"BreadcrumbList","@id":"https:\/\/www.africa-press.net\/burkina-faso\/politique\/affaire-thomas-sankara-le-dernier-lot-darchives-de-la-france-transmis-au-burkina-faso#breadcrumb","itemListElement":[{"@type":"ListItem","position":1,"name":"Accueil","item":"https:\/\/www.africa-press.net\/burkina-faso\/"},{"@type":"ListItem","position":2,"name":"Affaire Thomas Sankara\u00a0: Le dernier lot d\u2019archives de la France transmis au Burkina Faso"}]},{"@type":"WebSite","@id":"https:\/\/www.africa-press.net\/burkina-faso\/#website","url":"https:\/\/www.africa-press.net\/burkina-faso\/","name":"Burkina Faso","description":"Just another Africa News Agency Sites site","potentialAction":[{"@type":"SearchAction","target":{"@type":"EntryPoint","urlTemplate":"https:\/\/www.africa-press.net\/burkina-faso\/?s={search_term_string}"},"query-input":{"@type":"PropertyValueSpecification","valueRequired":true,"valueName":"search_term_string"}}],"inLanguage":"fr-FR"},{"@type":"Person","@id":"https:\/\/www.africa-press.net\/burkina-faso\/#\/schema\/person\/2b1cf3cd81a31e3cd26889ca66d677f1","name":"cfeditorfr"}]}},"_links":{"self":[{"href":"https:\/\/www.africa-press.net\/burkina-faso\/wp-json\/wp\/v2\/posts\/10161","targetHints":{"allow":["GET"]}}],"collection":[{"href":"https:\/\/www.africa-press.net\/burkina-faso\/wp-json\/wp\/v2\/posts"}],"about":[{"href":"https:\/\/www.africa-press.net\/burkina-faso\/wp-json\/wp\/v2\/types\/post"}],"author":[{"embeddable":true,"href":"https:\/\/www.africa-press.net\/burkina-faso\/wp-json\/wp\/v2\/users\/82"}],"replies":[{"embeddable":true,"href":"https:\/\/www.africa-press.net\/burkina-faso\/wp-json\/wp\/v2\/comments?post=10161"}],"version-history":[{"count":0,"href":"https:\/\/www.africa-press.net\/burkina-faso\/wp-json\/wp\/v2\/posts\/10161\/revisions"}],"wp:featuredmedia":[{"embeddable":true,"href":"https:\/\/www.africa-press.net\/burkina-faso\/wp-json\/wp\/v2\/media\/10160"}],"wp:attachment":[{"href":"https:\/\/www.africa-press.net\/burkina-faso\/wp-json\/wp\/v2\/media?parent=10161"}],"wp:term":[{"taxonomy":"category","embeddable":true,"href":"https:\/\/www.africa-press.net\/burkina-faso\/wp-json\/wp\/v2\/categories?post=10161"},{"taxonomy":"post_tag","embeddable":true,"href":"https:\/\/www.africa-press.net\/burkina-faso\/wp-json\/wp\/v2\/tags?post=10161"}],"curies":[{"name":"wp","href":"https:\/\/api.w.org\/{rel}","templated":true}]}}