{"id":10164,"date":"2021-04-18T18:14:57","date_gmt":"2021-04-18T18:14:57","guid":{"rendered":"https:\/\/www.africa-press.net\/burkina-faso\/?p=10164"},"modified":"2021-04-18T16:59:06","modified_gmt":"2021-04-18T16:59:06","slug":"hemophilie-au-burkina-faso-une-association-attire-lattention-sur-cette-maladie-peu-connue","status":"publish","type":"post","link":"https:\/\/www.africa-press.net\/burkina-faso\/toutes-les-actualites\/hemophilie-au-burkina-faso-une-association-attire-lattention-sur-cette-maladie-peu-connue","title":{"rendered":"H\u00e9mophilie au Burkina Faso : Une association attire l\u2019attention sur cette maladie peu connue"},"content":{"rendered":"<p><span style=\"color: #ff6600\"><strong><a href=\"https:\/\/www.africa-press.net\/\">Africa-Press<\/a> &#8211; <a href=\"https:\/\/www.africa-press.net\/burkina-faso\">Burkina Faso<\/a>. <\/strong><\/span>\u00c0 l\u2019occasion de la journ\u00e9e mondiale de l\u2019h\u00e9mophilie, l\u2019association des h\u00e9mophiles du Burkina Faso (AHBF) a organis\u00e9 une journ\u00e9e d\u2019information et de sensibilisation sur la maladie ce samedi 17 avril 2021.<\/p>\n<p>Le \u201cPays des Hommes int\u00e8gres\u201d compte plus de 1500 h\u00e9mophiles. Cette maladie h\u00e9morragique et h\u00e9r\u00e9ditaire existe sous deux formes. La premi\u00e8re forme qui est le d\u00e9ficit en facteur VIII qui conduit \u00e0 l\u2019h\u00e9mophilie A et le d\u00e9ficit en facteur IX qui est \u00e0 la base de l\u2019h\u00e9mophilie B.<\/p>\n<p>Selon le pr\u00e9sident de l\u2019association, Aristide Zongo, l\u2019h\u00e9mophilie est une maladie, qui jusqu\u2019ici reste m\u00e9connue des acteurs de la sant\u00e9 eux-m\u00eames et de la population . C\u2019est ainsi qu\u2019il interpelle les autorit\u00e9s \u00e0 ne pas oublier l\u2019existence de cette maladie.<\/p>\n<p>\u201cLe constat \u00e0 ce jour est que les h\u00e9mophiles ne sont pas suffisamment diagnostiqu\u00e9s et donc pas trait\u00e9s\u201c, a-t-il relev\u00e9. Ainsi, l\u2019association s\u2019est fix\u00e9e pour mission de sensibiliser la population et les patients sur la maladie et les nouvelles possibilit\u00e9s th\u00e9rapeutiques qui s\u2019offrent \u00e0 eux.<\/p>\n<p>Sur la manifestation clinique de la maladie, Dr Nebi\u00e9 Yacouba a rappel\u00e9 que le sang est un \u00e9l\u00e9ment vital pour l\u2019organisme. \u201cEt l\u2019organisme a mis en place un m\u00e9canisme pour emp\u00eacher ce sang-l\u00e0 de s\u2019\u00e9couler ind\u00e9finiment lorsqu\u2019on est bless\u00e9. On est des machines vivantes, c\u2019est la biologie, lorsqu\u2019on se blesse, on doit avoir des m\u00e9canismes pour emp\u00eacher notre corps de se vider de son sang. Et parmi ces m\u00e9canismes, il y a ce qu\u2019on appelle les facteurs de la coagulation\u201d, a-t-il expliqu\u00e9.<\/p>\n<p><b>Dr Nebi\u00e9 Yacouba<\/b><\/p>\n<p>Selon les propos de docteur Nebi\u00e9, le facteur qui emp\u00eache la coagulation manque \u00e0 l\u2019h\u00e9mophile parce qu\u2019il n\u2019est pas produit en quantit\u00e9 suffisante. Et ce, du fait qu\u2019il a h\u00e9rit\u00e9 d\u2019un g\u00e8ne d\u00e9fectueux qui ne permet pas \u00e0 ses cellules de produire ce facteur.<\/p>\n<p>Ce qui fait que quand une personne h\u00e9mophile se blesse, elle n\u2019arr\u00eate pas de saigner. Ce qui peut conduire \u00e0 la mort. Les hommes sont les plus touch\u00e9s par cette maladie . Elle ne se gu\u00e9rit pas mais se contr\u00f4le par le traitement.<\/p>\n<p>Pour le moment, l\u2019association ne couvre que Ouagadougou et Bobo-Dioulasso mais elle travaille pour s\u2019\u00e9tendre dans toutes les r\u00e9gions du pays. Willy SAGBE<\/p>\n","protected":false},"excerpt":{"rendered":"<p>Africa-Press &#8211; Burkina Faso. \u00c0 l\u2019occasion de la journ\u00e9e mondiale de l\u2019h\u00e9mophilie, l\u2019association des h\u00e9mophiles du Burkina Faso (AHBF) a organis\u00e9 une journ\u00e9e d\u2019information et de sensibilisation sur la maladie ce samedi 17 avril 2021. Le \u201cPays des Hommes int\u00e8gres\u201d compte plus de 1500 h\u00e9mophiles. Cette maladie h\u00e9morragique et h\u00e9r\u00e9ditaire existe sous deux formes. La [&hellip;]<\/p>\n","protected":false},"author":82,"featured_media":10163,"comment_status":"open","ping_status":"closed","sticky":false,"template":"","format":"standard","meta":{"footnotes":""},"categories":[21,11,10],"tags":[111,725,29],"class_list":["post-10164","post","type-post","status-publish","format-standard","has-post-thumbnail","hentry","category-communaute","category-homepage-french","category-toutes-les-actualites","tag-africa-press","tag-africa-press-burkina-faso","tag-burkina-faso"],"yoast_head":"<!-- This site is optimized with the Yoast SEO Premium plugin v26.1 (Yoast SEO v27.0) - https:\/\/yoast.com\/product\/yoast-seo-premium-wordpress\/ -->\n<title>H\u00e9mophilie au Burkina Faso : Une association attire l\u2019attention sur cette maladie peu connue - Burkina Faso<\/title>\n<meta name=\"description\" content=\"\u00c0 l\u2019occasion de la journ\u00e9e mondiale de l\u2019h\u00e9mophilie, l\u2019association des h\u00e9mophiles du Burkina Faso (AHBF) a organis\u00e9 une ...\" \/>\n<meta name=\"robots\" content=\"index, follow, max-snippet:-1, max-image-preview:large, max-video-preview:-1\" \/>\n<link rel=\"canonical\" href=\"https:\/\/www.africa-press.net\/burkina-faso\/toutes-les-actualites\/hemophilie-au-burkina-faso-une-association-attire-lattention-sur-cette-maladie-peu-connue\" \/>\n<meta property=\"og:locale\" content=\"fr_FR\" \/>\n<meta property=\"og:type\" content=\"article\" \/>\n<meta property=\"og:title\" content=\"H\u00e9mophilie au Burkina Faso : Une association attire l\u2019attention sur cette maladie peu connue\" \/>\n<meta property=\"og:description\" content=\"\u00c0 l\u2019occasion de la journ\u00e9e mondiale de l\u2019h\u00e9mophilie, l\u2019association des h\u00e9mophiles du Burkina Faso (AHBF) a organis\u00e9 une ...\" \/>\n<meta property=\"og:url\" content=\"https:\/\/www.africa-press.net\/burkina-faso\/toutes-les-actualites\/hemophilie-au-burkina-faso-une-association-attire-lattention-sur-cette-maladie-peu-connue\" \/>\n<meta property=\"og:site_name\" content=\"Burkina Faso\" \/>\n<meta property=\"article:published_time\" content=\"2021-04-18T18:14:57+00:00\" \/>\n<meta property=\"og:image\" content=\"https:\/\/static.africa-press.net\/burkina\/sites\/42\/2021\/04\/img-607c5604acbba.jpg\" \/>\n\t<meta property=\"og:image:width\" content=\"1024\" \/>\n\t<meta property=\"og:image:height\" content=\"461\" \/>\n\t<meta property=\"og:image:type\" content=\"image\/jpeg\" \/>\n<meta name=\"author\" content=\"cfeditorfr\" \/>\n<meta name=\"twitter:card\" content=\"summary_large_image\" \/>\n<meta name=\"twitter:label1\" content=\"\u00c9crit par\" \/>\n\t<meta name=\"twitter:data1\" content=\"cfeditorfr\" \/>\n\t<meta name=\"twitter:label2\" content=\"Dur\u00e9e de lecture estim\u00e9e\" \/>\n\t<meta name=\"twitter:data2\" content=\"2 minutes\" \/>\n<script type=\"application\/ld+json\" class=\"yoast-schema-graph\">{\"@context\":\"https:\/\/schema.org\",\"@graph\":[{\"@type\":\"Article\",\"@id\":\"https:\/\/www.africa-press.net\/burkina-faso\/toutes-les-actualites\/hemophilie-au-burkina-faso-une-association-attire-lattention-sur-cette-maladie-peu-connue#article\",\"isPartOf\":{\"@id\":\"https:\/\/www.africa-press.net\/burkina-faso\/toutes-les-actualites\/hemophilie-au-burkina-faso-une-association-attire-lattention-sur-cette-maladie-peu-connue\"},\"author\":{\"name\":\"cfeditorfr\",\"@id\":\"https:\/\/www.africa-press.net\/burkina-faso\/#\/schema\/person\/2b1cf3cd81a31e3cd26889ca66d677f1\"},\"headline\":\"H\u00e9mophilie au Burkina Faso : Une association attire l\u2019attention sur cette maladie peu connue\",\"datePublished\":\"2021-04-18T18:14:57+00:00\",\"mainEntityOfPage\":{\"@id\":\"https:\/\/www.africa-press.net\/burkina-faso\/toutes-les-actualites\/hemophilie-au-burkina-faso-une-association-attire-lattention-sur-cette-maladie-peu-connue\"},\"wordCount\":437,\"commentCount\":0,\"image\":{\"@id\":\"https:\/\/www.africa-press.net\/burkina-faso\/toutes-les-actualites\/hemophilie-au-burkina-faso-une-association-attire-lattention-sur-cette-maladie-peu-connue#primaryimage\"},\"thumbnailUrl\":\"https:\/\/static.africa-press.net\/burkina\/sites\/42\/2021\/04\/img-607c5604acbba.jpg\",\"keywords\":[\"Africa Press\",\"Africa Press-Burkina Faso\",\"Burkina Faso\"],\"articleSection\":[\"Communaut\u00e9\",\"homepage-french\",\"Toutes les actualit\u00e9s\"],\"inLanguage\":\"fr-FR\",\"potentialAction\":[{\"@type\":\"CommentAction\",\"name\":\"Comment\",\"target\":[\"https:\/\/www.africa-press.net\/burkina-faso\/toutes-les-actualites\/hemophilie-au-burkina-faso-une-association-attire-lattention-sur-cette-maladie-peu-connue#respond\"]}]},{\"@type\":\"WebPage\",\"@id\":\"https:\/\/www.africa-press.net\/burkina-faso\/toutes-les-actualites\/hemophilie-au-burkina-faso-une-association-attire-lattention-sur-cette-maladie-peu-connue\",\"url\":\"https:\/\/www.africa-press.net\/burkina-faso\/toutes-les-actualites\/hemophilie-au-burkina-faso-une-association-attire-lattention-sur-cette-maladie-peu-connue\",\"name\":\"H\u00e9mophilie au Burkina Faso : Une association attire l\u2019attention sur cette maladie peu connue - Burkina Faso\",\"isPartOf\":{\"@id\":\"https:\/\/www.africa-press.net\/burkina-faso\/#website\"},\"primaryImageOfPage\":{\"@id\":\"https:\/\/www.africa-press.net\/burkina-faso\/toutes-les-actualites\/hemophilie-au-burkina-faso-une-association-attire-lattention-sur-cette-maladie-peu-connue#primaryimage\"},\"image\":{\"@id\":\"https:\/\/www.africa-press.net\/burkina-faso\/toutes-les-actualites\/hemophilie-au-burkina-faso-une-association-attire-lattention-sur-cette-maladie-peu-connue#primaryimage\"},\"thumbnailUrl\":\"https:\/\/static.africa-press.net\/burkina\/sites\/42\/2021\/04\/img-607c5604acbba.jpg\",\"datePublished\":\"2021-04-18T18:14:57+00:00\",\"author\":{\"@id\":\"https:\/\/www.africa-press.net\/burkina-faso\/#\/schema\/person\/2b1cf3cd81a31e3cd26889ca66d677f1\"},\"description\":\"\u00c0 l\u2019occasion de la journ\u00e9e mondiale de l\u2019h\u00e9mophilie, l\u2019association des h\u00e9mophiles du Burkina Faso (AHBF) a organis\u00e9 une ...\",\"breadcrumb\":{\"@id\":\"https:\/\/www.africa-press.net\/burkina-faso\/toutes-les-actualites\/hemophilie-au-burkina-faso-une-association-attire-lattention-sur-cette-maladie-peu-connue#breadcrumb\"},\"inLanguage\":\"fr-FR\",\"potentialAction\":[{\"@type\":\"ReadAction\",\"target\":[\"https:\/\/www.africa-press.net\/burkina-faso\/toutes-les-actualites\/hemophilie-au-burkina-faso-une-association-attire-lattention-sur-cette-maladie-peu-connue\"]}]},{\"@type\":\"ImageObject\",\"inLanguage\":\"fr-FR\",\"@id\":\"https:\/\/www.africa-press.net\/burkina-faso\/toutes-les-actualites\/hemophilie-au-burkina-faso-une-association-attire-lattention-sur-cette-maladie-peu-connue#primaryimage\",\"url\":\"https:\/\/static.africa-press.net\/burkina\/sites\/42\/2021\/04\/img-607c5604acbba.jpg\",\"contentUrl\":\"https:\/\/static.africa-press.net\/burkina\/sites\/42\/2021\/04\/img-607c5604acbba.jpg\",\"width\":1024,\"height\":461,\"caption\":\"H\u00e9mophilie au Burkina Faso : Une association attire l\u2019attention sur cette maladie peu connue\"},{\"@type\":\"BreadcrumbList\",\"@id\":\"https:\/\/www.africa-press.net\/burkina-faso\/toutes-les-actualites\/hemophilie-au-burkina-faso-une-association-attire-lattention-sur-cette-maladie-peu-connue#breadcrumb\",\"itemListElement\":[{\"@type\":\"ListItem\",\"position\":1,\"name\":\"Accueil\",\"item\":\"https:\/\/www.africa-press.net\/burkina-faso\/\"},{\"@type\":\"ListItem\",\"position\":2,\"name\":\"H\u00e9mophilie au Burkina Faso : Une association attire l\u2019attention sur cette maladie peu connue\"}]},{\"@type\":\"WebSite\",\"@id\":\"https:\/\/www.africa-press.net\/burkina-faso\/#website\",\"url\":\"https:\/\/www.africa-press.net\/burkina-faso\/\",\"name\":\"Burkina Faso\",\"description\":\"Just another Africa News Agency Sites site\",\"potentialAction\":[{\"@type\":\"SearchAction\",\"target\":{\"@type\":\"EntryPoint\",\"urlTemplate\":\"https:\/\/www.africa-press.net\/burkina-faso\/?s={search_term_string}\"},\"query-input\":{\"@type\":\"PropertyValueSpecification\",\"valueRequired\":true,\"valueName\":\"search_term_string\"}}],\"inLanguage\":\"fr-FR\"},{\"@type\":\"Person\",\"@id\":\"https:\/\/www.africa-press.net\/burkina-faso\/#\/schema\/person\/2b1cf3cd81a31e3cd26889ca66d677f1\",\"name\":\"cfeditorfr\"}]}<\/script>\n<!-- \/ Yoast SEO Premium plugin. -->","yoast_head_json":{"title":"H\u00e9mophilie au Burkina Faso : Une association attire l\u2019attention sur cette maladie peu connue - Burkina Faso","description":"\u00c0 l\u2019occasion de la journ\u00e9e mondiale de l\u2019h\u00e9mophilie, l\u2019association des h\u00e9mophiles du Burkina Faso (AHBF) a organis\u00e9 une ...","robots":{"index":"index","follow":"follow","max-snippet":"max-snippet:-1","max-image-preview":"max-image-preview:large","max-video-preview":"max-video-preview:-1"},"canonical":"https:\/\/www.africa-press.net\/burkina-faso\/toutes-les-actualites\/hemophilie-au-burkina-faso-une-association-attire-lattention-sur-cette-maladie-peu-connue","og_locale":"fr_FR","og_type":"article","og_title":"H\u00e9mophilie au Burkina Faso : Une association attire l\u2019attention sur cette maladie peu connue","og_description":"\u00c0 l\u2019occasion de la journ\u00e9e mondiale de l\u2019h\u00e9mophilie, l\u2019association des h\u00e9mophiles du Burkina Faso (AHBF) a organis\u00e9 une ...","og_url":"https:\/\/www.africa-press.net\/burkina-faso\/toutes-les-actualites\/hemophilie-au-burkina-faso-une-association-attire-lattention-sur-cette-maladie-peu-connue","og_site_name":"Burkina Faso","article_published_time":"2021-04-18T18:14:57+00:00","og_image":[{"width":1024,"height":461,"url":"https:\/\/static.africa-press.net\/burkina\/sites\/42\/2021\/04\/img-607c5604acbba.jpg","type":"image\/jpeg"}],"author":"cfeditorfr","twitter_card":"summary_large_image","twitter_misc":{"\u00c9crit par":"cfeditorfr","Dur\u00e9e de lecture estim\u00e9e":"2 minutes"},"schema":{"@context":"https:\/\/schema.org","@graph":[{"@type":"Article","@id":"https:\/\/www.africa-press.net\/burkina-faso\/toutes-les-actualites\/hemophilie-au-burkina-faso-une-association-attire-lattention-sur-cette-maladie-peu-connue#article","isPartOf":{"@id":"https:\/\/www.africa-press.net\/burkina-faso\/toutes-les-actualites\/hemophilie-au-burkina-faso-une-association-attire-lattention-sur-cette-maladie-peu-connue"},"author":{"name":"cfeditorfr","@id":"https:\/\/www.africa-press.net\/burkina-faso\/#\/schema\/person\/2b1cf3cd81a31e3cd26889ca66d677f1"},"headline":"H\u00e9mophilie au Burkina Faso : Une association attire l\u2019attention sur cette maladie peu connue","datePublished":"2021-04-18T18:14:57+00:00","mainEntityOfPage":{"@id":"https:\/\/www.africa-press.net\/burkina-faso\/toutes-les-actualites\/hemophilie-au-burkina-faso-une-association-attire-lattention-sur-cette-maladie-peu-connue"},"wordCount":437,"commentCount":0,"image":{"@id":"https:\/\/www.africa-press.net\/burkina-faso\/toutes-les-actualites\/hemophilie-au-burkina-faso-une-association-attire-lattention-sur-cette-maladie-peu-connue#primaryimage"},"thumbnailUrl":"https:\/\/static.africa-press.net\/burkina\/sites\/42\/2021\/04\/img-607c5604acbba.jpg","keywords":["Africa Press","Africa Press-Burkina Faso","Burkina Faso"],"articleSection":["Communaut\u00e9","homepage-french","Toutes les actualit\u00e9s"],"inLanguage":"fr-FR","potentialAction":[{"@type":"CommentAction","name":"Comment","target":["https:\/\/www.africa-press.net\/burkina-faso\/toutes-les-actualites\/hemophilie-au-burkina-faso-une-association-attire-lattention-sur-cette-maladie-peu-connue#respond"]}]},{"@type":"WebPage","@id":"https:\/\/www.africa-press.net\/burkina-faso\/toutes-les-actualites\/hemophilie-au-burkina-faso-une-association-attire-lattention-sur-cette-maladie-peu-connue","url":"https:\/\/www.africa-press.net\/burkina-faso\/toutes-les-actualites\/hemophilie-au-burkina-faso-une-association-attire-lattention-sur-cette-maladie-peu-connue","name":"H\u00e9mophilie au Burkina Faso : Une association attire l\u2019attention sur cette maladie peu connue - Burkina Faso","isPartOf":{"@id":"https:\/\/www.africa-press.net\/burkina-faso\/#website"},"primaryImageOfPage":{"@id":"https:\/\/www.africa-press.net\/burkina-faso\/toutes-les-actualites\/hemophilie-au-burkina-faso-une-association-attire-lattention-sur-cette-maladie-peu-connue#primaryimage"},"image":{"@id":"https:\/\/www.africa-press.net\/burkina-faso\/toutes-les-actualites\/hemophilie-au-burkina-faso-une-association-attire-lattention-sur-cette-maladie-peu-connue#primaryimage"},"thumbnailUrl":"https:\/\/static.africa-press.net\/burkina\/sites\/42\/2021\/04\/img-607c5604acbba.jpg","datePublished":"2021-04-18T18:14:57+00:00","author":{"@id":"https:\/\/www.africa-press.net\/burkina-faso\/#\/schema\/person\/2b1cf3cd81a31e3cd26889ca66d677f1"},"description":"\u00c0 l\u2019occasion de la journ\u00e9e mondiale de l\u2019h\u00e9mophilie, l\u2019association des h\u00e9mophiles du Burkina Faso (AHBF) a organis\u00e9 une ...","breadcrumb":{"@id":"https:\/\/www.africa-press.net\/burkina-faso\/toutes-les-actualites\/hemophilie-au-burkina-faso-une-association-attire-lattention-sur-cette-maladie-peu-connue#breadcrumb"},"inLanguage":"fr-FR","potentialAction":[{"@type":"ReadAction","target":["https:\/\/www.africa-press.net\/burkina-faso\/toutes-les-actualites\/hemophilie-au-burkina-faso-une-association-attire-lattention-sur-cette-maladie-peu-connue"]}]},{"@type":"ImageObject","inLanguage":"fr-FR","@id":"https:\/\/www.africa-press.net\/burkina-faso\/toutes-les-actualites\/hemophilie-au-burkina-faso-une-association-attire-lattention-sur-cette-maladie-peu-connue#primaryimage","url":"https:\/\/static.africa-press.net\/burkina\/sites\/42\/2021\/04\/img-607c5604acbba.jpg","contentUrl":"https:\/\/static.africa-press.net\/burkina\/sites\/42\/2021\/04\/img-607c5604acbba.jpg","width":1024,"height":461,"caption":"H\u00e9mophilie au Burkina Faso : Une association attire l\u2019attention sur cette maladie peu connue"},{"@type":"BreadcrumbList","@id":"https:\/\/www.africa-press.net\/burkina-faso\/toutes-les-actualites\/hemophilie-au-burkina-faso-une-association-attire-lattention-sur-cette-maladie-peu-connue#breadcrumb","itemListElement":[{"@type":"ListItem","position":1,"name":"Accueil","item":"https:\/\/www.africa-press.net\/burkina-faso\/"},{"@type":"ListItem","position":2,"name":"H\u00e9mophilie au Burkina Faso : Une association attire l\u2019attention sur cette maladie peu connue"}]},{"@type":"WebSite","@id":"https:\/\/www.africa-press.net\/burkina-faso\/#website","url":"https:\/\/www.africa-press.net\/burkina-faso\/","name":"Burkina Faso","description":"Just another Africa News Agency Sites site","potentialAction":[{"@type":"SearchAction","target":{"@type":"EntryPoint","urlTemplate":"https:\/\/www.africa-press.net\/burkina-faso\/?s={search_term_string}"},"query-input":{"@type":"PropertyValueSpecification","valueRequired":true,"valueName":"search_term_string"}}],"inLanguage":"fr-FR"},{"@type":"Person","@id":"https:\/\/www.africa-press.net\/burkina-faso\/#\/schema\/person\/2b1cf3cd81a31e3cd26889ca66d677f1","name":"cfeditorfr"}]}},"_links":{"self":[{"href":"https:\/\/www.africa-press.net\/burkina-faso\/wp-json\/wp\/v2\/posts\/10164","targetHints":{"allow":["GET"]}}],"collection":[{"href":"https:\/\/www.africa-press.net\/burkina-faso\/wp-json\/wp\/v2\/posts"}],"about":[{"href":"https:\/\/www.africa-press.net\/burkina-faso\/wp-json\/wp\/v2\/types\/post"}],"author":[{"embeddable":true,"href":"https:\/\/www.africa-press.net\/burkina-faso\/wp-json\/wp\/v2\/users\/82"}],"replies":[{"embeddable":true,"href":"https:\/\/www.africa-press.net\/burkina-faso\/wp-json\/wp\/v2\/comments?post=10164"}],"version-history":[{"count":0,"href":"https:\/\/www.africa-press.net\/burkina-faso\/wp-json\/wp\/v2\/posts\/10164\/revisions"}],"wp:featuredmedia":[{"embeddable":true,"href":"https:\/\/www.africa-press.net\/burkina-faso\/wp-json\/wp\/v2\/media\/10163"}],"wp:attachment":[{"href":"https:\/\/www.africa-press.net\/burkina-faso\/wp-json\/wp\/v2\/media?parent=10164"}],"wp:term":[{"taxonomy":"category","embeddable":true,"href":"https:\/\/www.africa-press.net\/burkina-faso\/wp-json\/wp\/v2\/categories?post=10164"},{"taxonomy":"post_tag","embeddable":true,"href":"https:\/\/www.africa-press.net\/burkina-faso\/wp-json\/wp\/v2\/tags?post=10164"}],"curies":[{"name":"wp","href":"https:\/\/api.w.org\/{rel}","templated":true}]}}