{"id":10167,"date":"2021-04-18T18:25:40","date_gmt":"2021-04-18T18:25:40","guid":{"rendered":"https:\/\/www.africa-press.net\/burkina-faso\/?p=10167"},"modified":"2021-04-18T16:59:46","modified_gmt":"2021-04-18T16:59:46","slug":"burkina-faso-lunesco-appuie-liseps","status":"publish","type":"post","link":"https:\/\/www.africa-press.net\/burkina-faso\/toutes-les-actualites\/burkina-faso-lunesco-appuie-liseps","title":{"rendered":"L\u2019UNESCO appuie l\u2019ISEPS"},"content":{"rendered":"<p><span style=\"color: #ff6600\"><strong><a href=\"https:\/\/www.africa-press.net\/\">Africa-Press<\/a> &#8211; <a href=\"https:\/\/www.africa-press.net\/burkina-faso\">Burkina Faso<\/a>. <\/strong><\/span>L\u2019Organisation des Nations Unies pour l\u2019Education, la Science et la Culture (UNESCO) a organis\u00e9 une c\u00e9r\u00e9monie d\u2019appui \u00e0 l\u2019Initiative Sougourounoma pour l\u2019Education, la Paix et la Sant\u00e9 (ISEPS) ce vendredi 16 avril 2021. L\u2019objectif de cette c\u00e9r\u00e9monie est le renforcement des capacit\u00e9s et la promotion du dialogue communautaire. Ce projet a une dur\u00e9e de six mois.<\/p>\n<p>Dans la pr\u00e9vention de l\u2019extr\u00e9misme, l\u2019organisation internationale UNESCO a d\u00e9cid\u00e9 d\u2019accompagner la jeunesse de Saaba \u00e0 travers l\u2019association Sougourounoma pour l\u2019Education la Paix et la Sant\u00e9 (ISEPSE). Le projet est intitul\u00e9 \u00ab la promotion du dialogue communautaire et renforcement des capacit\u00e9s de 120 femmes, jeunes, leaders coutumiers\/religieux, responsables administratifs et personnes d\u00e9plac\u00e9es internes en pr\u00e9vention et gestion des conflits dans la zone du Liptako gourma au Burkina Faso \u00bb.<\/p>\n<p>Le but de ce projet est principalement de cr\u00e9er des cadres de dialogue intra et intercommunautaires et de renforcer les capacit\u00e9s des jeunes, des femmes et des leaders locaux pour une culture de la paix par la pr\u00e9vention de l\u2019extr\u00e9misme violent et la gestion non-violente des conflits communautaires au Burkina.<\/p>\n<p>A hauteur de (22) vint deux milles dollars, l\u2019accompagnement de l\u2019UNESCO durera 6 mois. C\u2019est un accompagnement qui permettra d\u2019assurer la gestion non violente des conflits communautaires, selon Bazero Guy Herman, charg\u00e9 des relations ext\u00e9rieures et de la communication\/ commission nationale pour l\u2019UNESCO.<\/p>\n<p>\u00ab Sensibilis\u00e9s sur le ph\u00e9nom\u00e8ne, les b\u00e9n\u00e9ficiaires pourront alors s\u2019engager dans leurs communaut\u00e9s pour pr\u00e9venir la radicalisation et l\u2019extr\u00e9misme violent et assurer la gestion non violente des conflits communautaires. Ainsi, ils deviendront \u00e0 leur tour de v\u00e9ritables artisans de paix, gage d\u2019une d\u00e9mocratie effective et d\u2019un d\u00e9veloppement harmonieux de leur communaut\u00e9 et du Burkina Faso tout entier \u00bb, a-t-il d\u00e9clar\u00e9.<\/p>\n<p>A entendre Parfait Kabor\u00e9, pr\u00e9sident du conseil communal de la jeunesse de Saaba, c\u2019est une grande satisfaction pour la jeunesse. \u00ab Nous accueillons ce projet avec la plus grande satisfaction et surtout que \u00e7a va en faveur des jeunes prioritairement et que nous sommes les premiers acteurs de ces conflits \u00bb, a-t-il soulign\u00e9.<\/p>\n<p>Sougourounoma Henri Kabor\u00e9, pr\u00e9sident de l\u2019initiative Sougourounoma pour la paix, l\u2019\u00e9ducation et la sant\u00e9 a indiqu\u00e9 qu\u2019ils se donneront pour la r\u00e9ussite de cette activit\u00e9. Il a exhort\u00e9 ses membres \u00e0 suivre le processus pour bien se renforcer afin de mieux connaitre ce qu\u2019est l\u2019analyse des conflits et le r\u00f4le la jeunesse dans cette pr\u00e9vention. Jo\u00ebl THIOMBIANO (stagiaire) Burkina24<\/p>\n","protected":false},"excerpt":{"rendered":"<p>Africa-Press &#8211; Burkina Faso. L\u2019Organisation des Nations Unies pour l\u2019Education, la Science et la Culture (UNESCO) a organis\u00e9 une c\u00e9r\u00e9monie d\u2019appui \u00e0 l\u2019Initiative Sougourounoma pour l\u2019Education, la Paix et la Sant\u00e9 (ISEPS) ce vendredi 16 avril 2021. L\u2019objectif de cette c\u00e9r\u00e9monie est le renforcement des capacit\u00e9s et la promotion du dialogue communautaire. Ce projet a [&hellip;]<\/p>\n","protected":false},"author":82,"featured_media":10166,"comment_status":"open","ping_status":"closed","sticky":false,"template":"","format":"standard","meta":{"footnotes":""},"categories":[21,11,10],"tags":[111,725,29],"class_list":["post-10167","post","type-post","status-publish","format-standard","has-post-thumbnail","hentry","category-communaute","category-homepage-french","category-toutes-les-actualites","tag-africa-press","tag-africa-press-burkina-faso","tag-burkina-faso"],"yoast_head":"<!-- This site is optimized with the Yoast SEO Premium plugin v26.1 (Yoast SEO v27.0) - https:\/\/yoast.com\/product\/yoast-seo-premium-wordpress\/ -->\n<title>L\u2019UNESCO appuie l\u2019ISEPS - Burkina Faso<\/title>\n<meta name=\"description\" content=\"L\u2019Organisation des Nations Unies pour l\u2019Education, la Science et la Culture (UNESCO) a organis\u00e9 une c\u00e9r\u00e9monie d\u2019appui \u00e0 ...\" \/>\n<meta name=\"robots\" content=\"index, follow, max-snippet:-1, max-image-preview:large, max-video-preview:-1\" \/>\n<link rel=\"canonical\" href=\"https:\/\/www.africa-press.net\/burkina-faso\/toutes-les-actualites\/burkina-faso-lunesco-appuie-liseps\" \/>\n<meta property=\"og:locale\" content=\"fr_FR\" \/>\n<meta property=\"og:type\" content=\"article\" \/>\n<meta property=\"og:title\" content=\"L\u2019UNESCO appuie l\u2019ISEPS\" \/>\n<meta property=\"og:description\" content=\"L\u2019Organisation des Nations Unies pour l\u2019Education, la Science et la Culture (UNESCO) a organis\u00e9 une c\u00e9r\u00e9monie d\u2019appui \u00e0 ...\" \/>\n<meta property=\"og:url\" content=\"https:\/\/www.africa-press.net\/burkina-faso\/toutes-les-actualites\/burkina-faso-lunesco-appuie-liseps\" \/>\n<meta property=\"og:site_name\" content=\"Burkina Faso\" \/>\n<meta property=\"article:published_time\" content=\"2021-04-18T18:25:40+00:00\" \/>\n<meta property=\"og:image\" content=\"https:\/\/static.africa-press.net\/burkina\/sites\/42\/2021\/04\/img-607c56303b1d7.jpg\" \/>\n\t<meta property=\"og:image:width\" content=\"750\" \/>\n\t<meta property=\"og:image:height\" content=\"337\" \/>\n\t<meta property=\"og:image:type\" content=\"image\/jpeg\" \/>\n<meta name=\"author\" content=\"cfeditorfr\" \/>\n<meta name=\"twitter:card\" content=\"summary_large_image\" \/>\n<meta name=\"twitter:label1\" content=\"\u00c9crit par\" \/>\n\t<meta name=\"twitter:data1\" content=\"cfeditorfr\" \/>\n\t<meta name=\"twitter:label2\" content=\"Dur\u00e9e de lecture estim\u00e9e\" \/>\n\t<meta name=\"twitter:data2\" content=\"2 minutes\" \/>\n<script type=\"application\/ld+json\" class=\"yoast-schema-graph\">{\"@context\":\"https:\/\/schema.org\",\"@graph\":[{\"@type\":\"Article\",\"@id\":\"https:\/\/www.africa-press.net\/burkina-faso\/toutes-les-actualites\/burkina-faso-lunesco-appuie-liseps#article\",\"isPartOf\":{\"@id\":\"https:\/\/www.africa-press.net\/burkina-faso\/toutes-les-actualites\/burkina-faso-lunesco-appuie-liseps\"},\"author\":{\"name\":\"cfeditorfr\",\"@id\":\"https:\/\/www.africa-press.net\/burkina-faso\/#\/schema\/person\/2b1cf3cd81a31e3cd26889ca66d677f1\"},\"headline\":\"L\u2019UNESCO appuie l\u2019ISEPS\",\"datePublished\":\"2021-04-18T18:25:40+00:00\",\"mainEntityOfPage\":{\"@id\":\"https:\/\/www.africa-press.net\/burkina-faso\/toutes-les-actualites\/burkina-faso-lunesco-appuie-liseps\"},\"wordCount\":448,\"commentCount\":0,\"image\":{\"@id\":\"https:\/\/www.africa-press.net\/burkina-faso\/toutes-les-actualites\/burkina-faso-lunesco-appuie-liseps#primaryimage\"},\"thumbnailUrl\":\"https:\/\/static.africa-press.net\/burkina\/sites\/42\/2021\/04\/img-607c56303b1d7.jpg\",\"keywords\":[\"Africa Press\",\"Africa Press-Burkina Faso\",\"Burkina Faso\"],\"articleSection\":[\"Communaut\u00e9\",\"homepage-french\",\"Toutes les actualit\u00e9s\"],\"inLanguage\":\"fr-FR\",\"potentialAction\":[{\"@type\":\"CommentAction\",\"name\":\"Comment\",\"target\":[\"https:\/\/www.africa-press.net\/burkina-faso\/toutes-les-actualites\/burkina-faso-lunesco-appuie-liseps#respond\"]}]},{\"@type\":\"WebPage\",\"@id\":\"https:\/\/www.africa-press.net\/burkina-faso\/toutes-les-actualites\/burkina-faso-lunesco-appuie-liseps\",\"url\":\"https:\/\/www.africa-press.net\/burkina-faso\/toutes-les-actualites\/burkina-faso-lunesco-appuie-liseps\",\"name\":\"L\u2019UNESCO appuie l\u2019ISEPS - Burkina Faso\",\"isPartOf\":{\"@id\":\"https:\/\/www.africa-press.net\/burkina-faso\/#website\"},\"primaryImageOfPage\":{\"@id\":\"https:\/\/www.africa-press.net\/burkina-faso\/toutes-les-actualites\/burkina-faso-lunesco-appuie-liseps#primaryimage\"},\"image\":{\"@id\":\"https:\/\/www.africa-press.net\/burkina-faso\/toutes-les-actualites\/burkina-faso-lunesco-appuie-liseps#primaryimage\"},\"thumbnailUrl\":\"https:\/\/static.africa-press.net\/burkina\/sites\/42\/2021\/04\/img-607c56303b1d7.jpg\",\"datePublished\":\"2021-04-18T18:25:40+00:00\",\"author\":{\"@id\":\"https:\/\/www.africa-press.net\/burkina-faso\/#\/schema\/person\/2b1cf3cd81a31e3cd26889ca66d677f1\"},\"description\":\"L\u2019Organisation des Nations Unies pour l\u2019Education, la Science et la Culture (UNESCO) a organis\u00e9 une c\u00e9r\u00e9monie d\u2019appui \u00e0 ...\",\"breadcrumb\":{\"@id\":\"https:\/\/www.africa-press.net\/burkina-faso\/toutes-les-actualites\/burkina-faso-lunesco-appuie-liseps#breadcrumb\"},\"inLanguage\":\"fr-FR\",\"potentialAction\":[{\"@type\":\"ReadAction\",\"target\":[\"https:\/\/www.africa-press.net\/burkina-faso\/toutes-les-actualites\/burkina-faso-lunesco-appuie-liseps\"]}]},{\"@type\":\"ImageObject\",\"inLanguage\":\"fr-FR\",\"@id\":\"https:\/\/www.africa-press.net\/burkina-faso\/toutes-les-actualites\/burkina-faso-lunesco-appuie-liseps#primaryimage\",\"url\":\"https:\/\/static.africa-press.net\/burkina\/sites\/42\/2021\/04\/img-607c56303b1d7.jpg\",\"contentUrl\":\"https:\/\/static.africa-press.net\/burkina\/sites\/42\/2021\/04\/img-607c56303b1d7.jpg\",\"width\":750,\"height\":337,\"caption\":\"Burkina Faso\u00a0: L\u2019UNESCO appuie l\u2019ISEPS\"},{\"@type\":\"BreadcrumbList\",\"@id\":\"https:\/\/www.africa-press.net\/burkina-faso\/toutes-les-actualites\/burkina-faso-lunesco-appuie-liseps#breadcrumb\",\"itemListElement\":[{\"@type\":\"ListItem\",\"position\":1,\"name\":\"Accueil\",\"item\":\"https:\/\/www.africa-press.net\/burkina-faso\/\"},{\"@type\":\"ListItem\",\"position\":2,\"name\":\"L\u2019UNESCO appuie l\u2019ISEPS\"}]},{\"@type\":\"WebSite\",\"@id\":\"https:\/\/www.africa-press.net\/burkina-faso\/#website\",\"url\":\"https:\/\/www.africa-press.net\/burkina-faso\/\",\"name\":\"Burkina Faso\",\"description\":\"Just another Africa News Agency Sites site\",\"potentialAction\":[{\"@type\":\"SearchAction\",\"target\":{\"@type\":\"EntryPoint\",\"urlTemplate\":\"https:\/\/www.africa-press.net\/burkina-faso\/?s={search_term_string}\"},\"query-input\":{\"@type\":\"PropertyValueSpecification\",\"valueRequired\":true,\"valueName\":\"search_term_string\"}}],\"inLanguage\":\"fr-FR\"},{\"@type\":\"Person\",\"@id\":\"https:\/\/www.africa-press.net\/burkina-faso\/#\/schema\/person\/2b1cf3cd81a31e3cd26889ca66d677f1\",\"name\":\"cfeditorfr\"}]}<\/script>\n<!-- \/ Yoast SEO Premium plugin. -->","yoast_head_json":{"title":"L\u2019UNESCO appuie l\u2019ISEPS - Burkina Faso","description":"L\u2019Organisation des Nations Unies pour l\u2019Education, la Science et la Culture (UNESCO) a organis\u00e9 une c\u00e9r\u00e9monie d\u2019appui \u00e0 ...","robots":{"index":"index","follow":"follow","max-snippet":"max-snippet:-1","max-image-preview":"max-image-preview:large","max-video-preview":"max-video-preview:-1"},"canonical":"https:\/\/www.africa-press.net\/burkina-faso\/toutes-les-actualites\/burkina-faso-lunesco-appuie-liseps","og_locale":"fr_FR","og_type":"article","og_title":"L\u2019UNESCO appuie l\u2019ISEPS","og_description":"L\u2019Organisation des Nations Unies pour l\u2019Education, la Science et la Culture (UNESCO) a organis\u00e9 une c\u00e9r\u00e9monie d\u2019appui \u00e0 ...","og_url":"https:\/\/www.africa-press.net\/burkina-faso\/toutes-les-actualites\/burkina-faso-lunesco-appuie-liseps","og_site_name":"Burkina Faso","article_published_time":"2021-04-18T18:25:40+00:00","og_image":[{"width":750,"height":337,"url":"https:\/\/static.africa-press.net\/burkina\/sites\/42\/2021\/04\/img-607c56303b1d7.jpg","type":"image\/jpeg"}],"author":"cfeditorfr","twitter_card":"summary_large_image","twitter_misc":{"\u00c9crit par":"cfeditorfr","Dur\u00e9e de lecture estim\u00e9e":"2 minutes"},"schema":{"@context":"https:\/\/schema.org","@graph":[{"@type":"Article","@id":"https:\/\/www.africa-press.net\/burkina-faso\/toutes-les-actualites\/burkina-faso-lunesco-appuie-liseps#article","isPartOf":{"@id":"https:\/\/www.africa-press.net\/burkina-faso\/toutes-les-actualites\/burkina-faso-lunesco-appuie-liseps"},"author":{"name":"cfeditorfr","@id":"https:\/\/www.africa-press.net\/burkina-faso\/#\/schema\/person\/2b1cf3cd81a31e3cd26889ca66d677f1"},"headline":"L\u2019UNESCO appuie l\u2019ISEPS","datePublished":"2021-04-18T18:25:40+00:00","mainEntityOfPage":{"@id":"https:\/\/www.africa-press.net\/burkina-faso\/toutes-les-actualites\/burkina-faso-lunesco-appuie-liseps"},"wordCount":448,"commentCount":0,"image":{"@id":"https:\/\/www.africa-press.net\/burkina-faso\/toutes-les-actualites\/burkina-faso-lunesco-appuie-liseps#primaryimage"},"thumbnailUrl":"https:\/\/static.africa-press.net\/burkina\/sites\/42\/2021\/04\/img-607c56303b1d7.jpg","keywords":["Africa Press","Africa Press-Burkina Faso","Burkina Faso"],"articleSection":["Communaut\u00e9","homepage-french","Toutes les actualit\u00e9s"],"inLanguage":"fr-FR","potentialAction":[{"@type":"CommentAction","name":"Comment","target":["https:\/\/www.africa-press.net\/burkina-faso\/toutes-les-actualites\/burkina-faso-lunesco-appuie-liseps#respond"]}]},{"@type":"WebPage","@id":"https:\/\/www.africa-press.net\/burkina-faso\/toutes-les-actualites\/burkina-faso-lunesco-appuie-liseps","url":"https:\/\/www.africa-press.net\/burkina-faso\/toutes-les-actualites\/burkina-faso-lunesco-appuie-liseps","name":"L\u2019UNESCO appuie l\u2019ISEPS - Burkina Faso","isPartOf":{"@id":"https:\/\/www.africa-press.net\/burkina-faso\/#website"},"primaryImageOfPage":{"@id":"https:\/\/www.africa-press.net\/burkina-faso\/toutes-les-actualites\/burkina-faso-lunesco-appuie-liseps#primaryimage"},"image":{"@id":"https:\/\/www.africa-press.net\/burkina-faso\/toutes-les-actualites\/burkina-faso-lunesco-appuie-liseps#primaryimage"},"thumbnailUrl":"https:\/\/static.africa-press.net\/burkina\/sites\/42\/2021\/04\/img-607c56303b1d7.jpg","datePublished":"2021-04-18T18:25:40+00:00","author":{"@id":"https:\/\/www.africa-press.net\/burkina-faso\/#\/schema\/person\/2b1cf3cd81a31e3cd26889ca66d677f1"},"description":"L\u2019Organisation des Nations Unies pour l\u2019Education, la Science et la Culture (UNESCO) a organis\u00e9 une c\u00e9r\u00e9monie d\u2019appui \u00e0 ...","breadcrumb":{"@id":"https:\/\/www.africa-press.net\/burkina-faso\/toutes-les-actualites\/burkina-faso-lunesco-appuie-liseps#breadcrumb"},"inLanguage":"fr-FR","potentialAction":[{"@type":"ReadAction","target":["https:\/\/www.africa-press.net\/burkina-faso\/toutes-les-actualites\/burkina-faso-lunesco-appuie-liseps"]}]},{"@type":"ImageObject","inLanguage":"fr-FR","@id":"https:\/\/www.africa-press.net\/burkina-faso\/toutes-les-actualites\/burkina-faso-lunesco-appuie-liseps#primaryimage","url":"https:\/\/static.africa-press.net\/burkina\/sites\/42\/2021\/04\/img-607c56303b1d7.jpg","contentUrl":"https:\/\/static.africa-press.net\/burkina\/sites\/42\/2021\/04\/img-607c56303b1d7.jpg","width":750,"height":337,"caption":"Burkina Faso\u00a0: L\u2019UNESCO appuie l\u2019ISEPS"},{"@type":"BreadcrumbList","@id":"https:\/\/www.africa-press.net\/burkina-faso\/toutes-les-actualites\/burkina-faso-lunesco-appuie-liseps#breadcrumb","itemListElement":[{"@type":"ListItem","position":1,"name":"Accueil","item":"https:\/\/www.africa-press.net\/burkina-faso\/"},{"@type":"ListItem","position":2,"name":"L\u2019UNESCO appuie l\u2019ISEPS"}]},{"@type":"WebSite","@id":"https:\/\/www.africa-press.net\/burkina-faso\/#website","url":"https:\/\/www.africa-press.net\/burkina-faso\/","name":"Burkina Faso","description":"Just another Africa News Agency Sites site","potentialAction":[{"@type":"SearchAction","target":{"@type":"EntryPoint","urlTemplate":"https:\/\/www.africa-press.net\/burkina-faso\/?s={search_term_string}"},"query-input":{"@type":"PropertyValueSpecification","valueRequired":true,"valueName":"search_term_string"}}],"inLanguage":"fr-FR"},{"@type":"Person","@id":"https:\/\/www.africa-press.net\/burkina-faso\/#\/schema\/person\/2b1cf3cd81a31e3cd26889ca66d677f1","name":"cfeditorfr"}]}},"_links":{"self":[{"href":"https:\/\/www.africa-press.net\/burkina-faso\/wp-json\/wp\/v2\/posts\/10167","targetHints":{"allow":["GET"]}}],"collection":[{"href":"https:\/\/www.africa-press.net\/burkina-faso\/wp-json\/wp\/v2\/posts"}],"about":[{"href":"https:\/\/www.africa-press.net\/burkina-faso\/wp-json\/wp\/v2\/types\/post"}],"author":[{"embeddable":true,"href":"https:\/\/www.africa-press.net\/burkina-faso\/wp-json\/wp\/v2\/users\/82"}],"replies":[{"embeddable":true,"href":"https:\/\/www.africa-press.net\/burkina-faso\/wp-json\/wp\/v2\/comments?post=10167"}],"version-history":[{"count":0,"href":"https:\/\/www.africa-press.net\/burkina-faso\/wp-json\/wp\/v2\/posts\/10167\/revisions"}],"wp:featuredmedia":[{"embeddable":true,"href":"https:\/\/www.africa-press.net\/burkina-faso\/wp-json\/wp\/v2\/media\/10166"}],"wp:attachment":[{"href":"https:\/\/www.africa-press.net\/burkina-faso\/wp-json\/wp\/v2\/media?parent=10167"}],"wp:term":[{"taxonomy":"category","embeddable":true,"href":"https:\/\/www.africa-press.net\/burkina-faso\/wp-json\/wp\/v2\/categories?post=10167"},{"taxonomy":"post_tag","embeddable":true,"href":"https:\/\/www.africa-press.net\/burkina-faso\/wp-json\/wp\/v2\/tags?post=10167"}],"curies":[{"name":"wp","href":"https:\/\/api.w.org\/{rel}","templated":true}]}}